{"id":2222,"date":"2008-10-20T12:42:16","date_gmt":"2008-10-20T11:42:16","guid":{"rendered":"http:\/\/www.mojabochnia.pl\/?p=2222"},"modified":"2009-11-23T11:31:25","modified_gmt":"2009-11-23T10:31:25","slug":"czas-na-odwage-personelu","status":"publish","type":"post","link":"https:\/\/www.mojabochnia.pl\/?p=2222","title":{"rendered":"Czas na odwag\u0119 personelu"},"content":{"rendered":"<p>S\u0142owa te pada\u0142y i padaj\u0105 z ust, kt\u00f3re trudno uzna\u0107 mi za niewiarygodne. Jednocze\u015bnie osoby te s\u0142owa wypowiadaj\u0105ce, dodaj\u0105 na koniec: \u201eAle prosz\u0119, zachowaj to dla siebie, ja chc\u0119 dalej pracowa\u0107\u201d.<\/p>\n<p>Zastanawia\u0142em si\u0119 w\u00f3wczas i zastanawiam si\u0119 dzisiaj: Czy mo\u017cna tak bardzo si\u0119 ba\u0107, \u017ceby nie by\u0107 w stanie powiedzie\u0107 kilku s\u0142\u00f3w oficjalnie, poda\u0107 kilku przyk\u0142ad\u00f3w na mobbigowe zachowania, je\u015bli rzeczywi\u015bcie one mia\u0142y miejsce? Czy strach jest tak bardzo parali\u017cuj\u0105cy?<\/p>\n<p>Je\u015bli \u015bredni i wy\u017cszy personel boche\u0144skiego szpitala, kt\u00f3ry czuje si\u0119 upokarzany i poni\u017cany przez dyrektora, chce by\u0107 traktowany powa\u017cnie i wiarygodnie, musi zacz\u0105\u0107 zachowywa\u0107 si\u0119 powa\u017cnie i wiarygodnie. Musi zacz\u0105\u0107 oficjalnie m\u00f3wi\u0107, prze\u0142amuj\u0105c strach. Anonimy musz\u0105 si\u0119 ju\u017c sko\u0144czy\u0107. Kto\u015b si\u0119 musi odwa\u017cy\u0107.<\/p>\n<p>Jestem w stanie zrozumie\u0107, \u017ce ze strachu o utrat\u0119 pracy pracownicy anonimowym pismem sygnalizuj\u0105 staro\u015bcie oraz Radzie Spo\u0142ecznej Szpitala problem, jednak mam nadziej\u0119, \u017ce kiedy dojdzie ju\u017c do zaj\u0119cia si\u0119 spraw\u0105 przez starost\u0119 lub Rad\u0119 Spo\u0142eczn\u0105 Szpitala, pracownicy b\u0119d\u0105 mieli odwag\u0119 poda\u0107 przyk\u0142ady na takie zachowania.<\/p>\n<p>Czy ludzie wykszta\u0142ceni tacy jak lekarze i piel\u0119gniarki, mog\u0105 tak \u0142atwo da\u0107 si\u0119 \u201ezmanipulowa\u0107\u201d? Jak\u0105 warto\u015b\u0107 ma dla nich ich osobista godno\u015b\u0107, skoro \u2013 jak wynika z moich informacji \u2013 ju\u017c d\u0142ugo potrafi\u0105 znosi\u0107 takie upokorzenia? Ile tak mo\u017cna, skoro jest tak \u017ale? To pytania, kt\u00f3re pozostaj\u0105 bez odpowiedzi.<\/p>\n<p>Personel z pewno\u015bci\u0105 wie o tym, \u017ce pozycja ekonomiczna szpitala to efekt dwu czynnik\u00f3w: pracy dyrektora Wojciecha Szafra\u0144skiego i wyrzecze\u0144 samego personelu. Niestety o wyrzeczeniach personelu przeci\u0119tny mieszkaniec Bochni nie wie i mo\u017ce nawet nie chce wiedzie\u0107. St\u0105d w przeci\u0119tnym odbiorze ojcem finansowego sukcesu szpitala jest Wojciech Szafra\u0144ski. <\/p>\n<p>I jeszcze jedno na koniec. Mam wra\u017cenie, \u017ce w \u015bwiadomo\u015bci cz\u0119\u015bci samorz\u0105dowc\u00f3w istnieje takie niebezpieczne, bo nieprawdziwe za\u0142o\u017cenie, \u017ce \u201edobry mened\u017cer\u201d niestety \u201ezu\u017cywa materia\u0142 ludzki\u201d, ale owszem ma wynik finansowy. &#8222;Z\u0142y mened\u017cer&#8221; natomiast to taki \u201eludzki\u201d cz\u0142owiek, ale niestety przy okazji okazji partacz w zarz\u0105dzaniu, bez finansowych wynik\u00f3w. Najwy\u017cszy czas to za\u0142o\u017cenie porzuci\u0107, rzeczywisto\u015b\u0107 mo\u017ce by\u0107 inna.<\/p>\n<p>Jestem za ostr\u0105 dyscyplin\u0105 w szpitalu, bo tu chodzi o zdrowie i \u017cycie ludzkie, stawianiem jasnych wymaga\u0144 personelowi, ale bez dawania podstaw do tego, \u017ceby kto\u015b czu\u0142 si\u0119 upokorzony. Przecie\u017c mo\u017cna by\u0107 nawet bardzo surowym i wymagaj\u0105cym, nie b\u0119d\u0105c wulgarnym i opryskliwym.<\/p>\n<p>Zatem teraz czas na odwag\u0119 personelu.<\/p>\n","protected":false},"excerpt":{"rendered":"<p>Od dw\u00f3ch lat spotykam wielu ludzi, kt\u00f3rzy mi m\u00f3wi\u0105: \u201eZajmijcie si\u0119 szpitalem, sprawd\u017acie, w jaki spos\u00f3b dyrektor traktuje pracownik\u00f3w\u201d.<\/p>\n","protected":false},"author":9,"featured_media":0,"comment_status":"open","ping_status":"closed","sticky":false,"template":"","format":"standard","meta":{"_acf_changed":false,"footnotes":""},"categories":[5,603,6250],"tags":[17136,1257,1240,1258,1256,17174,398,1031],"class_list":["post-2222","post","type-post","status-publish","format-standard","hentry","category-biezace-wydarzenia","category-felietony","category-tematyka","tag-jacek-pajak","tag-lekarze","tag-mobbing","tag-pielegniarki","tag-pracownicy","tag-starostwo-powiatowe","tag-szpital-powiatowy","tag-wojciech-szafranski"],"acf":[],"yoast_head":"<!-- This site is optimized with the Yoast SEO plugin v26.9 - https:\/\/yoast.com\/product\/yoast-seo-wordpress\/ -->\n<title>Czas na odwag\u0119 personelu - mojabochnia.pl - portal informacyjny<\/title>\n<meta name=\"robots\" content=\"index, follow, max-snippet:-1, max-image-preview:large, max-video-preview:-1\" \/>\n<link rel=\"canonical\" href=\"https:\/\/www.mojabochnia.pl\/?p=2222\" \/>\n<meta property=\"og:locale\" content=\"pl_PL\" \/>\n<meta property=\"og:type\" content=\"article\" \/>\n<meta property=\"og:title\" content=\"Czas na odwag\u0119 personelu - mojabochnia.pl - portal informacyjny\" \/>\n<meta property=\"og:description\" content=\"Od dw\u00f3ch lat spotykam wielu ludzi, kt\u00f3rzy mi m\u00f3wi\u0105: \u201eZajmijcie si\u0119 szpitalem, sprawd\u017acie, w jaki spos\u00f3b dyrektor traktuje pracownik\u00f3w\u201d.\" \/>\n<meta property=\"og:url\" content=\"https:\/\/www.mojabochnia.pl\/?p=2222\" \/>\n<meta property=\"og:site_name\" content=\"mojabochnia.pl - portal informacyjny\" \/>\n<meta property=\"article:publisher\" content=\"https:\/\/www.facebook.com\/mojabochnia\" \/>\n<meta property=\"article:published_time\" content=\"2008-10-20T11:42:16+00:00\" \/>\n<meta property=\"article:modified_time\" content=\"2009-11-23T10:31:25+00:00\" \/>\n<meta name=\"author\" content=\"Aleksander Rzepecki\" \/>\n<meta name=\"twitter:card\" content=\"summary_large_image\" \/>\n<meta name=\"twitter:label1\" content=\"Written by\" \/>\n\t<meta name=\"twitter:data1\" content=\"Aleksander Rzepecki\" \/>\n\t<meta name=\"twitter:label2\" content=\"Est. reading time\" \/>\n\t<meta name=\"twitter:data2\" content=\"2 minuty\" \/>\n<script type=\"application\/ld+json\" class=\"yoast-schema-graph\">{\"@context\":\"https:\/\/schema.org\",\"@graph\":[{\"@type\":\"Article\",\"@id\":\"https:\/\/www.mojabochnia.pl\/?p=2222#article\",\"isPartOf\":{\"@id\":\"https:\/\/www.mojabochnia.pl\/?p=2222\"},\"author\":{\"name\":\"Aleksander Rzepecki\",\"@id\":\"https:\/\/www.mojabochnia.pl\/#\/schema\/person\/6cc2563b6df80713ce6940e6ed184c6c\"},\"headline\":\"Czas na odwag\u0119 personelu\",\"datePublished\":\"2008-10-20T11:42:16+00:00\",\"dateModified\":\"2009-11-23T10:31:25+00:00\",\"mainEntityOfPage\":{\"@id\":\"https:\/\/www.mojabochnia.pl\/?p=2222\"},\"wordCount\":433,\"commentCount\":4,\"publisher\":{\"@id\":\"https:\/\/www.mojabochnia.pl\/#organization\"},\"keywords\":[\"jacek paj\u0105k\",\"lekarze\",\"mobbing\",\"piel\u0119gniarki\",\"pracownicy\",\"starostwo powiatowe\",\"szpital powiatowy\",\"wojciech szafra\u0144ski\"],\"articleSection\":[\"2_ostatnie\",\"Felietony\",\"tematyka\"],\"inLanguage\":\"pl-PL\",\"potentialAction\":[{\"@type\":\"CommentAction\",\"name\":\"Comment\",\"target\":[\"https:\/\/www.mojabochnia.pl\/?p=2222#respond\"]}]},{\"@type\":\"WebPage\",\"@id\":\"https:\/\/www.mojabochnia.pl\/?p=2222\",\"url\":\"https:\/\/www.mojabochnia.pl\/?p=2222\",\"name\":\"Czas na odwag\u0119 personelu - mojabochnia.pl - portal informacyjny\",\"isPartOf\":{\"@id\":\"https:\/\/www.mojabochnia.pl\/#website\"},\"datePublished\":\"2008-10-20T11:42:16+00:00\",\"dateModified\":\"2009-11-23T10:31:25+00:00\",\"breadcrumb\":{\"@id\":\"https:\/\/www.mojabochnia.pl\/?p=2222#breadcrumb\"},\"inLanguage\":\"pl-PL\",\"potentialAction\":[{\"@type\":\"ReadAction\",\"target\":[\"https:\/\/www.mojabochnia.pl\/?p=2222\"]}]},{\"@type\":\"BreadcrumbList\",\"@id\":\"https:\/\/www.mojabochnia.pl\/?p=2222#breadcrumb\",\"itemListElement\":[{\"@type\":\"ListItem\",\"position\":1,\"name\":\"Home\",\"item\":\"https:\/\/www.mojabochnia.pl\/\"},{\"@type\":\"ListItem\",\"position\":2,\"name\":\"Czas na odwag\u0119 personelu\"}]},{\"@type\":\"WebSite\",\"@id\":\"https:\/\/www.mojabochnia.pl\/#website\",\"url\":\"https:\/\/www.mojabochnia.pl\/\",\"name\":\"mojabochnia.pl - portal informacyjny\",\"description\":\"mojaBochnia to portal informacyjny o Bochni. Codziennie o Bochni piszemy i pokazujemy najwa\u017cniejsze wydarzenia\",\"publisher\":{\"@id\":\"https:\/\/www.mojabochnia.pl\/#organization\"},\"potentialAction\":[{\"@type\":\"SearchAction\",\"target\":{\"@type\":\"EntryPoint\",\"urlTemplate\":\"https:\/\/www.mojabochnia.pl\/?s={search_term_string}\"},\"query-input\":{\"@type\":\"PropertyValueSpecification\",\"valueRequired\":true,\"valueName\":\"search_term_string\"}}],\"inLanguage\":\"pl-PL\"},{\"@type\":\"Organization\",\"@id\":\"https:\/\/www.mojabochnia.pl\/#organization\",\"name\":\"mojabochnia.pl - portal informacyjny\",\"url\":\"https:\/\/www.mojabochnia.pl\/\",\"logo\":{\"@type\":\"ImageObject\",\"inLanguage\":\"pl-PL\",\"@id\":\"https:\/\/www.mojabochnia.pl\/#\/schema\/logo\/image\/\",\"url\":\"https:\/\/www.mojabochnia.pl\/wp-content\/uploads\/2017\/08\/logo-mb-opt.png\",\"contentUrl\":\"https:\/\/www.mojabochnia.pl\/wp-content\/uploads\/2017\/08\/logo-mb-opt.png\",\"width\":250,\"height\":48,\"caption\":\"mojabochnia.pl - portal informacyjny\"},\"image\":{\"@id\":\"https:\/\/www.mojabochnia.pl\/#\/schema\/logo\/image\/\"},\"sameAs\":[\"https:\/\/www.facebook.com\/mojabochnia\"]},{\"@type\":\"Person\",\"@id\":\"https:\/\/www.mojabochnia.pl\/#\/schema\/person\/6cc2563b6df80713ce6940e6ed184c6c\",\"name\":\"Aleksander Rzepecki\",\"url\":\"https:\/\/www.mojabochnia.pl\/?author=9\"}]}<\/script>\n<!-- \/ Yoast SEO plugin. -->","yoast_head_json":{"title":"Czas na odwag\u0119 personelu - mojabochnia.pl - portal informacyjny","robots":{"index":"index","follow":"follow","max-snippet":"max-snippet:-1","max-image-preview":"max-image-preview:large","max-video-preview":"max-video-preview:-1"},"canonical":"https:\/\/www.mojabochnia.pl\/?p=2222","og_locale":"pl_PL","og_type":"article","og_title":"Czas na odwag\u0119 personelu - mojabochnia.pl - portal informacyjny","og_description":"Od dw\u00f3ch lat spotykam wielu ludzi, kt\u00f3rzy mi m\u00f3wi\u0105: \u201eZajmijcie si\u0119 szpitalem, sprawd\u017acie, w jaki spos\u00f3b dyrektor traktuje pracownik\u00f3w\u201d.","og_url":"https:\/\/www.mojabochnia.pl\/?p=2222","og_site_name":"mojabochnia.pl - portal informacyjny","article_publisher":"https:\/\/www.facebook.com\/mojabochnia","article_published_time":"2008-10-20T11:42:16+00:00","article_modified_time":"2009-11-23T10:31:25+00:00","author":"Aleksander Rzepecki","twitter_card":"summary_large_image","twitter_misc":{"Written by":"Aleksander Rzepecki","Est. reading time":"2 minuty"},"schema":{"@context":"https:\/\/schema.org","@graph":[{"@type":"Article","@id":"https:\/\/www.mojabochnia.pl\/?p=2222#article","isPartOf":{"@id":"https:\/\/www.mojabochnia.pl\/?p=2222"},"author":{"name":"Aleksander Rzepecki","@id":"https:\/\/www.mojabochnia.pl\/#\/schema\/person\/6cc2563b6df80713ce6940e6ed184c6c"},"headline":"Czas na odwag\u0119 personelu","datePublished":"2008-10-20T11:42:16+00:00","dateModified":"2009-11-23T10:31:25+00:00","mainEntityOfPage":{"@id":"https:\/\/www.mojabochnia.pl\/?p=2222"},"wordCount":433,"commentCount":4,"publisher":{"@id":"https:\/\/www.mojabochnia.pl\/#organization"},"keywords":["jacek paj\u0105k","lekarze","mobbing","piel\u0119gniarki","pracownicy","starostwo powiatowe","szpital powiatowy","wojciech szafra\u0144ski"],"articleSection":["2_ostatnie","Felietony","tematyka"],"inLanguage":"pl-PL","potentialAction":[{"@type":"CommentAction","name":"Comment","target":["https:\/\/www.mojabochnia.pl\/?p=2222#respond"]}]},{"@type":"WebPage","@id":"https:\/\/www.mojabochnia.pl\/?p=2222","url":"https:\/\/www.mojabochnia.pl\/?p=2222","name":"Czas na odwag\u0119 personelu - mojabochnia.pl - portal informacyjny","isPartOf":{"@id":"https:\/\/www.mojabochnia.pl\/#website"},"datePublished":"2008-10-20T11:42:16+00:00","dateModified":"2009-11-23T10:31:25+00:00","breadcrumb":{"@id":"https:\/\/www.mojabochnia.pl\/?p=2222#breadcrumb"},"inLanguage":"pl-PL","potentialAction":[{"@type":"ReadAction","target":["https:\/\/www.mojabochnia.pl\/?p=2222"]}]},{"@type":"BreadcrumbList","@id":"https:\/\/www.mojabochnia.pl\/?p=2222#breadcrumb","itemListElement":[{"@type":"ListItem","position":1,"name":"Home","item":"https:\/\/www.mojabochnia.pl\/"},{"@type":"ListItem","position":2,"name":"Czas na odwag\u0119 personelu"}]},{"@type":"WebSite","@id":"https:\/\/www.mojabochnia.pl\/#website","url":"https:\/\/www.mojabochnia.pl\/","name":"mojabochnia.pl - portal informacyjny","description":"mojaBochnia to portal informacyjny o Bochni. Codziennie o Bochni piszemy i pokazujemy najwa\u017cniejsze wydarzenia","publisher":{"@id":"https:\/\/www.mojabochnia.pl\/#organization"},"potentialAction":[{"@type":"SearchAction","target":{"@type":"EntryPoint","urlTemplate":"https:\/\/www.mojabochnia.pl\/?s={search_term_string}"},"query-input":{"@type":"PropertyValueSpecification","valueRequired":true,"valueName":"search_term_string"}}],"inLanguage":"pl-PL"},{"@type":"Organization","@id":"https:\/\/www.mojabochnia.pl\/#organization","name":"mojabochnia.pl - portal informacyjny","url":"https:\/\/www.mojabochnia.pl\/","logo":{"@type":"ImageObject","inLanguage":"pl-PL","@id":"https:\/\/www.mojabochnia.pl\/#\/schema\/logo\/image\/","url":"https:\/\/www.mojabochnia.pl\/wp-content\/uploads\/2017\/08\/logo-mb-opt.png","contentUrl":"https:\/\/www.mojabochnia.pl\/wp-content\/uploads\/2017\/08\/logo-mb-opt.png","width":250,"height":48,"caption":"mojabochnia.pl - portal informacyjny"},"image":{"@id":"https:\/\/www.mojabochnia.pl\/#\/schema\/logo\/image\/"},"sameAs":["https:\/\/www.facebook.com\/mojabochnia"]},{"@type":"Person","@id":"https:\/\/www.mojabochnia.pl\/#\/schema\/person\/6cc2563b6df80713ce6940e6ed184c6c","name":"Aleksander Rzepecki","url":"https:\/\/www.mojabochnia.pl\/?author=9"}]}},"_links":{"self":[{"href":"https:\/\/www.mojabochnia.pl\/index.php?rest_route=\/wp\/v2\/posts\/2222","targetHints":{"allow":["GET"]}}],"collection":[{"href":"https:\/\/www.mojabochnia.pl\/index.php?rest_route=\/wp\/v2\/posts"}],"about":[{"href":"https:\/\/www.mojabochnia.pl\/index.php?rest_route=\/wp\/v2\/types\/post"}],"author":[{"embeddable":true,"href":"https:\/\/www.mojabochnia.pl\/index.php?rest_route=\/wp\/v2\/users\/9"}],"replies":[{"embeddable":true,"href":"https:\/\/www.mojabochnia.pl\/index.php?rest_route=%2Fwp%2Fv2%2Fcomments&post=2222"}],"version-history":[{"count":0,"href":"https:\/\/www.mojabochnia.pl\/index.php?rest_route=\/wp\/v2\/posts\/2222\/revisions"}],"wp:attachment":[{"href":"https:\/\/www.mojabochnia.pl\/index.php?rest_route=%2Fwp%2Fv2%2Fmedia&parent=2222"}],"wp:term":[{"taxonomy":"category","embeddable":true,"href":"https:\/\/www.mojabochnia.pl\/index.php?rest_route=%2Fwp%2Fv2%2Fcategories&post=2222"},{"taxonomy":"post_tag","embeddable":true,"href":"https:\/\/www.mojabochnia.pl\/index.php?rest_route=%2Fwp%2Fv2%2Ftags&post=2222"}],"curies":[{"name":"wp","href":"https:\/\/api.w.org\/{rel}","templated":true}]}}