{"id":222144,"date":"2026-03-19T09:18:11","date_gmt":"2026-03-19T08:18:11","guid":{"rendered":"https:\/\/www.mojabochnia.pl\/?p=222144"},"modified":"2026-03-19T09:18:11","modified_gmt":"2026-03-19T08:18:11","slug":"program-juz-jest-ruszyla-sprzedaz-biletow-na-6-malopolski-festiwal-podrozniczy-50n","status":"publish","type":"post","link":"https:\/\/www.mojabochnia.pl\/?p=222144","title":{"rendered":"Program ju\u017c jest! Ruszy\u0142a sprzeda\u017c bilet\u00f3w na 6. Ma\u0142opolski Festiwal Podr\u00f3\u017cniczy 50N"},"content":{"rendered":"<p><strong>Organizatorzy 6. Ma\u0142opolskiego Festiwalu Podr\u00f3\u017cniczego 50N og\u0142osili pe\u0142ny program wydarzenia <span style=\"color: #ff0000;\"><a onclick=\"javascript:pageTracker._trackPageview('\/outgoing\/50n.pl\/aktualnosci\/program-6-festiwalu-50n\/');\" style=\"color: #ff0000;\"  href=\"https:\/\/50n.pl\/aktualnosci\/program-6-festiwalu-50n\/\">https:\/\/50n.pl\/aktualnosci\/program-6-festiwalu-50n\/<\/a> <\/span>oraz uruchomili sprzeda\u017c bilet\u00f3w online <span style=\"color: #ff0000;\"><a onclick=\"javascript:pageTracker._trackPageview('\/outgoing\/ekobilet.pl\/zamek-krolewski-w-niepolomicach-sp-z-o-o-9433');\" style=\"color: #ff0000;\"  href=\"https:\/\/ekobilet.pl\/zamek-krolewski-w-niepolomicach-sp-z-o-o-9433\">https:\/\/ekobilet.pl\/zamek-krolewski-w-niepolomicach-sp-z-o-o-9433<\/a> <\/span>Tegoroczna edycja odb\u0119dzie si\u0119 w dniach 10 &#8211; 12 kwietnia i ponownie zgromadzi na jednej scenie wybitnych podr\u00f3\u017cnik\u00f3w, odkrywc\u00f3w i ludzi, kt\u00f3rzy swoje \u017cycie zwi\u0105zali z poznawaniem \u015bwiata.<\/strong><\/p>\n<p><b>Poznaj gwiazdy podr\u00f3\u017cniczej sceny<\/b><\/p>\n<p>Festiwal rozpocznie si\u0119 w pi\u0105tek 10 kwietnia Prologiem w <b>Muzeum im. prof. Stanis\u0142awa Fischera<\/b> w Bochni. Go\u015bciem specjalnym wieczoru b\u0119dzie jedna z najbardziej wszechstronnych podr\u00f3\u017cniczek w Polsce &#8211; <b>Monika Witkowska<\/b>, kt\u00f3ra opowie o swojej drodze \u201ez Bieszczad\u00f3w na o\u015bmiotysi\u0119czniki\u201d, prowadz\u0105cej na najwy\u017csze szczyty \u015bwiata.<\/p>\n<p>Cz\u0119\u015b\u0107 g\u0142\u00f3wna festiwalu w dniach 11 i 12 kwietnia b\u0119dzie odbywa\u0107 si\u0119 w wyj\u0105tkowej przestrzeni <b>Zamku Kr\u00f3lewskiego w Niepo\u0142omicach<\/b>. W programie znalaz\u0142y si\u0119 spotkania z podr\u00f3\u017cnikami, reporterami i lud\u017ami wielkich wypraw. Na festiwalowej scenie pojawi\u0105 si\u0119 m.in. <b>Ryszard Paw\u0142owski<\/b> (legenda polskiego himalaizmu i jeden z najbardziej do\u015bwiadczonych zdobywc\u00f3w najwy\u017cszych g\u00f3r \u015bwiata), <b>Robert Korzeniowski<\/b> (czterokrotny mistrz olimpijski, kt\u00f3ry opowie<br \/>\no swoich podr\u00f3\u017cach dooko\u0142a globu) czy <b>Rafa\u0142 Sonik<\/b> (zwyci\u0119zca legendarnego <b>Rajdu Dakar<\/b>, dziel\u0105cy si\u0119 histori\u0105 drogi od sportowej rywalizacji do wielkich wypraw).<\/p>\n<p>W programie znalaz\u0142y si\u0119 r\u00f3wnie\u017c spotkania z takimi go\u015b\u0107mi jak: <b>Zuzanna Puchalska<\/b>, <b>Tomasz Gorazdowski<\/b>, <b>Tomasz Owsiany<\/b>, <b>Magdalena Jo\u0144czyk<\/b>, <b>Dominika Giordano<\/b>, <b>Bartek Sabela<\/b>, a tak\u017ce <b>Maja Dutkiewicz<\/b> i <b>Bartosz Wilczy\u0144ski<\/b>, kt\u00f3rzy zaprosz\u0105 uczestnik\u00f3w w podr\u00f3\u017c po smakach Ma\u0142opolski.<\/p>\n<p>13 marca wystartowa\u0142a sprzeda\u017c bilet\u00f3w online. Wej\u015bci\u00f3wki na poszczeg\u00f3lne bloki festiwalowe mo\u017cna kupi\u0107 w systemie sprzeda\u017cowym EKOBILET <span style=\"color: #ff0000;\"><a onclick=\"javascript:pageTracker._trackPageview('\/outgoing\/ekobilet.pl\/zamek-krolewski-w-niepolomicach-sp-z-o-o-9433');\" style=\"color: #ff0000;\"  href=\"https:\/\/ekobilet.pl\/zamek-krolewski-w-niepolomicach-sp-z-o-o-9433\">https:\/\/ekobilet.pl\/zamek-krolewski-w-niepolomicach-sp-z-o-o-9433<\/a> <\/span>Organizatorzy zach\u0119caj\u0105 do wcze\u015bniejszego zakupu, poniewa\u017c liczba miejsc na wydarzenia w zamkowych salach jest ograniczona.<\/p>\n<p><b>Wielka Lekcja Geografii<\/b><\/p>\n<p>Nieod\u0142\u0105cznym elementem festiwalu jest wydarzenie edukacyjne dla uczni\u00f3w ma\u0142opolskich szk\u00f3\u0142, czyli <b>Wielka Lekcja Geografii.<\/b> W tym roku odb\u0119dzie si\u0119 ona w trzech ma\u0142opolskich miastach:<b> 9 kwietnia w Wieliczce, a 10 kwietnia w Bochni i Niepo\u0142omicach. <\/b>W spotkaniach z podr\u00f3\u017cnikami we\u017amie udzia\u0142 oko\u0142o 1500 uczni\u00f3w z ma\u0142opolskich szk\u00f3\u0142. M\u0142odzi uczestnicy wyrusz\u0105 w symboliczn\u0105 podr\u00f3\u017c przez kontynenty, kultury i krajobrazy \u015bwiata, a wydarzenie b\u0119dzie inspiruj\u0105cym wst\u0119pem do festiwalowych emocji.<\/p>\n<p>Szczeg\u00f3\u0142owy program festiwalu oraz informacje o biletach dost\u0119pne s\u0105 na stronie wydarzenia <a href=\"https:\/\/50n.pl\/\"><span style=\"color: #ff0000;\">https:\/\/50n.pl\/<\/span><\/p>\n<p><\/a>Partnerem G\u0142\u00f3wnym Festiwalu jest Wojew\u00f3dztwo Ma\u0142opolskie, organizatorem &#8211; Stowarzyszenie PRO &#8211; TUR, a wsp\u00f3\u0142organizatorem Miasto i Gmina Niepo\u0142omice, za\u015b Partnerami Organizacyjnymi &#8211; Zamek Kr\u00f3lewski<span class=\"Apple-converted-space\">\u00a0 <\/span>w Niepo\u0142omicach oraz Miasto Bochnia. Partnerami Z\u0142otymi Festiwalu s\u0105 w tym roku Powiat Wielicki oraz Grupa Luzar.<span class=\"Apple-converted-space\">\u00a0 \u00a0 <\/span><\/p>\n\t  \r\n\t\r\n\t    <div class=\"mb-gallery\">\r\n\t    <a href=\"https:\/\/www.mojabochnia.pl\/?attachment_id=222146\" class=\"\"><img loading=\"lazy\" decoding=\"async\" width=\"100\" height=\"100\" src=\"https:\/\/www.mojabochnia.pl\/wp-content\/uploads\/2026\/03\/1J9A7699-100x100.jpg\" class=\"attachment-100x100 size-100x100\" alt=\"\" srcset=\"https:\/\/www.mojabochnia.pl\/wp-content\/uploads\/2026\/03\/1J9A7699-100x100.jpg 100w, https:\/\/www.mojabochnia.pl\/wp-content\/uploads\/2026\/03\/1J9A7699-96x96.jpg 96w, https:\/\/www.mojabochnia.pl\/wp-content\/uploads\/2026\/03\/1J9A7699-84x84.jpg 84w\" sizes=\"auto, (max-width: 100px) 100vw, 100px\" \/><\/a><a href=\"https:\/\/www.mojabochnia.pl\/?attachment_id=222147\" class=\"\"><img loading=\"lazy\" decoding=\"async\" width=\"100\" height=\"100\" src=\"https:\/\/www.mojabochnia.pl\/wp-content\/uploads\/2026\/03\/1J9A7329-100x100.jpg\" class=\"attachment-100x100 size-100x100\" alt=\"\" srcset=\"https:\/\/www.mojabochnia.pl\/wp-content\/uploads\/2026\/03\/1J9A7329-100x100.jpg 100w, https:\/\/www.mojabochnia.pl\/wp-content\/uploads\/2026\/03\/1J9A7329-96x96.jpg 96w, https:\/\/www.mojabochnia.pl\/wp-content\/uploads\/2026\/03\/1J9A7329-84x84.jpg 84w\" sizes=\"auto, (max-width: 100px) 100vw, 100px\" \/><\/a><a href=\"https:\/\/www.mojabochnia.pl\/?attachment_id=222148\" class=\"\"><img loading=\"lazy\" decoding=\"async\" width=\"100\" height=\"100\" src=\"https:\/\/www.mojabochnia.pl\/wp-content\/uploads\/2026\/03\/1J9A7301-100x100.jpg\" class=\"attachment-100x100 size-100x100\" alt=\"\" srcset=\"https:\/\/www.mojabochnia.pl\/wp-content\/uploads\/2026\/03\/1J9A7301-100x100.jpg 100w, https:\/\/www.mojabochnia.pl\/wp-content\/uploads\/2026\/03\/1J9A7301-96x96.jpg 96w, https:\/\/www.mojabochnia.pl\/wp-content\/uploads\/2026\/03\/1J9A7301-84x84.jpg 84w\" sizes=\"auto, (max-width: 100px) 100vw, 100px\" \/><\/a>\t    <\/div>\r\n\t    ","protected":false},"excerpt":{"rendered":"<p>Organizatorzy 6. Ma\u0142opolskiego Festiwalu Podr\u00f3\u017cniczego 50N og\u0142osili pe\u0142ny program wydarzenia https:\/\/50n.pl\/aktualnosci\/program-6-festiwalu-50n\/ oraz uruchomili sprzeda\u017c bilet\u00f3w online https:\/\/ekobilet.pl\/zamek-krolewski-w-niepolomicach-sp-z-o-o-9433 Tegoroczna edycja odb\u0119dzie si\u0119 w dniach 10 &#8211; 12 kwietnia i ponownie zgromadzi na jednej scenie wybitnych podr\u00f3\u017cnik\u00f3w, odkrywc\u00f3w i ludzi, kt\u00f3rzy swoje \u017cycie zwi\u0105zali z poznawaniem \u015bwiata. Poznaj gwiazdy podr\u00f3\u017cniczej sceny Festiwal rozpocznie si\u0119 w pi\u0105tek 10<\/p>\n","protected":false},"author":29,"featured_media":222146,"comment_status":"open","ping_status":"closed","sticky":false,"template":"","format":"standard","meta":{"_acf_changed":false,"footnotes":""},"categories":[6251,6250],"tags":[17269,21797,17220],"class_list":["post-222144","post","type-post","status-publish","format-standard","has-post-thumbnail","hentry","category-polityka-i-wydarzenia","category-tematyka","tag-bochnia","tag-malopolski-festiwal-podrozniczy-50n","tag-niepolomice","main_tag-bochnia"],"acf":[],"yoast_head":"<!-- This site is optimized with the Yoast SEO plugin v26.9 - https:\/\/yoast.com\/product\/yoast-seo-wordpress\/ -->\n<title>Program ju\u017c jest! Ruszy\u0142a sprzeda\u017c bilet\u00f3w na 6. Ma\u0142opolski Festiwal Podr\u00f3\u017cniczy 50N - mojabochnia.pl - portal informacyjny<\/title>\n<meta name=\"robots\" content=\"index, follow, max-snippet:-1, max-image-preview:large, max-video-preview:-1\" \/>\n<link rel=\"canonical\" href=\"https:\/\/www.mojabochnia.pl\/?p=222144\" \/>\n<meta property=\"og:locale\" content=\"pl_PL\" \/>\n<meta property=\"og:type\" content=\"article\" \/>\n<meta property=\"og:title\" content=\"Program ju\u017c jest! Ruszy\u0142a sprzeda\u017c bilet\u00f3w na 6. Ma\u0142opolski Festiwal Podr\u00f3\u017cniczy 50N - mojabochnia.pl - portal informacyjny\" \/>\n<meta property=\"og:description\" content=\"Organizatorzy 6. Ma\u0142opolskiego Festiwalu Podr\u00f3\u017cniczego 50N og\u0142osili pe\u0142ny program wydarzenia https:\/\/50n.pl\/aktualnosci\/program-6-festiwalu-50n\/ oraz uruchomili sprzeda\u017c bilet\u00f3w online https:\/\/ekobilet.pl\/zamek-krolewski-w-niepolomicach-sp-z-o-o-9433 Tegoroczna edycja odb\u0119dzie si\u0119 w dniach 10 &#8211; 12 kwietnia i ponownie zgromadzi na jednej scenie wybitnych podr\u00f3\u017cnik\u00f3w, odkrywc\u00f3w i ludzi, kt\u00f3rzy swoje \u017cycie zwi\u0105zali z poznawaniem \u015bwiata. Poznaj gwiazdy podr\u00f3\u017cniczej sceny Festiwal rozpocznie si\u0119 w pi\u0105tek 10\" \/>\n<meta property=\"og:url\" content=\"https:\/\/www.mojabochnia.pl\/?p=222144\" \/>\n<meta property=\"og:site_name\" content=\"mojabochnia.pl - portal informacyjny\" \/>\n<meta property=\"article:publisher\" content=\"https:\/\/www.facebook.com\/mojabochnia\" \/>\n<meta property=\"article:published_time\" content=\"2026-03-19T08:18:11+00:00\" \/>\n<meta property=\"og:image\" content=\"https:\/\/www.mojabochnia.pl\/wp-content\/uploads\/2026\/03\/1J9A7699.jpg\" \/>\n\t<meta property=\"og:image:width\" content=\"1500\" \/>\n\t<meta property=\"og:image:height\" content=\"1000\" \/>\n\t<meta property=\"og:image:type\" content=\"image\/jpeg\" \/>\n<meta name=\"author\" content=\"Marcin Kalinowski\" \/>\n<meta name=\"twitter:card\" content=\"summary_large_image\" \/>\n<meta name=\"twitter:label1\" content=\"Written by\" \/>\n\t<meta name=\"twitter:data1\" content=\"Marcin Kalinowski\" \/>\n\t<meta name=\"twitter:label2\" content=\"Est. reading time\" \/>\n\t<meta name=\"twitter:data2\" content=\"3 minuty\" \/>\n<script type=\"application\/ld+json\" class=\"yoast-schema-graph\">{\"@context\":\"https:\/\/schema.org\",\"@graph\":[{\"@type\":\"Article\",\"@id\":\"https:\/\/www.mojabochnia.pl\/?p=222144#article\",\"isPartOf\":{\"@id\":\"https:\/\/www.mojabochnia.pl\/?p=222144\"},\"author\":{\"name\":\"Marcin Kalinowski\",\"@id\":\"https:\/\/www.mojabochnia.pl\/#\/schema\/person\/d4c758656c81ae00e6496831fe7b0792\"},\"headline\":\"Program ju\u017c jest! Ruszy\u0142a sprzeda\u017c bilet\u00f3w na 6. Ma\u0142opolski Festiwal Podr\u00f3\u017cniczy 50N\",\"datePublished\":\"2026-03-19T08:18:11+00:00\",\"mainEntityOfPage\":{\"@id\":\"https:\/\/www.mojabochnia.pl\/?p=222144\"},\"wordCount\":471,\"commentCount\":0,\"publisher\":{\"@id\":\"https:\/\/www.mojabochnia.pl\/#organization\"},\"image\":{\"@id\":\"https:\/\/www.mojabochnia.pl\/?p=222144#primaryimage\"},\"thumbnailUrl\":\"https:\/\/www.mojabochnia.pl\/wp-content\/uploads\/2026\/03\/1J9A7699.jpg\",\"keywords\":[\"bochnia\",\"Ma\u0142opolski Festiwal Podr\u00f3\u017cniczy 50\u00b0N\",\"niepo\u0142omice\"],\"articleSection\":[\"polityka i wydarzenia\",\"tematyka\"],\"inLanguage\":\"pl-PL\",\"potentialAction\":[{\"@type\":\"CommentAction\",\"name\":\"Comment\",\"target\":[\"https:\/\/www.mojabochnia.pl\/?p=222144#respond\"]}]},{\"@type\":\"WebPage\",\"@id\":\"https:\/\/www.mojabochnia.pl\/?p=222144\",\"url\":\"https:\/\/www.mojabochnia.pl\/?p=222144\",\"name\":\"Program ju\u017c jest! Ruszy\u0142a sprzeda\u017c bilet\u00f3w na 6. Ma\u0142opolski Festiwal Podr\u00f3\u017cniczy 50N - mojabochnia.pl - portal informacyjny\",\"isPartOf\":{\"@id\":\"https:\/\/www.mojabochnia.pl\/#website\"},\"primaryImageOfPage\":{\"@id\":\"https:\/\/www.mojabochnia.pl\/?p=222144#primaryimage\"},\"image\":{\"@id\":\"https:\/\/www.mojabochnia.pl\/?p=222144#primaryimage\"},\"thumbnailUrl\":\"https:\/\/www.mojabochnia.pl\/wp-content\/uploads\/2026\/03\/1J9A7699.jpg\",\"datePublished\":\"2026-03-19T08:18:11+00:00\",\"breadcrumb\":{\"@id\":\"https:\/\/www.mojabochnia.pl\/?p=222144#breadcrumb\"},\"inLanguage\":\"pl-PL\",\"potentialAction\":[{\"@type\":\"ReadAction\",\"target\":[\"https:\/\/www.mojabochnia.pl\/?p=222144\"]}]},{\"@type\":\"ImageObject\",\"inLanguage\":\"pl-PL\",\"@id\":\"https:\/\/www.mojabochnia.pl\/?p=222144#primaryimage\",\"url\":\"https:\/\/www.mojabochnia.pl\/wp-content\/uploads\/2026\/03\/1J9A7699.jpg\",\"contentUrl\":\"https:\/\/www.mojabochnia.pl\/wp-content\/uploads\/2026\/03\/1J9A7699.jpg\",\"width\":1500,\"height\":1000},{\"@type\":\"BreadcrumbList\",\"@id\":\"https:\/\/www.mojabochnia.pl\/?p=222144#breadcrumb\",\"itemListElement\":[{\"@type\":\"ListItem\",\"position\":1,\"name\":\"Home\",\"item\":\"https:\/\/www.mojabochnia.pl\/\"},{\"@type\":\"ListItem\",\"position\":2,\"name\":\"Program ju\u017c jest! Ruszy\u0142a sprzeda\u017c bilet\u00f3w na 6. Ma\u0142opolski Festiwal Podr\u00f3\u017cniczy 50N\"}]},{\"@type\":\"WebSite\",\"@id\":\"https:\/\/www.mojabochnia.pl\/#website\",\"url\":\"https:\/\/www.mojabochnia.pl\/\",\"name\":\"mojabochnia.pl - portal informacyjny\",\"description\":\"mojaBochnia to portal informacyjny o Bochni. Codziennie o Bochni piszemy i pokazujemy najwa\u017cniejsze wydarzenia\",\"publisher\":{\"@id\":\"https:\/\/www.mojabochnia.pl\/#organization\"},\"potentialAction\":[{\"@type\":\"SearchAction\",\"target\":{\"@type\":\"EntryPoint\",\"urlTemplate\":\"https:\/\/www.mojabochnia.pl\/?s={search_term_string}\"},\"query-input\":{\"@type\":\"PropertyValueSpecification\",\"valueRequired\":true,\"valueName\":\"search_term_string\"}}],\"inLanguage\":\"pl-PL\"},{\"@type\":\"Organization\",\"@id\":\"https:\/\/www.mojabochnia.pl\/#organization\",\"name\":\"mojabochnia.pl - portal informacyjny\",\"url\":\"https:\/\/www.mojabochnia.pl\/\",\"logo\":{\"@type\":\"ImageObject\",\"inLanguage\":\"pl-PL\",\"@id\":\"https:\/\/www.mojabochnia.pl\/#\/schema\/logo\/image\/\",\"url\":\"https:\/\/www.mojabochnia.pl\/wp-content\/uploads\/2017\/08\/logo-mb-opt.png\",\"contentUrl\":\"https:\/\/www.mojabochnia.pl\/wp-content\/uploads\/2017\/08\/logo-mb-opt.png\",\"width\":250,\"height\":48,\"caption\":\"mojabochnia.pl - portal informacyjny\"},\"image\":{\"@id\":\"https:\/\/www.mojabochnia.pl\/#\/schema\/logo\/image\/\"},\"sameAs\":[\"https:\/\/www.facebook.com\/mojabochnia\"]},{\"@type\":\"Person\",\"@id\":\"https:\/\/www.mojabochnia.pl\/#\/schema\/person\/d4c758656c81ae00e6496831fe7b0792\",\"name\":\"Marcin Kalinowski\",\"url\":\"https:\/\/www.mojabochnia.pl\/?author=29\"}]}<\/script>\n<!-- \/ Yoast SEO plugin. -->","yoast_head_json":{"title":"Program ju\u017c jest! Ruszy\u0142a sprzeda\u017c bilet\u00f3w na 6. Ma\u0142opolski Festiwal Podr\u00f3\u017cniczy 50N - mojabochnia.pl - portal informacyjny","robots":{"index":"index","follow":"follow","max-snippet":"max-snippet:-1","max-image-preview":"max-image-preview:large","max-video-preview":"max-video-preview:-1"},"canonical":"https:\/\/www.mojabochnia.pl\/?p=222144","og_locale":"pl_PL","og_type":"article","og_title":"Program ju\u017c jest! Ruszy\u0142a sprzeda\u017c bilet\u00f3w na 6. Ma\u0142opolski Festiwal Podr\u00f3\u017cniczy 50N - mojabochnia.pl - portal informacyjny","og_description":"Organizatorzy 6. Ma\u0142opolskiego Festiwalu Podr\u00f3\u017cniczego 50N og\u0142osili pe\u0142ny program wydarzenia https:\/\/50n.pl\/aktualnosci\/program-6-festiwalu-50n\/ oraz uruchomili sprzeda\u017c bilet\u00f3w online https:\/\/ekobilet.pl\/zamek-krolewski-w-niepolomicach-sp-z-o-o-9433 Tegoroczna edycja odb\u0119dzie si\u0119 w dniach 10 &#8211; 12 kwietnia i ponownie zgromadzi na jednej scenie wybitnych podr\u00f3\u017cnik\u00f3w, odkrywc\u00f3w i ludzi, kt\u00f3rzy swoje \u017cycie zwi\u0105zali z poznawaniem \u015bwiata. Poznaj gwiazdy podr\u00f3\u017cniczej sceny Festiwal rozpocznie si\u0119 w pi\u0105tek 10","og_url":"https:\/\/www.mojabochnia.pl\/?p=222144","og_site_name":"mojabochnia.pl - portal informacyjny","article_publisher":"https:\/\/www.facebook.com\/mojabochnia","article_published_time":"2026-03-19T08:18:11+00:00","og_image":[{"width":1500,"height":1000,"url":"https:\/\/www.mojabochnia.pl\/wp-content\/uploads\/2026\/03\/1J9A7699.jpg","type":"image\/jpeg"}],"author":"Marcin Kalinowski","twitter_card":"summary_large_image","twitter_misc":{"Written by":"Marcin Kalinowski","Est. reading time":"3 minuty"},"schema":{"@context":"https:\/\/schema.org","@graph":[{"@type":"Article","@id":"https:\/\/www.mojabochnia.pl\/?p=222144#article","isPartOf":{"@id":"https:\/\/www.mojabochnia.pl\/?p=222144"},"author":{"name":"Marcin Kalinowski","@id":"https:\/\/www.mojabochnia.pl\/#\/schema\/person\/d4c758656c81ae00e6496831fe7b0792"},"headline":"Program ju\u017c jest! Ruszy\u0142a sprzeda\u017c bilet\u00f3w na 6. Ma\u0142opolski Festiwal Podr\u00f3\u017cniczy 50N","datePublished":"2026-03-19T08:18:11+00:00","mainEntityOfPage":{"@id":"https:\/\/www.mojabochnia.pl\/?p=222144"},"wordCount":471,"commentCount":0,"publisher":{"@id":"https:\/\/www.mojabochnia.pl\/#organization"},"image":{"@id":"https:\/\/www.mojabochnia.pl\/?p=222144#primaryimage"},"thumbnailUrl":"https:\/\/www.mojabochnia.pl\/wp-content\/uploads\/2026\/03\/1J9A7699.jpg","keywords":["bochnia","Ma\u0142opolski Festiwal Podr\u00f3\u017cniczy 50\u00b0N","niepo\u0142omice"],"articleSection":["polityka i wydarzenia","tematyka"],"inLanguage":"pl-PL","potentialAction":[{"@type":"CommentAction","name":"Comment","target":["https:\/\/www.mojabochnia.pl\/?p=222144#respond"]}]},{"@type":"WebPage","@id":"https:\/\/www.mojabochnia.pl\/?p=222144","url":"https:\/\/www.mojabochnia.pl\/?p=222144","name":"Program ju\u017c jest! Ruszy\u0142a sprzeda\u017c bilet\u00f3w na 6. Ma\u0142opolski Festiwal Podr\u00f3\u017cniczy 50N - mojabochnia.pl - portal informacyjny","isPartOf":{"@id":"https:\/\/www.mojabochnia.pl\/#website"},"primaryImageOfPage":{"@id":"https:\/\/www.mojabochnia.pl\/?p=222144#primaryimage"},"image":{"@id":"https:\/\/www.mojabochnia.pl\/?p=222144#primaryimage"},"thumbnailUrl":"https:\/\/www.mojabochnia.pl\/wp-content\/uploads\/2026\/03\/1J9A7699.jpg","datePublished":"2026-03-19T08:18:11+00:00","breadcrumb":{"@id":"https:\/\/www.mojabochnia.pl\/?p=222144#breadcrumb"},"inLanguage":"pl-PL","potentialAction":[{"@type":"ReadAction","target":["https:\/\/www.mojabochnia.pl\/?p=222144"]}]},{"@type":"ImageObject","inLanguage":"pl-PL","@id":"https:\/\/www.mojabochnia.pl\/?p=222144#primaryimage","url":"https:\/\/www.mojabochnia.pl\/wp-content\/uploads\/2026\/03\/1J9A7699.jpg","contentUrl":"https:\/\/www.mojabochnia.pl\/wp-content\/uploads\/2026\/03\/1J9A7699.jpg","width":1500,"height":1000},{"@type":"BreadcrumbList","@id":"https:\/\/www.mojabochnia.pl\/?p=222144#breadcrumb","itemListElement":[{"@type":"ListItem","position":1,"name":"Home","item":"https:\/\/www.mojabochnia.pl\/"},{"@type":"ListItem","position":2,"name":"Program ju\u017c jest! Ruszy\u0142a sprzeda\u017c bilet\u00f3w na 6. Ma\u0142opolski Festiwal Podr\u00f3\u017cniczy 50N"}]},{"@type":"WebSite","@id":"https:\/\/www.mojabochnia.pl\/#website","url":"https:\/\/www.mojabochnia.pl\/","name":"mojabochnia.pl - portal informacyjny","description":"mojaBochnia to portal informacyjny o Bochni. Codziennie o Bochni piszemy i pokazujemy najwa\u017cniejsze wydarzenia","publisher":{"@id":"https:\/\/www.mojabochnia.pl\/#organization"},"potentialAction":[{"@type":"SearchAction","target":{"@type":"EntryPoint","urlTemplate":"https:\/\/www.mojabochnia.pl\/?s={search_term_string}"},"query-input":{"@type":"PropertyValueSpecification","valueRequired":true,"valueName":"search_term_string"}}],"inLanguage":"pl-PL"},{"@type":"Organization","@id":"https:\/\/www.mojabochnia.pl\/#organization","name":"mojabochnia.pl - portal informacyjny","url":"https:\/\/www.mojabochnia.pl\/","logo":{"@type":"ImageObject","inLanguage":"pl-PL","@id":"https:\/\/www.mojabochnia.pl\/#\/schema\/logo\/image\/","url":"https:\/\/www.mojabochnia.pl\/wp-content\/uploads\/2017\/08\/logo-mb-opt.png","contentUrl":"https:\/\/www.mojabochnia.pl\/wp-content\/uploads\/2017\/08\/logo-mb-opt.png","width":250,"height":48,"caption":"mojabochnia.pl - portal informacyjny"},"image":{"@id":"https:\/\/www.mojabochnia.pl\/#\/schema\/logo\/image\/"},"sameAs":["https:\/\/www.facebook.com\/mojabochnia"]},{"@type":"Person","@id":"https:\/\/www.mojabochnia.pl\/#\/schema\/person\/d4c758656c81ae00e6496831fe7b0792","name":"Marcin Kalinowski","url":"https:\/\/www.mojabochnia.pl\/?author=29"}]}},"_links":{"self":[{"href":"https:\/\/www.mojabochnia.pl\/index.php?rest_route=\/wp\/v2\/posts\/222144","targetHints":{"allow":["GET"]}}],"collection":[{"href":"https:\/\/www.mojabochnia.pl\/index.php?rest_route=\/wp\/v2\/posts"}],"about":[{"href":"https:\/\/www.mojabochnia.pl\/index.php?rest_route=\/wp\/v2\/types\/post"}],"author":[{"embeddable":true,"href":"https:\/\/www.mojabochnia.pl\/index.php?rest_route=\/wp\/v2\/users\/29"}],"replies":[{"embeddable":true,"href":"https:\/\/www.mojabochnia.pl\/index.php?rest_route=%2Fwp%2Fv2%2Fcomments&post=222144"}],"version-history":[{"count":1,"href":"https:\/\/www.mojabochnia.pl\/index.php?rest_route=\/wp\/v2\/posts\/222144\/revisions"}],"predecessor-version":[{"id":222149,"href":"https:\/\/www.mojabochnia.pl\/index.php?rest_route=\/wp\/v2\/posts\/222144\/revisions\/222149"}],"wp:featuredmedia":[{"embeddable":true,"href":"https:\/\/www.mojabochnia.pl\/index.php?rest_route=\/wp\/v2\/media\/222146"}],"wp:attachment":[{"href":"https:\/\/www.mojabochnia.pl\/index.php?rest_route=%2Fwp%2Fv2%2Fmedia&parent=222144"}],"wp:term":[{"taxonomy":"category","embeddable":true,"href":"https:\/\/www.mojabochnia.pl\/index.php?rest_route=%2Fwp%2Fv2%2Fcategories&post=222144"},{"taxonomy":"post_tag","embeddable":true,"href":"https:\/\/www.mojabochnia.pl\/index.php?rest_route=%2Fwp%2Fv2%2Ftags&post=222144"}],"curies":[{"name":"wp","href":"https:\/\/api.w.org\/{rel}","templated":true}]}}