{"id":222047,"date":"2026-03-17T06:25:15","date_gmt":"2026-03-17T05:25:15","guid":{"rendered":"https:\/\/www.mojabochnia.pl\/?p=222047"},"modified":"2026-03-17T06:25:57","modified_gmt":"2026-03-17T05:25:57","slug":"iii-festiwal-filmow-ekologicznych-w-powiecie-bochenskim","status":"publish","type":"post","link":"https:\/\/www.mojabochnia.pl\/?p=222047","title":{"rendered":"III Festiwal Film\u00f3w Ekologicznych w Powiecie Boche\u0144skim"},"content":{"rendered":"<p><strong>Blisko 120 os\u00f3b wzi\u0119\u0142o udzia\u0142 w III edycji Festiwalu Film\u00f3w Ekologicznych. Wydarzenie, kt\u00f3re na sta\u0142e wpisa\u0142o si\u0119 ju\u017c w kalendarz dzia\u0142a\u0144 edukacyjnych powiatu, po raz kolejny zgromadzi\u0142o m\u0142odzie\u017c szk\u00f3\u0142 \u015brednich z terenu Powiatu Boche\u0144skiego zainteresowan\u0105 tematyk\u0105 ochrony \u015brodowiska i klimatu.<\/strong><\/p>\n<p>Festiwal Film\u00f3w Ekologicznych to autorska inicjatywa Starostwa Powiatowego w Bochni maj\u0105ca na celu budowanie \u015bwiadomo\u015bci ekologicznej oraz promowanie odpowiedzialnych postaw wobec \u015brodowiska naturalnego. Tegoroczna edycja pozwoli\u0142a uczestnikom obejrze\u0107 film <b>\u201eSimona Kossak\u201d<\/b> \u2013 film dokumentalny opowiadaj\u0105cy o \u017cyciu wybitnej polskiej biolo\u017cki i ekolo\u017cki, kt\u00f3ra porzuci\u0142a \u017cycie w Krakowie oraz rodzinne tradycje, by zamieszka\u0107 w sercu Puszczy Bia\u0142owieskiej i po\u015bwi\u0119ci\u0107 si\u0119 badaniu oraz ochronie przyrody.<\/p>\n<p>Festiwal to jednak nie tylko projekcja filmu, ale r\u00f3wnie\u017c wa\u017cny element edukacyjny. W ramach wydarzenia uczestnicy wys\u0142uchali prelekcji po\u0142\u0105czonej z prezentacj\u0105 pt. <b>\u201eMniej rzeczy, wi\u0119cej \u015bwiata \u2013 zero waste jako codzienna troska o planet\u0119\u201d<\/b>. Podczas wyk\u0142adu zwr\u00f3cono uwag\u0119 na potrzeb\u0119 ograniczania nadmiernej konsumpcji i zmniejszania ilo\u015bci wytwarzanych odpad\u00f3w. Prelekcja podkre\u015bla\u0142a, \u017ce troska o \u015brodowisko nie musi oznacza\u0107 radykalnych wyrzecze\u0144, lecz \u015bwiadome i odpowiedzialne korzystanie z dost\u0119pnych zasob\u00f3w, ich ponowne wykorzystanie oraz recykling.<\/p>\n<p>To spotkanie jest okazj\u0105 do refleksji nad codziennymi wyborami, kt\u00f3re maj\u0105 realny wp\u0142yw na kondycj\u0119 naszej planety. Chcemy, aby Festiwal Film\u00f3w Ekologicznych by\u0142 nie tylko prezentacj\u0105 warto\u015bciowych film\u00f3w, ale przede wszystkim inspiracj\u0105 dla m\u0142odych ludzi do podejmowania bardziej odpowiedzialnych dzia\u0142a\u0144 na rzecz \u015brodowiska &#8211; <i>m\u00f3wi\u0142 podczas festiwalu Ryszard Dro\u017cd\u017cak Wicestarosta Boche\u0144ski.<\/i><i><\/i><\/p>\n<p>Festiwal realizowany by\u0142 w ramach projektu zintegrowanego <b>LIFE-IP EKOMALOPOLSKA \u201eWdra\u017canie Regionalnego Planu Dzia\u0142a\u0144 dla Klimatu i Energii dla wojew\u00f3dztwa ma\u0142opolskiego\u201d (LIFE19 IPC\/PL\/000005)<\/b>, wsp\u00f3\u0142finansowanego ze \u015brodk\u00f3w programu LIFE Unii Europejskiej oraz Narodowego Funduszu Ochrony \u015arodowiska i Gospodarki Wodnej.<\/p>\n\t  \r\n\t\r\n\t    <div class=\"mb-gallery\">\r\n\t    <a href=\"https:\/\/www.mojabochnia.pl\/?attachment_id=222049\" class=\"\"><img loading=\"lazy\" decoding=\"async\" width=\"100\" height=\"100\" src=\"https:\/\/www.mojabochnia.pl\/wp-content\/uploads\/2026\/03\/1-3-100x100.jpg\" class=\"attachment-100x100 size-100x100\" alt=\"\" srcset=\"https:\/\/www.mojabochnia.pl\/wp-content\/uploads\/2026\/03\/1-3-100x100.jpg 100w, https:\/\/www.mojabochnia.pl\/wp-content\/uploads\/2026\/03\/1-3-96x96.jpg 96w, https:\/\/www.mojabochnia.pl\/wp-content\/uploads\/2026\/03\/1-3-84x84.jpg 84w\" sizes=\"auto, (max-width: 100px) 100vw, 100px\" \/><\/a><a href=\"https:\/\/www.mojabochnia.pl\/?attachment_id=222050\" class=\"\"><img loading=\"lazy\" decoding=\"async\" width=\"100\" height=\"100\" src=\"https:\/\/www.mojabochnia.pl\/wp-content\/uploads\/2026\/03\/2-2-100x100.jpg\" class=\"attachment-100x100 size-100x100\" alt=\"\" srcset=\"https:\/\/www.mojabochnia.pl\/wp-content\/uploads\/2026\/03\/2-2-100x100.jpg 100w, https:\/\/www.mojabochnia.pl\/wp-content\/uploads\/2026\/03\/2-2-96x96.jpg 96w, https:\/\/www.mojabochnia.pl\/wp-content\/uploads\/2026\/03\/2-2-84x84.jpg 84w\" sizes=\"auto, (max-width: 100px) 100vw, 100px\" \/><\/a><a href=\"https:\/\/www.mojabochnia.pl\/?attachment_id=222051\" class=\"\"><img loading=\"lazy\" decoding=\"async\" width=\"100\" height=\"100\" src=\"https:\/\/www.mojabochnia.pl\/wp-content\/uploads\/2026\/03\/3-2-100x100.jpg\" class=\"attachment-100x100 size-100x100\" alt=\"\" srcset=\"https:\/\/www.mojabochnia.pl\/wp-content\/uploads\/2026\/03\/3-2-100x100.jpg 100w, https:\/\/www.mojabochnia.pl\/wp-content\/uploads\/2026\/03\/3-2-96x96.jpg 96w, https:\/\/www.mojabochnia.pl\/wp-content\/uploads\/2026\/03\/3-2-84x84.jpg 84w\" sizes=\"auto, (max-width: 100px) 100vw, 100px\" \/><\/a><a href=\"https:\/\/www.mojabochnia.pl\/?attachment_id=222052\" class=\"\"><img loading=\"lazy\" decoding=\"async\" width=\"100\" height=\"100\" src=\"https:\/\/www.mojabochnia.pl\/wp-content\/uploads\/2026\/03\/4_logotyp_klimat_opis_poprawionepdf___UMWM-100x100.jpg\" class=\"attachment-100x100 size-100x100\" alt=\"\" srcset=\"https:\/\/www.mojabochnia.pl\/wp-content\/uploads\/2026\/03\/4_logotyp_klimat_opis_poprawionepdf___UMWM-100x100.jpg 100w, https:\/\/www.mojabochnia.pl\/wp-content\/uploads\/2026\/03\/4_logotyp_klimat_opis_poprawionepdf___UMWM-96x96.jpg 96w, https:\/\/www.mojabochnia.pl\/wp-content\/uploads\/2026\/03\/4_logotyp_klimat_opis_poprawionepdf___UMWM-84x84.jpg 84w\" sizes=\"auto, (max-width: 100px) 100vw, 100px\" \/><\/a><a href=\"https:\/\/www.mojabochnia.pl\/?attachment_id=222053\" class=\"\"><img loading=\"lazy\" decoding=\"async\" width=\"100\" height=\"100\" src=\"https:\/\/www.mojabochnia.pl\/wp-content\/uploads\/2026\/03\/4-4-100x100.jpg\" class=\"attachment-100x100 size-100x100\" alt=\"\" srcset=\"https:\/\/www.mojabochnia.pl\/wp-content\/uploads\/2026\/03\/4-4-100x100.jpg 100w, https:\/\/www.mojabochnia.pl\/wp-content\/uploads\/2026\/03\/4-4-96x96.jpg 96w, https:\/\/www.mojabochnia.pl\/wp-content\/uploads\/2026\/03\/4-4-84x84.jpg 84w\" sizes=\"auto, (max-width: 100px) 100vw, 100px\" \/><\/a><a href=\"https:\/\/www.mojabochnia.pl\/?attachment_id=222054\" class=\"\"><img loading=\"lazy\" decoding=\"async\" width=\"100\" height=\"100\" src=\"https:\/\/www.mojabochnia.pl\/wp-content\/uploads\/2026\/03\/5-1-100x100.jpg\" class=\"attachment-100x100 size-100x100\" alt=\"\" srcset=\"https:\/\/www.mojabochnia.pl\/wp-content\/uploads\/2026\/03\/5-1-100x100.jpg 100w, https:\/\/www.mojabochnia.pl\/wp-content\/uploads\/2026\/03\/5-1-96x96.jpg 96w, https:\/\/www.mojabochnia.pl\/wp-content\/uploads\/2026\/03\/5-1-84x84.jpg 84w\" sizes=\"auto, (max-width: 100px) 100vw, 100px\" \/><\/a><a href=\"https:\/\/www.mojabochnia.pl\/?attachment_id=222055\" class=\"\"><img loading=\"lazy\" decoding=\"async\" width=\"100\" height=\"100\" src=\"https:\/\/www.mojabochnia.pl\/wp-content\/uploads\/2026\/03\/6-100x100.jpg\" class=\"attachment-100x100 size-100x100\" alt=\"\" srcset=\"https:\/\/www.mojabochnia.pl\/wp-content\/uploads\/2026\/03\/6-100x100.jpg 100w, https:\/\/www.mojabochnia.pl\/wp-content\/uploads\/2026\/03\/6-96x96.jpg 96w, https:\/\/www.mojabochnia.pl\/wp-content\/uploads\/2026\/03\/6-84x84.jpg 84w\" sizes=\"auto, (max-width: 100px) 100vw, 100px\" \/><\/a><a href=\"https:\/\/www.mojabochnia.pl\/?attachment_id=222056\" class=\"\"><img loading=\"lazy\" decoding=\"async\" width=\"100\" height=\"100\" src=\"https:\/\/www.mojabochnia.pl\/wp-content\/uploads\/2026\/03\/7-1-100x100.jpg\" class=\"attachment-100x100 size-100x100\" alt=\"\" srcset=\"https:\/\/www.mojabochnia.pl\/wp-content\/uploads\/2026\/03\/7-1-100x100.jpg 100w, https:\/\/www.mojabochnia.pl\/wp-content\/uploads\/2026\/03\/7-1-96x96.jpg 96w, https:\/\/www.mojabochnia.pl\/wp-content\/uploads\/2026\/03\/7-1-84x84.jpg 84w\" sizes=\"auto, (max-width: 100px) 100vw, 100px\" \/><\/a><a href=\"https:\/\/www.mojabochnia.pl\/?attachment_id=222057\" class=\"\"><img loading=\"lazy\" decoding=\"async\" width=\"100\" height=\"100\" src=\"https:\/\/www.mojabochnia.pl\/wp-content\/uploads\/2026\/03\/8-100x100.jpg\" class=\"attachment-100x100 size-100x100\" alt=\"\" srcset=\"https:\/\/www.mojabochnia.pl\/wp-content\/uploads\/2026\/03\/8-100x100.jpg 100w, https:\/\/www.mojabochnia.pl\/wp-content\/uploads\/2026\/03\/8-96x96.jpg 96w, https:\/\/www.mojabochnia.pl\/wp-content\/uploads\/2026\/03\/8-84x84.jpg 84w\" sizes=\"auto, (max-width: 100px) 100vw, 100px\" \/><\/a><a href=\"https:\/\/www.mojabochnia.pl\/?attachment_id=222058\" class=\"\"><img loading=\"lazy\" decoding=\"async\" width=\"100\" height=\"100\" src=\"https:\/\/www.mojabochnia.pl\/wp-content\/uploads\/2026\/03\/9-100x100.jpg\" class=\"attachment-100x100 size-100x100\" alt=\"\" srcset=\"https:\/\/www.mojabochnia.pl\/wp-content\/uploads\/2026\/03\/9-100x100.jpg 100w, https:\/\/www.mojabochnia.pl\/wp-content\/uploads\/2026\/03\/9-96x96.jpg 96w, https:\/\/www.mojabochnia.pl\/wp-content\/uploads\/2026\/03\/9-84x84.jpg 84w\" sizes=\"auto, (max-width: 100px) 100vw, 100px\" \/><\/a>\t    <\/div>\r\n\t    ","protected":false},"excerpt":{"rendered":"<p>Blisko 120 os\u00f3b wzi\u0119\u0142o udzia\u0142 w III edycji Festiwalu Film\u00f3w Ekologicznych. Wydarzenie, kt\u00f3re na sta\u0142e wpisa\u0142o si\u0119 ju\u017c w kalendarz dzia\u0142a\u0144 edukacyjnych powiatu, po raz kolejny zgromadzi\u0142o m\u0142odzie\u017c szk\u00f3\u0142 \u015brednich z terenu Powiatu Boche\u0144skiego zainteresowan\u0105 tematyk\u0105 ochrony \u015brodowiska i klimatu. Festiwal Film\u00f3w Ekologicznych to autorska inicjatywa Starostwa Powiatowego w Bochni maj\u0105ca na celu budowanie \u015bwiadomo\u015bci<\/p>\n","protected":false},"author":29,"featured_media":222055,"comment_status":"open","ping_status":"closed","sticky":false,"template":"","format":"standard","meta":{"_acf_changed":false,"footnotes":""},"categories":[92,6251,6250],"tags":[22428,17127],"class_list":["post-222047","post","type-post","status-publish","format-standard","has-post-thumbnail","hentry","category-kultura","category-polityka-i-wydarzenia","category-tematyka","tag-festiwal-filmow-ekologicznych","tag-powiat-bochenski","main_tag-powiat-bochenski"],"acf":[],"yoast_head":"<!-- This site is optimized with the Yoast SEO plugin v26.9 - https:\/\/yoast.com\/product\/yoast-seo-wordpress\/ -->\n<title>III Festiwal Film\u00f3w Ekologicznych w Powiecie Boche\u0144skim - mojabochnia.pl - portal informacyjny<\/title>\n<meta name=\"robots\" content=\"index, follow, max-snippet:-1, max-image-preview:large, max-video-preview:-1\" \/>\n<link rel=\"canonical\" href=\"https:\/\/www.mojabochnia.pl\/?p=222047\" \/>\n<meta property=\"og:locale\" content=\"pl_PL\" \/>\n<meta property=\"og:type\" content=\"article\" \/>\n<meta property=\"og:title\" content=\"III Festiwal Film\u00f3w Ekologicznych w Powiecie Boche\u0144skim - mojabochnia.pl - portal informacyjny\" \/>\n<meta property=\"og:description\" content=\"Blisko 120 os\u00f3b wzi\u0119\u0142o udzia\u0142 w III edycji Festiwalu Film\u00f3w Ekologicznych. Wydarzenie, kt\u00f3re na sta\u0142e wpisa\u0142o si\u0119 ju\u017c w kalendarz dzia\u0142a\u0144 edukacyjnych powiatu, po raz kolejny zgromadzi\u0142o m\u0142odzie\u017c szk\u00f3\u0142 \u015brednich z terenu Powiatu Boche\u0144skiego zainteresowan\u0105 tematyk\u0105 ochrony \u015brodowiska i klimatu. Festiwal Film\u00f3w Ekologicznych to autorska inicjatywa Starostwa Powiatowego w Bochni maj\u0105ca na celu budowanie \u015bwiadomo\u015bci\" \/>\n<meta property=\"og:url\" content=\"https:\/\/www.mojabochnia.pl\/?p=222047\" \/>\n<meta property=\"og:site_name\" content=\"mojabochnia.pl - portal informacyjny\" \/>\n<meta property=\"article:publisher\" content=\"https:\/\/www.facebook.com\/mojabochnia\" \/>\n<meta property=\"article:published_time\" content=\"2026-03-17T05:25:15+00:00\" \/>\n<meta property=\"article:modified_time\" content=\"2026-03-17T05:25:57+00:00\" \/>\n<meta property=\"og:image\" content=\"https:\/\/www.mojabochnia.pl\/wp-content\/uploads\/2026\/03\/6.jpg\" \/>\n\t<meta property=\"og:image:width\" content=\"1280\" \/>\n\t<meta property=\"og:image:height\" content=\"960\" \/>\n\t<meta property=\"og:image:type\" content=\"image\/jpeg\" \/>\n<meta name=\"author\" content=\"Marcin Kalinowski\" \/>\n<meta name=\"twitter:card\" content=\"summary_large_image\" \/>\n<meta name=\"twitter:label1\" content=\"Written by\" \/>\n\t<meta name=\"twitter:data1\" content=\"Marcin Kalinowski\" \/>\n\t<meta name=\"twitter:label2\" content=\"Est. reading time\" \/>\n\t<meta name=\"twitter:data2\" content=\"2 minuty\" \/>\n<script type=\"application\/ld+json\" class=\"yoast-schema-graph\">{\"@context\":\"https:\/\/schema.org\",\"@graph\":[{\"@type\":\"Article\",\"@id\":\"https:\/\/www.mojabochnia.pl\/?p=222047#article\",\"isPartOf\":{\"@id\":\"https:\/\/www.mojabochnia.pl\/?p=222047\"},\"author\":{\"name\":\"Marcin Kalinowski\",\"@id\":\"https:\/\/www.mojabochnia.pl\/#\/schema\/person\/d4c758656c81ae00e6496831fe7b0792\"},\"headline\":\"III Festiwal Film\u00f3w Ekologicznych w Powiecie Boche\u0144skim\",\"datePublished\":\"2026-03-17T05:25:15+00:00\",\"dateModified\":\"2026-03-17T05:25:57+00:00\",\"mainEntityOfPage\":{\"@id\":\"https:\/\/www.mojabochnia.pl\/?p=222047\"},\"wordCount\":322,\"commentCount\":0,\"publisher\":{\"@id\":\"https:\/\/www.mojabochnia.pl\/#organization\"},\"image\":{\"@id\":\"https:\/\/www.mojabochnia.pl\/?p=222047#primaryimage\"},\"thumbnailUrl\":\"https:\/\/www.mojabochnia.pl\/wp-content\/uploads\/2026\/03\/6.jpg\",\"keywords\":[\"festiwal film\u00f3w ekologicznych\",\"powiat boche\u0144ski\"],\"articleSection\":[\"kultura\",\"polityka i wydarzenia\",\"tematyka\"],\"inLanguage\":\"pl-PL\",\"potentialAction\":[{\"@type\":\"CommentAction\",\"name\":\"Comment\",\"target\":[\"https:\/\/www.mojabochnia.pl\/?p=222047#respond\"]}]},{\"@type\":\"WebPage\",\"@id\":\"https:\/\/www.mojabochnia.pl\/?p=222047\",\"url\":\"https:\/\/www.mojabochnia.pl\/?p=222047\",\"name\":\"III Festiwal Film\u00f3w Ekologicznych w Powiecie Boche\u0144skim - mojabochnia.pl - portal informacyjny\",\"isPartOf\":{\"@id\":\"https:\/\/www.mojabochnia.pl\/#website\"},\"primaryImageOfPage\":{\"@id\":\"https:\/\/www.mojabochnia.pl\/?p=222047#primaryimage\"},\"image\":{\"@id\":\"https:\/\/www.mojabochnia.pl\/?p=222047#primaryimage\"},\"thumbnailUrl\":\"https:\/\/www.mojabochnia.pl\/wp-content\/uploads\/2026\/03\/6.jpg\",\"datePublished\":\"2026-03-17T05:25:15+00:00\",\"dateModified\":\"2026-03-17T05:25:57+00:00\",\"breadcrumb\":{\"@id\":\"https:\/\/www.mojabochnia.pl\/?p=222047#breadcrumb\"},\"inLanguage\":\"pl-PL\",\"potentialAction\":[{\"@type\":\"ReadAction\",\"target\":[\"https:\/\/www.mojabochnia.pl\/?p=222047\"]}]},{\"@type\":\"ImageObject\",\"inLanguage\":\"pl-PL\",\"@id\":\"https:\/\/www.mojabochnia.pl\/?p=222047#primaryimage\",\"url\":\"https:\/\/www.mojabochnia.pl\/wp-content\/uploads\/2026\/03\/6.jpg\",\"contentUrl\":\"https:\/\/www.mojabochnia.pl\/wp-content\/uploads\/2026\/03\/6.jpg\",\"width\":1280,\"height\":960,\"caption\":\"nades\u0142ane\"},{\"@type\":\"BreadcrumbList\",\"@id\":\"https:\/\/www.mojabochnia.pl\/?p=222047#breadcrumb\",\"itemListElement\":[{\"@type\":\"ListItem\",\"position\":1,\"name\":\"Home\",\"item\":\"https:\/\/www.mojabochnia.pl\/\"},{\"@type\":\"ListItem\",\"position\":2,\"name\":\"III Festiwal Film\u00f3w Ekologicznych w Powiecie Boche\u0144skim\"}]},{\"@type\":\"WebSite\",\"@id\":\"https:\/\/www.mojabochnia.pl\/#website\",\"url\":\"https:\/\/www.mojabochnia.pl\/\",\"name\":\"mojabochnia.pl - portal informacyjny\",\"description\":\"mojaBochnia to portal informacyjny o Bochni. Codziennie o Bochni piszemy i pokazujemy najwa\u017cniejsze wydarzenia\",\"publisher\":{\"@id\":\"https:\/\/www.mojabochnia.pl\/#organization\"},\"potentialAction\":[{\"@type\":\"SearchAction\",\"target\":{\"@type\":\"EntryPoint\",\"urlTemplate\":\"https:\/\/www.mojabochnia.pl\/?s={search_term_string}\"},\"query-input\":{\"@type\":\"PropertyValueSpecification\",\"valueRequired\":true,\"valueName\":\"search_term_string\"}}],\"inLanguage\":\"pl-PL\"},{\"@type\":\"Organization\",\"@id\":\"https:\/\/www.mojabochnia.pl\/#organization\",\"name\":\"mojabochnia.pl - portal informacyjny\",\"url\":\"https:\/\/www.mojabochnia.pl\/\",\"logo\":{\"@type\":\"ImageObject\",\"inLanguage\":\"pl-PL\",\"@id\":\"https:\/\/www.mojabochnia.pl\/#\/schema\/logo\/image\/\",\"url\":\"https:\/\/www.mojabochnia.pl\/wp-content\/uploads\/2017\/08\/logo-mb-opt.png\",\"contentUrl\":\"https:\/\/www.mojabochnia.pl\/wp-content\/uploads\/2017\/08\/logo-mb-opt.png\",\"width\":250,\"height\":48,\"caption\":\"mojabochnia.pl - portal informacyjny\"},\"image\":{\"@id\":\"https:\/\/www.mojabochnia.pl\/#\/schema\/logo\/image\/\"},\"sameAs\":[\"https:\/\/www.facebook.com\/mojabochnia\"]},{\"@type\":\"Person\",\"@id\":\"https:\/\/www.mojabochnia.pl\/#\/schema\/person\/d4c758656c81ae00e6496831fe7b0792\",\"name\":\"Marcin Kalinowski\",\"url\":\"https:\/\/www.mojabochnia.pl\/?author=29\"}]}<\/script>\n<!-- \/ Yoast SEO plugin. -->","yoast_head_json":{"title":"III Festiwal Film\u00f3w Ekologicznych w Powiecie Boche\u0144skim - mojabochnia.pl - portal informacyjny","robots":{"index":"index","follow":"follow","max-snippet":"max-snippet:-1","max-image-preview":"max-image-preview:large","max-video-preview":"max-video-preview:-1"},"canonical":"https:\/\/www.mojabochnia.pl\/?p=222047","og_locale":"pl_PL","og_type":"article","og_title":"III Festiwal Film\u00f3w Ekologicznych w Powiecie Boche\u0144skim - mojabochnia.pl - portal informacyjny","og_description":"Blisko 120 os\u00f3b wzi\u0119\u0142o udzia\u0142 w III edycji Festiwalu Film\u00f3w Ekologicznych. Wydarzenie, kt\u00f3re na sta\u0142e wpisa\u0142o si\u0119 ju\u017c w kalendarz dzia\u0142a\u0144 edukacyjnych powiatu, po raz kolejny zgromadzi\u0142o m\u0142odzie\u017c szk\u00f3\u0142 \u015brednich z terenu Powiatu Boche\u0144skiego zainteresowan\u0105 tematyk\u0105 ochrony \u015brodowiska i klimatu. Festiwal Film\u00f3w Ekologicznych to autorska inicjatywa Starostwa Powiatowego w Bochni maj\u0105ca na celu budowanie \u015bwiadomo\u015bci","og_url":"https:\/\/www.mojabochnia.pl\/?p=222047","og_site_name":"mojabochnia.pl - portal informacyjny","article_publisher":"https:\/\/www.facebook.com\/mojabochnia","article_published_time":"2026-03-17T05:25:15+00:00","article_modified_time":"2026-03-17T05:25:57+00:00","og_image":[{"width":1280,"height":960,"url":"https:\/\/www.mojabochnia.pl\/wp-content\/uploads\/2026\/03\/6.jpg","type":"image\/jpeg"}],"author":"Marcin Kalinowski","twitter_card":"summary_large_image","twitter_misc":{"Written by":"Marcin Kalinowski","Est. reading time":"2 minuty"},"schema":{"@context":"https:\/\/schema.org","@graph":[{"@type":"Article","@id":"https:\/\/www.mojabochnia.pl\/?p=222047#article","isPartOf":{"@id":"https:\/\/www.mojabochnia.pl\/?p=222047"},"author":{"name":"Marcin Kalinowski","@id":"https:\/\/www.mojabochnia.pl\/#\/schema\/person\/d4c758656c81ae00e6496831fe7b0792"},"headline":"III Festiwal Film\u00f3w Ekologicznych w Powiecie Boche\u0144skim","datePublished":"2026-03-17T05:25:15+00:00","dateModified":"2026-03-17T05:25:57+00:00","mainEntityOfPage":{"@id":"https:\/\/www.mojabochnia.pl\/?p=222047"},"wordCount":322,"commentCount":0,"publisher":{"@id":"https:\/\/www.mojabochnia.pl\/#organization"},"image":{"@id":"https:\/\/www.mojabochnia.pl\/?p=222047#primaryimage"},"thumbnailUrl":"https:\/\/www.mojabochnia.pl\/wp-content\/uploads\/2026\/03\/6.jpg","keywords":["festiwal film\u00f3w ekologicznych","powiat boche\u0144ski"],"articleSection":["kultura","polityka i wydarzenia","tematyka"],"inLanguage":"pl-PL","potentialAction":[{"@type":"CommentAction","name":"Comment","target":["https:\/\/www.mojabochnia.pl\/?p=222047#respond"]}]},{"@type":"WebPage","@id":"https:\/\/www.mojabochnia.pl\/?p=222047","url":"https:\/\/www.mojabochnia.pl\/?p=222047","name":"III Festiwal Film\u00f3w Ekologicznych w Powiecie Boche\u0144skim - mojabochnia.pl - portal informacyjny","isPartOf":{"@id":"https:\/\/www.mojabochnia.pl\/#website"},"primaryImageOfPage":{"@id":"https:\/\/www.mojabochnia.pl\/?p=222047#primaryimage"},"image":{"@id":"https:\/\/www.mojabochnia.pl\/?p=222047#primaryimage"},"thumbnailUrl":"https:\/\/www.mojabochnia.pl\/wp-content\/uploads\/2026\/03\/6.jpg","datePublished":"2026-03-17T05:25:15+00:00","dateModified":"2026-03-17T05:25:57+00:00","breadcrumb":{"@id":"https:\/\/www.mojabochnia.pl\/?p=222047#breadcrumb"},"inLanguage":"pl-PL","potentialAction":[{"@type":"ReadAction","target":["https:\/\/www.mojabochnia.pl\/?p=222047"]}]},{"@type":"ImageObject","inLanguage":"pl-PL","@id":"https:\/\/www.mojabochnia.pl\/?p=222047#primaryimage","url":"https:\/\/www.mojabochnia.pl\/wp-content\/uploads\/2026\/03\/6.jpg","contentUrl":"https:\/\/www.mojabochnia.pl\/wp-content\/uploads\/2026\/03\/6.jpg","width":1280,"height":960,"caption":"nades\u0142ane"},{"@type":"BreadcrumbList","@id":"https:\/\/www.mojabochnia.pl\/?p=222047#breadcrumb","itemListElement":[{"@type":"ListItem","position":1,"name":"Home","item":"https:\/\/www.mojabochnia.pl\/"},{"@type":"ListItem","position":2,"name":"III Festiwal Film\u00f3w Ekologicznych w Powiecie Boche\u0144skim"}]},{"@type":"WebSite","@id":"https:\/\/www.mojabochnia.pl\/#website","url":"https:\/\/www.mojabochnia.pl\/","name":"mojabochnia.pl - portal informacyjny","description":"mojaBochnia to portal informacyjny o Bochni. Codziennie o Bochni piszemy i pokazujemy najwa\u017cniejsze wydarzenia","publisher":{"@id":"https:\/\/www.mojabochnia.pl\/#organization"},"potentialAction":[{"@type":"SearchAction","target":{"@type":"EntryPoint","urlTemplate":"https:\/\/www.mojabochnia.pl\/?s={search_term_string}"},"query-input":{"@type":"PropertyValueSpecification","valueRequired":true,"valueName":"search_term_string"}}],"inLanguage":"pl-PL"},{"@type":"Organization","@id":"https:\/\/www.mojabochnia.pl\/#organization","name":"mojabochnia.pl - portal informacyjny","url":"https:\/\/www.mojabochnia.pl\/","logo":{"@type":"ImageObject","inLanguage":"pl-PL","@id":"https:\/\/www.mojabochnia.pl\/#\/schema\/logo\/image\/","url":"https:\/\/www.mojabochnia.pl\/wp-content\/uploads\/2017\/08\/logo-mb-opt.png","contentUrl":"https:\/\/www.mojabochnia.pl\/wp-content\/uploads\/2017\/08\/logo-mb-opt.png","width":250,"height":48,"caption":"mojabochnia.pl - portal informacyjny"},"image":{"@id":"https:\/\/www.mojabochnia.pl\/#\/schema\/logo\/image\/"},"sameAs":["https:\/\/www.facebook.com\/mojabochnia"]},{"@type":"Person","@id":"https:\/\/www.mojabochnia.pl\/#\/schema\/person\/d4c758656c81ae00e6496831fe7b0792","name":"Marcin Kalinowski","url":"https:\/\/www.mojabochnia.pl\/?author=29"}]}},"_links":{"self":[{"href":"https:\/\/www.mojabochnia.pl\/index.php?rest_route=\/wp\/v2\/posts\/222047","targetHints":{"allow":["GET"]}}],"collection":[{"href":"https:\/\/www.mojabochnia.pl\/index.php?rest_route=\/wp\/v2\/posts"}],"about":[{"href":"https:\/\/www.mojabochnia.pl\/index.php?rest_route=\/wp\/v2\/types\/post"}],"author":[{"embeddable":true,"href":"https:\/\/www.mojabochnia.pl\/index.php?rest_route=\/wp\/v2\/users\/29"}],"replies":[{"embeddable":true,"href":"https:\/\/www.mojabochnia.pl\/index.php?rest_route=%2Fwp%2Fv2%2Fcomments&post=222047"}],"version-history":[{"count":1,"href":"https:\/\/www.mojabochnia.pl\/index.php?rest_route=\/wp\/v2\/posts\/222047\/revisions"}],"predecessor-version":[{"id":222059,"href":"https:\/\/www.mojabochnia.pl\/index.php?rest_route=\/wp\/v2\/posts\/222047\/revisions\/222059"}],"wp:featuredmedia":[{"embeddable":true,"href":"https:\/\/www.mojabochnia.pl\/index.php?rest_route=\/wp\/v2\/media\/222055"}],"wp:attachment":[{"href":"https:\/\/www.mojabochnia.pl\/index.php?rest_route=%2Fwp%2Fv2%2Fmedia&parent=222047"}],"wp:term":[{"taxonomy":"category","embeddable":true,"href":"https:\/\/www.mojabochnia.pl\/index.php?rest_route=%2Fwp%2Fv2%2Fcategories&post=222047"},{"taxonomy":"post_tag","embeddable":true,"href":"https:\/\/www.mojabochnia.pl\/index.php?rest_route=%2Fwp%2Fv2%2Ftags&post=222047"}],"curies":[{"name":"wp","href":"https:\/\/api.w.org\/{rel}","templated":true}]}}