{"id":222038,"date":"2026-03-16T07:51:14","date_gmt":"2026-03-16T06:51:14","guid":{"rendered":"https:\/\/www.mojabochnia.pl\/?p=222038"},"modified":"2026-03-16T07:52:28","modified_gmt":"2026-03-16T06:52:28","slug":"ii-targi-ksiazki-regionalnej-bochniana-17-maja-2026-r","status":"publish","type":"post","link":"https:\/\/www.mojabochnia.pl\/?p=222038","title":{"rendered":"II Targi Ksi\u0105\u017cki Regionalnej \u201eBochniana\u201d \u2013 17 maja 2026 r."},"content":{"rendered":"<p><strong>Powiatowa i Miejska Biblioteka Publiczna w Bochni po raz drugi stanie si\u0119 przestrzeni\u0105 spotkania literatury, sztuki i lokalnej to\u017csamo\u015bci. W niedziel\u0119 17 maja 2026 roku zaprasza na II Targi Ksi\u0105\u017cki Regionalnej \u201eBochniana\u201d!<\/strong><\/p>\n<p>Druga edycja Targ\u00f3w b\u0119dzie kontynuacj\u0105 idei integruj\u0105cej tw\u00f3rc\u00f3w, wydawc\u00f3w, instytucje kultury oraz mieszka\u0144c\u00f3w Boche\u0144szczyzny wok\u00f3\u0142 wsp\u00f3lnego dziedzictwa. To wyj\u0105tkowa okazja, by zaprezentowa\u0107 dorobek literacki i artystyczny regionu, spotka\u0107 si\u0119 z autorami, porozmawia\u0107 o historii i wsp\u00f3\u0142czesno\u015bci naszej Ma\u0142ej Ojczyzny oraz odkry\u0107 publikacje zwi\u0105zane z Bochni\u0105 i okolicami. <b>Biblioteka zach\u0119ca autor\u00f3w i wydawc\u00f3w do zg\u0142oszenia ch\u0119ci wzi\u0119cia udzia\u0142u w Targach.<\/b> Poni\u017cej informacja dla ch\u0119tnych:<\/p>\n<p>Powiatowa i Miejska Biblioteka Publiczna w Bochni zaprasza autor\u00f3w do udzia\u0142u w <b>II Targach Ksi\u0105\u017cki Regionalnej \u201eBochniana\u201d<\/b>, kt\u00f3re odb\u0119d\u0105 si\u0119 <b>17 maja 2026 r. w godz. 10.00-15.00<\/b><b><\/b><\/p>\n<p>Do wsp\u00f3\u0142tworzenia wydarzenia Biblioteka zaprasza:<\/p>\n<ul>\n<li><b>autor\u00f3w pisz\u0105cych o Bochni i Boche\u0144szczy\u017anie<\/b> \u2013 historii, kulturze, tradycji, postaciach i wsp\u00f3\u0142czesno\u015bci regionu,<\/li>\n<li><b>osoby mieszkaj\u0105ce w regionie lub z niego pochodz\u0105ce<\/b>, kt\u00f3re tworz\u0105 literatur\u0119 o innej tematyce (np. powie\u015bci, poezj\u0119, reporta\u017c, literatur\u0119 dzieci\u0119c\u0105, fantastyk\u0119, publikacje popularnonaukowe),<\/li>\n<li>regionalist\u00f3w, poet\u00f3w, publicyst\u00f3w, wydawc\u00f3w oraz tw\u00f3rc\u00f3w promuj\u0105cych lokalne dziedzictwo.<\/li>\n<\/ul>\n<p>Targi b\u0119d\u0105 przestrzeni\u0105 prezentacji <b>ca\u0142ego \u015brodowiska tw\u00f3rczego zwi\u0105zanego z Boche\u0144szczyzn\u0105<\/b>, zar\u00f3wno tych, kt\u00f3rzy opisuj\u0105 region, jak i tych, kt\u00f3rzy, cho\u0107 podejmuj\u0105 inne tematy, s\u0105 cz\u0119\u015bci\u0105 naszej lokalnej wsp\u00f3lnoty.<\/p>\n<p><b>Jak si\u0119 zg\u0142osi\u0107? <\/b>Poprzez <b>formularz Google do 7 kwietnia 2026 r<\/b>. (<a onclick=\"javascript:pageTracker._trackPageview('\/outgoing\/docs.google.com\/forms\/d\/e\/1FAIpQLScsSXHaDH4IJo_yR_dwXcpjpMlM5e4ASpZDTJYQnHL_ZYLDIQ\/viewform?usp=header');\"  href=\"https:\/\/docs.google.com\/forms\/d\/e\/1FAIpQLScsSXHaDH4IJo_yR_dwXcpjpMlM5e4ASpZDTJYQnHL_ZYLDIQ\/viewform?usp=header\"><strong>TUTAJ<\/strong><\/a>) W formularzu mo\u017cna poda\u0107 podstawowe informacje o sobie, swojej tw\u00f3rczo\u015bci oraz planowanej prezentacji podczas Targ\u00f3w.<\/p>\n<p>Liczba miejsc dla wystawc\u00f3w jest <b>ograniczona<\/b> dlatego, w razie konieczno\u015bci, Biblioteka <b>zastrzega sobie prawo do selekcji autor\u00f3w na podstawie nades\u0142anych zg\u0142osze\u0144<\/b>, z uwzgl\u0119dnieniem charakteru wydarzenia oraz mo\u017cliwo\u015bci organizacyjnych. Wybrani autorzy zostan\u0105 poinformowani o zakwalifikowaniu do udzia\u0142u w Targach drog\u0105 mailow\u0105 lub telefoniczn\u0105.<\/p>\n<p>Dlaczego warto wzi\u0105\u0107 udzia\u0142 w Targach? Mo\u017cna spotka\u0107 si\u0119 z czytelnikami i promowa\u0107 w\u0142asn\u0105 tw\u00f3rczo\u015b\u0107, sprzedawa\u0107 swoje ksi\u0105\u017cki, nawi\u0105za\u0107 kontakty z innymi autorami i instytucjami kultury, wzi\u0105\u0107 udzia\u0142 w rozwijaj\u0105cym si\u0119 wydarzeniu o znaczeniu regionalnym.<\/p>\n<p>II Targi Ksi\u0105\u017cki Regionalnej \u201eBochniana\u201d to \u015bwi\u0119to literatury i ludzi, kt\u00f3rzy j\u0105 tworz\u0105. Biblioteka serdecznie zaprasza do wsp\u00f3\u0142tworzenia tego wyj\u0105tkowego dnia,\u00a0razem poka\u017cmy si\u0142\u0119 i r\u00f3\u017cnorodno\u015b\u0107 tw\u00f3rc\u00f3w zwi\u0105zanych z Boche\u0144szczyzn\u0105.<\/p>\n<p>Link do zg\u0142oszenia:<\/p>\n<p><a onclick=\"javascript:pageTracker._trackPageview('\/outgoing\/docs.google.com\/forms\/d\/e\/1FAIpQLScsSXHaDH4IJo_yR_dwXcpjpMlM5e4ASpZDTJYQnHL_ZYLDIQ\/viewform');\"  href=\"https:\/\/docs.google.com\/forms\/d\/e\/1FAIpQLScsSXHaDH4IJo_yR_dwXcpjpMlM5e4ASpZDTJYQnHL_ZYLDIQ\/viewform\">https:\/\/docs.google.com\/forms\/d\/e\/1FAIpQLScsSXHaDH4IJo_yR_dwXcpjpMlM5e4ASpZDTJYQnHL_ZYLDIQ\/viewform<\/a><\/p>\n","protected":false},"excerpt":{"rendered":"<p>Powiatowa i Miejska Biblioteka Publiczna w Bochni po raz drugi stanie si\u0119 przestrzeni\u0105 spotkania literatury, sztuki i lokalnej to\u017csamo\u015bci. W niedziel\u0119 17 maja 2026 roku zaprasza na II Targi Ksi\u0105\u017cki Regionalnej \u201eBochniana\u201d! Druga edycja Targ\u00f3w b\u0119dzie kontynuacj\u0105 idei integruj\u0105cej tw\u00f3rc\u00f3w, wydawc\u00f3w, instytucje kultury oraz mieszka\u0144c\u00f3w Boche\u0144szczyzny wok\u00f3\u0142 wsp\u00f3lnego dziedzictwa. To wyj\u0105tkowa okazja, by zaprezentowa\u0107 dorobek<\/p>\n","protected":false},"author":29,"featured_media":222040,"comment_status":"open","ping_status":"closed","sticky":false,"template":"","format":"standard","meta":{"_acf_changed":false,"footnotes":""},"categories":[92,6251,6250],"tags":[22644,17269,17127],"class_list":["post-222038","post","type-post","status-publish","format-standard","has-post-thumbnail","hentry","category-kultura","category-polityka-i-wydarzenia","category-tematyka","tag-biblioteka-bochnia","tag-bochnia","tag-powiat-bochenski","main_tag-bochnia"],"acf":[],"yoast_head":"<!-- This site is optimized with the Yoast SEO plugin v26.9 - https:\/\/yoast.com\/product\/yoast-seo-wordpress\/ -->\n<title>II Targi Ksi\u0105\u017cki Regionalnej \u201eBochniana\u201d \u2013 17 maja 2026 r. - mojabochnia.pl - portal informacyjny<\/title>\n<meta name=\"robots\" content=\"index, follow, max-snippet:-1, max-image-preview:large, max-video-preview:-1\" \/>\n<link rel=\"canonical\" href=\"https:\/\/www.mojabochnia.pl\/?p=222038\" \/>\n<meta property=\"og:locale\" content=\"pl_PL\" \/>\n<meta property=\"og:type\" content=\"article\" \/>\n<meta property=\"og:title\" content=\"II Targi Ksi\u0105\u017cki Regionalnej \u201eBochniana\u201d \u2013 17 maja 2026 r. - mojabochnia.pl - portal informacyjny\" \/>\n<meta property=\"og:description\" content=\"Powiatowa i Miejska Biblioteka Publiczna w Bochni po raz drugi stanie si\u0119 przestrzeni\u0105 spotkania literatury, sztuki i lokalnej to\u017csamo\u015bci. W niedziel\u0119 17 maja 2026 roku zaprasza na II Targi Ksi\u0105\u017cki Regionalnej \u201eBochniana\u201d! Druga edycja Targ\u00f3w b\u0119dzie kontynuacj\u0105 idei integruj\u0105cej tw\u00f3rc\u00f3w, wydawc\u00f3w, instytucje kultury oraz mieszka\u0144c\u00f3w Boche\u0144szczyzny wok\u00f3\u0142 wsp\u00f3lnego dziedzictwa. To wyj\u0105tkowa okazja, by zaprezentowa\u0107 dorobek\" \/>\n<meta property=\"og:url\" content=\"https:\/\/www.mojabochnia.pl\/?p=222038\" \/>\n<meta property=\"og:site_name\" content=\"mojabochnia.pl - portal informacyjny\" \/>\n<meta property=\"article:publisher\" content=\"https:\/\/www.facebook.com\/mojabochnia\" \/>\n<meta property=\"article:published_time\" content=\"2026-03-16T06:51:14+00:00\" \/>\n<meta property=\"article:modified_time\" content=\"2026-03-16T06:52:28+00:00\" \/>\n<meta property=\"og:image\" content=\"https:\/\/www.mojabochnia.pl\/wp-content\/uploads\/2026\/03\/miniaturka-na-strone-Targi-Ksiazki-Bochniana.png\" \/>\n\t<meta property=\"og:image:width\" content=\"591\" \/>\n\t<meta property=\"og:image:height\" content=\"591\" \/>\n\t<meta property=\"og:image:type\" content=\"image\/png\" \/>\n<meta name=\"author\" content=\"Marcin Kalinowski\" \/>\n<meta name=\"twitter:card\" content=\"summary_large_image\" \/>\n<meta name=\"twitter:label1\" content=\"Written by\" \/>\n\t<meta name=\"twitter:data1\" content=\"Marcin Kalinowski\" \/>\n\t<meta name=\"twitter:label2\" content=\"Est. reading time\" \/>\n\t<meta name=\"twitter:data2\" content=\"3 minuty\" \/>\n<script type=\"application\/ld+json\" class=\"yoast-schema-graph\">{\"@context\":\"https:\/\/schema.org\",\"@graph\":[{\"@type\":\"Article\",\"@id\":\"https:\/\/www.mojabochnia.pl\/?p=222038#article\",\"isPartOf\":{\"@id\":\"https:\/\/www.mojabochnia.pl\/?p=222038\"},\"author\":{\"name\":\"Marcin Kalinowski\",\"@id\":\"https:\/\/www.mojabochnia.pl\/#\/schema\/person\/d4c758656c81ae00e6496831fe7b0792\"},\"headline\":\"II Targi Ksi\u0105\u017cki Regionalnej \u201eBochniana\u201d \u2013 17 maja 2026 r.\",\"datePublished\":\"2026-03-16T06:51:14+00:00\",\"dateModified\":\"2026-03-16T06:52:28+00:00\",\"mainEntityOfPage\":{\"@id\":\"https:\/\/www.mojabochnia.pl\/?p=222038\"},\"wordCount\":447,\"commentCount\":0,\"publisher\":{\"@id\":\"https:\/\/www.mojabochnia.pl\/#organization\"},\"image\":{\"@id\":\"https:\/\/www.mojabochnia.pl\/?p=222038#primaryimage\"},\"thumbnailUrl\":\"https:\/\/www.mojabochnia.pl\/wp-content\/uploads\/2026\/03\/miniaturka-na-strone-Targi-Ksiazki-Bochniana.png\",\"keywords\":[\"biblioteka bochnia\",\"bochnia\",\"powiat boche\u0144ski\"],\"articleSection\":[\"kultura\",\"polityka i wydarzenia\",\"tematyka\"],\"inLanguage\":\"pl-PL\",\"potentialAction\":[{\"@type\":\"CommentAction\",\"name\":\"Comment\",\"target\":[\"https:\/\/www.mojabochnia.pl\/?p=222038#respond\"]}]},{\"@type\":\"WebPage\",\"@id\":\"https:\/\/www.mojabochnia.pl\/?p=222038\",\"url\":\"https:\/\/www.mojabochnia.pl\/?p=222038\",\"name\":\"II Targi Ksi\u0105\u017cki Regionalnej \u201eBochniana\u201d \u2013 17 maja 2026 r. - mojabochnia.pl - portal informacyjny\",\"isPartOf\":{\"@id\":\"https:\/\/www.mojabochnia.pl\/#website\"},\"primaryImageOfPage\":{\"@id\":\"https:\/\/www.mojabochnia.pl\/?p=222038#primaryimage\"},\"image\":{\"@id\":\"https:\/\/www.mojabochnia.pl\/?p=222038#primaryimage\"},\"thumbnailUrl\":\"https:\/\/www.mojabochnia.pl\/wp-content\/uploads\/2026\/03\/miniaturka-na-strone-Targi-Ksiazki-Bochniana.png\",\"datePublished\":\"2026-03-16T06:51:14+00:00\",\"dateModified\":\"2026-03-16T06:52:28+00:00\",\"breadcrumb\":{\"@id\":\"https:\/\/www.mojabochnia.pl\/?p=222038#breadcrumb\"},\"inLanguage\":\"pl-PL\",\"potentialAction\":[{\"@type\":\"ReadAction\",\"target\":[\"https:\/\/www.mojabochnia.pl\/?p=222038\"]}]},{\"@type\":\"ImageObject\",\"inLanguage\":\"pl-PL\",\"@id\":\"https:\/\/www.mojabochnia.pl\/?p=222038#primaryimage\",\"url\":\"https:\/\/www.mojabochnia.pl\/wp-content\/uploads\/2026\/03\/miniaturka-na-strone-Targi-Ksiazki-Bochniana.png\",\"contentUrl\":\"https:\/\/www.mojabochnia.pl\/wp-content\/uploads\/2026\/03\/miniaturka-na-strone-Targi-Ksiazki-Bochniana.png\",\"width\":591,\"height\":591},{\"@type\":\"BreadcrumbList\",\"@id\":\"https:\/\/www.mojabochnia.pl\/?p=222038#breadcrumb\",\"itemListElement\":[{\"@type\":\"ListItem\",\"position\":1,\"name\":\"Home\",\"item\":\"https:\/\/www.mojabochnia.pl\/\"},{\"@type\":\"ListItem\",\"position\":2,\"name\":\"II Targi Ksi\u0105\u017cki Regionalnej \u201eBochniana\u201d \u2013 17 maja 2026 r.\"}]},{\"@type\":\"WebSite\",\"@id\":\"https:\/\/www.mojabochnia.pl\/#website\",\"url\":\"https:\/\/www.mojabochnia.pl\/\",\"name\":\"mojabochnia.pl - portal informacyjny\",\"description\":\"mojaBochnia to portal informacyjny o Bochni. Codziennie o Bochni piszemy i pokazujemy najwa\u017cniejsze wydarzenia\",\"publisher\":{\"@id\":\"https:\/\/www.mojabochnia.pl\/#organization\"},\"potentialAction\":[{\"@type\":\"SearchAction\",\"target\":{\"@type\":\"EntryPoint\",\"urlTemplate\":\"https:\/\/www.mojabochnia.pl\/?s={search_term_string}\"},\"query-input\":{\"@type\":\"PropertyValueSpecification\",\"valueRequired\":true,\"valueName\":\"search_term_string\"}}],\"inLanguage\":\"pl-PL\"},{\"@type\":\"Organization\",\"@id\":\"https:\/\/www.mojabochnia.pl\/#organization\",\"name\":\"mojabochnia.pl - portal informacyjny\",\"url\":\"https:\/\/www.mojabochnia.pl\/\",\"logo\":{\"@type\":\"ImageObject\",\"inLanguage\":\"pl-PL\",\"@id\":\"https:\/\/www.mojabochnia.pl\/#\/schema\/logo\/image\/\",\"url\":\"https:\/\/www.mojabochnia.pl\/wp-content\/uploads\/2017\/08\/logo-mb-opt.png\",\"contentUrl\":\"https:\/\/www.mojabochnia.pl\/wp-content\/uploads\/2017\/08\/logo-mb-opt.png\",\"width\":250,\"height\":48,\"caption\":\"mojabochnia.pl - portal informacyjny\"},\"image\":{\"@id\":\"https:\/\/www.mojabochnia.pl\/#\/schema\/logo\/image\/\"},\"sameAs\":[\"https:\/\/www.facebook.com\/mojabochnia\"]},{\"@type\":\"Person\",\"@id\":\"https:\/\/www.mojabochnia.pl\/#\/schema\/person\/d4c758656c81ae00e6496831fe7b0792\",\"name\":\"Marcin Kalinowski\",\"url\":\"https:\/\/www.mojabochnia.pl\/?author=29\"}]}<\/script>\n<!-- \/ Yoast SEO plugin. -->","yoast_head_json":{"title":"II Targi Ksi\u0105\u017cki Regionalnej \u201eBochniana\u201d \u2013 17 maja 2026 r. - mojabochnia.pl - portal informacyjny","robots":{"index":"index","follow":"follow","max-snippet":"max-snippet:-1","max-image-preview":"max-image-preview:large","max-video-preview":"max-video-preview:-1"},"canonical":"https:\/\/www.mojabochnia.pl\/?p=222038","og_locale":"pl_PL","og_type":"article","og_title":"II Targi Ksi\u0105\u017cki Regionalnej \u201eBochniana\u201d \u2013 17 maja 2026 r. - mojabochnia.pl - portal informacyjny","og_description":"Powiatowa i Miejska Biblioteka Publiczna w Bochni po raz drugi stanie si\u0119 przestrzeni\u0105 spotkania literatury, sztuki i lokalnej to\u017csamo\u015bci. W niedziel\u0119 17 maja 2026 roku zaprasza na II Targi Ksi\u0105\u017cki Regionalnej \u201eBochniana\u201d! Druga edycja Targ\u00f3w b\u0119dzie kontynuacj\u0105 idei integruj\u0105cej tw\u00f3rc\u00f3w, wydawc\u00f3w, instytucje kultury oraz mieszka\u0144c\u00f3w Boche\u0144szczyzny wok\u00f3\u0142 wsp\u00f3lnego dziedzictwa. To wyj\u0105tkowa okazja, by zaprezentowa\u0107 dorobek","og_url":"https:\/\/www.mojabochnia.pl\/?p=222038","og_site_name":"mojabochnia.pl - portal informacyjny","article_publisher":"https:\/\/www.facebook.com\/mojabochnia","article_published_time":"2026-03-16T06:51:14+00:00","article_modified_time":"2026-03-16T06:52:28+00:00","og_image":[{"width":591,"height":591,"url":"https:\/\/www.mojabochnia.pl\/wp-content\/uploads\/2026\/03\/miniaturka-na-strone-Targi-Ksiazki-Bochniana.png","type":"image\/png"}],"author":"Marcin Kalinowski","twitter_card":"summary_large_image","twitter_misc":{"Written by":"Marcin Kalinowski","Est. reading time":"3 minuty"},"schema":{"@context":"https:\/\/schema.org","@graph":[{"@type":"Article","@id":"https:\/\/www.mojabochnia.pl\/?p=222038#article","isPartOf":{"@id":"https:\/\/www.mojabochnia.pl\/?p=222038"},"author":{"name":"Marcin Kalinowski","@id":"https:\/\/www.mojabochnia.pl\/#\/schema\/person\/d4c758656c81ae00e6496831fe7b0792"},"headline":"II Targi Ksi\u0105\u017cki Regionalnej \u201eBochniana\u201d \u2013 17 maja 2026 r.","datePublished":"2026-03-16T06:51:14+00:00","dateModified":"2026-03-16T06:52:28+00:00","mainEntityOfPage":{"@id":"https:\/\/www.mojabochnia.pl\/?p=222038"},"wordCount":447,"commentCount":0,"publisher":{"@id":"https:\/\/www.mojabochnia.pl\/#organization"},"image":{"@id":"https:\/\/www.mojabochnia.pl\/?p=222038#primaryimage"},"thumbnailUrl":"https:\/\/www.mojabochnia.pl\/wp-content\/uploads\/2026\/03\/miniaturka-na-strone-Targi-Ksiazki-Bochniana.png","keywords":["biblioteka bochnia","bochnia","powiat boche\u0144ski"],"articleSection":["kultura","polityka i wydarzenia","tematyka"],"inLanguage":"pl-PL","potentialAction":[{"@type":"CommentAction","name":"Comment","target":["https:\/\/www.mojabochnia.pl\/?p=222038#respond"]}]},{"@type":"WebPage","@id":"https:\/\/www.mojabochnia.pl\/?p=222038","url":"https:\/\/www.mojabochnia.pl\/?p=222038","name":"II Targi Ksi\u0105\u017cki Regionalnej \u201eBochniana\u201d \u2013 17 maja 2026 r. - mojabochnia.pl - portal informacyjny","isPartOf":{"@id":"https:\/\/www.mojabochnia.pl\/#website"},"primaryImageOfPage":{"@id":"https:\/\/www.mojabochnia.pl\/?p=222038#primaryimage"},"image":{"@id":"https:\/\/www.mojabochnia.pl\/?p=222038#primaryimage"},"thumbnailUrl":"https:\/\/www.mojabochnia.pl\/wp-content\/uploads\/2026\/03\/miniaturka-na-strone-Targi-Ksiazki-Bochniana.png","datePublished":"2026-03-16T06:51:14+00:00","dateModified":"2026-03-16T06:52:28+00:00","breadcrumb":{"@id":"https:\/\/www.mojabochnia.pl\/?p=222038#breadcrumb"},"inLanguage":"pl-PL","potentialAction":[{"@type":"ReadAction","target":["https:\/\/www.mojabochnia.pl\/?p=222038"]}]},{"@type":"ImageObject","inLanguage":"pl-PL","@id":"https:\/\/www.mojabochnia.pl\/?p=222038#primaryimage","url":"https:\/\/www.mojabochnia.pl\/wp-content\/uploads\/2026\/03\/miniaturka-na-strone-Targi-Ksiazki-Bochniana.png","contentUrl":"https:\/\/www.mojabochnia.pl\/wp-content\/uploads\/2026\/03\/miniaturka-na-strone-Targi-Ksiazki-Bochniana.png","width":591,"height":591},{"@type":"BreadcrumbList","@id":"https:\/\/www.mojabochnia.pl\/?p=222038#breadcrumb","itemListElement":[{"@type":"ListItem","position":1,"name":"Home","item":"https:\/\/www.mojabochnia.pl\/"},{"@type":"ListItem","position":2,"name":"II Targi Ksi\u0105\u017cki Regionalnej \u201eBochniana\u201d \u2013 17 maja 2026 r."}]},{"@type":"WebSite","@id":"https:\/\/www.mojabochnia.pl\/#website","url":"https:\/\/www.mojabochnia.pl\/","name":"mojabochnia.pl - portal informacyjny","description":"mojaBochnia to portal informacyjny o Bochni. Codziennie o Bochni piszemy i pokazujemy najwa\u017cniejsze wydarzenia","publisher":{"@id":"https:\/\/www.mojabochnia.pl\/#organization"},"potentialAction":[{"@type":"SearchAction","target":{"@type":"EntryPoint","urlTemplate":"https:\/\/www.mojabochnia.pl\/?s={search_term_string}"},"query-input":{"@type":"PropertyValueSpecification","valueRequired":true,"valueName":"search_term_string"}}],"inLanguage":"pl-PL"},{"@type":"Organization","@id":"https:\/\/www.mojabochnia.pl\/#organization","name":"mojabochnia.pl - portal informacyjny","url":"https:\/\/www.mojabochnia.pl\/","logo":{"@type":"ImageObject","inLanguage":"pl-PL","@id":"https:\/\/www.mojabochnia.pl\/#\/schema\/logo\/image\/","url":"https:\/\/www.mojabochnia.pl\/wp-content\/uploads\/2017\/08\/logo-mb-opt.png","contentUrl":"https:\/\/www.mojabochnia.pl\/wp-content\/uploads\/2017\/08\/logo-mb-opt.png","width":250,"height":48,"caption":"mojabochnia.pl - portal informacyjny"},"image":{"@id":"https:\/\/www.mojabochnia.pl\/#\/schema\/logo\/image\/"},"sameAs":["https:\/\/www.facebook.com\/mojabochnia"]},{"@type":"Person","@id":"https:\/\/www.mojabochnia.pl\/#\/schema\/person\/d4c758656c81ae00e6496831fe7b0792","name":"Marcin Kalinowski","url":"https:\/\/www.mojabochnia.pl\/?author=29"}]}},"_links":{"self":[{"href":"https:\/\/www.mojabochnia.pl\/index.php?rest_route=\/wp\/v2\/posts\/222038","targetHints":{"allow":["GET"]}}],"collection":[{"href":"https:\/\/www.mojabochnia.pl\/index.php?rest_route=\/wp\/v2\/posts"}],"about":[{"href":"https:\/\/www.mojabochnia.pl\/index.php?rest_route=\/wp\/v2\/types\/post"}],"author":[{"embeddable":true,"href":"https:\/\/www.mojabochnia.pl\/index.php?rest_route=\/wp\/v2\/users\/29"}],"replies":[{"embeddable":true,"href":"https:\/\/www.mojabochnia.pl\/index.php?rest_route=%2Fwp%2Fv2%2Fcomments&post=222038"}],"version-history":[{"count":1,"href":"https:\/\/www.mojabochnia.pl\/index.php?rest_route=\/wp\/v2\/posts\/222038\/revisions"}],"predecessor-version":[{"id":222041,"href":"https:\/\/www.mojabochnia.pl\/index.php?rest_route=\/wp\/v2\/posts\/222038\/revisions\/222041"}],"wp:featuredmedia":[{"embeddable":true,"href":"https:\/\/www.mojabochnia.pl\/index.php?rest_route=\/wp\/v2\/media\/222040"}],"wp:attachment":[{"href":"https:\/\/www.mojabochnia.pl\/index.php?rest_route=%2Fwp%2Fv2%2Fmedia&parent=222038"}],"wp:term":[{"taxonomy":"category","embeddable":true,"href":"https:\/\/www.mojabochnia.pl\/index.php?rest_route=%2Fwp%2Fv2%2Fcategories&post=222038"},{"taxonomy":"post_tag","embeddable":true,"href":"https:\/\/www.mojabochnia.pl\/index.php?rest_route=%2Fwp%2Fv2%2Ftags&post=222038"}],"curies":[{"name":"wp","href":"https:\/\/api.w.org\/{rel}","templated":true}]}}