{"id":221972,"date":"2026-03-13T08:05:00","date_gmt":"2026-03-13T07:05:00","guid":{"rendered":"https:\/\/www.mojabochnia.pl\/?p=221972"},"modified":"2026-03-13T08:05:00","modified_gmt":"2026-03-13T07:05:00","slug":"xii-wieczor-oscarowy-w-kinie-regis","status":"publish","type":"post","link":"https:\/\/www.mojabochnia.pl\/?p=221972","title":{"rendered":"XII. Wiecz\u00f3r Oscarowy w Kinie Regis\u00a0"},"content":{"rendered":"<p><strong>Kino Regis w Bochni zaprasza 14 marca na Wiecz\u00f3r Oscarowy \u2013 coroczne wydarzenie filmowe po\u015bwi\u0119cone produkcjom nominowanym do najwa\u017cniejszej nagrody \u015bwiatowej kinematografii. To wyj\u0105tkowa okazja, by w ci\u0105gu jednego dnia zobaczy\u0107 najg\u0142o\u015bniejsze tytu\u0142y sezonu oscarowego w atmosferze prawdziwego filmowego \u015bwi\u0119ta.<\/strong><\/p>\n<p>Podczas tegorocznej edycji, widzowie obejrz\u0105 <b>cztery filmy nominowane do Oscara<\/b>, kt\u00f3re \u0142\u0105cznie zdoby\u0142y a\u017c <b>35 nominacji<\/b>:<\/p>\n<p><b>&#8211; \u201eMa\u0142a Amelia\u201d<\/b> \u2013 1 nominacja, 77\u2019, seans o godz. 14.00<\/p>\n<p><b>&#8211; \u201eWarto\u015b\u0107 sentymentalna\u201d<\/b> \u2013 9 nominacji, 135\u2019, seans o godz. 15.45<\/p>\n<p><b>&#8211; \u201eGrzesznicy\u201d<\/b> \u2013 16 nominacji (rekord!), 137\u2019, seans o godz. 18.30<\/p>\n<p><b>&#8211; \u201eWielki Marty\u201d<\/b> \u2013 9 nominacji, 149\u2019, seans o godz. 21.00<\/p>\n<p>Wydarzenie rozpocznie si\u0119 o <b>godz. 13.30<\/b> i jak co roku projekcjom towarzyszy\u0107 b\u0119dzie specjalnie przygotowana oprawa, podkre\u015blaj\u0105ca rang\u0119 i uroczysty charakter Wieczoru Oscarowego. Dla wszystkich posiadaczy bilet\u00f3w Kino Regis przygotowa\u0142o m.in. barek kawowy, przek\u0105ski, oscarowy wystr\u00f3j, a tak\u017ce prezentacje oraz atrakcyjne upominki.<\/p>\n<p>Sponsorzy: Piekarnia Pizzy, Si\u0142ownia Xtreme Fitness, Gabinet Dietetyczny Bonne Sante, Restauracja \u015bniadaniowa \u201eBu\u0142ka z mas\u0142em&#8221; w Galerii Boche\u0144skiej, Restauracja \u201eWidok Resto &amp; Bar\u201d\u00a0przy ul. Widok, Kopalna Soli w Bochni, Restauracja \u201eMare e Sale&#8221; przy restauracji \u201eCameralna&#8221; (ul. Bia\u0142a), Restauracja w\u0142oska \u201eSalina&#8221; w Galerii Boche\u0144skiej.<\/p>\n<p>Opisy film\u00f3w:<\/p>\n<p><b>\u201eMa\u0142a Amelia\u201d &#8211; <\/b>animowana, poetycka opowie\u015b\u0107 o ma\u0142ej Belgijce wychowuj\u0105cej si\u0119 w Japonii, kt\u00f3ra dopiero w wieku dw\u00f3ch i p\u00f3\u0142 roku zaczyna m\u00f3wi\u0107 i odkrywa\u0107 \u015bwiat. Dzi\u0119ki przyja\u017ani, rodzinie i spotkaniu z babci\u0105 dziewczynka zaczyna zadawa\u0107 pytania o \u017cycie, to\u017csamo\u015b\u0107 i otaczaj\u0105c\u0105 rzeczywisto\u015b\u0107. Film pokazuje dzieci\u0119c\u0105 ciekawo\u015b\u0107 \u015bwiata i przenikanie si\u0119 kultur japo\u0144skiej oraz europejskiej.<\/p>\n<p><b>\u201eWarto\u015b\u0107 sentymentalna\u201d &#8211; <\/b>dramat o rodzinie, w kt\u00f3rej dawne konflikty wci\u0105\u017c wp\u0142ywaj\u0105 na tera\u017aniejszo\u015b\u0107. Po \u015bmierci by\u0142ej \u017cony znany re\u017cyser wraca do rodzinnego domu i pr\u00f3buje naprawi\u0107 relacje z dwiema c\u00f3rkami. Praca nad nowym filmem staje si\u0119 dla nich okazj\u0105 do konfrontacji z przesz\u0142o\u015bci\u0105, b\u00f3lem i niespe\u0142nionymi oczekiwaniami.<\/p>\n<p><b>\u201eGrzesznicy\u201d &#8211; <\/b>thriller z elementami horroru o bli\u017aniakach, kt\u00f3rzy wracaj\u0105 do rodzinnego miasta, aby zacz\u0105\u0107 \u017cycie od nowa i uciec od trudnej przesz\u0142o\u015bci. Na miejscu odkrywaj\u0105 jednak, \u017ce czeka na nich jeszcze wi\u0119ksze i bardziej mroczne zagro\u017cenie, z kt\u00f3rym b\u0119d\u0105 musieli si\u0119 zmierzy\u0107.<\/p>\n<p><b>\u201eWielki Marty\u201d- <\/b>barwna opowie\u015b\u0107 inspirowana prawdziw\u0105 histori\u0105 ambitnego m\u0142odego gracza ping-ponga, kt\u00f3ry marzy o s\u0142awie i mistrzostwie \u015bwiata. Marty zrobi wszystko, by osi\u0105gn\u0105\u0107 sukces \u2013 ryzykuje, manipuluje lud\u017ami i \u0142amie zasady, walcz\u0105c o miejsce na szczycie.<\/p>\n<p>&#8212;&#8212;&#8212;&#8211;<\/p>\n<p>Wiecz\u00f3r Oscarowy w kinie Regis<\/p>\n<p>14 marca 2025, start: godz. 13.30<\/p>\n<p>Kino Regis, ul. Regis 1, du\u017ca sala<\/p>\n\t  \r\n\t\r\n\t    <div class=\"mb-gallery\">\r\n\t    <a href=\"https:\/\/www.mojabochnia.pl\/?attachment_id=221974\" class=\"\"><img loading=\"lazy\" decoding=\"async\" width=\"100\" height=\"100\" src=\"https:\/\/www.mojabochnia.pl\/wp-content\/uploads\/2026\/03\/WIELKI_MARTY_plakat_plM-100x100.jpg\" class=\"attachment-100x100 size-100x100\" alt=\"\" srcset=\"https:\/\/www.mojabochnia.pl\/wp-content\/uploads\/2026\/03\/WIELKI_MARTY_plakat_plM-100x100.jpg 100w, https:\/\/www.mojabochnia.pl\/wp-content\/uploads\/2026\/03\/WIELKI_MARTY_plakat_plM-96x96.jpg 96w, https:\/\/www.mojabochnia.pl\/wp-content\/uploads\/2026\/03\/WIELKI_MARTY_plakat_plM-84x84.jpg 84w\" sizes=\"auto, (max-width: 100px) 100vw, 100px\" \/><\/a><a href=\"https:\/\/www.mojabochnia.pl\/?attachment_id=221975\" class=\"\"><img loading=\"lazy\" decoding=\"async\" width=\"100\" height=\"100\" src=\"https:\/\/www.mojabochnia.pl\/wp-content\/uploads\/2026\/03\/Wieczor-Oscarowy-2026-plakat_M-100x100.jpg\" class=\"attachment-100x100 size-100x100\" alt=\"\" srcset=\"https:\/\/www.mojabochnia.pl\/wp-content\/uploads\/2026\/03\/Wieczor-Oscarowy-2026-plakat_M-100x100.jpg 100w, https:\/\/www.mojabochnia.pl\/wp-content\/uploads\/2026\/03\/Wieczor-Oscarowy-2026-plakat_M-96x96.jpg 96w, https:\/\/www.mojabochnia.pl\/wp-content\/uploads\/2026\/03\/Wieczor-Oscarowy-2026-plakat_M-84x84.jpg 84w\" sizes=\"auto, (max-width: 100px) 100vw, 100px\" \/><\/a><a href=\"https:\/\/www.mojabochnia.pl\/?attachment_id=221976\" class=\"\"><img loading=\"lazy\" decoding=\"async\" width=\"100\" height=\"100\" src=\"https:\/\/www.mojabochnia.pl\/wp-content\/uploads\/2026\/03\/WartoscSentymentalna_plakat_NET-100x100.jpg\" class=\"attachment-100x100 size-100x100\" alt=\"\" srcset=\"https:\/\/www.mojabochnia.pl\/wp-content\/uploads\/2026\/03\/WartoscSentymentalna_plakat_NET-100x100.jpg 100w, https:\/\/www.mojabochnia.pl\/wp-content\/uploads\/2026\/03\/WartoscSentymentalna_plakat_NET-96x96.jpg 96w, https:\/\/www.mojabochnia.pl\/wp-content\/uploads\/2026\/03\/WartoscSentymentalna_plakat_NET-84x84.jpg 84w\" sizes=\"auto, (max-width: 100px) 100vw, 100px\" \/><\/a><a href=\"https:\/\/www.mojabochnia.pl\/?attachment_id=221977\" class=\"\"><img loading=\"lazy\" decoding=\"async\" width=\"100\" height=\"100\" src=\"https:\/\/www.mojabochnia.pl\/wp-content\/uploads\/2026\/03\/MALA-AMELIA-plM-100x100.jpg\" class=\"attachment-100x100 size-100x100\" alt=\"\" srcset=\"https:\/\/www.mojabochnia.pl\/wp-content\/uploads\/2026\/03\/MALA-AMELIA-plM-100x100.jpg 100w, https:\/\/www.mojabochnia.pl\/wp-content\/uploads\/2026\/03\/MALA-AMELIA-plM-96x96.jpg 96w, https:\/\/www.mojabochnia.pl\/wp-content\/uploads\/2026\/03\/MALA-AMELIA-plM-84x84.jpg 84w\" sizes=\"auto, (max-width: 100px) 100vw, 100px\" \/><\/a><a href=\"https:\/\/www.mojabochnia.pl\/?attachment_id=221978\" class=\"\"><img loading=\"lazy\" decoding=\"async\" width=\"100\" height=\"100\" src=\"https:\/\/www.mojabochnia.pl\/wp-content\/uploads\/2026\/03\/Grzesznicy_plakat2m-100x100.jpg\" class=\"attachment-100x100 size-100x100\" alt=\"\" srcset=\"https:\/\/www.mojabochnia.pl\/wp-content\/uploads\/2026\/03\/Grzesznicy_plakat2m-100x100.jpg 100w, https:\/\/www.mojabochnia.pl\/wp-content\/uploads\/2026\/03\/Grzesznicy_plakat2m-96x96.jpg 96w, https:\/\/www.mojabochnia.pl\/wp-content\/uploads\/2026\/03\/Grzesznicy_plakat2m-84x84.jpg 84w\" sizes=\"auto, (max-width: 100px) 100vw, 100px\" \/><\/a>\t    <\/div>\r\n\t    ","protected":false},"excerpt":{"rendered":"<p>Kino Regis w Bochni zaprasza 14 marca na Wiecz\u00f3r Oscarowy \u2013 coroczne wydarzenie filmowe po\u015bwi\u0119cone produkcjom nominowanym do najwa\u017cniejszej nagrody \u015bwiatowej kinematografii. To wyj\u0105tkowa okazja, by w ci\u0105gu jednego dnia zobaczy\u0107 najg\u0142o\u015bniejsze tytu\u0142y sezonu oscarowego w atmosferze prawdziwego filmowego \u015bwi\u0119ta. Podczas tegorocznej edycji, widzowie obejrz\u0105 cztery filmy nominowane do Oscara, kt\u00f3re \u0142\u0105cznie zdoby\u0142y a\u017c 35<\/p>\n","protected":false},"author":29,"featured_media":221975,"comment_status":"open","ping_status":"closed","sticky":false,"template":"","format":"standard","meta":{"_acf_changed":false,"footnotes":""},"categories":[92,6251,6250],"tags":[17269,17263,15303],"class_list":["post-221972","post","type-post","status-publish","format-standard","has-post-thumbnail","hentry","category-kultura","category-polityka-i-wydarzenia","category-tematyka","tag-bochnia","tag-kino-regis","tag-wieczor-oscarowy","main_tag-bochnia"],"acf":[],"yoast_head":"<!-- This site is optimized with the Yoast SEO plugin v26.9 - https:\/\/yoast.com\/product\/yoast-seo-wordpress\/ -->\n<title>XII. Wiecz\u00f3r Oscarowy w Kinie Regis\u00a0 - mojabochnia.pl - portal informacyjny<\/title>\n<meta name=\"robots\" content=\"index, follow, max-snippet:-1, max-image-preview:large, max-video-preview:-1\" \/>\n<link rel=\"canonical\" href=\"https:\/\/www.mojabochnia.pl\/?p=221972\" \/>\n<meta property=\"og:locale\" content=\"pl_PL\" \/>\n<meta property=\"og:type\" content=\"article\" \/>\n<meta property=\"og:title\" content=\"XII. Wiecz\u00f3r Oscarowy w Kinie Regis\u00a0 - mojabochnia.pl - portal informacyjny\" \/>\n<meta property=\"og:description\" content=\"Kino Regis w Bochni zaprasza 14 marca na Wiecz\u00f3r Oscarowy \u2013 coroczne wydarzenie filmowe po\u015bwi\u0119cone produkcjom nominowanym do najwa\u017cniejszej nagrody \u015bwiatowej kinematografii. To wyj\u0105tkowa okazja, by w ci\u0105gu jednego dnia zobaczy\u0107 najg\u0142o\u015bniejsze tytu\u0142y sezonu oscarowego w atmosferze prawdziwego filmowego \u015bwi\u0119ta. Podczas tegorocznej edycji, widzowie obejrz\u0105 cztery filmy nominowane do Oscara, kt\u00f3re \u0142\u0105cznie zdoby\u0142y a\u017c 35\" \/>\n<meta property=\"og:url\" content=\"https:\/\/www.mojabochnia.pl\/?p=221972\" \/>\n<meta property=\"og:site_name\" content=\"mojabochnia.pl - portal informacyjny\" \/>\n<meta property=\"article:publisher\" content=\"https:\/\/www.facebook.com\/mojabochnia\" \/>\n<meta property=\"article:published_time\" content=\"2026-03-13T07:05:00+00:00\" \/>\n<meta property=\"og:image\" content=\"https:\/\/www.mojabochnia.pl\/wp-content\/uploads\/2026\/03\/Wieczor-Oscarowy-2026-plakat_M.jpg\" \/>\n\t<meta property=\"og:image:width\" content=\"1000\" \/>\n\t<meta property=\"og:image:height\" content=\"1415\" \/>\n\t<meta property=\"og:image:type\" content=\"image\/jpeg\" \/>\n<meta name=\"author\" content=\"Marcin Kalinowski\" \/>\n<meta name=\"twitter:card\" content=\"summary_large_image\" \/>\n<meta name=\"twitter:label1\" content=\"Written by\" \/>\n\t<meta name=\"twitter:data1\" content=\"Marcin Kalinowski\" \/>\n\t<meta name=\"twitter:label2\" content=\"Est. reading time\" \/>\n\t<meta name=\"twitter:data2\" content=\"3 minuty\" \/>\n<script type=\"application\/ld+json\" class=\"yoast-schema-graph\">{\"@context\":\"https:\/\/schema.org\",\"@graph\":[{\"@type\":\"Article\",\"@id\":\"https:\/\/www.mojabochnia.pl\/?p=221972#article\",\"isPartOf\":{\"@id\":\"https:\/\/www.mojabochnia.pl\/?p=221972\"},\"author\":{\"name\":\"Marcin Kalinowski\",\"@id\":\"https:\/\/www.mojabochnia.pl\/#\/schema\/person\/d4c758656c81ae00e6496831fe7b0792\"},\"headline\":\"XII. Wiecz\u00f3r Oscarowy w Kinie Regis\u00a0\",\"datePublished\":\"2026-03-13T07:05:00+00:00\",\"mainEntityOfPage\":{\"@id\":\"https:\/\/www.mojabochnia.pl\/?p=221972\"},\"wordCount\":442,\"commentCount\":0,\"publisher\":{\"@id\":\"https:\/\/www.mojabochnia.pl\/#organization\"},\"image\":{\"@id\":\"https:\/\/www.mojabochnia.pl\/?p=221972#primaryimage\"},\"thumbnailUrl\":\"https:\/\/www.mojabochnia.pl\/wp-content\/uploads\/2026\/03\/Wieczor-Oscarowy-2026-plakat_M.jpg\",\"keywords\":[\"bochnia\",\"kino regis\",\"wiecz\u00f3r oscarowy\"],\"articleSection\":[\"kultura\",\"polityka i wydarzenia\",\"tematyka\"],\"inLanguage\":\"pl-PL\",\"potentialAction\":[{\"@type\":\"CommentAction\",\"name\":\"Comment\",\"target\":[\"https:\/\/www.mojabochnia.pl\/?p=221972#respond\"]}]},{\"@type\":\"WebPage\",\"@id\":\"https:\/\/www.mojabochnia.pl\/?p=221972\",\"url\":\"https:\/\/www.mojabochnia.pl\/?p=221972\",\"name\":\"XII. Wiecz\u00f3r Oscarowy w Kinie Regis\u00a0 - mojabochnia.pl - portal informacyjny\",\"isPartOf\":{\"@id\":\"https:\/\/www.mojabochnia.pl\/#website\"},\"primaryImageOfPage\":{\"@id\":\"https:\/\/www.mojabochnia.pl\/?p=221972#primaryimage\"},\"image\":{\"@id\":\"https:\/\/www.mojabochnia.pl\/?p=221972#primaryimage\"},\"thumbnailUrl\":\"https:\/\/www.mojabochnia.pl\/wp-content\/uploads\/2026\/03\/Wieczor-Oscarowy-2026-plakat_M.jpg\",\"datePublished\":\"2026-03-13T07:05:00+00:00\",\"breadcrumb\":{\"@id\":\"https:\/\/www.mojabochnia.pl\/?p=221972#breadcrumb\"},\"inLanguage\":\"pl-PL\",\"potentialAction\":[{\"@type\":\"ReadAction\",\"target\":[\"https:\/\/www.mojabochnia.pl\/?p=221972\"]}]},{\"@type\":\"ImageObject\",\"inLanguage\":\"pl-PL\",\"@id\":\"https:\/\/www.mojabochnia.pl\/?p=221972#primaryimage\",\"url\":\"https:\/\/www.mojabochnia.pl\/wp-content\/uploads\/2026\/03\/Wieczor-Oscarowy-2026-plakat_M.jpg\",\"contentUrl\":\"https:\/\/www.mojabochnia.pl\/wp-content\/uploads\/2026\/03\/Wieczor-Oscarowy-2026-plakat_M.jpg\",\"width\":1000,\"height\":1415},{\"@type\":\"BreadcrumbList\",\"@id\":\"https:\/\/www.mojabochnia.pl\/?p=221972#breadcrumb\",\"itemListElement\":[{\"@type\":\"ListItem\",\"position\":1,\"name\":\"Home\",\"item\":\"https:\/\/www.mojabochnia.pl\/\"},{\"@type\":\"ListItem\",\"position\":2,\"name\":\"XII. Wiecz\u00f3r Oscarowy w Kinie Regis\u00a0\"}]},{\"@type\":\"WebSite\",\"@id\":\"https:\/\/www.mojabochnia.pl\/#website\",\"url\":\"https:\/\/www.mojabochnia.pl\/\",\"name\":\"mojabochnia.pl - portal informacyjny\",\"description\":\"mojaBochnia to portal informacyjny o Bochni. Codziennie o Bochni piszemy i pokazujemy najwa\u017cniejsze wydarzenia\",\"publisher\":{\"@id\":\"https:\/\/www.mojabochnia.pl\/#organization\"},\"potentialAction\":[{\"@type\":\"SearchAction\",\"target\":{\"@type\":\"EntryPoint\",\"urlTemplate\":\"https:\/\/www.mojabochnia.pl\/?s={search_term_string}\"},\"query-input\":{\"@type\":\"PropertyValueSpecification\",\"valueRequired\":true,\"valueName\":\"search_term_string\"}}],\"inLanguage\":\"pl-PL\"},{\"@type\":\"Organization\",\"@id\":\"https:\/\/www.mojabochnia.pl\/#organization\",\"name\":\"mojabochnia.pl - portal informacyjny\",\"url\":\"https:\/\/www.mojabochnia.pl\/\",\"logo\":{\"@type\":\"ImageObject\",\"inLanguage\":\"pl-PL\",\"@id\":\"https:\/\/www.mojabochnia.pl\/#\/schema\/logo\/image\/\",\"url\":\"https:\/\/www.mojabochnia.pl\/wp-content\/uploads\/2017\/08\/logo-mb-opt.png\",\"contentUrl\":\"https:\/\/www.mojabochnia.pl\/wp-content\/uploads\/2017\/08\/logo-mb-opt.png\",\"width\":250,\"height\":48,\"caption\":\"mojabochnia.pl - portal informacyjny\"},\"image\":{\"@id\":\"https:\/\/www.mojabochnia.pl\/#\/schema\/logo\/image\/\"},\"sameAs\":[\"https:\/\/www.facebook.com\/mojabochnia\"]},{\"@type\":\"Person\",\"@id\":\"https:\/\/www.mojabochnia.pl\/#\/schema\/person\/d4c758656c81ae00e6496831fe7b0792\",\"name\":\"Marcin Kalinowski\",\"url\":\"https:\/\/www.mojabochnia.pl\/?author=29\"}]}<\/script>\n<!-- \/ Yoast SEO plugin. -->","yoast_head_json":{"title":"XII. Wiecz\u00f3r Oscarowy w Kinie Regis\u00a0 - mojabochnia.pl - portal informacyjny","robots":{"index":"index","follow":"follow","max-snippet":"max-snippet:-1","max-image-preview":"max-image-preview:large","max-video-preview":"max-video-preview:-1"},"canonical":"https:\/\/www.mojabochnia.pl\/?p=221972","og_locale":"pl_PL","og_type":"article","og_title":"XII. Wiecz\u00f3r Oscarowy w Kinie Regis\u00a0 - mojabochnia.pl - portal informacyjny","og_description":"Kino Regis w Bochni zaprasza 14 marca na Wiecz\u00f3r Oscarowy \u2013 coroczne wydarzenie filmowe po\u015bwi\u0119cone produkcjom nominowanym do najwa\u017cniejszej nagrody \u015bwiatowej kinematografii. To wyj\u0105tkowa okazja, by w ci\u0105gu jednego dnia zobaczy\u0107 najg\u0142o\u015bniejsze tytu\u0142y sezonu oscarowego w atmosferze prawdziwego filmowego \u015bwi\u0119ta. Podczas tegorocznej edycji, widzowie obejrz\u0105 cztery filmy nominowane do Oscara, kt\u00f3re \u0142\u0105cznie zdoby\u0142y a\u017c 35","og_url":"https:\/\/www.mojabochnia.pl\/?p=221972","og_site_name":"mojabochnia.pl - portal informacyjny","article_publisher":"https:\/\/www.facebook.com\/mojabochnia","article_published_time":"2026-03-13T07:05:00+00:00","og_image":[{"width":1000,"height":1415,"url":"https:\/\/www.mojabochnia.pl\/wp-content\/uploads\/2026\/03\/Wieczor-Oscarowy-2026-plakat_M.jpg","type":"image\/jpeg"}],"author":"Marcin Kalinowski","twitter_card":"summary_large_image","twitter_misc":{"Written by":"Marcin Kalinowski","Est. reading time":"3 minuty"},"schema":{"@context":"https:\/\/schema.org","@graph":[{"@type":"Article","@id":"https:\/\/www.mojabochnia.pl\/?p=221972#article","isPartOf":{"@id":"https:\/\/www.mojabochnia.pl\/?p=221972"},"author":{"name":"Marcin Kalinowski","@id":"https:\/\/www.mojabochnia.pl\/#\/schema\/person\/d4c758656c81ae00e6496831fe7b0792"},"headline":"XII. Wiecz\u00f3r Oscarowy w Kinie Regis\u00a0","datePublished":"2026-03-13T07:05:00+00:00","mainEntityOfPage":{"@id":"https:\/\/www.mojabochnia.pl\/?p=221972"},"wordCount":442,"commentCount":0,"publisher":{"@id":"https:\/\/www.mojabochnia.pl\/#organization"},"image":{"@id":"https:\/\/www.mojabochnia.pl\/?p=221972#primaryimage"},"thumbnailUrl":"https:\/\/www.mojabochnia.pl\/wp-content\/uploads\/2026\/03\/Wieczor-Oscarowy-2026-plakat_M.jpg","keywords":["bochnia","kino regis","wiecz\u00f3r oscarowy"],"articleSection":["kultura","polityka i wydarzenia","tematyka"],"inLanguage":"pl-PL","potentialAction":[{"@type":"CommentAction","name":"Comment","target":["https:\/\/www.mojabochnia.pl\/?p=221972#respond"]}]},{"@type":"WebPage","@id":"https:\/\/www.mojabochnia.pl\/?p=221972","url":"https:\/\/www.mojabochnia.pl\/?p=221972","name":"XII. Wiecz\u00f3r Oscarowy w Kinie Regis\u00a0 - mojabochnia.pl - portal informacyjny","isPartOf":{"@id":"https:\/\/www.mojabochnia.pl\/#website"},"primaryImageOfPage":{"@id":"https:\/\/www.mojabochnia.pl\/?p=221972#primaryimage"},"image":{"@id":"https:\/\/www.mojabochnia.pl\/?p=221972#primaryimage"},"thumbnailUrl":"https:\/\/www.mojabochnia.pl\/wp-content\/uploads\/2026\/03\/Wieczor-Oscarowy-2026-plakat_M.jpg","datePublished":"2026-03-13T07:05:00+00:00","breadcrumb":{"@id":"https:\/\/www.mojabochnia.pl\/?p=221972#breadcrumb"},"inLanguage":"pl-PL","potentialAction":[{"@type":"ReadAction","target":["https:\/\/www.mojabochnia.pl\/?p=221972"]}]},{"@type":"ImageObject","inLanguage":"pl-PL","@id":"https:\/\/www.mojabochnia.pl\/?p=221972#primaryimage","url":"https:\/\/www.mojabochnia.pl\/wp-content\/uploads\/2026\/03\/Wieczor-Oscarowy-2026-plakat_M.jpg","contentUrl":"https:\/\/www.mojabochnia.pl\/wp-content\/uploads\/2026\/03\/Wieczor-Oscarowy-2026-plakat_M.jpg","width":1000,"height":1415},{"@type":"BreadcrumbList","@id":"https:\/\/www.mojabochnia.pl\/?p=221972#breadcrumb","itemListElement":[{"@type":"ListItem","position":1,"name":"Home","item":"https:\/\/www.mojabochnia.pl\/"},{"@type":"ListItem","position":2,"name":"XII. Wiecz\u00f3r Oscarowy w Kinie Regis\u00a0"}]},{"@type":"WebSite","@id":"https:\/\/www.mojabochnia.pl\/#website","url":"https:\/\/www.mojabochnia.pl\/","name":"mojabochnia.pl - portal informacyjny","description":"mojaBochnia to portal informacyjny o Bochni. Codziennie o Bochni piszemy i pokazujemy najwa\u017cniejsze wydarzenia","publisher":{"@id":"https:\/\/www.mojabochnia.pl\/#organization"},"potentialAction":[{"@type":"SearchAction","target":{"@type":"EntryPoint","urlTemplate":"https:\/\/www.mojabochnia.pl\/?s={search_term_string}"},"query-input":{"@type":"PropertyValueSpecification","valueRequired":true,"valueName":"search_term_string"}}],"inLanguage":"pl-PL"},{"@type":"Organization","@id":"https:\/\/www.mojabochnia.pl\/#organization","name":"mojabochnia.pl - portal informacyjny","url":"https:\/\/www.mojabochnia.pl\/","logo":{"@type":"ImageObject","inLanguage":"pl-PL","@id":"https:\/\/www.mojabochnia.pl\/#\/schema\/logo\/image\/","url":"https:\/\/www.mojabochnia.pl\/wp-content\/uploads\/2017\/08\/logo-mb-opt.png","contentUrl":"https:\/\/www.mojabochnia.pl\/wp-content\/uploads\/2017\/08\/logo-mb-opt.png","width":250,"height":48,"caption":"mojabochnia.pl - portal informacyjny"},"image":{"@id":"https:\/\/www.mojabochnia.pl\/#\/schema\/logo\/image\/"},"sameAs":["https:\/\/www.facebook.com\/mojabochnia"]},{"@type":"Person","@id":"https:\/\/www.mojabochnia.pl\/#\/schema\/person\/d4c758656c81ae00e6496831fe7b0792","name":"Marcin Kalinowski","url":"https:\/\/www.mojabochnia.pl\/?author=29"}]}},"_links":{"self":[{"href":"https:\/\/www.mojabochnia.pl\/index.php?rest_route=\/wp\/v2\/posts\/221972","targetHints":{"allow":["GET"]}}],"collection":[{"href":"https:\/\/www.mojabochnia.pl\/index.php?rest_route=\/wp\/v2\/posts"}],"about":[{"href":"https:\/\/www.mojabochnia.pl\/index.php?rest_route=\/wp\/v2\/types\/post"}],"author":[{"embeddable":true,"href":"https:\/\/www.mojabochnia.pl\/index.php?rest_route=\/wp\/v2\/users\/29"}],"replies":[{"embeddable":true,"href":"https:\/\/www.mojabochnia.pl\/index.php?rest_route=%2Fwp%2Fv2%2Fcomments&post=221972"}],"version-history":[{"count":1,"href":"https:\/\/www.mojabochnia.pl\/index.php?rest_route=\/wp\/v2\/posts\/221972\/revisions"}],"predecessor-version":[{"id":221979,"href":"https:\/\/www.mojabochnia.pl\/index.php?rest_route=\/wp\/v2\/posts\/221972\/revisions\/221979"}],"wp:featuredmedia":[{"embeddable":true,"href":"https:\/\/www.mojabochnia.pl\/index.php?rest_route=\/wp\/v2\/media\/221975"}],"wp:attachment":[{"href":"https:\/\/www.mojabochnia.pl\/index.php?rest_route=%2Fwp%2Fv2%2Fmedia&parent=221972"}],"wp:term":[{"taxonomy":"category","embeddable":true,"href":"https:\/\/www.mojabochnia.pl\/index.php?rest_route=%2Fwp%2Fv2%2Fcategories&post=221972"},{"taxonomy":"post_tag","embeddable":true,"href":"https:\/\/www.mojabochnia.pl\/index.php?rest_route=%2Fwp%2Fv2%2Ftags&post=221972"}],"curies":[{"name":"wp","href":"https:\/\/api.w.org\/{rel}","templated":true}]}}