{"id":221968,"date":"2026-03-13T07:56:24","date_gmt":"2026-03-13T06:56:24","guid":{"rendered":"https:\/\/www.mojabochnia.pl\/?p=221968"},"modified":"2026-03-13T07:56:24","modified_gmt":"2026-03-13T06:56:24","slug":"kiermasz-wielkanocny-na-rynku","status":"publish","type":"post","link":"https:\/\/www.mojabochnia.pl\/?p=221968","title":{"rendered":"Kiermasz wielkanocny na Rynku"},"content":{"rendered":"<p><strong>Serdecznie zapraszamy na kiermasz wielkanocny, kt\u00f3ry odb\u0119dzie si\u0119 w niedziel\u0119 22 marca na Rynku w Bochni. To organizowane po raz kolejny wydarzenie wprowadzi mieszka\u0144c\u00f3w i go\u015bci w radosny, \u015bwi\u0105teczny nastr\u00f3j oraz stworzy okazj\u0119 do wsp\u00f3lnego sp\u0119dzenia czasu w rodzinnej atmosferze.<\/strong><\/p>\n<p>W programie kiermaszu znajd\u0105 si\u0119 liczne atrakcje dla dzieci i doros\u0142ych. Jedn\u0105 z nich b\u0119dzie\u00a0gotowanie na \u017cywo, podczas kt\u00f3rego b\u0119dzie mo\u017cna zobaczy\u0107, jak powstaj\u0105 \u015bwi\u0105teczne potrawy oraz skosztowa\u0107 wielkanocnych przysmak\u00f3w. W tym roku w kiermaszowym menu znajd\u0105 si\u0119: jajka faszerowane \u015bledziem, zupa chrzanowa i pascha.<\/p>\n<p>Na uczestnik\u00f3w czeka\u0107 b\u0119d\u0105 tak\u017ce\u00a0warsztaty artystyczne, podczas kt\u00f3rych b\u0119dzie mo\u017cna w\u0142asnor\u0119cznie przygotowa\u0107 ozdoby \u015bwi\u0105teczne.<\/p>\n<p>Najm\u0142odsi z pewno\u015bci\u0105 uciesz\u0105 si\u0119 z\u00a0poszukiwania wielkanocnego zaj\u0105ca, a dla wszystkich przygotowano r\u00f3wnie\u017c\u00a0tematyczne konkursy sprawno\u015bciowe. Podczas wydarzenia odb\u0119d\u0105 si\u0119 tak\u017ce\u00a0pokazy udzielania pierwszej pomocy, kt\u00f3re pozwol\u0105 zdoby\u0107 cenn\u0105 wiedz\u0119 i praktyczne umiej\u0119tno\u015bci.<\/p>\n<p>Na Rynku pojawi\u0105 si\u0119 tak\u017ce\u00a0stoiska z r\u0119kodzie\u0142em i lokalnymi produktami, gdzie b\u0119dzie mo\u017cna znale\u017a\u0107 wyj\u0105tkowe, \u015bwi\u0105teczne upominki. Podczas kiermaszu dost\u0119pne b\u0119dzie r\u00f3wnie\u017c\u00a0stoisko \u201ePrezent z drugiej r\u0119ki\u201d.<\/p>\n<p>Zapraszamy ca\u0142e rodziny do wsp\u00f3lnego \u015bwi\u0119towania i sp\u0119dzenia tego dnia w atmosferze wielkanocnej rado\u015bci na boche\u0144skim rynku!<\/p>\n","protected":false},"excerpt":{"rendered":"<p>Serdecznie zapraszamy na kiermasz wielkanocny, kt\u00f3ry odb\u0119dzie si\u0119 w niedziel\u0119 22 marca na Rynku w Bochni. To organizowane po raz kolejny wydarzenie wprowadzi mieszka\u0144c\u00f3w i go\u015bci w radosny, \u015bwi\u0105teczny nastr\u00f3j oraz stworzy okazj\u0119 do wsp\u00f3lnego sp\u0119dzenia czasu w rodzinnej atmosferze. W programie kiermaszu znajd\u0105 si\u0119 liczne atrakcje dla dzieci i doros\u0142ych. Jedn\u0105 z nich b\u0119dzie\u00a0gotowanie<\/p>\n","protected":false},"author":29,"featured_media":221970,"comment_status":"open","ping_status":"closed","sticky":false,"template":"","format":"standard","meta":{"_acf_changed":false,"footnotes":""},"categories":[6251,6250],"tags":[17269,8963],"class_list":["post-221968","post","type-post","status-publish","format-standard","has-post-thumbnail","hentry","category-polityka-i-wydarzenia","category-tematyka","tag-bochnia","tag-kiermasz-wielkanocny","main_tag-bochnia"],"acf":[],"yoast_head":"<!-- This site is optimized with the Yoast SEO plugin v26.9 - https:\/\/yoast.com\/product\/yoast-seo-wordpress\/ -->\n<title>Kiermasz wielkanocny na Rynku - mojabochnia.pl - portal informacyjny<\/title>\n<meta name=\"robots\" content=\"index, follow, max-snippet:-1, max-image-preview:large, max-video-preview:-1\" \/>\n<link rel=\"canonical\" href=\"https:\/\/www.mojabochnia.pl\/?p=221968\" \/>\n<meta property=\"og:locale\" content=\"pl_PL\" \/>\n<meta property=\"og:type\" content=\"article\" \/>\n<meta property=\"og:title\" content=\"Kiermasz wielkanocny na Rynku - mojabochnia.pl - portal informacyjny\" \/>\n<meta property=\"og:description\" content=\"Serdecznie zapraszamy na kiermasz wielkanocny, kt\u00f3ry odb\u0119dzie si\u0119 w niedziel\u0119 22 marca na Rynku w Bochni. To organizowane po raz kolejny wydarzenie wprowadzi mieszka\u0144c\u00f3w i go\u015bci w radosny, \u015bwi\u0105teczny nastr\u00f3j oraz stworzy okazj\u0119 do wsp\u00f3lnego sp\u0119dzenia czasu w rodzinnej atmosferze. W programie kiermaszu znajd\u0105 si\u0119 liczne atrakcje dla dzieci i doros\u0142ych. Jedn\u0105 z nich b\u0119dzie\u00a0gotowanie\" \/>\n<meta property=\"og:url\" content=\"https:\/\/www.mojabochnia.pl\/?p=221968\" \/>\n<meta property=\"og:site_name\" content=\"mojabochnia.pl - portal informacyjny\" \/>\n<meta property=\"article:publisher\" content=\"https:\/\/www.facebook.com\/mojabochnia\" \/>\n<meta property=\"article:published_time\" content=\"2026-03-13T06:56:24+00:00\" \/>\n<meta property=\"og:image\" content=\"https:\/\/www.mojabochnia.pl\/wp-content\/uploads\/2026\/03\/kiermasz-wielkanocny-2026-PLAKAT.jpg\" \/>\n\t<meta property=\"og:image:width\" content=\"843\" \/>\n\t<meta property=\"og:image:height\" content=\"1187\" \/>\n\t<meta property=\"og:image:type\" content=\"image\/jpeg\" \/>\n<meta name=\"author\" content=\"Marcin Kalinowski\" \/>\n<meta name=\"twitter:card\" content=\"summary_large_image\" \/>\n<meta name=\"twitter:label1\" content=\"Written by\" \/>\n\t<meta name=\"twitter:data1\" content=\"Marcin Kalinowski\" \/>\n\t<meta name=\"twitter:label2\" content=\"Est. reading time\" \/>\n\t<meta name=\"twitter:data2\" content=\"2 minuty\" \/>\n<script type=\"application\/ld+json\" class=\"yoast-schema-graph\">{\"@context\":\"https:\/\/schema.org\",\"@graph\":[{\"@type\":\"Article\",\"@id\":\"https:\/\/www.mojabochnia.pl\/?p=221968#article\",\"isPartOf\":{\"@id\":\"https:\/\/www.mojabochnia.pl\/?p=221968\"},\"author\":{\"name\":\"Marcin Kalinowski\",\"@id\":\"https:\/\/www.mojabochnia.pl\/#\/schema\/person\/d4c758656c81ae00e6496831fe7b0792\"},\"headline\":\"Kiermasz wielkanocny na Rynku\",\"datePublished\":\"2026-03-13T06:56:24+00:00\",\"mainEntityOfPage\":{\"@id\":\"https:\/\/www.mojabochnia.pl\/?p=221968\"},\"wordCount\":235,\"commentCount\":0,\"publisher\":{\"@id\":\"https:\/\/www.mojabochnia.pl\/#organization\"},\"image\":{\"@id\":\"https:\/\/www.mojabochnia.pl\/?p=221968#primaryimage\"},\"thumbnailUrl\":\"https:\/\/www.mojabochnia.pl\/wp-content\/uploads\/2026\/03\/kiermasz-wielkanocny-2026-PLAKAT.jpg\",\"keywords\":[\"bochnia\",\"kiermasz wielkanocny\"],\"articleSection\":[\"polityka i wydarzenia\",\"tematyka\"],\"inLanguage\":\"pl-PL\",\"potentialAction\":[{\"@type\":\"CommentAction\",\"name\":\"Comment\",\"target\":[\"https:\/\/www.mojabochnia.pl\/?p=221968#respond\"]}]},{\"@type\":\"WebPage\",\"@id\":\"https:\/\/www.mojabochnia.pl\/?p=221968\",\"url\":\"https:\/\/www.mojabochnia.pl\/?p=221968\",\"name\":\"Kiermasz wielkanocny na Rynku - mojabochnia.pl - portal informacyjny\",\"isPartOf\":{\"@id\":\"https:\/\/www.mojabochnia.pl\/#website\"},\"primaryImageOfPage\":{\"@id\":\"https:\/\/www.mojabochnia.pl\/?p=221968#primaryimage\"},\"image\":{\"@id\":\"https:\/\/www.mojabochnia.pl\/?p=221968#primaryimage\"},\"thumbnailUrl\":\"https:\/\/www.mojabochnia.pl\/wp-content\/uploads\/2026\/03\/kiermasz-wielkanocny-2026-PLAKAT.jpg\",\"datePublished\":\"2026-03-13T06:56:24+00:00\",\"breadcrumb\":{\"@id\":\"https:\/\/www.mojabochnia.pl\/?p=221968#breadcrumb\"},\"inLanguage\":\"pl-PL\",\"potentialAction\":[{\"@type\":\"ReadAction\",\"target\":[\"https:\/\/www.mojabochnia.pl\/?p=221968\"]}]},{\"@type\":\"ImageObject\",\"inLanguage\":\"pl-PL\",\"@id\":\"https:\/\/www.mojabochnia.pl\/?p=221968#primaryimage\",\"url\":\"https:\/\/www.mojabochnia.pl\/wp-content\/uploads\/2026\/03\/kiermasz-wielkanocny-2026-PLAKAT.jpg\",\"contentUrl\":\"https:\/\/www.mojabochnia.pl\/wp-content\/uploads\/2026\/03\/kiermasz-wielkanocny-2026-PLAKAT.jpg\",\"width\":843,\"height\":1187},{\"@type\":\"BreadcrumbList\",\"@id\":\"https:\/\/www.mojabochnia.pl\/?p=221968#breadcrumb\",\"itemListElement\":[{\"@type\":\"ListItem\",\"position\":1,\"name\":\"Home\",\"item\":\"https:\/\/www.mojabochnia.pl\/\"},{\"@type\":\"ListItem\",\"position\":2,\"name\":\"Kiermasz wielkanocny na Rynku\"}]},{\"@type\":\"WebSite\",\"@id\":\"https:\/\/www.mojabochnia.pl\/#website\",\"url\":\"https:\/\/www.mojabochnia.pl\/\",\"name\":\"mojabochnia.pl - portal informacyjny\",\"description\":\"mojaBochnia to portal informacyjny o Bochni. Codziennie o Bochni piszemy i pokazujemy najwa\u017cniejsze wydarzenia\",\"publisher\":{\"@id\":\"https:\/\/www.mojabochnia.pl\/#organization\"},\"potentialAction\":[{\"@type\":\"SearchAction\",\"target\":{\"@type\":\"EntryPoint\",\"urlTemplate\":\"https:\/\/www.mojabochnia.pl\/?s={search_term_string}\"},\"query-input\":{\"@type\":\"PropertyValueSpecification\",\"valueRequired\":true,\"valueName\":\"search_term_string\"}}],\"inLanguage\":\"pl-PL\"},{\"@type\":\"Organization\",\"@id\":\"https:\/\/www.mojabochnia.pl\/#organization\",\"name\":\"mojabochnia.pl - portal informacyjny\",\"url\":\"https:\/\/www.mojabochnia.pl\/\",\"logo\":{\"@type\":\"ImageObject\",\"inLanguage\":\"pl-PL\",\"@id\":\"https:\/\/www.mojabochnia.pl\/#\/schema\/logo\/image\/\",\"url\":\"https:\/\/www.mojabochnia.pl\/wp-content\/uploads\/2017\/08\/logo-mb-opt.png\",\"contentUrl\":\"https:\/\/www.mojabochnia.pl\/wp-content\/uploads\/2017\/08\/logo-mb-opt.png\",\"width\":250,\"height\":48,\"caption\":\"mojabochnia.pl - portal informacyjny\"},\"image\":{\"@id\":\"https:\/\/www.mojabochnia.pl\/#\/schema\/logo\/image\/\"},\"sameAs\":[\"https:\/\/www.facebook.com\/mojabochnia\"]},{\"@type\":\"Person\",\"@id\":\"https:\/\/www.mojabochnia.pl\/#\/schema\/person\/d4c758656c81ae00e6496831fe7b0792\",\"name\":\"Marcin Kalinowski\",\"url\":\"https:\/\/www.mojabochnia.pl\/?author=29\"}]}<\/script>\n<!-- \/ Yoast SEO plugin. -->","yoast_head_json":{"title":"Kiermasz wielkanocny na Rynku - mojabochnia.pl - portal informacyjny","robots":{"index":"index","follow":"follow","max-snippet":"max-snippet:-1","max-image-preview":"max-image-preview:large","max-video-preview":"max-video-preview:-1"},"canonical":"https:\/\/www.mojabochnia.pl\/?p=221968","og_locale":"pl_PL","og_type":"article","og_title":"Kiermasz wielkanocny na Rynku - mojabochnia.pl - portal informacyjny","og_description":"Serdecznie zapraszamy na kiermasz wielkanocny, kt\u00f3ry odb\u0119dzie si\u0119 w niedziel\u0119 22 marca na Rynku w Bochni. To organizowane po raz kolejny wydarzenie wprowadzi mieszka\u0144c\u00f3w i go\u015bci w radosny, \u015bwi\u0105teczny nastr\u00f3j oraz stworzy okazj\u0119 do wsp\u00f3lnego sp\u0119dzenia czasu w rodzinnej atmosferze. W programie kiermaszu znajd\u0105 si\u0119 liczne atrakcje dla dzieci i doros\u0142ych. Jedn\u0105 z nich b\u0119dzie\u00a0gotowanie","og_url":"https:\/\/www.mojabochnia.pl\/?p=221968","og_site_name":"mojabochnia.pl - portal informacyjny","article_publisher":"https:\/\/www.facebook.com\/mojabochnia","article_published_time":"2026-03-13T06:56:24+00:00","og_image":[{"width":843,"height":1187,"url":"https:\/\/www.mojabochnia.pl\/wp-content\/uploads\/2026\/03\/kiermasz-wielkanocny-2026-PLAKAT.jpg","type":"image\/jpeg"}],"author":"Marcin Kalinowski","twitter_card":"summary_large_image","twitter_misc":{"Written by":"Marcin Kalinowski","Est. reading time":"2 minuty"},"schema":{"@context":"https:\/\/schema.org","@graph":[{"@type":"Article","@id":"https:\/\/www.mojabochnia.pl\/?p=221968#article","isPartOf":{"@id":"https:\/\/www.mojabochnia.pl\/?p=221968"},"author":{"name":"Marcin Kalinowski","@id":"https:\/\/www.mojabochnia.pl\/#\/schema\/person\/d4c758656c81ae00e6496831fe7b0792"},"headline":"Kiermasz wielkanocny na Rynku","datePublished":"2026-03-13T06:56:24+00:00","mainEntityOfPage":{"@id":"https:\/\/www.mojabochnia.pl\/?p=221968"},"wordCount":235,"commentCount":0,"publisher":{"@id":"https:\/\/www.mojabochnia.pl\/#organization"},"image":{"@id":"https:\/\/www.mojabochnia.pl\/?p=221968#primaryimage"},"thumbnailUrl":"https:\/\/www.mojabochnia.pl\/wp-content\/uploads\/2026\/03\/kiermasz-wielkanocny-2026-PLAKAT.jpg","keywords":["bochnia","kiermasz wielkanocny"],"articleSection":["polityka i wydarzenia","tematyka"],"inLanguage":"pl-PL","potentialAction":[{"@type":"CommentAction","name":"Comment","target":["https:\/\/www.mojabochnia.pl\/?p=221968#respond"]}]},{"@type":"WebPage","@id":"https:\/\/www.mojabochnia.pl\/?p=221968","url":"https:\/\/www.mojabochnia.pl\/?p=221968","name":"Kiermasz wielkanocny na Rynku - mojabochnia.pl - portal informacyjny","isPartOf":{"@id":"https:\/\/www.mojabochnia.pl\/#website"},"primaryImageOfPage":{"@id":"https:\/\/www.mojabochnia.pl\/?p=221968#primaryimage"},"image":{"@id":"https:\/\/www.mojabochnia.pl\/?p=221968#primaryimage"},"thumbnailUrl":"https:\/\/www.mojabochnia.pl\/wp-content\/uploads\/2026\/03\/kiermasz-wielkanocny-2026-PLAKAT.jpg","datePublished":"2026-03-13T06:56:24+00:00","breadcrumb":{"@id":"https:\/\/www.mojabochnia.pl\/?p=221968#breadcrumb"},"inLanguage":"pl-PL","potentialAction":[{"@type":"ReadAction","target":["https:\/\/www.mojabochnia.pl\/?p=221968"]}]},{"@type":"ImageObject","inLanguage":"pl-PL","@id":"https:\/\/www.mojabochnia.pl\/?p=221968#primaryimage","url":"https:\/\/www.mojabochnia.pl\/wp-content\/uploads\/2026\/03\/kiermasz-wielkanocny-2026-PLAKAT.jpg","contentUrl":"https:\/\/www.mojabochnia.pl\/wp-content\/uploads\/2026\/03\/kiermasz-wielkanocny-2026-PLAKAT.jpg","width":843,"height":1187},{"@type":"BreadcrumbList","@id":"https:\/\/www.mojabochnia.pl\/?p=221968#breadcrumb","itemListElement":[{"@type":"ListItem","position":1,"name":"Home","item":"https:\/\/www.mojabochnia.pl\/"},{"@type":"ListItem","position":2,"name":"Kiermasz wielkanocny na Rynku"}]},{"@type":"WebSite","@id":"https:\/\/www.mojabochnia.pl\/#website","url":"https:\/\/www.mojabochnia.pl\/","name":"mojabochnia.pl - portal informacyjny","description":"mojaBochnia to portal informacyjny o Bochni. Codziennie o Bochni piszemy i pokazujemy najwa\u017cniejsze wydarzenia","publisher":{"@id":"https:\/\/www.mojabochnia.pl\/#organization"},"potentialAction":[{"@type":"SearchAction","target":{"@type":"EntryPoint","urlTemplate":"https:\/\/www.mojabochnia.pl\/?s={search_term_string}"},"query-input":{"@type":"PropertyValueSpecification","valueRequired":true,"valueName":"search_term_string"}}],"inLanguage":"pl-PL"},{"@type":"Organization","@id":"https:\/\/www.mojabochnia.pl\/#organization","name":"mojabochnia.pl - portal informacyjny","url":"https:\/\/www.mojabochnia.pl\/","logo":{"@type":"ImageObject","inLanguage":"pl-PL","@id":"https:\/\/www.mojabochnia.pl\/#\/schema\/logo\/image\/","url":"https:\/\/www.mojabochnia.pl\/wp-content\/uploads\/2017\/08\/logo-mb-opt.png","contentUrl":"https:\/\/www.mojabochnia.pl\/wp-content\/uploads\/2017\/08\/logo-mb-opt.png","width":250,"height":48,"caption":"mojabochnia.pl - portal informacyjny"},"image":{"@id":"https:\/\/www.mojabochnia.pl\/#\/schema\/logo\/image\/"},"sameAs":["https:\/\/www.facebook.com\/mojabochnia"]},{"@type":"Person","@id":"https:\/\/www.mojabochnia.pl\/#\/schema\/person\/d4c758656c81ae00e6496831fe7b0792","name":"Marcin Kalinowski","url":"https:\/\/www.mojabochnia.pl\/?author=29"}]}},"_links":{"self":[{"href":"https:\/\/www.mojabochnia.pl\/index.php?rest_route=\/wp\/v2\/posts\/221968","targetHints":{"allow":["GET"]}}],"collection":[{"href":"https:\/\/www.mojabochnia.pl\/index.php?rest_route=\/wp\/v2\/posts"}],"about":[{"href":"https:\/\/www.mojabochnia.pl\/index.php?rest_route=\/wp\/v2\/types\/post"}],"author":[{"embeddable":true,"href":"https:\/\/www.mojabochnia.pl\/index.php?rest_route=\/wp\/v2\/users\/29"}],"replies":[{"embeddable":true,"href":"https:\/\/www.mojabochnia.pl\/index.php?rest_route=%2Fwp%2Fv2%2Fcomments&post=221968"}],"version-history":[{"count":1,"href":"https:\/\/www.mojabochnia.pl\/index.php?rest_route=\/wp\/v2\/posts\/221968\/revisions"}],"predecessor-version":[{"id":221971,"href":"https:\/\/www.mojabochnia.pl\/index.php?rest_route=\/wp\/v2\/posts\/221968\/revisions\/221971"}],"wp:featuredmedia":[{"embeddable":true,"href":"https:\/\/www.mojabochnia.pl\/index.php?rest_route=\/wp\/v2\/media\/221970"}],"wp:attachment":[{"href":"https:\/\/www.mojabochnia.pl\/index.php?rest_route=%2Fwp%2Fv2%2Fmedia&parent=221968"}],"wp:term":[{"taxonomy":"category","embeddable":true,"href":"https:\/\/www.mojabochnia.pl\/index.php?rest_route=%2Fwp%2Fv2%2Fcategories&post=221968"},{"taxonomy":"post_tag","embeddable":true,"href":"https:\/\/www.mojabochnia.pl\/index.php?rest_route=%2Fwp%2Fv2%2Ftags&post=221968"}],"curies":[{"name":"wp","href":"https:\/\/api.w.org\/{rel}","templated":true}]}}