{"id":221964,"date":"2026-03-13T07:54:32","date_gmt":"2026-03-13T06:54:32","guid":{"rendered":"https:\/\/www.mojabochnia.pl\/?p=221964"},"modified":"2026-03-13T07:54:32","modified_gmt":"2026-03-13T06:54:32","slug":"v-targi-pracy-dla-absolwentow-w-zs-1-spotkanie-mlodziezy-z-pracodawcami-i-uczelniami","status":"publish","type":"post","link":"https:\/\/www.mojabochnia.pl\/?p=221964","title":{"rendered":"V Targi Pracy dla absolwent\u00f3w w ZS 1 \u2013 spotkanie m\u0142odzie\u017cy z pracodawcami i uczelniami"},"content":{"rendered":"<p><strong>Bezpo\u015brednia rozmowa z pracodawc\u0105, mo\u017cliwo\u015b\u0107 poznania reali\u00f3w pracy w r\u00f3\u017cnych bran\u017cach oraz zdobycia informacji o dalszej edukacji. To wszystko czeka na uczestnik\u00f3w V Targ\u00f3w Pracy. M\u0142odzie\u017c b\u0119dzie mog\u0142a spotka\u0107 si\u0119 z przedstawicielami firm, uczelni oraz instytucji wspieraj\u0105cych rozw\u00f3j zawodowy.<\/strong><\/p>\n<p>Targi odb\u0119d\u0105 si\u0119 13 marca 2026 roku w Zespole Szk\u00f3\u0142 Nr 1 w Bochni i s\u0105 organizowane pod patronatem Starosty Boche\u0144skiego. Inicjatywa na sta\u0142e wpisa\u0142a si\u0119 w kalendarz wydarze\u0144 wspieraj\u0105cych rozw\u00f3j zawodowy m\u0142odych mieszka\u0144c\u00f3w powiatu i z roku na rok cieszy si\u0119 coraz wi\u0119kszym zainteresowaniem uczni\u00f3w oraz pracodawc\u00f3w.<\/p>\n<p><i>Targi Pracy to dla m\u0142odych ludzi cenna okazja, aby pozna\u0107 r\u00f3\u017cne \u015bcie\u017cki zawodowe, porozmawia\u0107 z pracodawcami i zobaczy\u0107, jakie mo\u017cliwo\u015bci rozwoju daje lokalny rynek pracy, podkre\u015bla Adam Korta, Starosta Boche\u0144ski.<\/i><\/p>\n<p>Wydarzenie skierowane jest przede wszystkim do absolwent\u00f3w szk\u00f3\u0142 ponadpodstawowych, kt\u00f3rzy przygotowuj\u0105 si\u0119 do wej\u015bcia na rynek pracy lub planuj\u0105 dalsz\u0105 edukacj\u0119. Targi b\u0119d\u0105 okazj\u0105 do poznania aktualnych potrzeb rynku pracy, a tak\u017ce do rozm\u00f3w z potencjalnymi pracodawcami oraz przedstawicielami uczelni wy\u017cszych.<\/p>\n<p>Podczas wydarzenia swoj\u0105 ofert\u0119 zaprezentuj\u0105 firmy, instytucje oraz uczelnie:<\/p>\n<ul>\n<li>Woodward Poland sp. z o.o.<\/li>\n<li>Werner Kenekel<\/li>\n<li>Hydrosprz\u0119t Kukla<\/li>\n<li>M\u0142odzie\u017cowe Centrum Kariery OHP<\/li>\n<li>GPI Krak\u00f3w\u00a0sp. z o.o.<\/li>\n<li>Pratt &amp; Whitney Tubes<\/li>\n<li>AutoPartner S.A.<\/li>\n<li>ABJ Electric<\/li>\n<li>Volvo<\/li>\n<li>Femet<\/li>\n<li>Banat<\/li>\n<li>Arcom<\/li>\n<li>Aifo<\/li>\n<li>Bolarus<\/li>\n<li>Wydzia\u0142 Mechaniczny PK<\/li>\n<li>AGH<\/li>\n<li>Ignatianum<\/li>\n<li>Canpack<\/li>\n<li>Powiatowy Urz\u0105d Pracy Bochnia<\/li>\n<li>Pirat<\/li>\n<li>Elektromonta\u017c<\/li>\n<li>Z\u0142ote Szko\u0142y NBP<\/li>\n<li>MPK Krak\u00f3w<\/li>\n<li>Kopalnia Soli Bochnia<\/li>\n<li>Halsang sp. z o.o.<\/li>\n<li>Igloo<\/li>\n<li>Miloo<\/li>\n<\/ul>\n","protected":false},"excerpt":{"rendered":"<p>Bezpo\u015brednia rozmowa z pracodawc\u0105, mo\u017cliwo\u015b\u0107 poznania reali\u00f3w pracy w r\u00f3\u017cnych bran\u017cach oraz zdobycia informacji o dalszej edukacji. To wszystko czeka na uczestnik\u00f3w V Targ\u00f3w Pracy. M\u0142odzie\u017c b\u0119dzie mog\u0142a spotka\u0107 si\u0119 z przedstawicielami firm, uczelni oraz instytucji wspieraj\u0105cych rozw\u00f3j zawodowy. Targi odb\u0119d\u0105 si\u0119 13 marca 2026 roku w Zespole Szk\u00f3\u0142 Nr 1 w Bochni i s\u0105<\/p>\n","protected":false},"author":29,"featured_media":221966,"comment_status":"open","ping_status":"closed","sticky":false,"template":"","format":"standard","meta":{"_acf_changed":false,"footnotes":""},"categories":[6251,6250],"tags":[17127,17258],"class_list":["post-221964","post","type-post","status-publish","format-standard","has-post-thumbnail","hentry","category-polityka-i-wydarzenia","category-tematyka","tag-powiat-bochenski","tag-targi-pracy","main_tag-powiat-bochenski"],"acf":[],"yoast_head":"<!-- This site is optimized with the Yoast SEO plugin v26.9 - https:\/\/yoast.com\/product\/yoast-seo-wordpress\/ -->\n<title>V Targi Pracy dla absolwent\u00f3w w ZS 1 \u2013 spotkanie m\u0142odzie\u017cy z pracodawcami i uczelniami - mojabochnia.pl - portal informacyjny<\/title>\n<meta name=\"robots\" content=\"index, follow, max-snippet:-1, max-image-preview:large, max-video-preview:-1\" \/>\n<link rel=\"canonical\" href=\"https:\/\/www.mojabochnia.pl\/?p=221964\" \/>\n<meta property=\"og:locale\" content=\"pl_PL\" \/>\n<meta property=\"og:type\" content=\"article\" \/>\n<meta property=\"og:title\" content=\"V Targi Pracy dla absolwent\u00f3w w ZS 1 \u2013 spotkanie m\u0142odzie\u017cy z pracodawcami i uczelniami - mojabochnia.pl - portal informacyjny\" \/>\n<meta property=\"og:description\" content=\"Bezpo\u015brednia rozmowa z pracodawc\u0105, mo\u017cliwo\u015b\u0107 poznania reali\u00f3w pracy w r\u00f3\u017cnych bran\u017cach oraz zdobycia informacji o dalszej edukacji. To wszystko czeka na uczestnik\u00f3w V Targ\u00f3w Pracy. M\u0142odzie\u017c b\u0119dzie mog\u0142a spotka\u0107 si\u0119 z przedstawicielami firm, uczelni oraz instytucji wspieraj\u0105cych rozw\u00f3j zawodowy. Targi odb\u0119d\u0105 si\u0119 13 marca 2026 roku w Zespole Szk\u00f3\u0142 Nr 1 w Bochni i s\u0105\" \/>\n<meta property=\"og:url\" content=\"https:\/\/www.mojabochnia.pl\/?p=221964\" \/>\n<meta property=\"og:site_name\" content=\"mojabochnia.pl - portal informacyjny\" \/>\n<meta property=\"article:publisher\" content=\"https:\/\/www.facebook.com\/mojabochnia\" \/>\n<meta property=\"article:published_time\" content=\"2026-03-13T06:54:32+00:00\" \/>\n<meta property=\"og:image\" content=\"https:\/\/www.mojabochnia.pl\/wp-content\/uploads\/2026\/03\/targi-pracy.jpg\" \/>\n\t<meta property=\"og:image:width\" content=\"940\" \/>\n\t<meta property=\"og:image:height\" content=\"788\" \/>\n\t<meta property=\"og:image:type\" content=\"image\/jpeg\" \/>\n<meta name=\"author\" content=\"Marcin Kalinowski\" \/>\n<meta name=\"twitter:card\" content=\"summary_large_image\" \/>\n<meta name=\"twitter:label1\" content=\"Written by\" \/>\n\t<meta name=\"twitter:data1\" content=\"Marcin Kalinowski\" \/>\n\t<meta name=\"twitter:label2\" content=\"Est. reading time\" \/>\n\t<meta name=\"twitter:data2\" content=\"2 minuty\" \/>\n<script type=\"application\/ld+json\" class=\"yoast-schema-graph\">{\"@context\":\"https:\/\/schema.org\",\"@graph\":[{\"@type\":\"Article\",\"@id\":\"https:\/\/www.mojabochnia.pl\/?p=221964#article\",\"isPartOf\":{\"@id\":\"https:\/\/www.mojabochnia.pl\/?p=221964\"},\"author\":{\"name\":\"Marcin Kalinowski\",\"@id\":\"https:\/\/www.mojabochnia.pl\/#\/schema\/person\/d4c758656c81ae00e6496831fe7b0792\"},\"headline\":\"V Targi Pracy dla absolwent\u00f3w w ZS 1 \u2013 spotkanie m\u0142odzie\u017cy z pracodawcami i uczelniami\",\"datePublished\":\"2026-03-13T06:54:32+00:00\",\"mainEntityOfPage\":{\"@id\":\"https:\/\/www.mojabochnia.pl\/?p=221964\"},\"wordCount\":288,\"commentCount\":0,\"publisher\":{\"@id\":\"https:\/\/www.mojabochnia.pl\/#organization\"},\"image\":{\"@id\":\"https:\/\/www.mojabochnia.pl\/?p=221964#primaryimage\"},\"thumbnailUrl\":\"https:\/\/www.mojabochnia.pl\/wp-content\/uploads\/2026\/03\/targi-pracy.jpg\",\"keywords\":[\"powiat boche\u0144ski\",\"targi pracy\"],\"articleSection\":[\"polityka i wydarzenia\",\"tematyka\"],\"inLanguage\":\"pl-PL\",\"potentialAction\":[{\"@type\":\"CommentAction\",\"name\":\"Comment\",\"target\":[\"https:\/\/www.mojabochnia.pl\/?p=221964#respond\"]}]},{\"@type\":\"WebPage\",\"@id\":\"https:\/\/www.mojabochnia.pl\/?p=221964\",\"url\":\"https:\/\/www.mojabochnia.pl\/?p=221964\",\"name\":\"V Targi Pracy dla absolwent\u00f3w w ZS 1 \u2013 spotkanie m\u0142odzie\u017cy z pracodawcami i uczelniami - mojabochnia.pl - portal informacyjny\",\"isPartOf\":{\"@id\":\"https:\/\/www.mojabochnia.pl\/#website\"},\"primaryImageOfPage\":{\"@id\":\"https:\/\/www.mojabochnia.pl\/?p=221964#primaryimage\"},\"image\":{\"@id\":\"https:\/\/www.mojabochnia.pl\/?p=221964#primaryimage\"},\"thumbnailUrl\":\"https:\/\/www.mojabochnia.pl\/wp-content\/uploads\/2026\/03\/targi-pracy.jpg\",\"datePublished\":\"2026-03-13T06:54:32+00:00\",\"breadcrumb\":{\"@id\":\"https:\/\/www.mojabochnia.pl\/?p=221964#breadcrumb\"},\"inLanguage\":\"pl-PL\",\"potentialAction\":[{\"@type\":\"ReadAction\",\"target\":[\"https:\/\/www.mojabochnia.pl\/?p=221964\"]}]},{\"@type\":\"ImageObject\",\"inLanguage\":\"pl-PL\",\"@id\":\"https:\/\/www.mojabochnia.pl\/?p=221964#primaryimage\",\"url\":\"https:\/\/www.mojabochnia.pl\/wp-content\/uploads\/2026\/03\/targi-pracy.jpg\",\"contentUrl\":\"https:\/\/www.mojabochnia.pl\/wp-content\/uploads\/2026\/03\/targi-pracy.jpg\",\"width\":940,\"height\":788},{\"@type\":\"BreadcrumbList\",\"@id\":\"https:\/\/www.mojabochnia.pl\/?p=221964#breadcrumb\",\"itemListElement\":[{\"@type\":\"ListItem\",\"position\":1,\"name\":\"Home\",\"item\":\"https:\/\/www.mojabochnia.pl\/\"},{\"@type\":\"ListItem\",\"position\":2,\"name\":\"V Targi Pracy dla absolwent\u00f3w w ZS 1 \u2013 spotkanie m\u0142odzie\u017cy z pracodawcami i uczelniami\"}]},{\"@type\":\"WebSite\",\"@id\":\"https:\/\/www.mojabochnia.pl\/#website\",\"url\":\"https:\/\/www.mojabochnia.pl\/\",\"name\":\"mojabochnia.pl - portal informacyjny\",\"description\":\"mojaBochnia to portal informacyjny o Bochni. Codziennie o Bochni piszemy i pokazujemy najwa\u017cniejsze wydarzenia\",\"publisher\":{\"@id\":\"https:\/\/www.mojabochnia.pl\/#organization\"},\"potentialAction\":[{\"@type\":\"SearchAction\",\"target\":{\"@type\":\"EntryPoint\",\"urlTemplate\":\"https:\/\/www.mojabochnia.pl\/?s={search_term_string}\"},\"query-input\":{\"@type\":\"PropertyValueSpecification\",\"valueRequired\":true,\"valueName\":\"search_term_string\"}}],\"inLanguage\":\"pl-PL\"},{\"@type\":\"Organization\",\"@id\":\"https:\/\/www.mojabochnia.pl\/#organization\",\"name\":\"mojabochnia.pl - portal informacyjny\",\"url\":\"https:\/\/www.mojabochnia.pl\/\",\"logo\":{\"@type\":\"ImageObject\",\"inLanguage\":\"pl-PL\",\"@id\":\"https:\/\/www.mojabochnia.pl\/#\/schema\/logo\/image\/\",\"url\":\"https:\/\/www.mojabochnia.pl\/wp-content\/uploads\/2017\/08\/logo-mb-opt.png\",\"contentUrl\":\"https:\/\/www.mojabochnia.pl\/wp-content\/uploads\/2017\/08\/logo-mb-opt.png\",\"width\":250,\"height\":48,\"caption\":\"mojabochnia.pl - portal informacyjny\"},\"image\":{\"@id\":\"https:\/\/www.mojabochnia.pl\/#\/schema\/logo\/image\/\"},\"sameAs\":[\"https:\/\/www.facebook.com\/mojabochnia\"]},{\"@type\":\"Person\",\"@id\":\"https:\/\/www.mojabochnia.pl\/#\/schema\/person\/d4c758656c81ae00e6496831fe7b0792\",\"name\":\"Marcin Kalinowski\",\"url\":\"https:\/\/www.mojabochnia.pl\/?author=29\"}]}<\/script>\n<!-- \/ Yoast SEO plugin. -->","yoast_head_json":{"title":"V Targi Pracy dla absolwent\u00f3w w ZS 1 \u2013 spotkanie m\u0142odzie\u017cy z pracodawcami i uczelniami - mojabochnia.pl - portal informacyjny","robots":{"index":"index","follow":"follow","max-snippet":"max-snippet:-1","max-image-preview":"max-image-preview:large","max-video-preview":"max-video-preview:-1"},"canonical":"https:\/\/www.mojabochnia.pl\/?p=221964","og_locale":"pl_PL","og_type":"article","og_title":"V Targi Pracy dla absolwent\u00f3w w ZS 1 \u2013 spotkanie m\u0142odzie\u017cy z pracodawcami i uczelniami - mojabochnia.pl - portal informacyjny","og_description":"Bezpo\u015brednia rozmowa z pracodawc\u0105, mo\u017cliwo\u015b\u0107 poznania reali\u00f3w pracy w r\u00f3\u017cnych bran\u017cach oraz zdobycia informacji o dalszej edukacji. To wszystko czeka na uczestnik\u00f3w V Targ\u00f3w Pracy. M\u0142odzie\u017c b\u0119dzie mog\u0142a spotka\u0107 si\u0119 z przedstawicielami firm, uczelni oraz instytucji wspieraj\u0105cych rozw\u00f3j zawodowy. Targi odb\u0119d\u0105 si\u0119 13 marca 2026 roku w Zespole Szk\u00f3\u0142 Nr 1 w Bochni i s\u0105","og_url":"https:\/\/www.mojabochnia.pl\/?p=221964","og_site_name":"mojabochnia.pl - portal informacyjny","article_publisher":"https:\/\/www.facebook.com\/mojabochnia","article_published_time":"2026-03-13T06:54:32+00:00","og_image":[{"width":940,"height":788,"url":"https:\/\/www.mojabochnia.pl\/wp-content\/uploads\/2026\/03\/targi-pracy.jpg","type":"image\/jpeg"}],"author":"Marcin Kalinowski","twitter_card":"summary_large_image","twitter_misc":{"Written by":"Marcin Kalinowski","Est. reading time":"2 minuty"},"schema":{"@context":"https:\/\/schema.org","@graph":[{"@type":"Article","@id":"https:\/\/www.mojabochnia.pl\/?p=221964#article","isPartOf":{"@id":"https:\/\/www.mojabochnia.pl\/?p=221964"},"author":{"name":"Marcin Kalinowski","@id":"https:\/\/www.mojabochnia.pl\/#\/schema\/person\/d4c758656c81ae00e6496831fe7b0792"},"headline":"V Targi Pracy dla absolwent\u00f3w w ZS 1 \u2013 spotkanie m\u0142odzie\u017cy z pracodawcami i uczelniami","datePublished":"2026-03-13T06:54:32+00:00","mainEntityOfPage":{"@id":"https:\/\/www.mojabochnia.pl\/?p=221964"},"wordCount":288,"commentCount":0,"publisher":{"@id":"https:\/\/www.mojabochnia.pl\/#organization"},"image":{"@id":"https:\/\/www.mojabochnia.pl\/?p=221964#primaryimage"},"thumbnailUrl":"https:\/\/www.mojabochnia.pl\/wp-content\/uploads\/2026\/03\/targi-pracy.jpg","keywords":["powiat boche\u0144ski","targi pracy"],"articleSection":["polityka i wydarzenia","tematyka"],"inLanguage":"pl-PL","potentialAction":[{"@type":"CommentAction","name":"Comment","target":["https:\/\/www.mojabochnia.pl\/?p=221964#respond"]}]},{"@type":"WebPage","@id":"https:\/\/www.mojabochnia.pl\/?p=221964","url":"https:\/\/www.mojabochnia.pl\/?p=221964","name":"V Targi Pracy dla absolwent\u00f3w w ZS 1 \u2013 spotkanie m\u0142odzie\u017cy z pracodawcami i uczelniami - mojabochnia.pl - portal informacyjny","isPartOf":{"@id":"https:\/\/www.mojabochnia.pl\/#website"},"primaryImageOfPage":{"@id":"https:\/\/www.mojabochnia.pl\/?p=221964#primaryimage"},"image":{"@id":"https:\/\/www.mojabochnia.pl\/?p=221964#primaryimage"},"thumbnailUrl":"https:\/\/www.mojabochnia.pl\/wp-content\/uploads\/2026\/03\/targi-pracy.jpg","datePublished":"2026-03-13T06:54:32+00:00","breadcrumb":{"@id":"https:\/\/www.mojabochnia.pl\/?p=221964#breadcrumb"},"inLanguage":"pl-PL","potentialAction":[{"@type":"ReadAction","target":["https:\/\/www.mojabochnia.pl\/?p=221964"]}]},{"@type":"ImageObject","inLanguage":"pl-PL","@id":"https:\/\/www.mojabochnia.pl\/?p=221964#primaryimage","url":"https:\/\/www.mojabochnia.pl\/wp-content\/uploads\/2026\/03\/targi-pracy.jpg","contentUrl":"https:\/\/www.mojabochnia.pl\/wp-content\/uploads\/2026\/03\/targi-pracy.jpg","width":940,"height":788},{"@type":"BreadcrumbList","@id":"https:\/\/www.mojabochnia.pl\/?p=221964#breadcrumb","itemListElement":[{"@type":"ListItem","position":1,"name":"Home","item":"https:\/\/www.mojabochnia.pl\/"},{"@type":"ListItem","position":2,"name":"V Targi Pracy dla absolwent\u00f3w w ZS 1 \u2013 spotkanie m\u0142odzie\u017cy z pracodawcami i uczelniami"}]},{"@type":"WebSite","@id":"https:\/\/www.mojabochnia.pl\/#website","url":"https:\/\/www.mojabochnia.pl\/","name":"mojabochnia.pl - portal informacyjny","description":"mojaBochnia to portal informacyjny o Bochni. Codziennie o Bochni piszemy i pokazujemy najwa\u017cniejsze wydarzenia","publisher":{"@id":"https:\/\/www.mojabochnia.pl\/#organization"},"potentialAction":[{"@type":"SearchAction","target":{"@type":"EntryPoint","urlTemplate":"https:\/\/www.mojabochnia.pl\/?s={search_term_string}"},"query-input":{"@type":"PropertyValueSpecification","valueRequired":true,"valueName":"search_term_string"}}],"inLanguage":"pl-PL"},{"@type":"Organization","@id":"https:\/\/www.mojabochnia.pl\/#organization","name":"mojabochnia.pl - portal informacyjny","url":"https:\/\/www.mojabochnia.pl\/","logo":{"@type":"ImageObject","inLanguage":"pl-PL","@id":"https:\/\/www.mojabochnia.pl\/#\/schema\/logo\/image\/","url":"https:\/\/www.mojabochnia.pl\/wp-content\/uploads\/2017\/08\/logo-mb-opt.png","contentUrl":"https:\/\/www.mojabochnia.pl\/wp-content\/uploads\/2017\/08\/logo-mb-opt.png","width":250,"height":48,"caption":"mojabochnia.pl - portal informacyjny"},"image":{"@id":"https:\/\/www.mojabochnia.pl\/#\/schema\/logo\/image\/"},"sameAs":["https:\/\/www.facebook.com\/mojabochnia"]},{"@type":"Person","@id":"https:\/\/www.mojabochnia.pl\/#\/schema\/person\/d4c758656c81ae00e6496831fe7b0792","name":"Marcin Kalinowski","url":"https:\/\/www.mojabochnia.pl\/?author=29"}]}},"_links":{"self":[{"href":"https:\/\/www.mojabochnia.pl\/index.php?rest_route=\/wp\/v2\/posts\/221964","targetHints":{"allow":["GET"]}}],"collection":[{"href":"https:\/\/www.mojabochnia.pl\/index.php?rest_route=\/wp\/v2\/posts"}],"about":[{"href":"https:\/\/www.mojabochnia.pl\/index.php?rest_route=\/wp\/v2\/types\/post"}],"author":[{"embeddable":true,"href":"https:\/\/www.mojabochnia.pl\/index.php?rest_route=\/wp\/v2\/users\/29"}],"replies":[{"embeddable":true,"href":"https:\/\/www.mojabochnia.pl\/index.php?rest_route=%2Fwp%2Fv2%2Fcomments&post=221964"}],"version-history":[{"count":1,"href":"https:\/\/www.mojabochnia.pl\/index.php?rest_route=\/wp\/v2\/posts\/221964\/revisions"}],"predecessor-version":[{"id":221967,"href":"https:\/\/www.mojabochnia.pl\/index.php?rest_route=\/wp\/v2\/posts\/221964\/revisions\/221967"}],"wp:featuredmedia":[{"embeddable":true,"href":"https:\/\/www.mojabochnia.pl\/index.php?rest_route=\/wp\/v2\/media\/221966"}],"wp:attachment":[{"href":"https:\/\/www.mojabochnia.pl\/index.php?rest_route=%2Fwp%2Fv2%2Fmedia&parent=221964"}],"wp:term":[{"taxonomy":"category","embeddable":true,"href":"https:\/\/www.mojabochnia.pl\/index.php?rest_route=%2Fwp%2Fv2%2Fcategories&post=221964"},{"taxonomy":"post_tag","embeddable":true,"href":"https:\/\/www.mojabochnia.pl\/index.php?rest_route=%2Fwp%2Fv2%2Ftags&post=221964"}],"curies":[{"name":"wp","href":"https:\/\/api.w.org\/{rel}","templated":true}]}}