{"id":221960,"date":"2026-03-13T07:53:01","date_gmt":"2026-03-13T06:53:01","guid":{"rendered":"https:\/\/www.mojabochnia.pl\/?p=221960"},"modified":"2026-03-13T07:53:01","modified_gmt":"2026-03-13T06:53:01","slug":"zblizaja-sie-dni-otwarte-w-wisnickim-plastyku","status":"publish","type":"post","link":"https:\/\/www.mojabochnia.pl\/?p=221960","title":{"rendered":"Zbli\u017caj\u0105 si\u0119 &#8222;Dni Otwarte&#8221; w wi\u015bnickim Plastyku"},"content":{"rendered":"<p><strong>Podczas Dnia Otwartego, 20 marca 2026 r.<span class=\"Apple-converted-space\">\u00a0 <\/span>od godziny 9.00 goszcz\u0105cy w naszej szkole uczniowie szk\u00f3\u0142 podstawowych, rodzice i nauczyciele b\u0119d\u0105 mogli odwiedzi\u0107 wszystkie pracownie i budynki kampusu szkolnego wraz z internatem.<span class=\"Apple-converted-space\">\u00a0<\/span><\/strong><\/p>\n<p>W pracowniach odbywa\u0107 si\u0119 b\u0119d\u0105 zaj\u0119cia artystyczne w ramach specjalizacji: ceramika artystyczna, fotografia artystyczna, tkanina artystyczna, renowacja element\u00f3w architektury jak r\u00f3wnie\u017c zaj\u0119cia z przedmiot\u00f3w og\u00f3lnoplastycznych, takich jak malarstwo i rysunek, rze\u017aba oraz przedmiot\u00f3w projektowych.<\/p>\n<p>Zwiedzaj\u0105cy go\u015bcie b\u0119d\u0105 mogli zapozna\u0107 si\u0119 z histori\u0105 szko\u0142y, jej tradycjami i wydarzeniami edukacyjnymi, takimi jak plenery, wystawy, wycieczki, zaj\u0119cia dodatkowe i programy wymiany uczni\u00f3w. Kandydaci uzyskaj\u0105 informacje dotycz\u0105ce konsultacji indywidualnych, majowych warsztat\u00f3w przygotowawczych, rekrutacji i zasad przeprowadzania egzaminu wst\u0119pnego.<span class=\"Apple-converted-space\">\u00a0<\/span><\/p>\n<p>Dzie\u0144 Otwarty szko\u0142y to szczeg\u00f3lna okazja by poczu\u0107 wyj\u0105tkow\u0105 atmosfer\u0119 Wi\u015bnickiego Plastyka, pozna\u0107 ofert\u0119 edukacyjn\u0105 szko\u0142y oraz porozmawia\u0107 z uczniami, nauczycielami i wychowawcami.<\/p>\n<p>Podczas Dnia Otwartego, o godzinie 12.00<span class=\"Apple-converted-space\">\u00a0 <\/span>odb\u0119dzie si\u0119 r\u00f3wnie\u017c wr\u0119czenie nagr\u00f3d i otwarcie wystawy pokonkursowej XII Og\u00f3lnopolskiego Konkursu Plastycznego dla uczni\u00f3w klas si\u00f3dmych i \u00f3smych szko\u0142y podstawowej \u201e\u015awiat wok\u00f3\u0142 mnie\u201d.<\/p>\n","protected":false},"excerpt":{"rendered":"<p>Podczas Dnia Otwartego, 20 marca 2026 r.\u00a0 od godziny 9.00 goszcz\u0105cy w naszej szkole uczniowie szk\u00f3\u0142 podstawowych, rodzice i nauczyciele b\u0119d\u0105 mogli odwiedzi\u0107 wszystkie pracownie i budynki kampusu szkolnego wraz z internatem.\u00a0 W pracowniach odbywa\u0107 si\u0119 b\u0119d\u0105 zaj\u0119cia artystyczne w ramach specjalizacji: ceramika artystyczna, fotografia artystyczna, tkanina artystyczna, renowacja element\u00f3w architektury jak r\u00f3wnie\u017c zaj\u0119cia z<\/p>\n","protected":false},"author":29,"featured_media":221962,"comment_status":"open","ping_status":"closed","sticky":false,"template":"","format":"standard","meta":{"_acf_changed":false,"footnotes":""},"categories":[6251,6250],"tags":[21881,22570],"class_list":["post-221960","post","type-post","status-publish","format-standard","has-post-thumbnail","hentry","category-polityka-i-wydarzenia","category-tematyka","tag-liceum-sztuk-plastycznych-w-wisniczu","tag-miasto-i-gmina-nowy-wisnicz","main_tag-gmina-nowy-wisnicz"],"acf":[],"yoast_head":"<!-- This site is optimized with the Yoast SEO plugin v26.9 - https:\/\/yoast.com\/product\/yoast-seo-wordpress\/ -->\n<title>Zbli\u017caj\u0105 si\u0119 &quot;Dni Otwarte&quot; w wi\u015bnickim Plastyku - mojabochnia.pl - portal informacyjny<\/title>\n<meta name=\"robots\" content=\"index, follow, max-snippet:-1, max-image-preview:large, max-video-preview:-1\" \/>\n<link rel=\"canonical\" href=\"https:\/\/www.mojabochnia.pl\/?p=221960\" \/>\n<meta property=\"og:locale\" content=\"pl_PL\" \/>\n<meta property=\"og:type\" content=\"article\" \/>\n<meta property=\"og:title\" content=\"Zbli\u017caj\u0105 si\u0119 &quot;Dni Otwarte&quot; w wi\u015bnickim Plastyku - mojabochnia.pl - portal informacyjny\" \/>\n<meta property=\"og:description\" content=\"Podczas Dnia Otwartego, 20 marca 2026 r.\u00a0 od godziny 9.00 goszcz\u0105cy w naszej szkole uczniowie szk\u00f3\u0142 podstawowych, rodzice i nauczyciele b\u0119d\u0105 mogli odwiedzi\u0107 wszystkie pracownie i budynki kampusu szkolnego wraz z internatem.\u00a0 W pracowniach odbywa\u0107 si\u0119 b\u0119d\u0105 zaj\u0119cia artystyczne w ramach specjalizacji: ceramika artystyczna, fotografia artystyczna, tkanina artystyczna, renowacja element\u00f3w architektury jak r\u00f3wnie\u017c zaj\u0119cia z\" \/>\n<meta property=\"og:url\" content=\"https:\/\/www.mojabochnia.pl\/?p=221960\" \/>\n<meta property=\"og:site_name\" content=\"mojabochnia.pl - portal informacyjny\" \/>\n<meta property=\"article:publisher\" content=\"https:\/\/www.facebook.com\/mojabochnia\" \/>\n<meta property=\"article:published_time\" content=\"2026-03-13T06:53:01+00:00\" \/>\n<meta property=\"og:image\" content=\"https:\/\/www.mojabochnia.pl\/wp-content\/uploads\/2026\/03\/swiat_wokol_zs_.jpg\" \/>\n\t<meta property=\"og:image:width\" content=\"1754\" \/>\n\t<meta property=\"og:image:height\" content=\"1240\" \/>\n\t<meta property=\"og:image:type\" content=\"image\/jpeg\" \/>\n<meta name=\"author\" content=\"Marcin Kalinowski\" \/>\n<meta name=\"twitter:card\" content=\"summary_large_image\" \/>\n<meta name=\"twitter:label1\" content=\"Written by\" \/>\n\t<meta name=\"twitter:data1\" content=\"Marcin Kalinowski\" \/>\n\t<meta name=\"twitter:label2\" content=\"Est. reading time\" \/>\n\t<meta name=\"twitter:data2\" content=\"2 minuty\" \/>\n<script type=\"application\/ld+json\" class=\"yoast-schema-graph\">{\"@context\":\"https:\/\/schema.org\",\"@graph\":[{\"@type\":\"Article\",\"@id\":\"https:\/\/www.mojabochnia.pl\/?p=221960#article\",\"isPartOf\":{\"@id\":\"https:\/\/www.mojabochnia.pl\/?p=221960\"},\"author\":{\"name\":\"Marcin Kalinowski\",\"@id\":\"https:\/\/www.mojabochnia.pl\/#\/schema\/person\/d4c758656c81ae00e6496831fe7b0792\"},\"headline\":\"Zbli\u017caj\u0105 si\u0119 &#8222;Dni Otwarte&#8221; w wi\u015bnickim Plastyku\",\"datePublished\":\"2026-03-13T06:53:01+00:00\",\"mainEntityOfPage\":{\"@id\":\"https:\/\/www.mojabochnia.pl\/?p=221960\"},\"wordCount\":197,\"commentCount\":0,\"publisher\":{\"@id\":\"https:\/\/www.mojabochnia.pl\/#organization\"},\"image\":{\"@id\":\"https:\/\/www.mojabochnia.pl\/?p=221960#primaryimage\"},\"thumbnailUrl\":\"https:\/\/www.mojabochnia.pl\/wp-content\/uploads\/2026\/03\/swiat_wokol_zs_.jpg\",\"keywords\":[\"Liceum Sztuk Plastycznych w Wi\u015bniczu\",\"miasto i gmina nowy wi\u015bnicz\"],\"articleSection\":[\"polityka i wydarzenia\",\"tematyka\"],\"inLanguage\":\"pl-PL\",\"potentialAction\":[{\"@type\":\"CommentAction\",\"name\":\"Comment\",\"target\":[\"https:\/\/www.mojabochnia.pl\/?p=221960#respond\"]}]},{\"@type\":\"WebPage\",\"@id\":\"https:\/\/www.mojabochnia.pl\/?p=221960\",\"url\":\"https:\/\/www.mojabochnia.pl\/?p=221960\",\"name\":\"Zbli\u017caj\u0105 si\u0119 \\\"Dni Otwarte\\\" w wi\u015bnickim Plastyku - mojabochnia.pl - portal informacyjny\",\"isPartOf\":{\"@id\":\"https:\/\/www.mojabochnia.pl\/#website\"},\"primaryImageOfPage\":{\"@id\":\"https:\/\/www.mojabochnia.pl\/?p=221960#primaryimage\"},\"image\":{\"@id\":\"https:\/\/www.mojabochnia.pl\/?p=221960#primaryimage\"},\"thumbnailUrl\":\"https:\/\/www.mojabochnia.pl\/wp-content\/uploads\/2026\/03\/swiat_wokol_zs_.jpg\",\"datePublished\":\"2026-03-13T06:53:01+00:00\",\"breadcrumb\":{\"@id\":\"https:\/\/www.mojabochnia.pl\/?p=221960#breadcrumb\"},\"inLanguage\":\"pl-PL\",\"potentialAction\":[{\"@type\":\"ReadAction\",\"target\":[\"https:\/\/www.mojabochnia.pl\/?p=221960\"]}]},{\"@type\":\"ImageObject\",\"inLanguage\":\"pl-PL\",\"@id\":\"https:\/\/www.mojabochnia.pl\/?p=221960#primaryimage\",\"url\":\"https:\/\/www.mojabochnia.pl\/wp-content\/uploads\/2026\/03\/swiat_wokol_zs_.jpg\",\"contentUrl\":\"https:\/\/www.mojabochnia.pl\/wp-content\/uploads\/2026\/03\/swiat_wokol_zs_.jpg\",\"width\":1754,\"height\":1240},{\"@type\":\"BreadcrumbList\",\"@id\":\"https:\/\/www.mojabochnia.pl\/?p=221960#breadcrumb\",\"itemListElement\":[{\"@type\":\"ListItem\",\"position\":1,\"name\":\"Home\",\"item\":\"https:\/\/www.mojabochnia.pl\/\"},{\"@type\":\"ListItem\",\"position\":2,\"name\":\"Zbli\u017caj\u0105 si\u0119 &#8222;Dni Otwarte&#8221; w wi\u015bnickim Plastyku\"}]},{\"@type\":\"WebSite\",\"@id\":\"https:\/\/www.mojabochnia.pl\/#website\",\"url\":\"https:\/\/www.mojabochnia.pl\/\",\"name\":\"mojabochnia.pl - portal informacyjny\",\"description\":\"mojaBochnia to portal informacyjny o Bochni. Codziennie o Bochni piszemy i pokazujemy najwa\u017cniejsze wydarzenia\",\"publisher\":{\"@id\":\"https:\/\/www.mojabochnia.pl\/#organization\"},\"potentialAction\":[{\"@type\":\"SearchAction\",\"target\":{\"@type\":\"EntryPoint\",\"urlTemplate\":\"https:\/\/www.mojabochnia.pl\/?s={search_term_string}\"},\"query-input\":{\"@type\":\"PropertyValueSpecification\",\"valueRequired\":true,\"valueName\":\"search_term_string\"}}],\"inLanguage\":\"pl-PL\"},{\"@type\":\"Organization\",\"@id\":\"https:\/\/www.mojabochnia.pl\/#organization\",\"name\":\"mojabochnia.pl - portal informacyjny\",\"url\":\"https:\/\/www.mojabochnia.pl\/\",\"logo\":{\"@type\":\"ImageObject\",\"inLanguage\":\"pl-PL\",\"@id\":\"https:\/\/www.mojabochnia.pl\/#\/schema\/logo\/image\/\",\"url\":\"https:\/\/www.mojabochnia.pl\/wp-content\/uploads\/2017\/08\/logo-mb-opt.png\",\"contentUrl\":\"https:\/\/www.mojabochnia.pl\/wp-content\/uploads\/2017\/08\/logo-mb-opt.png\",\"width\":250,\"height\":48,\"caption\":\"mojabochnia.pl - portal informacyjny\"},\"image\":{\"@id\":\"https:\/\/www.mojabochnia.pl\/#\/schema\/logo\/image\/\"},\"sameAs\":[\"https:\/\/www.facebook.com\/mojabochnia\"]},{\"@type\":\"Person\",\"@id\":\"https:\/\/www.mojabochnia.pl\/#\/schema\/person\/d4c758656c81ae00e6496831fe7b0792\",\"name\":\"Marcin Kalinowski\",\"url\":\"https:\/\/www.mojabochnia.pl\/?author=29\"}]}<\/script>\n<!-- \/ Yoast SEO plugin. -->","yoast_head_json":{"title":"Zbli\u017caj\u0105 si\u0119 \"Dni Otwarte\" w wi\u015bnickim Plastyku - mojabochnia.pl - portal informacyjny","robots":{"index":"index","follow":"follow","max-snippet":"max-snippet:-1","max-image-preview":"max-image-preview:large","max-video-preview":"max-video-preview:-1"},"canonical":"https:\/\/www.mojabochnia.pl\/?p=221960","og_locale":"pl_PL","og_type":"article","og_title":"Zbli\u017caj\u0105 si\u0119 \"Dni Otwarte\" w wi\u015bnickim Plastyku - mojabochnia.pl - portal informacyjny","og_description":"Podczas Dnia Otwartego, 20 marca 2026 r.\u00a0 od godziny 9.00 goszcz\u0105cy w naszej szkole uczniowie szk\u00f3\u0142 podstawowych, rodzice i nauczyciele b\u0119d\u0105 mogli odwiedzi\u0107 wszystkie pracownie i budynki kampusu szkolnego wraz z internatem.\u00a0 W pracowniach odbywa\u0107 si\u0119 b\u0119d\u0105 zaj\u0119cia artystyczne w ramach specjalizacji: ceramika artystyczna, fotografia artystyczna, tkanina artystyczna, renowacja element\u00f3w architektury jak r\u00f3wnie\u017c zaj\u0119cia z","og_url":"https:\/\/www.mojabochnia.pl\/?p=221960","og_site_name":"mojabochnia.pl - portal informacyjny","article_publisher":"https:\/\/www.facebook.com\/mojabochnia","article_published_time":"2026-03-13T06:53:01+00:00","og_image":[{"width":1754,"height":1240,"url":"https:\/\/www.mojabochnia.pl\/wp-content\/uploads\/2026\/03\/swiat_wokol_zs_.jpg","type":"image\/jpeg"}],"author":"Marcin Kalinowski","twitter_card":"summary_large_image","twitter_misc":{"Written by":"Marcin Kalinowski","Est. reading time":"2 minuty"},"schema":{"@context":"https:\/\/schema.org","@graph":[{"@type":"Article","@id":"https:\/\/www.mojabochnia.pl\/?p=221960#article","isPartOf":{"@id":"https:\/\/www.mojabochnia.pl\/?p=221960"},"author":{"name":"Marcin Kalinowski","@id":"https:\/\/www.mojabochnia.pl\/#\/schema\/person\/d4c758656c81ae00e6496831fe7b0792"},"headline":"Zbli\u017caj\u0105 si\u0119 &#8222;Dni Otwarte&#8221; w wi\u015bnickim Plastyku","datePublished":"2026-03-13T06:53:01+00:00","mainEntityOfPage":{"@id":"https:\/\/www.mojabochnia.pl\/?p=221960"},"wordCount":197,"commentCount":0,"publisher":{"@id":"https:\/\/www.mojabochnia.pl\/#organization"},"image":{"@id":"https:\/\/www.mojabochnia.pl\/?p=221960#primaryimage"},"thumbnailUrl":"https:\/\/www.mojabochnia.pl\/wp-content\/uploads\/2026\/03\/swiat_wokol_zs_.jpg","keywords":["Liceum Sztuk Plastycznych w Wi\u015bniczu","miasto i gmina nowy wi\u015bnicz"],"articleSection":["polityka i wydarzenia","tematyka"],"inLanguage":"pl-PL","potentialAction":[{"@type":"CommentAction","name":"Comment","target":["https:\/\/www.mojabochnia.pl\/?p=221960#respond"]}]},{"@type":"WebPage","@id":"https:\/\/www.mojabochnia.pl\/?p=221960","url":"https:\/\/www.mojabochnia.pl\/?p=221960","name":"Zbli\u017caj\u0105 si\u0119 \"Dni Otwarte\" w wi\u015bnickim Plastyku - mojabochnia.pl - portal informacyjny","isPartOf":{"@id":"https:\/\/www.mojabochnia.pl\/#website"},"primaryImageOfPage":{"@id":"https:\/\/www.mojabochnia.pl\/?p=221960#primaryimage"},"image":{"@id":"https:\/\/www.mojabochnia.pl\/?p=221960#primaryimage"},"thumbnailUrl":"https:\/\/www.mojabochnia.pl\/wp-content\/uploads\/2026\/03\/swiat_wokol_zs_.jpg","datePublished":"2026-03-13T06:53:01+00:00","breadcrumb":{"@id":"https:\/\/www.mojabochnia.pl\/?p=221960#breadcrumb"},"inLanguage":"pl-PL","potentialAction":[{"@type":"ReadAction","target":["https:\/\/www.mojabochnia.pl\/?p=221960"]}]},{"@type":"ImageObject","inLanguage":"pl-PL","@id":"https:\/\/www.mojabochnia.pl\/?p=221960#primaryimage","url":"https:\/\/www.mojabochnia.pl\/wp-content\/uploads\/2026\/03\/swiat_wokol_zs_.jpg","contentUrl":"https:\/\/www.mojabochnia.pl\/wp-content\/uploads\/2026\/03\/swiat_wokol_zs_.jpg","width":1754,"height":1240},{"@type":"BreadcrumbList","@id":"https:\/\/www.mojabochnia.pl\/?p=221960#breadcrumb","itemListElement":[{"@type":"ListItem","position":1,"name":"Home","item":"https:\/\/www.mojabochnia.pl\/"},{"@type":"ListItem","position":2,"name":"Zbli\u017caj\u0105 si\u0119 &#8222;Dni Otwarte&#8221; w wi\u015bnickim Plastyku"}]},{"@type":"WebSite","@id":"https:\/\/www.mojabochnia.pl\/#website","url":"https:\/\/www.mojabochnia.pl\/","name":"mojabochnia.pl - portal informacyjny","description":"mojaBochnia to portal informacyjny o Bochni. Codziennie o Bochni piszemy i pokazujemy najwa\u017cniejsze wydarzenia","publisher":{"@id":"https:\/\/www.mojabochnia.pl\/#organization"},"potentialAction":[{"@type":"SearchAction","target":{"@type":"EntryPoint","urlTemplate":"https:\/\/www.mojabochnia.pl\/?s={search_term_string}"},"query-input":{"@type":"PropertyValueSpecification","valueRequired":true,"valueName":"search_term_string"}}],"inLanguage":"pl-PL"},{"@type":"Organization","@id":"https:\/\/www.mojabochnia.pl\/#organization","name":"mojabochnia.pl - portal informacyjny","url":"https:\/\/www.mojabochnia.pl\/","logo":{"@type":"ImageObject","inLanguage":"pl-PL","@id":"https:\/\/www.mojabochnia.pl\/#\/schema\/logo\/image\/","url":"https:\/\/www.mojabochnia.pl\/wp-content\/uploads\/2017\/08\/logo-mb-opt.png","contentUrl":"https:\/\/www.mojabochnia.pl\/wp-content\/uploads\/2017\/08\/logo-mb-opt.png","width":250,"height":48,"caption":"mojabochnia.pl - portal informacyjny"},"image":{"@id":"https:\/\/www.mojabochnia.pl\/#\/schema\/logo\/image\/"},"sameAs":["https:\/\/www.facebook.com\/mojabochnia"]},{"@type":"Person","@id":"https:\/\/www.mojabochnia.pl\/#\/schema\/person\/d4c758656c81ae00e6496831fe7b0792","name":"Marcin Kalinowski","url":"https:\/\/www.mojabochnia.pl\/?author=29"}]}},"_links":{"self":[{"href":"https:\/\/www.mojabochnia.pl\/index.php?rest_route=\/wp\/v2\/posts\/221960","targetHints":{"allow":["GET"]}}],"collection":[{"href":"https:\/\/www.mojabochnia.pl\/index.php?rest_route=\/wp\/v2\/posts"}],"about":[{"href":"https:\/\/www.mojabochnia.pl\/index.php?rest_route=\/wp\/v2\/types\/post"}],"author":[{"embeddable":true,"href":"https:\/\/www.mojabochnia.pl\/index.php?rest_route=\/wp\/v2\/users\/29"}],"replies":[{"embeddable":true,"href":"https:\/\/www.mojabochnia.pl\/index.php?rest_route=%2Fwp%2Fv2%2Fcomments&post=221960"}],"version-history":[{"count":1,"href":"https:\/\/www.mojabochnia.pl\/index.php?rest_route=\/wp\/v2\/posts\/221960\/revisions"}],"predecessor-version":[{"id":221963,"href":"https:\/\/www.mojabochnia.pl\/index.php?rest_route=\/wp\/v2\/posts\/221960\/revisions\/221963"}],"wp:featuredmedia":[{"embeddable":true,"href":"https:\/\/www.mojabochnia.pl\/index.php?rest_route=\/wp\/v2\/media\/221962"}],"wp:attachment":[{"href":"https:\/\/www.mojabochnia.pl\/index.php?rest_route=%2Fwp%2Fv2%2Fmedia&parent=221960"}],"wp:term":[{"taxonomy":"category","embeddable":true,"href":"https:\/\/www.mojabochnia.pl\/index.php?rest_route=%2Fwp%2Fv2%2Fcategories&post=221960"},{"taxonomy":"post_tag","embeddable":true,"href":"https:\/\/www.mojabochnia.pl\/index.php?rest_route=%2Fwp%2Fv2%2Ftags&post=221960"}],"curies":[{"name":"wp","href":"https:\/\/api.w.org\/{rel}","templated":true}]}}