{"id":220359,"date":"2026-01-28T07:16:38","date_gmt":"2026-01-28T06:16:38","guid":{"rendered":"https:\/\/www.mojabochnia.pl\/?p=220359"},"modified":"2026-01-28T07:16:38","modified_gmt":"2026-01-28T06:16:38","slug":"zmiany-w-800-dla-obywateli-ukrainy","status":"publish","type":"post","link":"https:\/\/www.mojabochnia.pl\/?p=220359","title":{"rendered":"Zmiany w 800+ dla obywateli Ukrainy"},"content":{"rendered":"<p style=\"font-weight: 400;\"><strong>W lutym zmieni\u0105 si\u0119 zasady wyp\u0142aty \u015bwiadczenia 800+ dla obywateli Ukrainy ze statusem UKR. Nowe przepisy obejm\u0105 oko\u0142o 150 tys. os\u00f3b, kt\u00f3re b\u0119d\u0105 mia\u0142y obowi\u0105zek ponownie z\u0142o\u017cy\u0107 wniosek oraz spe\u0142ni\u0107 warunek aktywno\u015bci zawodowej.<\/strong><\/p>\n<p style=\"font-weight: 400;\">31 stycznia 2026 roku wyp\u0142ata \u015bwiadczenia 800+ dla obywateli Ukrainy ze statusem UKR zostanie wstrzymana. Aby mogli oni zachowa\u0107 prawo do \u015bwiadczenia, od 1 lutego 2026 roku b\u0119d\u0105 musieli z\u0142o\u017cy\u0107 nowy wniosek na okres \u015bwiadczeniowy 2025\/2026. Nowe zasady dotycz\u0105 wy\u0142\u0105cznie tej grupy i obejm\u0105 oko\u0142o 150 tys. os\u00f3b, kt\u00f3re przebywaj\u0105 w Polsce w zwi\u0105zku z dzia\u0142aniami wojennymi w Ukrainie.<\/p>\n<p style=\"font-weight: 400;\"><strong>Co trzeba zrobi\u0107, aby dalej otrzymywa\u0107 800+<\/strong><\/p>\n<p style=\"font-weight: 400;\">We wniosku sk\u0142adanym od 1 lutego 2026 roku trzeba b\u0119dzie:<\/p>\n<ul style=\"font-weight: 400;\">\n<li>poda\u0107 obowi\u0105zkowy numer PESEL wnioskodawcy i dziecka,<\/li>\n<li>wskaza\u0107 dane dotycz\u0105ce przekroczenia granicy,<\/li>\n<li>potwierdzi\u0107 legalno\u015b\u0107 pobytu w Polsce,<\/li>\n<li>potwierdzi\u0107 spe\u0142nienie warunku aktywno\u015bci zawodowej,<\/li>\n<li>z\u0142o\u017cy\u0107 o\u015bwiadczenie, \u017ce dziecko ucz\u0119szcza w Polsce do szko\u0142y lub przedszkola.<\/li>\n<\/ul>\n<p style=\"font-weight: 400;\">Wniosek b\u0119dzie zawiera\u0142 tak\u017ce nowe pytania dotycz\u0105ce niepe\u0142nosprawno\u015bci dziecka.<\/p>\n<p style=\"font-weight: 400;\"><strong>Jak ZUS sprawdzi aktywno\u015b\u0107 zawodow\u0105<\/strong><\/p>\n<p style=\"font-weight: 400;\">Prawo do \u015bwiadczenia b\u0119dzie co do zasady zale\u017ce\u0107 od aktywno\u015bci zawodowej osoby, kt\u00f3ra sk\u0142ada wniosek, w miesi\u0105cu poprzedzaj\u0105cym jego z\u0142o\u017cenie. ZUS sprawdzi ten warunek na podstawie danych z system\u00f3w ubezpieczeniowych. W wi\u0119kszo\u015bci przypadk\u00f3w nie trzeba b\u0119dzie dostarcza\u0107 dodatkowych dokument\u00f3w.<\/p>\n<p style=\"font-weight: 400;\">Za aktywno\u015b\u0107 zawodow\u0105 uznaje si\u0119 m.in.:<\/p>\n<ul style=\"font-weight: 400;\">\n<li>prac\u0119 na umow\u0119 o prac\u0119 lub umow\u0119 zlecenia,<\/li>\n<li>prowadzenie dzia\u0142alno\u015bci gospodarczej,<\/li>\n<li>pobieranie stypendium sportowego i doktoranckiego,<\/li>\n<li>pobieranie zasi\u0142ku dla bezrobotnych lub udzia\u0142 w szkoleniach ze stypendium.<\/li>\n<\/ul>\n<p style=\"font-weight: 400;\">Pe\u0142ny katalog aktywno\u015bci, kt\u00f3re umo\u017cliwiaj\u0105 otrzymanie \u015bwiadczenia, jest dost\u0119pny na stronie <strong><a onclick=\"javascript:pageTracker._trackPageview('\/outgoing\/www.zus.pl\/');\"  href=\"http:\/\/www.zus.pl\/\">www.zus.pl<\/a><\/strong>.<\/p>\n<p style=\"font-weight: 400;\">W przypadku os\u00f3b, kt\u00f3re wykonuj\u0105 pewne rodzaje aktywno\u015bci zawodowej, wymagane b\u0119dzie, aby podstawa ich wymiaru sk\u0142adek na ubezpieczenie emerytalno-rentowe wynosi\u0142a co najmniej 50 proc. minimalnego wynagrodzenia. Natomiast dla innej grupy klient\u00f3w pr\u00f3g ten b\u0119dzie wymagany na poziomie 30 proc. minimalnego wynagrodzenia. Z obowi\u0105zku spe\u0142nienia tego warunku zwolnieni s\u0105 m.in. rodzice dzieci z niepe\u0142nosprawno\u015bciami oraz osoby, kt\u00f3re wnioskuj\u0105 o \u015bwiadczenie na dziecko b\u0119d\u0105ce obywatelem Polski.<\/p>\n<p style=\"font-weight: 400;\"><strong>Jakie warunki zwi\u0105zane z nauk\u0105 i miejscem zamieszkania musi spe\u0142nia\u0107 dziecko<\/strong><\/p>\n<p style=\"font-weight: 400;\">\u015awiadczenie przys\u0142uguje teraz tylko wtedy, gdy dziecko realizuje obowi\u0105zek przedszkolny lub szkolny w polskiej plac\u00f3wce edukacyjnej. Zar\u00f3wno dziecko, jak i wnioskodawca musz\u0105 mieszka\u0107 w Polsce. W uzasadnionych przypadkach, np. odroczenia obowi\u0105zku szkolnego, konieczne b\u0119dzie przedstawienie za\u015bwiadczenia.<\/p>\n<p style=\"font-weight: 400;\">\u2013 ZUS mo\u017ce wstrzyma\u0107 wyp\u0142at\u0119 \u015bwiadczenia 800+, je\u015bli pojawi\u0105 si\u0119 w\u0105tpliwo\u015bci co do tego, czy dana osoba mieszka w Polsce, co do aktywno\u015bci zawodowej rodzica lub tego, czy dziecko realizuje obowi\u0105zek nauki. B\u0119dziemy regularnie, co miesi\u0105c sprawdza\u0107, czy te warunki s\u0105 spe\u0142nione \u2013 podkre\u015bla Ewa Krysiewicz, wicedyrektor Departamentu \u015awiadcze\u0144 dla Rodzin z Centrali Zak\u0142adu Ubezpiecze\u0144 Spo\u0142ecznych.<\/p>\n<p style=\"font-weight: 400;\"><strong>Czy zmiany dotycz\u0105 r\u00f3wnie\u017c obywateli innych kraj\u00f3w<\/strong><\/p>\n<p style=\"font-weight: 400;\">Podobne zasady odnosz\u0105ce si\u0119 do aktywno\u015bci zawodowej zostan\u0105 wprowadzone 1 czerwca 2026 roku tak\u017ce dla innych cudzoziemc\u00f3w spoza UE i EFTA, kt\u00f3rzy legalnie przebywaj\u0105 w Polsce i maj\u0105 dost\u0119p do rynku pracy. Zmiany te nie dotycz\u0105 obywateli Polski ani obywateli UE, EFTA i Wielkiej Brytanii obj\u0119tych umow\u0105 wyst\u0105pienia.<\/p>\n<p style=\"font-weight: 400;\">\n<p style=\"font-weight: 400;\">\n<p style=\"font-weight: 400;\"><strong>Anna Szaniawska<\/strong><\/p>\n<p style=\"font-weight: 400;\">regionalny rzecznik prasowy ZUS<\/p>\n<p style=\"font-weight: 400;\">wojew\u00f3dztwa ma\u0142opolskiego<\/p>\n<p>&nbsp;<\/p>\n","protected":false},"excerpt":{"rendered":"<p>W lutym zmieni\u0105 si\u0119 zasady wyp\u0142aty \u015bwiadczenia 800+ dla obywateli Ukrainy ze statusem UKR. Nowe przepisy obejm\u0105 oko\u0142o 150 tys. os\u00f3b, kt\u00f3re b\u0119d\u0105 mia\u0142y obowi\u0105zek ponownie z\u0142o\u017cy\u0107 wniosek oraz spe\u0142ni\u0107 warunek aktywno\u015bci zawodowej. 31 stycznia 2026 roku wyp\u0142ata \u015bwiadczenia 800+ dla obywateli Ukrainy ze statusem UKR zostanie wstrzymana. Aby mogli oni zachowa\u0107 prawo do \u015bwiadczenia,<\/p>\n","protected":false},"author":29,"featured_media":56645,"comment_status":"open","ping_status":"closed","sticky":false,"template":"","format":"standard","meta":{"_acf_changed":false,"footnotes":""},"categories":[6251,6250],"tags":[2923],"class_list":["post-220359","post","type-post","status-publish","format-standard","has-post-thumbnail","hentry","category-polityka-i-wydarzenia","category-tematyka","tag-zaklad-ubezpieczen-spolecznych","main_tag-powiat-bochenski"],"acf":[],"yoast_head":"<!-- This site is optimized with the Yoast SEO plugin v26.9 - https:\/\/yoast.com\/product\/yoast-seo-wordpress\/ -->\n<title>Zmiany w 800+ dla obywateli Ukrainy - mojabochnia.pl - portal informacyjny<\/title>\n<meta name=\"robots\" content=\"index, follow, max-snippet:-1, max-image-preview:large, max-video-preview:-1\" \/>\n<link rel=\"canonical\" href=\"https:\/\/www.mojabochnia.pl\/?p=220359\" \/>\n<meta property=\"og:locale\" content=\"pl_PL\" \/>\n<meta property=\"og:type\" content=\"article\" \/>\n<meta property=\"og:title\" content=\"Zmiany w 800+ dla obywateli Ukrainy - mojabochnia.pl - portal informacyjny\" \/>\n<meta property=\"og:description\" content=\"W lutym zmieni\u0105 si\u0119 zasady wyp\u0142aty \u015bwiadczenia 800+ dla obywateli Ukrainy ze statusem UKR. Nowe przepisy obejm\u0105 oko\u0142o 150 tys. os\u00f3b, kt\u00f3re b\u0119d\u0105 mia\u0142y obowi\u0105zek ponownie z\u0142o\u017cy\u0107 wniosek oraz spe\u0142ni\u0107 warunek aktywno\u015bci zawodowej. 31 stycznia 2026 roku wyp\u0142ata \u015bwiadczenia 800+ dla obywateli Ukrainy ze statusem UKR zostanie wstrzymana. Aby mogli oni zachowa\u0107 prawo do \u015bwiadczenia,\" \/>\n<meta property=\"og:url\" content=\"https:\/\/www.mojabochnia.pl\/?p=220359\" \/>\n<meta property=\"og:site_name\" content=\"mojabochnia.pl - portal informacyjny\" \/>\n<meta property=\"article:publisher\" content=\"https:\/\/www.facebook.com\/mojabochnia\" \/>\n<meta property=\"article:published_time\" content=\"2026-01-28T06:16:38+00:00\" \/>\n<meta property=\"og:image\" content=\"https:\/\/www.mojabochnia.pl\/wp-content\/uploads\/2011\/08\/money.jpg\" \/>\n\t<meta property=\"og:image:width\" content=\"800\" \/>\n\t<meta property=\"og:image:height\" content=\"451\" \/>\n\t<meta property=\"og:image:type\" content=\"image\/jpeg\" \/>\n<meta name=\"author\" content=\"Marcin Kalinowski\" \/>\n<meta name=\"twitter:card\" content=\"summary_large_image\" \/>\n<meta name=\"twitter:label1\" content=\"Written by\" \/>\n\t<meta name=\"twitter:data1\" content=\"Marcin Kalinowski\" \/>\n\t<meta name=\"twitter:label2\" content=\"Est. reading time\" \/>\n\t<meta name=\"twitter:data2\" content=\"3 minuty\" \/>\n<script type=\"application\/ld+json\" class=\"yoast-schema-graph\">{\"@context\":\"https:\/\/schema.org\",\"@graph\":[{\"@type\":\"Article\",\"@id\":\"https:\/\/www.mojabochnia.pl\/?p=220359#article\",\"isPartOf\":{\"@id\":\"https:\/\/www.mojabochnia.pl\/?p=220359\"},\"author\":{\"name\":\"Marcin Kalinowski\",\"@id\":\"https:\/\/www.mojabochnia.pl\/#\/schema\/person\/d4c758656c81ae00e6496831fe7b0792\"},\"headline\":\"Zmiany w 800+ dla obywateli Ukrainy\",\"datePublished\":\"2026-01-28T06:16:38+00:00\",\"mainEntityOfPage\":{\"@id\":\"https:\/\/www.mojabochnia.pl\/?p=220359\"},\"wordCount\":570,\"commentCount\":0,\"publisher\":{\"@id\":\"https:\/\/www.mojabochnia.pl\/#organization\"},\"image\":{\"@id\":\"https:\/\/www.mojabochnia.pl\/?p=220359#primaryimage\"},\"thumbnailUrl\":\"https:\/\/www.mojabochnia.pl\/wp-content\/uploads\/2011\/08\/money.jpg\",\"keywords\":[\"zak\u0142ad ubezpiecze\u0144 spo\u0142ecznych\"],\"articleSection\":[\"polityka i wydarzenia\",\"tematyka\"],\"inLanguage\":\"pl-PL\",\"potentialAction\":[{\"@type\":\"CommentAction\",\"name\":\"Comment\",\"target\":[\"https:\/\/www.mojabochnia.pl\/?p=220359#respond\"]}]},{\"@type\":\"WebPage\",\"@id\":\"https:\/\/www.mojabochnia.pl\/?p=220359\",\"url\":\"https:\/\/www.mojabochnia.pl\/?p=220359\",\"name\":\"Zmiany w 800+ dla obywateli Ukrainy - mojabochnia.pl - portal informacyjny\",\"isPartOf\":{\"@id\":\"https:\/\/www.mojabochnia.pl\/#website\"},\"primaryImageOfPage\":{\"@id\":\"https:\/\/www.mojabochnia.pl\/?p=220359#primaryimage\"},\"image\":{\"@id\":\"https:\/\/www.mojabochnia.pl\/?p=220359#primaryimage\"},\"thumbnailUrl\":\"https:\/\/www.mojabochnia.pl\/wp-content\/uploads\/2011\/08\/money.jpg\",\"datePublished\":\"2026-01-28T06:16:38+00:00\",\"breadcrumb\":{\"@id\":\"https:\/\/www.mojabochnia.pl\/?p=220359#breadcrumb\"},\"inLanguage\":\"pl-PL\",\"potentialAction\":[{\"@type\":\"ReadAction\",\"target\":[\"https:\/\/www.mojabochnia.pl\/?p=220359\"]}]},{\"@type\":\"ImageObject\",\"inLanguage\":\"pl-PL\",\"@id\":\"https:\/\/www.mojabochnia.pl\/?p=220359#primaryimage\",\"url\":\"https:\/\/www.mojabochnia.pl\/wp-content\/uploads\/2011\/08\/money.jpg\",\"contentUrl\":\"https:\/\/www.mojabochnia.pl\/wp-content\/uploads\/2011\/08\/money.jpg\",\"width\":800,\"height\":451,\"caption\":\"z arch. MB\"},{\"@type\":\"BreadcrumbList\",\"@id\":\"https:\/\/www.mojabochnia.pl\/?p=220359#breadcrumb\",\"itemListElement\":[{\"@type\":\"ListItem\",\"position\":1,\"name\":\"Home\",\"item\":\"https:\/\/www.mojabochnia.pl\/\"},{\"@type\":\"ListItem\",\"position\":2,\"name\":\"Zmiany w 800+ dla obywateli Ukrainy\"}]},{\"@type\":\"WebSite\",\"@id\":\"https:\/\/www.mojabochnia.pl\/#website\",\"url\":\"https:\/\/www.mojabochnia.pl\/\",\"name\":\"mojabochnia.pl - portal informacyjny\",\"description\":\"mojaBochnia to portal informacyjny o Bochni. Codziennie o Bochni piszemy i pokazujemy najwa\u017cniejsze wydarzenia\",\"publisher\":{\"@id\":\"https:\/\/www.mojabochnia.pl\/#organization\"},\"potentialAction\":[{\"@type\":\"SearchAction\",\"target\":{\"@type\":\"EntryPoint\",\"urlTemplate\":\"https:\/\/www.mojabochnia.pl\/?s={search_term_string}\"},\"query-input\":{\"@type\":\"PropertyValueSpecification\",\"valueRequired\":true,\"valueName\":\"search_term_string\"}}],\"inLanguage\":\"pl-PL\"},{\"@type\":\"Organization\",\"@id\":\"https:\/\/www.mojabochnia.pl\/#organization\",\"name\":\"mojabochnia.pl - portal informacyjny\",\"url\":\"https:\/\/www.mojabochnia.pl\/\",\"logo\":{\"@type\":\"ImageObject\",\"inLanguage\":\"pl-PL\",\"@id\":\"https:\/\/www.mojabochnia.pl\/#\/schema\/logo\/image\/\",\"url\":\"https:\/\/www.mojabochnia.pl\/wp-content\/uploads\/2017\/08\/logo-mb-opt.png\",\"contentUrl\":\"https:\/\/www.mojabochnia.pl\/wp-content\/uploads\/2017\/08\/logo-mb-opt.png\",\"width\":250,\"height\":48,\"caption\":\"mojabochnia.pl - portal informacyjny\"},\"image\":{\"@id\":\"https:\/\/www.mojabochnia.pl\/#\/schema\/logo\/image\/\"},\"sameAs\":[\"https:\/\/www.facebook.com\/mojabochnia\"]},{\"@type\":\"Person\",\"@id\":\"https:\/\/www.mojabochnia.pl\/#\/schema\/person\/d4c758656c81ae00e6496831fe7b0792\",\"name\":\"Marcin Kalinowski\",\"url\":\"https:\/\/www.mojabochnia.pl\/?author=29\"}]}<\/script>\n<!-- \/ Yoast SEO plugin. -->","yoast_head_json":{"title":"Zmiany w 800+ dla obywateli Ukrainy - mojabochnia.pl - portal informacyjny","robots":{"index":"index","follow":"follow","max-snippet":"max-snippet:-1","max-image-preview":"max-image-preview:large","max-video-preview":"max-video-preview:-1"},"canonical":"https:\/\/www.mojabochnia.pl\/?p=220359","og_locale":"pl_PL","og_type":"article","og_title":"Zmiany w 800+ dla obywateli Ukrainy - mojabochnia.pl - portal informacyjny","og_description":"W lutym zmieni\u0105 si\u0119 zasady wyp\u0142aty \u015bwiadczenia 800+ dla obywateli Ukrainy ze statusem UKR. Nowe przepisy obejm\u0105 oko\u0142o 150 tys. os\u00f3b, kt\u00f3re b\u0119d\u0105 mia\u0142y obowi\u0105zek ponownie z\u0142o\u017cy\u0107 wniosek oraz spe\u0142ni\u0107 warunek aktywno\u015bci zawodowej. 31 stycznia 2026 roku wyp\u0142ata \u015bwiadczenia 800+ dla obywateli Ukrainy ze statusem UKR zostanie wstrzymana. Aby mogli oni zachowa\u0107 prawo do \u015bwiadczenia,","og_url":"https:\/\/www.mojabochnia.pl\/?p=220359","og_site_name":"mojabochnia.pl - portal informacyjny","article_publisher":"https:\/\/www.facebook.com\/mojabochnia","article_published_time":"2026-01-28T06:16:38+00:00","og_image":[{"width":800,"height":451,"url":"https:\/\/www.mojabochnia.pl\/wp-content\/uploads\/2011\/08\/money.jpg","type":"image\/jpeg"}],"author":"Marcin Kalinowski","twitter_card":"summary_large_image","twitter_misc":{"Written by":"Marcin Kalinowski","Est. reading time":"3 minuty"},"schema":{"@context":"https:\/\/schema.org","@graph":[{"@type":"Article","@id":"https:\/\/www.mojabochnia.pl\/?p=220359#article","isPartOf":{"@id":"https:\/\/www.mojabochnia.pl\/?p=220359"},"author":{"name":"Marcin Kalinowski","@id":"https:\/\/www.mojabochnia.pl\/#\/schema\/person\/d4c758656c81ae00e6496831fe7b0792"},"headline":"Zmiany w 800+ dla obywateli Ukrainy","datePublished":"2026-01-28T06:16:38+00:00","mainEntityOfPage":{"@id":"https:\/\/www.mojabochnia.pl\/?p=220359"},"wordCount":570,"commentCount":0,"publisher":{"@id":"https:\/\/www.mojabochnia.pl\/#organization"},"image":{"@id":"https:\/\/www.mojabochnia.pl\/?p=220359#primaryimage"},"thumbnailUrl":"https:\/\/www.mojabochnia.pl\/wp-content\/uploads\/2011\/08\/money.jpg","keywords":["zak\u0142ad ubezpiecze\u0144 spo\u0142ecznych"],"articleSection":["polityka i wydarzenia","tematyka"],"inLanguage":"pl-PL","potentialAction":[{"@type":"CommentAction","name":"Comment","target":["https:\/\/www.mojabochnia.pl\/?p=220359#respond"]}]},{"@type":"WebPage","@id":"https:\/\/www.mojabochnia.pl\/?p=220359","url":"https:\/\/www.mojabochnia.pl\/?p=220359","name":"Zmiany w 800+ dla obywateli Ukrainy - mojabochnia.pl - portal informacyjny","isPartOf":{"@id":"https:\/\/www.mojabochnia.pl\/#website"},"primaryImageOfPage":{"@id":"https:\/\/www.mojabochnia.pl\/?p=220359#primaryimage"},"image":{"@id":"https:\/\/www.mojabochnia.pl\/?p=220359#primaryimage"},"thumbnailUrl":"https:\/\/www.mojabochnia.pl\/wp-content\/uploads\/2011\/08\/money.jpg","datePublished":"2026-01-28T06:16:38+00:00","breadcrumb":{"@id":"https:\/\/www.mojabochnia.pl\/?p=220359#breadcrumb"},"inLanguage":"pl-PL","potentialAction":[{"@type":"ReadAction","target":["https:\/\/www.mojabochnia.pl\/?p=220359"]}]},{"@type":"ImageObject","inLanguage":"pl-PL","@id":"https:\/\/www.mojabochnia.pl\/?p=220359#primaryimage","url":"https:\/\/www.mojabochnia.pl\/wp-content\/uploads\/2011\/08\/money.jpg","contentUrl":"https:\/\/www.mojabochnia.pl\/wp-content\/uploads\/2011\/08\/money.jpg","width":800,"height":451,"caption":"z arch. MB"},{"@type":"BreadcrumbList","@id":"https:\/\/www.mojabochnia.pl\/?p=220359#breadcrumb","itemListElement":[{"@type":"ListItem","position":1,"name":"Home","item":"https:\/\/www.mojabochnia.pl\/"},{"@type":"ListItem","position":2,"name":"Zmiany w 800+ dla obywateli Ukrainy"}]},{"@type":"WebSite","@id":"https:\/\/www.mojabochnia.pl\/#website","url":"https:\/\/www.mojabochnia.pl\/","name":"mojabochnia.pl - portal informacyjny","description":"mojaBochnia to portal informacyjny o Bochni. Codziennie o Bochni piszemy i pokazujemy najwa\u017cniejsze wydarzenia","publisher":{"@id":"https:\/\/www.mojabochnia.pl\/#organization"},"potentialAction":[{"@type":"SearchAction","target":{"@type":"EntryPoint","urlTemplate":"https:\/\/www.mojabochnia.pl\/?s={search_term_string}"},"query-input":{"@type":"PropertyValueSpecification","valueRequired":true,"valueName":"search_term_string"}}],"inLanguage":"pl-PL"},{"@type":"Organization","@id":"https:\/\/www.mojabochnia.pl\/#organization","name":"mojabochnia.pl - portal informacyjny","url":"https:\/\/www.mojabochnia.pl\/","logo":{"@type":"ImageObject","inLanguage":"pl-PL","@id":"https:\/\/www.mojabochnia.pl\/#\/schema\/logo\/image\/","url":"https:\/\/www.mojabochnia.pl\/wp-content\/uploads\/2017\/08\/logo-mb-opt.png","contentUrl":"https:\/\/www.mojabochnia.pl\/wp-content\/uploads\/2017\/08\/logo-mb-opt.png","width":250,"height":48,"caption":"mojabochnia.pl - portal informacyjny"},"image":{"@id":"https:\/\/www.mojabochnia.pl\/#\/schema\/logo\/image\/"},"sameAs":["https:\/\/www.facebook.com\/mojabochnia"]},{"@type":"Person","@id":"https:\/\/www.mojabochnia.pl\/#\/schema\/person\/d4c758656c81ae00e6496831fe7b0792","name":"Marcin Kalinowski","url":"https:\/\/www.mojabochnia.pl\/?author=29"}]}},"_links":{"self":[{"href":"https:\/\/www.mojabochnia.pl\/index.php?rest_route=\/wp\/v2\/posts\/220359","targetHints":{"allow":["GET"]}}],"collection":[{"href":"https:\/\/www.mojabochnia.pl\/index.php?rest_route=\/wp\/v2\/posts"}],"about":[{"href":"https:\/\/www.mojabochnia.pl\/index.php?rest_route=\/wp\/v2\/types\/post"}],"author":[{"embeddable":true,"href":"https:\/\/www.mojabochnia.pl\/index.php?rest_route=\/wp\/v2\/users\/29"}],"replies":[{"embeddable":true,"href":"https:\/\/www.mojabochnia.pl\/index.php?rest_route=%2Fwp%2Fv2%2Fcomments&post=220359"}],"version-history":[{"count":1,"href":"https:\/\/www.mojabochnia.pl\/index.php?rest_route=\/wp\/v2\/posts\/220359\/revisions"}],"predecessor-version":[{"id":220361,"href":"https:\/\/www.mojabochnia.pl\/index.php?rest_route=\/wp\/v2\/posts\/220359\/revisions\/220361"}],"wp:featuredmedia":[{"embeddable":true,"href":"https:\/\/www.mojabochnia.pl\/index.php?rest_route=\/wp\/v2\/media\/56645"}],"wp:attachment":[{"href":"https:\/\/www.mojabochnia.pl\/index.php?rest_route=%2Fwp%2Fv2%2Fmedia&parent=220359"}],"wp:term":[{"taxonomy":"category","embeddable":true,"href":"https:\/\/www.mojabochnia.pl\/index.php?rest_route=%2Fwp%2Fv2%2Fcategories&post=220359"},{"taxonomy":"post_tag","embeddable":true,"href":"https:\/\/www.mojabochnia.pl\/index.php?rest_route=%2Fwp%2Fv2%2Ftags&post=220359"}],"curies":[{"name":"wp","href":"https:\/\/api.w.org\/{rel}","templated":true}]}}