{"id":219854,"date":"2026-01-23T09:45:36","date_gmt":"2026-01-23T08:45:36","guid":{"rendered":"https:\/\/www.mojabochnia.pl\/?p=219854"},"modified":"2026-01-23T09:45:36","modified_gmt":"2026-01-23T08:45:36","slug":"w-niedziele-po-34-zagra-wosp-program","status":"publish","type":"post","link":"https:\/\/www.mojabochnia.pl\/?p=219854","title":{"rendered":"W niedziel\u0119 po 34 zagra WO\u015aP. Program"},"content":{"rendered":"<div class=\"short_desc\"><strong>W najbli\u017csz\u0105 niedziel\u0119 mieszka\u0144cy Bochni ponownie zagraj\u0105 razem z Wielk\u0105 Orkiestr\u0105 \u015awi\u0105tecznej Pomocy. 34. Fina\u0142 WO\u015aP odb\u0119dzie si\u0119 na boche\u0144skim Rynku i b\u0119dzie po\u0142\u0105czony z koncertami, atrakcjami oraz zbi\u00f3rk\u0105 na rzecz najm\u0142odszych pacjent\u00f3w. Powiat Boche\u0144ski po raz kolejny w\u0142\u0105cza si\u0119 w og\u00f3lnopolsk\u0105 akcj\u0119, wspieraj\u0105c jej przebieg i promuj\u0105c cel tegorocznej edycji.<\/strong><\/div>\n<p>G\u0142\u00f3wna cz\u0119\u015b\u0107 boche\u0144skiego fina\u0142u rozpocznie si\u0119 o godz. 12.00 na Rynku. W programie znalaz\u0142y si\u0119 koncerty, wyst\u0119py lokalnych artyst\u00f3w oraz prezentacje instytucji i s\u0142u\u017cb. Swoje stoiska przygotuj\u0105 m.in. Boche\u0144ski Szpital, Policja, Stra\u017c Po\u017carna, Zak\u0142ad Karny, Zarz\u0105dzanie Kryzysowe Starostwa, OSP Do\u0142uszyce, Rescue Team, Ma\u0142opolska Grupa Szybkiego Reagowania, Miejski Dom Kultury, Fundacja Jestem i Fundacja Wspornik. Na scenie wyst\u0105pi\u0105 m.in. uczniowie z II LO oraz Zespo\u0142u Szk\u00f3\u0142 Nr 1 w Bochni,\u00a0Crystal Voices,\u00a0a tak\u017ce zespo\u0142y Zmilcz, Spaw i The Manuskrypt. Tradycyjnie o godz. 20:00 zaplanowano \u015awiate\u0142ko do Nieba. Dla uczestnik\u00f3w przygotowano ciep\u0142\u0105 groch\u00f3wk\u0119, herbat\u0119 i kaw\u0119.<\/p>\n<p>Fina\u0142owi towarzyszy\u0107 b\u0119d\u0105 r\u00f3wnie\u017c wydarzenia dodatkowe. W Zespole Szk\u00f3\u0142 nr 3 w Bochni od godziny 13.00 do 16.00 odb\u0119d\u0105 si\u0119 warsztaty plastyczne i fotobudka\u00a0z Werner Kenkel,a tak\u017ce bal karnawa\u0142owy z atrakcjami dla dzieci. W godzinach 16.00\u201319.00 zaplanowano maraton zumby z Dance &amp; Fitness House.<\/p>\n<p>R\u00f3wnie\u017c w niedziel\u0119 o 10:30 morsowanie nad Rab\u0105. W Leszczynie miejscowe OSP zaprasza na akcj\u0119 krwiodawstwa od 8:30 do 12:30. Na wszystkich Pan\u00f3w czeka r\u00f3wnie\u017c zak\u0142ad fryzjerski Tw\u00f3j Fryzjer na ul. Floris. Natomiast w sobot\u0119 na strzelnicy MCS przy ul. Strzeleckiej odb\u0119dzie si\u0119 bieg \u201ePolicz si\u0119 z cukrzyc\u0105\u201d w godzinach 12.00\u201314.00.<\/p>\n<p>Ka\u017cdy mo\u017ce w\u0142\u0105czy\u0107 si\u0119 w pomoc. Datki b\u0119dzie mo\u017cna przekaza\u0107 do puszek podczas fina\u0142u oraz u partner\u00f3w. Dla os\u00f3b preferuj\u0105cych form\u0119 online przygotowano eSkarbonki WO\u015aP. Zbi\u00f3rk\u0119 mo\u017cna wesprze\u0107 r\u00f3wnie\u017c przez aukcje charytatywne. Powiat Boche\u0144ski przekaza\u0142 na licytacje zestaw ksi\u0105\u017cek, zestaw solny oraz wyj\u0105tkowy obraz z autografem Wicepremiera i Ministra Spraw Zagranicznych Rados\u0142awa Sikorskiego.<\/p>\n<p>Wielka Orkiestra \u015awi\u0105tecznej Pomocy dzia\u0142a od 1993 roku, wyposa\u017caj\u0105c szpitale w nowoczesny sprz\u0119t oraz wspieraj\u0105c specjalistyczn\u0105 opiek\u0119 medyczn\u0105. Dzi\u0119ki hojno\u015bci darczy\u0144c\u00f3w, pracy wolontariuszy i zaanga\u017cowaniu samorz\u0105d\u00f3w fina\u0142y WO\u015aP sta\u0142y si\u0119 symbolem solidarno\u015bci i troski o najm\u0142odszych.<\/p>\n<p>Warto podkre\u015bli\u0107, \u017ce od 2022 roku Wielka Orkiestra \u015awi\u0105tecznej Pomocy wspar\u0142a Szpital Powiatowy w Bochni kwot\u0105 blisko 1 mln z\u0142. \u015arodki przeznaczono m.in. na aparat do nieinwazyjnego wspomagania oddychania noworodka oraz urz\u0105dzenie do identyfikacji metod\u0105 spektrometrii. W 2021 roku w boche\u0144skiej lecznicy otwarto tak\u017ce Pododdzia\u0142 Intensywnego Nadzoru Noworodka im. WO\u015aP, co znacz\u0105co poprawi\u0142o standard opieki nad najm\u0142odszymi pacjentami.<\/p>\n<p>Cel 34. Fina\u0142u WO\u015aP to wsparcie diagnostyki i leczenia chor\u00f3b przewodu pokarmowego u dzieci. Zebrane \u015brodki umo\u017cliwi\u0105 zakup nowoczesnego sprz\u0119tu ratuj\u0105cego zdrowie i \u017cycie najm\u0142odszych w ca\u0142ej Polsce.<\/p>\n<p><img loading=\"lazy\" decoding=\"async\" class=\"alignnone wp-image-219856 size-full\" src=\"https:\/\/www.mojabochnia.pl\/wp-content\/uploads\/2026\/01\/wystepy-PLAKAT-34-FINAL-WOSP-1.png\" alt=\"\" width=\"1587\" height=\"2245\" srcset=\"https:\/\/www.mojabochnia.pl\/wp-content\/uploads\/2026\/01\/wystepy-PLAKAT-34-FINAL-WOSP-1.png 1587w, https:\/\/www.mojabochnia.pl\/wp-content\/uploads\/2026\/01\/wystepy-PLAKAT-34-FINAL-WOSP-1-468x662.png 468w, https:\/\/www.mojabochnia.pl\/wp-content\/uploads\/2026\/01\/wystepy-PLAKAT-34-FINAL-WOSP-1-1050x1485.png 1050w, https:\/\/www.mojabochnia.pl\/wp-content\/uploads\/2026\/01\/wystepy-PLAKAT-34-FINAL-WOSP-1-120x170.png 120w, https:\/\/www.mojabochnia.pl\/wp-content\/uploads\/2026\/01\/wystepy-PLAKAT-34-FINAL-WOSP-1-768x1086.png 768w, https:\/\/www.mojabochnia.pl\/wp-content\/uploads\/2026\/01\/wystepy-PLAKAT-34-FINAL-WOSP-1-1086x1536.png 1086w, https:\/\/www.mojabochnia.pl\/wp-content\/uploads\/2026\/01\/wystepy-PLAKAT-34-FINAL-WOSP-1-1448x2048.png 1448w\" sizes=\"auto, (max-width: 1587px) 100vw, 1587px\" \/><\/p>\n","protected":false},"excerpt":{"rendered":"<p>W najbli\u017csz\u0105 niedziel\u0119 mieszka\u0144cy Bochni ponownie zagraj\u0105 razem z Wielk\u0105 Orkiestr\u0105 \u015awi\u0105tecznej Pomocy. 34. Fina\u0142 WO\u015aP odb\u0119dzie si\u0119 na boche\u0144skim Rynku i b\u0119dzie po\u0142\u0105czony z koncertami, atrakcjami oraz zbi\u00f3rk\u0105 na rzecz najm\u0142odszych pacjent\u00f3w. Powiat Boche\u0144ski po raz kolejny w\u0142\u0105cza si\u0119 w og\u00f3lnopolsk\u0105 akcj\u0119, wspieraj\u0105c jej przebieg i promuj\u0105c cel tegorocznej edycji. G\u0142\u00f3wna cz\u0119\u015b\u0107 boche\u0144skiego fina\u0142u<\/p>\n","protected":false},"author":29,"featured_media":212531,"comment_status":"open","ping_status":"closed","sticky":false,"template":"","format":"standard","meta":{"_acf_changed":false,"footnotes":""},"categories":[6251,6250],"tags":[22641,17127,19720,1703],"class_list":["post-219854","post","type-post","status-publish","format-standard","has-post-thumbnail","hentry","category-polityka-i-wydarzenia","category-tematyka","tag-34-final-wosp","tag-powiat-bochenski","tag-top-temat","tag-wielka-orkiestra-swiatecznej-pomocy","main_tag-powiat-bochenski"],"acf":[],"yoast_head":"<!-- This site is optimized with the Yoast SEO plugin v26.9 - https:\/\/yoast.com\/product\/yoast-seo-wordpress\/ -->\n<title>W niedziel\u0119 po 34 zagra WO\u015aP. Program - mojabochnia.pl - portal informacyjny<\/title>\n<meta name=\"robots\" content=\"index, follow, max-snippet:-1, max-image-preview:large, max-video-preview:-1\" \/>\n<link rel=\"canonical\" href=\"https:\/\/www.mojabochnia.pl\/?p=219854\" \/>\n<meta property=\"og:locale\" content=\"pl_PL\" \/>\n<meta property=\"og:type\" content=\"article\" \/>\n<meta property=\"og:title\" content=\"W niedziel\u0119 po 34 zagra WO\u015aP. Program - mojabochnia.pl - portal informacyjny\" \/>\n<meta property=\"og:description\" content=\"W najbli\u017csz\u0105 niedziel\u0119 mieszka\u0144cy Bochni ponownie zagraj\u0105 razem z Wielk\u0105 Orkiestr\u0105 \u015awi\u0105tecznej Pomocy. 34. Fina\u0142 WO\u015aP odb\u0119dzie si\u0119 na boche\u0144skim Rynku i b\u0119dzie po\u0142\u0105czony z koncertami, atrakcjami oraz zbi\u00f3rk\u0105 na rzecz najm\u0142odszych pacjent\u00f3w. Powiat Boche\u0144ski po raz kolejny w\u0142\u0105cza si\u0119 w og\u00f3lnopolsk\u0105 akcj\u0119, wspieraj\u0105c jej przebieg i promuj\u0105c cel tegorocznej edycji. G\u0142\u00f3wna cz\u0119\u015b\u0107 boche\u0144skiego fina\u0142u\" \/>\n<meta property=\"og:url\" content=\"https:\/\/www.mojabochnia.pl\/?p=219854\" \/>\n<meta property=\"og:site_name\" content=\"mojabochnia.pl - portal informacyjny\" \/>\n<meta property=\"article:publisher\" content=\"https:\/\/www.facebook.com\/mojabochnia\" \/>\n<meta property=\"article:published_time\" content=\"2026-01-23T08:45:36+00:00\" \/>\n<meta property=\"og:image\" content=\"https:\/\/www.mojabochnia.pl\/wp-content\/uploads\/2025\/01\/DSC_9042.jpg.jpg\" \/>\n\t<meta property=\"og:image:width\" content=\"1500\" \/>\n\t<meta property=\"og:image:height\" content=\"1000\" \/>\n\t<meta property=\"og:image:type\" content=\"image\/jpeg\" \/>\n<meta name=\"author\" content=\"Marcin Kalinowski\" \/>\n<meta name=\"twitter:card\" content=\"summary_large_image\" \/>\n<meta name=\"twitter:label1\" content=\"Written by\" \/>\n\t<meta name=\"twitter:data1\" content=\"Marcin Kalinowski\" \/>\n\t<meta name=\"twitter:label2\" content=\"Est. reading time\" \/>\n\t<meta name=\"twitter:data2\" content=\"3 minuty\" \/>\n<script type=\"application\/ld+json\" class=\"yoast-schema-graph\">{\"@context\":\"https:\/\/schema.org\",\"@graph\":[{\"@type\":\"Article\",\"@id\":\"https:\/\/www.mojabochnia.pl\/?p=219854#article\",\"isPartOf\":{\"@id\":\"https:\/\/www.mojabochnia.pl\/?p=219854\"},\"author\":{\"name\":\"Marcin Kalinowski\",\"@id\":\"https:\/\/www.mojabochnia.pl\/#\/schema\/person\/d4c758656c81ae00e6496831fe7b0792\"},\"headline\":\"W niedziel\u0119 po 34 zagra WO\u015aP. Program\",\"datePublished\":\"2026-01-23T08:45:36+00:00\",\"mainEntityOfPage\":{\"@id\":\"https:\/\/www.mojabochnia.pl\/?p=219854\"},\"wordCount\":513,\"commentCount\":0,\"publisher\":{\"@id\":\"https:\/\/www.mojabochnia.pl\/#organization\"},\"image\":{\"@id\":\"https:\/\/www.mojabochnia.pl\/?p=219854#primaryimage\"},\"thumbnailUrl\":\"https:\/\/www.mojabochnia.pl\/wp-content\/uploads\/2025\/01\/DSC_9042.jpg.jpg\",\"keywords\":[\"34 fina\u0142 WO\u015aP\",\"powiat boche\u0144ski\",\"top temat\",\"wielka orkiestra \u015bwi\u0105tecznej pomocy\"],\"articleSection\":[\"polityka i wydarzenia\",\"tematyka\"],\"inLanguage\":\"pl-PL\",\"potentialAction\":[{\"@type\":\"CommentAction\",\"name\":\"Comment\",\"target\":[\"https:\/\/www.mojabochnia.pl\/?p=219854#respond\"]}]},{\"@type\":\"WebPage\",\"@id\":\"https:\/\/www.mojabochnia.pl\/?p=219854\",\"url\":\"https:\/\/www.mojabochnia.pl\/?p=219854\",\"name\":\"W niedziel\u0119 po 34 zagra WO\u015aP. Program - mojabochnia.pl - portal informacyjny\",\"isPartOf\":{\"@id\":\"https:\/\/www.mojabochnia.pl\/#website\"},\"primaryImageOfPage\":{\"@id\":\"https:\/\/www.mojabochnia.pl\/?p=219854#primaryimage\"},\"image\":{\"@id\":\"https:\/\/www.mojabochnia.pl\/?p=219854#primaryimage\"},\"thumbnailUrl\":\"https:\/\/www.mojabochnia.pl\/wp-content\/uploads\/2025\/01\/DSC_9042.jpg.jpg\",\"datePublished\":\"2026-01-23T08:45:36+00:00\",\"breadcrumb\":{\"@id\":\"https:\/\/www.mojabochnia.pl\/?p=219854#breadcrumb\"},\"inLanguage\":\"pl-PL\",\"potentialAction\":[{\"@type\":\"ReadAction\",\"target\":[\"https:\/\/www.mojabochnia.pl\/?p=219854\"]}]},{\"@type\":\"ImageObject\",\"inLanguage\":\"pl-PL\",\"@id\":\"https:\/\/www.mojabochnia.pl\/?p=219854#primaryimage\",\"url\":\"https:\/\/www.mojabochnia.pl\/wp-content\/uploads\/2025\/01\/DSC_9042.jpg.jpg\",\"contentUrl\":\"https:\/\/www.mojabochnia.pl\/wp-content\/uploads\/2025\/01\/DSC_9042.jpg.jpg\",\"width\":1500,\"height\":1000,\"caption\":\"nades\u0142ane\"},{\"@type\":\"BreadcrumbList\",\"@id\":\"https:\/\/www.mojabochnia.pl\/?p=219854#breadcrumb\",\"itemListElement\":[{\"@type\":\"ListItem\",\"position\":1,\"name\":\"Home\",\"item\":\"https:\/\/www.mojabochnia.pl\/\"},{\"@type\":\"ListItem\",\"position\":2,\"name\":\"W niedziel\u0119 po 34 zagra WO\u015aP. Program\"}]},{\"@type\":\"WebSite\",\"@id\":\"https:\/\/www.mojabochnia.pl\/#website\",\"url\":\"https:\/\/www.mojabochnia.pl\/\",\"name\":\"mojabochnia.pl - portal informacyjny\",\"description\":\"mojaBochnia to portal informacyjny o Bochni. Codziennie o Bochni piszemy i pokazujemy najwa\u017cniejsze wydarzenia\",\"publisher\":{\"@id\":\"https:\/\/www.mojabochnia.pl\/#organization\"},\"potentialAction\":[{\"@type\":\"SearchAction\",\"target\":{\"@type\":\"EntryPoint\",\"urlTemplate\":\"https:\/\/www.mojabochnia.pl\/?s={search_term_string}\"},\"query-input\":{\"@type\":\"PropertyValueSpecification\",\"valueRequired\":true,\"valueName\":\"search_term_string\"}}],\"inLanguage\":\"pl-PL\"},{\"@type\":\"Organization\",\"@id\":\"https:\/\/www.mojabochnia.pl\/#organization\",\"name\":\"mojabochnia.pl - portal informacyjny\",\"url\":\"https:\/\/www.mojabochnia.pl\/\",\"logo\":{\"@type\":\"ImageObject\",\"inLanguage\":\"pl-PL\",\"@id\":\"https:\/\/www.mojabochnia.pl\/#\/schema\/logo\/image\/\",\"url\":\"https:\/\/www.mojabochnia.pl\/wp-content\/uploads\/2017\/08\/logo-mb-opt.png\",\"contentUrl\":\"https:\/\/www.mojabochnia.pl\/wp-content\/uploads\/2017\/08\/logo-mb-opt.png\",\"width\":250,\"height\":48,\"caption\":\"mojabochnia.pl - portal informacyjny\"},\"image\":{\"@id\":\"https:\/\/www.mojabochnia.pl\/#\/schema\/logo\/image\/\"},\"sameAs\":[\"https:\/\/www.facebook.com\/mojabochnia\"]},{\"@type\":\"Person\",\"@id\":\"https:\/\/www.mojabochnia.pl\/#\/schema\/person\/d4c758656c81ae00e6496831fe7b0792\",\"name\":\"Marcin Kalinowski\",\"url\":\"https:\/\/www.mojabochnia.pl\/?author=29\"}]}<\/script>\n<!-- \/ Yoast SEO plugin. -->","yoast_head_json":{"title":"W niedziel\u0119 po 34 zagra WO\u015aP. Program - mojabochnia.pl - portal informacyjny","robots":{"index":"index","follow":"follow","max-snippet":"max-snippet:-1","max-image-preview":"max-image-preview:large","max-video-preview":"max-video-preview:-1"},"canonical":"https:\/\/www.mojabochnia.pl\/?p=219854","og_locale":"pl_PL","og_type":"article","og_title":"W niedziel\u0119 po 34 zagra WO\u015aP. Program - mojabochnia.pl - portal informacyjny","og_description":"W najbli\u017csz\u0105 niedziel\u0119 mieszka\u0144cy Bochni ponownie zagraj\u0105 razem z Wielk\u0105 Orkiestr\u0105 \u015awi\u0105tecznej Pomocy. 34. Fina\u0142 WO\u015aP odb\u0119dzie si\u0119 na boche\u0144skim Rynku i b\u0119dzie po\u0142\u0105czony z koncertami, atrakcjami oraz zbi\u00f3rk\u0105 na rzecz najm\u0142odszych pacjent\u00f3w. Powiat Boche\u0144ski po raz kolejny w\u0142\u0105cza si\u0119 w og\u00f3lnopolsk\u0105 akcj\u0119, wspieraj\u0105c jej przebieg i promuj\u0105c cel tegorocznej edycji. G\u0142\u00f3wna cz\u0119\u015b\u0107 boche\u0144skiego fina\u0142u","og_url":"https:\/\/www.mojabochnia.pl\/?p=219854","og_site_name":"mojabochnia.pl - portal informacyjny","article_publisher":"https:\/\/www.facebook.com\/mojabochnia","article_published_time":"2026-01-23T08:45:36+00:00","og_image":[{"width":1500,"height":1000,"url":"https:\/\/www.mojabochnia.pl\/wp-content\/uploads\/2025\/01\/DSC_9042.jpg.jpg","type":"image\/jpeg"}],"author":"Marcin Kalinowski","twitter_card":"summary_large_image","twitter_misc":{"Written by":"Marcin Kalinowski","Est. reading time":"3 minuty"},"schema":{"@context":"https:\/\/schema.org","@graph":[{"@type":"Article","@id":"https:\/\/www.mojabochnia.pl\/?p=219854#article","isPartOf":{"@id":"https:\/\/www.mojabochnia.pl\/?p=219854"},"author":{"name":"Marcin Kalinowski","@id":"https:\/\/www.mojabochnia.pl\/#\/schema\/person\/d4c758656c81ae00e6496831fe7b0792"},"headline":"W niedziel\u0119 po 34 zagra WO\u015aP. Program","datePublished":"2026-01-23T08:45:36+00:00","mainEntityOfPage":{"@id":"https:\/\/www.mojabochnia.pl\/?p=219854"},"wordCount":513,"commentCount":0,"publisher":{"@id":"https:\/\/www.mojabochnia.pl\/#organization"},"image":{"@id":"https:\/\/www.mojabochnia.pl\/?p=219854#primaryimage"},"thumbnailUrl":"https:\/\/www.mojabochnia.pl\/wp-content\/uploads\/2025\/01\/DSC_9042.jpg.jpg","keywords":["34 fina\u0142 WO\u015aP","powiat boche\u0144ski","top temat","wielka orkiestra \u015bwi\u0105tecznej pomocy"],"articleSection":["polityka i wydarzenia","tematyka"],"inLanguage":"pl-PL","potentialAction":[{"@type":"CommentAction","name":"Comment","target":["https:\/\/www.mojabochnia.pl\/?p=219854#respond"]}]},{"@type":"WebPage","@id":"https:\/\/www.mojabochnia.pl\/?p=219854","url":"https:\/\/www.mojabochnia.pl\/?p=219854","name":"W niedziel\u0119 po 34 zagra WO\u015aP. Program - mojabochnia.pl - portal informacyjny","isPartOf":{"@id":"https:\/\/www.mojabochnia.pl\/#website"},"primaryImageOfPage":{"@id":"https:\/\/www.mojabochnia.pl\/?p=219854#primaryimage"},"image":{"@id":"https:\/\/www.mojabochnia.pl\/?p=219854#primaryimage"},"thumbnailUrl":"https:\/\/www.mojabochnia.pl\/wp-content\/uploads\/2025\/01\/DSC_9042.jpg.jpg","datePublished":"2026-01-23T08:45:36+00:00","breadcrumb":{"@id":"https:\/\/www.mojabochnia.pl\/?p=219854#breadcrumb"},"inLanguage":"pl-PL","potentialAction":[{"@type":"ReadAction","target":["https:\/\/www.mojabochnia.pl\/?p=219854"]}]},{"@type":"ImageObject","inLanguage":"pl-PL","@id":"https:\/\/www.mojabochnia.pl\/?p=219854#primaryimage","url":"https:\/\/www.mojabochnia.pl\/wp-content\/uploads\/2025\/01\/DSC_9042.jpg.jpg","contentUrl":"https:\/\/www.mojabochnia.pl\/wp-content\/uploads\/2025\/01\/DSC_9042.jpg.jpg","width":1500,"height":1000,"caption":"nades\u0142ane"},{"@type":"BreadcrumbList","@id":"https:\/\/www.mojabochnia.pl\/?p=219854#breadcrumb","itemListElement":[{"@type":"ListItem","position":1,"name":"Home","item":"https:\/\/www.mojabochnia.pl\/"},{"@type":"ListItem","position":2,"name":"W niedziel\u0119 po 34 zagra WO\u015aP. Program"}]},{"@type":"WebSite","@id":"https:\/\/www.mojabochnia.pl\/#website","url":"https:\/\/www.mojabochnia.pl\/","name":"mojabochnia.pl - portal informacyjny","description":"mojaBochnia to portal informacyjny o Bochni. Codziennie o Bochni piszemy i pokazujemy najwa\u017cniejsze wydarzenia","publisher":{"@id":"https:\/\/www.mojabochnia.pl\/#organization"},"potentialAction":[{"@type":"SearchAction","target":{"@type":"EntryPoint","urlTemplate":"https:\/\/www.mojabochnia.pl\/?s={search_term_string}"},"query-input":{"@type":"PropertyValueSpecification","valueRequired":true,"valueName":"search_term_string"}}],"inLanguage":"pl-PL"},{"@type":"Organization","@id":"https:\/\/www.mojabochnia.pl\/#organization","name":"mojabochnia.pl - portal informacyjny","url":"https:\/\/www.mojabochnia.pl\/","logo":{"@type":"ImageObject","inLanguage":"pl-PL","@id":"https:\/\/www.mojabochnia.pl\/#\/schema\/logo\/image\/","url":"https:\/\/www.mojabochnia.pl\/wp-content\/uploads\/2017\/08\/logo-mb-opt.png","contentUrl":"https:\/\/www.mojabochnia.pl\/wp-content\/uploads\/2017\/08\/logo-mb-opt.png","width":250,"height":48,"caption":"mojabochnia.pl - portal informacyjny"},"image":{"@id":"https:\/\/www.mojabochnia.pl\/#\/schema\/logo\/image\/"},"sameAs":["https:\/\/www.facebook.com\/mojabochnia"]},{"@type":"Person","@id":"https:\/\/www.mojabochnia.pl\/#\/schema\/person\/d4c758656c81ae00e6496831fe7b0792","name":"Marcin Kalinowski","url":"https:\/\/www.mojabochnia.pl\/?author=29"}]}},"_links":{"self":[{"href":"https:\/\/www.mojabochnia.pl\/index.php?rest_route=\/wp\/v2\/posts\/219854","targetHints":{"allow":["GET"]}}],"collection":[{"href":"https:\/\/www.mojabochnia.pl\/index.php?rest_route=\/wp\/v2\/posts"}],"about":[{"href":"https:\/\/www.mojabochnia.pl\/index.php?rest_route=\/wp\/v2\/types\/post"}],"author":[{"embeddable":true,"href":"https:\/\/www.mojabochnia.pl\/index.php?rest_route=\/wp\/v2\/users\/29"}],"replies":[{"embeddable":true,"href":"https:\/\/www.mojabochnia.pl\/index.php?rest_route=%2Fwp%2Fv2%2Fcomments&post=219854"}],"version-history":[{"count":1,"href":"https:\/\/www.mojabochnia.pl\/index.php?rest_route=\/wp\/v2\/posts\/219854\/revisions"}],"predecessor-version":[{"id":219857,"href":"https:\/\/www.mojabochnia.pl\/index.php?rest_route=\/wp\/v2\/posts\/219854\/revisions\/219857"}],"wp:featuredmedia":[{"embeddable":true,"href":"https:\/\/www.mojabochnia.pl\/index.php?rest_route=\/wp\/v2\/media\/212531"}],"wp:attachment":[{"href":"https:\/\/www.mojabochnia.pl\/index.php?rest_route=%2Fwp%2Fv2%2Fmedia&parent=219854"}],"wp:term":[{"taxonomy":"category","embeddable":true,"href":"https:\/\/www.mojabochnia.pl\/index.php?rest_route=%2Fwp%2Fv2%2Fcategories&post=219854"},{"taxonomy":"post_tag","embeddable":true,"href":"https:\/\/www.mojabochnia.pl\/index.php?rest_route=%2Fwp%2Fv2%2Ftags&post=219854"}],"curies":[{"name":"wp","href":"https:\/\/api.w.org\/{rel}","templated":true}]}}