{"id":219848,"date":"2026-01-23T09:35:46","date_gmt":"2026-01-23T08:35:46","guid":{"rendered":"https:\/\/www.mojabochnia.pl\/?p=219848"},"modified":"2026-01-23T09:35:46","modified_gmt":"2026-01-23T08:35:46","slug":"przelom-na-malopolskich-drogach-mniej-niz-100-ofiar","status":"publish","type":"post","link":"https:\/\/www.mojabochnia.pl\/?p=219848","title":{"rendered":"Prze\u0142om na ma\u0142opolskich drogach: mniej ni\u017c 100 ofiar"},"content":{"rendered":"<div class=\"short-desc\"><strong>Ma\u0142opolska po raz pierwszy w\u00a0historii odnotowa\u0142a mniej ni\u017c 100 ofiar \u015bmiertelnych w\u00a0wypadkach drogowych. W\u00a02025 roku na ma\u0142opolskich drogach zgin\u0119\u0142o 91 os\u00f3b, podczas gdy rok wcze\u015bniej by\u0142o ich 115. To krok w\u00a0stron\u0119 Wizji Zero \u2013 zero ofiar \u015bmiertelnych do 2050 roku. <\/strong><\/div>\n<p>Podczas posiedzenia Wojew\u00f3dzkiej Rady Bezpiecze\u0144stwa Ruchu Drogowego zaprezentowano dane statystyczne dotycz\u0105ce bezpiecze\u0144stwa w ruchu drogowym. \u00a0Ma\u0142opolska mimo jednego z najwi\u0119kszych nat\u0119\u017ce\u0144 ruchu w kraju notuje wyra\u017an\u0105 popraw\u0119. Po raz pierwszy w historii liczba ofiar \u015bmiertelnych w regionie zesz\u0142a poni\u017cej granicy stu. W 2025 roku na ma\u0142opolskich drogach zgin\u0119\u0142o <strong>91 os\u00f3b<\/strong>. W\u00a0stosunku do roku wcze\u015bniejszego to spadek <strong>o ponad 20%.\u00a0<\/strong><\/p>\n<p>Ma\u0142opolska konsekwentnie poprawia bezpiecze\u0144stwo na drogach. W\u00a0\u015brod\u0119, 21 stycznia 2026 roku Koleje Ma\u0142opolskie oraz Ma\u0142opolska Wojew\u00f3dzka Rada Bezpiecze\u0144stwa Ruchu Drogowego podpisa\u0142y porozumienie o\u00a0partnerstwie. Ma ono wzmocni\u0107 wsp\u00f3\u0142prac\u0119 w\u00a0obszarze edukacji, bada\u0144 oraz dzia\u0142a\u0144 prewencyjnych, by jeszcze ograniczy\u0107 liczb\u0119 wypadk\u00f3w i\u00a0ofiar \u015bmiertelnych w\u00a0regionie. Cho\u0107 ju\u017c dzi\u015b s\u0105 powody do dumy.<\/p>\n<blockquote><p>W 2019 roku postawili\u015bmy sobie ambitny cel: zmniejszy\u0107 liczb\u0119 ofiar \u015bmiertelnych o\u00a050% do 2025 roku. I\u00a0to uda\u0142o si\u0119 osi\u0105gn\u0105\u0107. Dzi\u0119kuj\u0119 s\u0142u\u017cbom oraz zarz\u0105dcom dr\u00f3g. To pokazuje, jak\u0105 wsp\u00f3ln\u0105 si\u0142\u0119 mamy, je\u015bli chodzi o\u00a0bezpiecze\u0144stwo. Dzi\u0119ki temu mo\u017cemy wyznacza\u0107 kolejne cele: 50 ofiar do 2030 roku i\u00a0zero do 2050 roku. Razem mo\u017cemy wi\u0119cej<\/p><\/blockquote>\n<p>\u2013 podkre\u015bla marsza\u0142ek \u0141ukasz Sm\u00f3\u0142ka.<\/p>\n<p><img loading=\"lazy\" decoding=\"async\" class=\"alignnone wp-image-219850 size-full\" src=\"https:\/\/www.mojabochnia.pl\/wp-content\/uploads\/2026\/01\/wypadki1.jpg\" alt=\"\" width=\"1500\" height=\"843\" srcset=\"https:\/\/www.mojabochnia.pl\/wp-content\/uploads\/2026\/01\/wypadki1.jpg 1500w, https:\/\/www.mojabochnia.pl\/wp-content\/uploads\/2026\/01\/wypadki1-468x263.jpg 468w, https:\/\/www.mojabochnia.pl\/wp-content\/uploads\/2026\/01\/wypadki1-1050x590.jpg 1050w, https:\/\/www.mojabochnia.pl\/wp-content\/uploads\/2026\/01\/wypadki1-120x67.jpg 120w, https:\/\/www.mojabochnia.pl\/wp-content\/uploads\/2026\/01\/wypadki1-768x432.jpg 768w\" sizes=\"auto, (max-width: 1500px) 100vw, 1500px\" \/><\/p>\n<p>Najwi\u0119cej wypadk\u00f3w odnotowano w\u00a0Krakowie &#8211;\u00a0930, a\u00a0najwi\u0119cej ofiar \u015bmiertelnych w\u00a0powiatach: tarnowskim (10) i\u00a0wielickim (8). Na drogach gin\u0119li przewa\u017cnie m\u0142odzi ludzie w\u00a0wieku od 25 do 39 lat. Wci\u0105\u017c g\u0142\u00f3wnymi przyczynami wypadk\u00f3w s\u0105 niedostosowanie pr\u0119dko\u015bci do warunk\u00f3w ruchu i\u00a0nieust\u0105pienie pierwsze\u0144stwa przejazdu. Winnymi gro\u017anych sytuacji na drogach s\u0105 r\u00f3wnie\u017c piesi wbiegaj\u0105cy na jezdnie.<\/p>\n<blockquote><p>Nieustannie musimy poprawia\u0107 bezpiecze\u0144stwo pieszych &#8211;\u00a0szczeg\u00f3lnie zim\u0105, gdy s\u0105 oni s\u0142abo widoczni. Musimy do\u015bwietli\u0107 przej\u015bcia dla pieszych i\u00a0promowa\u0107 odblaski. To wa\u017cne zw\u0142aszcza dla dzieci i\u00a0senior\u00f3w. Odblaski powinny by\u0107 standardem, bo tylko wtedy kierowca ma czas zareagowa\u0107<\/p><\/blockquote>\n<p>\u2013 zaznacza wicemarsza\u0142ek Ryszard Pagacz.<\/p>\n<p>W 2025 roku wzros\u0142a natomiast liczba ujawnionych nietrze\u017awych kierowc\u00f3w. Po spo\u017cyciu alkoholu i\u00a0\u015brodk\u00f3w odurzaj\u0105cych za kierownic\u0119 wsiad\u0142o 6\u00a0637 os\u00f3b.<\/p>\n<p><img loading=\"lazy\" decoding=\"async\" class=\"alignnone wp-image-219851 size-full\" src=\"https:\/\/www.mojabochnia.pl\/wp-content\/uploads\/2026\/01\/wypadki2.png\" alt=\"\" width=\"1500\" height=\"843\" srcset=\"https:\/\/www.mojabochnia.pl\/wp-content\/uploads\/2026\/01\/wypadki2.png 1500w, https:\/\/www.mojabochnia.pl\/wp-content\/uploads\/2026\/01\/wypadki2-468x263.png 468w, https:\/\/www.mojabochnia.pl\/wp-content\/uploads\/2026\/01\/wypadki2-1050x590.png 1050w, https:\/\/www.mojabochnia.pl\/wp-content\/uploads\/2026\/01\/wypadki2-120x67.png 120w, https:\/\/www.mojabochnia.pl\/wp-content\/uploads\/2026\/01\/wypadki2-768x432.png 768w\" sizes=\"auto, (max-width: 1500px) 100vw, 1500px\" \/><\/p>\n<p><em>\u017ar\u00f3d\u0142o: Urz\u0105d Marsza\u0142kowski Wojew\u00f3dztwa Ma\u0142opolskiego<\/em><\/p>\n\t  \r\n\t\r\n\t    <div class=\"mb-gallery\">\r\n\t    <a href=\"https:\/\/www.mojabochnia.pl\/?attachment_id=219850\" class=\"\"><img loading=\"lazy\" decoding=\"async\" width=\"100\" height=\"100\" src=\"https:\/\/www.mojabochnia.pl\/wp-content\/uploads\/2026\/01\/wypadki1-100x100.jpg\" class=\"attachment-100x100 size-100x100\" alt=\"\" srcset=\"https:\/\/www.mojabochnia.pl\/wp-content\/uploads\/2026\/01\/wypadki1-100x100.jpg 100w, https:\/\/www.mojabochnia.pl\/wp-content\/uploads\/2026\/01\/wypadki1-96x96.jpg 96w, https:\/\/www.mojabochnia.pl\/wp-content\/uploads\/2026\/01\/wypadki1-84x84.jpg 84w\" sizes=\"auto, (max-width: 100px) 100vw, 100px\" \/><\/a><a href=\"https:\/\/www.mojabochnia.pl\/?attachment_id=219851\" class=\"\"><img loading=\"lazy\" decoding=\"async\" width=\"100\" height=\"100\" src=\"https:\/\/www.mojabochnia.pl\/wp-content\/uploads\/2026\/01\/wypadki2-100x100.png\" class=\"attachment-100x100 size-100x100\" alt=\"\" srcset=\"https:\/\/www.mojabochnia.pl\/wp-content\/uploads\/2026\/01\/wypadki2-100x100.png 100w, https:\/\/www.mojabochnia.pl\/wp-content\/uploads\/2026\/01\/wypadki2-96x96.png 96w, https:\/\/www.mojabochnia.pl\/wp-content\/uploads\/2026\/01\/wypadki2-84x84.png 84w\" sizes=\"auto, (max-width: 100px) 100vw, 100px\" \/><\/a><a href=\"https:\/\/www.mojabochnia.pl\/?attachment_id=219852\" class=\"\"><img loading=\"lazy\" decoding=\"async\" width=\"100\" height=\"100\" src=\"https:\/\/www.mojabochnia.pl\/wp-content\/uploads\/2026\/01\/UMWM210126_017-100x100.jpg\" class=\"attachment-100x100 size-100x100\" alt=\"\" srcset=\"https:\/\/www.mojabochnia.pl\/wp-content\/uploads\/2026\/01\/UMWM210126_017-100x100.jpg 100w, https:\/\/www.mojabochnia.pl\/wp-content\/uploads\/2026\/01\/UMWM210126_017-96x96.jpg 96w, https:\/\/www.mojabochnia.pl\/wp-content\/uploads\/2026\/01\/UMWM210126_017-84x84.jpg 84w\" sizes=\"auto, (max-width: 100px) 100vw, 100px\" \/><\/a>\t    <\/div>\r\n\t    ","protected":false},"excerpt":{"rendered":"<p>Ma\u0142opolska po raz pierwszy w\u00a0historii odnotowa\u0142a mniej ni\u017c 100 ofiar \u015bmiertelnych w\u00a0wypadkach drogowych. W\u00a02025 roku na ma\u0142opolskich drogach zgin\u0119\u0142o 91 os\u00f3b, podczas gdy rok wcze\u015bniej by\u0142o ich 115. To krok w\u00a0stron\u0119 Wizji Zero \u2013 zero ofiar \u015bmiertelnych do 2050 roku. Podczas posiedzenia Wojew\u00f3dzkiej Rady Bezpiecze\u0144stwa Ruchu Drogowego zaprezentowano dane statystyczne dotycz\u0105ce bezpiecze\u0144stwa w ruchu drogowym.<\/p>\n","protected":false},"author":29,"featured_media":219852,"comment_status":"open","ping_status":"closed","sticky":false,"template":"","format":"standard","meta":{"_acf_changed":false,"footnotes":""},"categories":[6251,6250],"tags":[22668,507,20100,17127],"class_list":["post-219848","post","type-post","status-publish","format-standard","has-post-thumbnail","hentry","category-polityka-i-wydarzenia","category-tematyka","tag-bezpieczenstwo-drogowe","tag-malopolska","tag-policja-bochnia","tag-powiat-bochenski","main_tag-powiat-bochenski"],"acf":[],"yoast_head":"<!-- This site is optimized with the Yoast SEO plugin v26.9 - https:\/\/yoast.com\/product\/yoast-seo-wordpress\/ -->\n<title>Prze\u0142om na ma\u0142opolskich drogach: mniej ni\u017c 100 ofiar - mojabochnia.pl - portal informacyjny<\/title>\n<meta name=\"robots\" content=\"index, follow, max-snippet:-1, max-image-preview:large, max-video-preview:-1\" \/>\n<link rel=\"canonical\" href=\"https:\/\/www.mojabochnia.pl\/?p=219848\" \/>\n<meta property=\"og:locale\" content=\"pl_PL\" \/>\n<meta property=\"og:type\" content=\"article\" \/>\n<meta property=\"og:title\" content=\"Prze\u0142om na ma\u0142opolskich drogach: mniej ni\u017c 100 ofiar - mojabochnia.pl - portal informacyjny\" \/>\n<meta property=\"og:description\" content=\"Ma\u0142opolska po raz pierwszy w\u00a0historii odnotowa\u0142a mniej ni\u017c 100 ofiar \u015bmiertelnych w\u00a0wypadkach drogowych. W\u00a02025 roku na ma\u0142opolskich drogach zgin\u0119\u0142o 91 os\u00f3b, podczas gdy rok wcze\u015bniej by\u0142o ich 115. To krok w\u00a0stron\u0119 Wizji Zero \u2013 zero ofiar \u015bmiertelnych do 2050 roku. Podczas posiedzenia Wojew\u00f3dzkiej Rady Bezpiecze\u0144stwa Ruchu Drogowego zaprezentowano dane statystyczne dotycz\u0105ce bezpiecze\u0144stwa w ruchu drogowym.\" \/>\n<meta property=\"og:url\" content=\"https:\/\/www.mojabochnia.pl\/?p=219848\" \/>\n<meta property=\"og:site_name\" content=\"mojabochnia.pl - portal informacyjny\" \/>\n<meta property=\"article:publisher\" content=\"https:\/\/www.facebook.com\/mojabochnia\" \/>\n<meta property=\"article:published_time\" content=\"2026-01-23T08:35:46+00:00\" \/>\n<meta property=\"og:image\" content=\"https:\/\/www.mojabochnia.pl\/wp-content\/uploads\/2026\/01\/UMWM210126_017.jpg\" \/>\n\t<meta property=\"og:image:width\" content=\"1200\" \/>\n\t<meta property=\"og:image:height\" content=\"800\" \/>\n\t<meta property=\"og:image:type\" content=\"image\/jpeg\" \/>\n<meta name=\"author\" content=\"Marcin Kalinowski\" \/>\n<meta name=\"twitter:card\" content=\"summary_large_image\" \/>\n<meta name=\"twitter:label1\" content=\"Written by\" \/>\n\t<meta name=\"twitter:data1\" content=\"Marcin Kalinowski\" \/>\n\t<meta name=\"twitter:label2\" content=\"Est. reading time\" \/>\n\t<meta name=\"twitter:data2\" content=\"2 minuty\" \/>\n<script type=\"application\/ld+json\" class=\"yoast-schema-graph\">{\"@context\":\"https:\/\/schema.org\",\"@graph\":[{\"@type\":\"Article\",\"@id\":\"https:\/\/www.mojabochnia.pl\/?p=219848#article\",\"isPartOf\":{\"@id\":\"https:\/\/www.mojabochnia.pl\/?p=219848\"},\"author\":{\"name\":\"Marcin Kalinowski\",\"@id\":\"https:\/\/www.mojabochnia.pl\/#\/schema\/person\/d4c758656c81ae00e6496831fe7b0792\"},\"headline\":\"Prze\u0142om na ma\u0142opolskich drogach: mniej ni\u017c 100 ofiar\",\"datePublished\":\"2026-01-23T08:35:46+00:00\",\"mainEntityOfPage\":{\"@id\":\"https:\/\/www.mojabochnia.pl\/?p=219848\"},\"wordCount\":413,\"commentCount\":0,\"publisher\":{\"@id\":\"https:\/\/www.mojabochnia.pl\/#organization\"},\"image\":{\"@id\":\"https:\/\/www.mojabochnia.pl\/?p=219848#primaryimage\"},\"thumbnailUrl\":\"https:\/\/www.mojabochnia.pl\/wp-content\/uploads\/2026\/01\/UMWM210126_017.jpg\",\"keywords\":[\"bezpiecze\u0144stwo drogowe\",\"ma\u0142opolska\",\"policja bochnia\",\"powiat boche\u0144ski\"],\"articleSection\":[\"polityka i wydarzenia\",\"tematyka\"],\"inLanguage\":\"pl-PL\",\"potentialAction\":[{\"@type\":\"CommentAction\",\"name\":\"Comment\",\"target\":[\"https:\/\/www.mojabochnia.pl\/?p=219848#respond\"]}]},{\"@type\":\"WebPage\",\"@id\":\"https:\/\/www.mojabochnia.pl\/?p=219848\",\"url\":\"https:\/\/www.mojabochnia.pl\/?p=219848\",\"name\":\"Prze\u0142om na ma\u0142opolskich drogach: mniej ni\u017c 100 ofiar - mojabochnia.pl - portal informacyjny\",\"isPartOf\":{\"@id\":\"https:\/\/www.mojabochnia.pl\/#website\"},\"primaryImageOfPage\":{\"@id\":\"https:\/\/www.mojabochnia.pl\/?p=219848#primaryimage\"},\"image\":{\"@id\":\"https:\/\/www.mojabochnia.pl\/?p=219848#primaryimage\"},\"thumbnailUrl\":\"https:\/\/www.mojabochnia.pl\/wp-content\/uploads\/2026\/01\/UMWM210126_017.jpg\",\"datePublished\":\"2026-01-23T08:35:46+00:00\",\"breadcrumb\":{\"@id\":\"https:\/\/www.mojabochnia.pl\/?p=219848#breadcrumb\"},\"inLanguage\":\"pl-PL\",\"potentialAction\":[{\"@type\":\"ReadAction\",\"target\":[\"https:\/\/www.mojabochnia.pl\/?p=219848\"]}]},{\"@type\":\"ImageObject\",\"inLanguage\":\"pl-PL\",\"@id\":\"https:\/\/www.mojabochnia.pl\/?p=219848#primaryimage\",\"url\":\"https:\/\/www.mojabochnia.pl\/wp-content\/uploads\/2026\/01\/UMWM210126_017.jpg\",\"contentUrl\":\"https:\/\/www.mojabochnia.pl\/wp-content\/uploads\/2026\/01\/UMWM210126_017.jpg\",\"width\":1200,\"height\":800},{\"@type\":\"BreadcrumbList\",\"@id\":\"https:\/\/www.mojabochnia.pl\/?p=219848#breadcrumb\",\"itemListElement\":[{\"@type\":\"ListItem\",\"position\":1,\"name\":\"Home\",\"item\":\"https:\/\/www.mojabochnia.pl\/\"},{\"@type\":\"ListItem\",\"position\":2,\"name\":\"Prze\u0142om na ma\u0142opolskich drogach: mniej ni\u017c 100 ofiar\"}]},{\"@type\":\"WebSite\",\"@id\":\"https:\/\/www.mojabochnia.pl\/#website\",\"url\":\"https:\/\/www.mojabochnia.pl\/\",\"name\":\"mojabochnia.pl - portal informacyjny\",\"description\":\"mojaBochnia to portal informacyjny o Bochni. Codziennie o Bochni piszemy i pokazujemy najwa\u017cniejsze wydarzenia\",\"publisher\":{\"@id\":\"https:\/\/www.mojabochnia.pl\/#organization\"},\"potentialAction\":[{\"@type\":\"SearchAction\",\"target\":{\"@type\":\"EntryPoint\",\"urlTemplate\":\"https:\/\/www.mojabochnia.pl\/?s={search_term_string}\"},\"query-input\":{\"@type\":\"PropertyValueSpecification\",\"valueRequired\":true,\"valueName\":\"search_term_string\"}}],\"inLanguage\":\"pl-PL\"},{\"@type\":\"Organization\",\"@id\":\"https:\/\/www.mojabochnia.pl\/#organization\",\"name\":\"mojabochnia.pl - portal informacyjny\",\"url\":\"https:\/\/www.mojabochnia.pl\/\",\"logo\":{\"@type\":\"ImageObject\",\"inLanguage\":\"pl-PL\",\"@id\":\"https:\/\/www.mojabochnia.pl\/#\/schema\/logo\/image\/\",\"url\":\"https:\/\/www.mojabochnia.pl\/wp-content\/uploads\/2017\/08\/logo-mb-opt.png\",\"contentUrl\":\"https:\/\/www.mojabochnia.pl\/wp-content\/uploads\/2017\/08\/logo-mb-opt.png\",\"width\":250,\"height\":48,\"caption\":\"mojabochnia.pl - portal informacyjny\"},\"image\":{\"@id\":\"https:\/\/www.mojabochnia.pl\/#\/schema\/logo\/image\/\"},\"sameAs\":[\"https:\/\/www.facebook.com\/mojabochnia\"]},{\"@type\":\"Person\",\"@id\":\"https:\/\/www.mojabochnia.pl\/#\/schema\/person\/d4c758656c81ae00e6496831fe7b0792\",\"name\":\"Marcin Kalinowski\",\"url\":\"https:\/\/www.mojabochnia.pl\/?author=29\"}]}<\/script>\n<!-- \/ Yoast SEO plugin. -->","yoast_head_json":{"title":"Prze\u0142om na ma\u0142opolskich drogach: mniej ni\u017c 100 ofiar - mojabochnia.pl - portal informacyjny","robots":{"index":"index","follow":"follow","max-snippet":"max-snippet:-1","max-image-preview":"max-image-preview:large","max-video-preview":"max-video-preview:-1"},"canonical":"https:\/\/www.mojabochnia.pl\/?p=219848","og_locale":"pl_PL","og_type":"article","og_title":"Prze\u0142om na ma\u0142opolskich drogach: mniej ni\u017c 100 ofiar - mojabochnia.pl - portal informacyjny","og_description":"Ma\u0142opolska po raz pierwszy w\u00a0historii odnotowa\u0142a mniej ni\u017c 100 ofiar \u015bmiertelnych w\u00a0wypadkach drogowych. W\u00a02025 roku na ma\u0142opolskich drogach zgin\u0119\u0142o 91 os\u00f3b, podczas gdy rok wcze\u015bniej by\u0142o ich 115. To krok w\u00a0stron\u0119 Wizji Zero \u2013 zero ofiar \u015bmiertelnych do 2050 roku. Podczas posiedzenia Wojew\u00f3dzkiej Rady Bezpiecze\u0144stwa Ruchu Drogowego zaprezentowano dane statystyczne dotycz\u0105ce bezpiecze\u0144stwa w ruchu drogowym.","og_url":"https:\/\/www.mojabochnia.pl\/?p=219848","og_site_name":"mojabochnia.pl - portal informacyjny","article_publisher":"https:\/\/www.facebook.com\/mojabochnia","article_published_time":"2026-01-23T08:35:46+00:00","og_image":[{"width":1200,"height":800,"url":"https:\/\/www.mojabochnia.pl\/wp-content\/uploads\/2026\/01\/UMWM210126_017.jpg","type":"image\/jpeg"}],"author":"Marcin Kalinowski","twitter_card":"summary_large_image","twitter_misc":{"Written by":"Marcin Kalinowski","Est. reading time":"2 minuty"},"schema":{"@context":"https:\/\/schema.org","@graph":[{"@type":"Article","@id":"https:\/\/www.mojabochnia.pl\/?p=219848#article","isPartOf":{"@id":"https:\/\/www.mojabochnia.pl\/?p=219848"},"author":{"name":"Marcin Kalinowski","@id":"https:\/\/www.mojabochnia.pl\/#\/schema\/person\/d4c758656c81ae00e6496831fe7b0792"},"headline":"Prze\u0142om na ma\u0142opolskich drogach: mniej ni\u017c 100 ofiar","datePublished":"2026-01-23T08:35:46+00:00","mainEntityOfPage":{"@id":"https:\/\/www.mojabochnia.pl\/?p=219848"},"wordCount":413,"commentCount":0,"publisher":{"@id":"https:\/\/www.mojabochnia.pl\/#organization"},"image":{"@id":"https:\/\/www.mojabochnia.pl\/?p=219848#primaryimage"},"thumbnailUrl":"https:\/\/www.mojabochnia.pl\/wp-content\/uploads\/2026\/01\/UMWM210126_017.jpg","keywords":["bezpiecze\u0144stwo drogowe","ma\u0142opolska","policja bochnia","powiat boche\u0144ski"],"articleSection":["polityka i wydarzenia","tematyka"],"inLanguage":"pl-PL","potentialAction":[{"@type":"CommentAction","name":"Comment","target":["https:\/\/www.mojabochnia.pl\/?p=219848#respond"]}]},{"@type":"WebPage","@id":"https:\/\/www.mojabochnia.pl\/?p=219848","url":"https:\/\/www.mojabochnia.pl\/?p=219848","name":"Prze\u0142om na ma\u0142opolskich drogach: mniej ni\u017c 100 ofiar - mojabochnia.pl - portal informacyjny","isPartOf":{"@id":"https:\/\/www.mojabochnia.pl\/#website"},"primaryImageOfPage":{"@id":"https:\/\/www.mojabochnia.pl\/?p=219848#primaryimage"},"image":{"@id":"https:\/\/www.mojabochnia.pl\/?p=219848#primaryimage"},"thumbnailUrl":"https:\/\/www.mojabochnia.pl\/wp-content\/uploads\/2026\/01\/UMWM210126_017.jpg","datePublished":"2026-01-23T08:35:46+00:00","breadcrumb":{"@id":"https:\/\/www.mojabochnia.pl\/?p=219848#breadcrumb"},"inLanguage":"pl-PL","potentialAction":[{"@type":"ReadAction","target":["https:\/\/www.mojabochnia.pl\/?p=219848"]}]},{"@type":"ImageObject","inLanguage":"pl-PL","@id":"https:\/\/www.mojabochnia.pl\/?p=219848#primaryimage","url":"https:\/\/www.mojabochnia.pl\/wp-content\/uploads\/2026\/01\/UMWM210126_017.jpg","contentUrl":"https:\/\/www.mojabochnia.pl\/wp-content\/uploads\/2026\/01\/UMWM210126_017.jpg","width":1200,"height":800},{"@type":"BreadcrumbList","@id":"https:\/\/www.mojabochnia.pl\/?p=219848#breadcrumb","itemListElement":[{"@type":"ListItem","position":1,"name":"Home","item":"https:\/\/www.mojabochnia.pl\/"},{"@type":"ListItem","position":2,"name":"Prze\u0142om na ma\u0142opolskich drogach: mniej ni\u017c 100 ofiar"}]},{"@type":"WebSite","@id":"https:\/\/www.mojabochnia.pl\/#website","url":"https:\/\/www.mojabochnia.pl\/","name":"mojabochnia.pl - portal informacyjny","description":"mojaBochnia to portal informacyjny o Bochni. Codziennie o Bochni piszemy i pokazujemy najwa\u017cniejsze wydarzenia","publisher":{"@id":"https:\/\/www.mojabochnia.pl\/#organization"},"potentialAction":[{"@type":"SearchAction","target":{"@type":"EntryPoint","urlTemplate":"https:\/\/www.mojabochnia.pl\/?s={search_term_string}"},"query-input":{"@type":"PropertyValueSpecification","valueRequired":true,"valueName":"search_term_string"}}],"inLanguage":"pl-PL"},{"@type":"Organization","@id":"https:\/\/www.mojabochnia.pl\/#organization","name":"mojabochnia.pl - portal informacyjny","url":"https:\/\/www.mojabochnia.pl\/","logo":{"@type":"ImageObject","inLanguage":"pl-PL","@id":"https:\/\/www.mojabochnia.pl\/#\/schema\/logo\/image\/","url":"https:\/\/www.mojabochnia.pl\/wp-content\/uploads\/2017\/08\/logo-mb-opt.png","contentUrl":"https:\/\/www.mojabochnia.pl\/wp-content\/uploads\/2017\/08\/logo-mb-opt.png","width":250,"height":48,"caption":"mojabochnia.pl - portal informacyjny"},"image":{"@id":"https:\/\/www.mojabochnia.pl\/#\/schema\/logo\/image\/"},"sameAs":["https:\/\/www.facebook.com\/mojabochnia"]},{"@type":"Person","@id":"https:\/\/www.mojabochnia.pl\/#\/schema\/person\/d4c758656c81ae00e6496831fe7b0792","name":"Marcin Kalinowski","url":"https:\/\/www.mojabochnia.pl\/?author=29"}]}},"_links":{"self":[{"href":"https:\/\/www.mojabochnia.pl\/index.php?rest_route=\/wp\/v2\/posts\/219848","targetHints":{"allow":["GET"]}}],"collection":[{"href":"https:\/\/www.mojabochnia.pl\/index.php?rest_route=\/wp\/v2\/posts"}],"about":[{"href":"https:\/\/www.mojabochnia.pl\/index.php?rest_route=\/wp\/v2\/types\/post"}],"author":[{"embeddable":true,"href":"https:\/\/www.mojabochnia.pl\/index.php?rest_route=\/wp\/v2\/users\/29"}],"replies":[{"embeddable":true,"href":"https:\/\/www.mojabochnia.pl\/index.php?rest_route=%2Fwp%2Fv2%2Fcomments&post=219848"}],"version-history":[{"count":1,"href":"https:\/\/www.mojabochnia.pl\/index.php?rest_route=\/wp\/v2\/posts\/219848\/revisions"}],"predecessor-version":[{"id":219853,"href":"https:\/\/www.mojabochnia.pl\/index.php?rest_route=\/wp\/v2\/posts\/219848\/revisions\/219853"}],"wp:featuredmedia":[{"embeddable":true,"href":"https:\/\/www.mojabochnia.pl\/index.php?rest_route=\/wp\/v2\/media\/219852"}],"wp:attachment":[{"href":"https:\/\/www.mojabochnia.pl\/index.php?rest_route=%2Fwp%2Fv2%2Fmedia&parent=219848"}],"wp:term":[{"taxonomy":"category","embeddable":true,"href":"https:\/\/www.mojabochnia.pl\/index.php?rest_route=%2Fwp%2Fv2%2Fcategories&post=219848"},{"taxonomy":"post_tag","embeddable":true,"href":"https:\/\/www.mojabochnia.pl\/index.php?rest_route=%2Fwp%2Fv2%2Ftags&post=219848"}],"curies":[{"name":"wp","href":"https:\/\/api.w.org\/{rel}","templated":true}]}}