{"id":2189,"date":"2008-10-18T10:51:24","date_gmt":"2008-10-18T08:51:24","guid":{"rendered":"http:\/\/www.mojabochnia.pl\/?p=2189"},"modified":"2008-10-24T13:48:20","modified_gmt":"2008-10-24T11:48:20","slug":"medal-dla-ks-jozefa-strugaly","status":"publish","type":"post","link":"https:\/\/www.mojabochnia.pl\/?p=2189","title":{"rendered":"Medal dla ks. J\u00f3zefa Struga\u0142y"},"content":{"rendered":"<p>Ksi\u0105dz. Pra\u0142at J\u00f3zef Struga\u0142a urodzi\u0142 si\u0119 26 wrze\u015bnia 1937 roku, \u015bwi\u0119cenia kap\u0142a\u0144skie otrzyma\u0142 w 1963 roku. Od 1986 roku by\u0142 proboszczem w Nowym Wi\u015bniczu. W 2007 roku przeszed\u0142 na emerytur\u0119. Obecnie jest kapelanem Zak\u0142adu Karnego w Nowym Wi\u015bniczu. Z jego inicjatywy utworzono w zak\u0142adzie utworzono kaplic\u0119. <\/p>\n","protected":false},"excerpt":{"rendered":"<p>16 pa\u017adziernika w 30. rocznic\u0119 wyboru Jana Paw\u0142a II w Urz\u0119dzie Wojew\u00f3dzkim w Tarnowie odby\u0142a si\u0119 uroczysto\u015b\u0107 w czasie, kt\u00f3rej ks. pra\u0142at J\u00f3zef Struga\u0142a odznaczony zosta\u0142 za 42-letni\u0105 prac\u0119 pedagogiczn\u0105 Medalem Edukacji Narodowej. Medal ksi\u0119dzu. J\u00f3zefowi wr\u0119czy\u0142 Artur Dziga\u0144ski Ma\u0142opolski Kurator O\u015bwiaty.<\/p>\n","protected":false},"author":1,"featured_media":0,"comment_status":"open","ping_status":"closed","sticky":false,"template":"","format":"standard","meta":{"_acf_changed":false,"footnotes":""},"categories":[1342],"tags":[1252,281,17450,17325,494,1251,17433,17118,1250,1044,263,1254,17213],"class_list":["post-2189","post","type-post","status-publish","format-standard","hentry","category-zycie-religijne","tag-artur-dziganski","tag-jan-pawel-ii","tag-kaplica","tag-kosciol","tag-ks-jozef-strugala","tag-malopolski-kurator-oswiaty","tag-medal","tag-wisnicz","tag-odznaczenie","tag-religia","tag-tarnow","tag-urzad-wojewodzki","tag-zaklad-karny"],"acf":[],"yoast_head":"<!-- This site is optimized with the Yoast SEO plugin v26.9 - https:\/\/yoast.com\/product\/yoast-seo-wordpress\/ -->\n<title>Medal dla ks. J\u00f3zefa Struga\u0142y - mojabochnia.pl - portal informacyjny<\/title>\n<meta name=\"robots\" content=\"index, follow, max-snippet:-1, max-image-preview:large, max-video-preview:-1\" \/>\n<link rel=\"canonical\" href=\"https:\/\/www.mojabochnia.pl\/?p=2189\" \/>\n<meta property=\"og:locale\" content=\"pl_PL\" \/>\n<meta property=\"og:type\" content=\"article\" \/>\n<meta property=\"og:title\" content=\"Medal dla ks. J\u00f3zefa Struga\u0142y - mojabochnia.pl - portal informacyjny\" \/>\n<meta property=\"og:description\" content=\"16 pa\u017adziernika w 30. rocznic\u0119 wyboru Jana Paw\u0142a II w Urz\u0119dzie Wojew\u00f3dzkim w Tarnowie odby\u0142a si\u0119 uroczysto\u015b\u0107 w czasie, kt\u00f3rej ks. pra\u0142at J\u00f3zef Struga\u0142a odznaczony zosta\u0142 za 42-letni\u0105 prac\u0119 pedagogiczn\u0105 Medalem Edukacji Narodowej. Medal ksi\u0119dzu. J\u00f3zefowi wr\u0119czy\u0142 Artur Dziga\u0144ski Ma\u0142opolski Kurator O\u015bwiaty.\" \/>\n<meta property=\"og:url\" content=\"https:\/\/www.mojabochnia.pl\/?p=2189\" \/>\n<meta property=\"og:site_name\" content=\"mojabochnia.pl - portal informacyjny\" \/>\n<meta property=\"article:publisher\" content=\"https:\/\/www.facebook.com\/mojabochnia\" \/>\n<meta property=\"article:published_time\" content=\"2008-10-18T08:51:24+00:00\" \/>\n<meta property=\"article:modified_time\" content=\"2008-10-24T11:48:20+00:00\" \/>\n<meta name=\"author\" content=\"administrator\" \/>\n<meta name=\"twitter:card\" content=\"summary_large_image\" \/>\n<meta name=\"twitter:label1\" content=\"Written by\" \/>\n\t<meta name=\"twitter:data1\" content=\"administrator\" \/>\n<script type=\"application\/ld+json\" class=\"yoast-schema-graph\">{\"@context\":\"https:\/\/schema.org\",\"@graph\":[{\"@type\":\"Article\",\"@id\":\"https:\/\/www.mojabochnia.pl\/?p=2189#article\",\"isPartOf\":{\"@id\":\"https:\/\/www.mojabochnia.pl\/?p=2189\"},\"author\":{\"name\":\"administrator\",\"@id\":\"https:\/\/www.mojabochnia.pl\/#\/schema\/person\/c00e1f64e6fa0e6de6d410f2c340017f\"},\"headline\":\"Medal dla ks. J\u00f3zefa Struga\u0142y\",\"datePublished\":\"2008-10-18T08:51:24+00:00\",\"dateModified\":\"2008-10-24T11:48:20+00:00\",\"mainEntityOfPage\":{\"@id\":\"https:\/\/www.mojabochnia.pl\/?p=2189\"},\"wordCount\":60,\"commentCount\":1,\"publisher\":{\"@id\":\"https:\/\/www.mojabochnia.pl\/#organization\"},\"keywords\":[\"artur dziga\u0144ski\",\"jan pawe\u0142 II\",\"kaplica\",\"ko\u015bci\u00f3\u0142\",\"ks. j\u00f3zef struga\u0142a\",\"ma\u0142opolski kurator o\u015bwiaty\",\"medal\",\"Nowy Wi\u015bnicz\",\"odznaczenie\",\"religia\",\"tarn\u00f3w\",\"urz\u0105d wojew\u00f3dzki\",\"zak\u0142ad karny\"],\"articleSection\":[\"\u017bycie religijne\"],\"inLanguage\":\"pl-PL\",\"potentialAction\":[{\"@type\":\"CommentAction\",\"name\":\"Comment\",\"target\":[\"https:\/\/www.mojabochnia.pl\/?p=2189#respond\"]}]},{\"@type\":\"WebPage\",\"@id\":\"https:\/\/www.mojabochnia.pl\/?p=2189\",\"url\":\"https:\/\/www.mojabochnia.pl\/?p=2189\",\"name\":\"Medal dla ks. J\u00f3zefa Struga\u0142y - mojabochnia.pl - portal informacyjny\",\"isPartOf\":{\"@id\":\"https:\/\/www.mojabochnia.pl\/#website\"},\"datePublished\":\"2008-10-18T08:51:24+00:00\",\"dateModified\":\"2008-10-24T11:48:20+00:00\",\"breadcrumb\":{\"@id\":\"https:\/\/www.mojabochnia.pl\/?p=2189#breadcrumb\"},\"inLanguage\":\"pl-PL\",\"potentialAction\":[{\"@type\":\"ReadAction\",\"target\":[\"https:\/\/www.mojabochnia.pl\/?p=2189\"]}]},{\"@type\":\"BreadcrumbList\",\"@id\":\"https:\/\/www.mojabochnia.pl\/?p=2189#breadcrumb\",\"itemListElement\":[{\"@type\":\"ListItem\",\"position\":1,\"name\":\"Home\",\"item\":\"https:\/\/www.mojabochnia.pl\/\"},{\"@type\":\"ListItem\",\"position\":2,\"name\":\"Medal dla ks. J\u00f3zefa Struga\u0142y\"}]},{\"@type\":\"WebSite\",\"@id\":\"https:\/\/www.mojabochnia.pl\/#website\",\"url\":\"https:\/\/www.mojabochnia.pl\/\",\"name\":\"mojabochnia.pl - portal informacyjny\",\"description\":\"mojaBochnia to portal informacyjny o Bochni. Codziennie o Bochni piszemy i pokazujemy najwa\u017cniejsze wydarzenia\",\"publisher\":{\"@id\":\"https:\/\/www.mojabochnia.pl\/#organization\"},\"potentialAction\":[{\"@type\":\"SearchAction\",\"target\":{\"@type\":\"EntryPoint\",\"urlTemplate\":\"https:\/\/www.mojabochnia.pl\/?s={search_term_string}\"},\"query-input\":{\"@type\":\"PropertyValueSpecification\",\"valueRequired\":true,\"valueName\":\"search_term_string\"}}],\"inLanguage\":\"pl-PL\"},{\"@type\":\"Organization\",\"@id\":\"https:\/\/www.mojabochnia.pl\/#organization\",\"name\":\"mojabochnia.pl - portal informacyjny\",\"url\":\"https:\/\/www.mojabochnia.pl\/\",\"logo\":{\"@type\":\"ImageObject\",\"inLanguage\":\"pl-PL\",\"@id\":\"https:\/\/www.mojabochnia.pl\/#\/schema\/logo\/image\/\",\"url\":\"https:\/\/www.mojabochnia.pl\/wp-content\/uploads\/2017\/08\/logo-mb-opt.png\",\"contentUrl\":\"https:\/\/www.mojabochnia.pl\/wp-content\/uploads\/2017\/08\/logo-mb-opt.png\",\"width\":250,\"height\":48,\"caption\":\"mojabochnia.pl - portal informacyjny\"},\"image\":{\"@id\":\"https:\/\/www.mojabochnia.pl\/#\/schema\/logo\/image\/\"},\"sameAs\":[\"https:\/\/www.facebook.com\/mojabochnia\"]},{\"@type\":\"Person\",\"@id\":\"https:\/\/www.mojabochnia.pl\/#\/schema\/person\/c00e1f64e6fa0e6de6d410f2c340017f\",\"name\":\"administrator\",\"url\":\"https:\/\/www.mojabochnia.pl\/?author=1\"}]}<\/script>\n<!-- \/ Yoast SEO plugin. -->","yoast_head_json":{"title":"Medal dla ks. J\u00f3zefa Struga\u0142y - mojabochnia.pl - portal informacyjny","robots":{"index":"index","follow":"follow","max-snippet":"max-snippet:-1","max-image-preview":"max-image-preview:large","max-video-preview":"max-video-preview:-1"},"canonical":"https:\/\/www.mojabochnia.pl\/?p=2189","og_locale":"pl_PL","og_type":"article","og_title":"Medal dla ks. J\u00f3zefa Struga\u0142y - mojabochnia.pl - portal informacyjny","og_description":"16 pa\u017adziernika w 30. rocznic\u0119 wyboru Jana Paw\u0142a II w Urz\u0119dzie Wojew\u00f3dzkim w Tarnowie odby\u0142a si\u0119 uroczysto\u015b\u0107 w czasie, kt\u00f3rej ks. pra\u0142at J\u00f3zef Struga\u0142a odznaczony zosta\u0142 za 42-letni\u0105 prac\u0119 pedagogiczn\u0105 Medalem Edukacji Narodowej. Medal ksi\u0119dzu. J\u00f3zefowi wr\u0119czy\u0142 Artur Dziga\u0144ski Ma\u0142opolski Kurator O\u015bwiaty.","og_url":"https:\/\/www.mojabochnia.pl\/?p=2189","og_site_name":"mojabochnia.pl - portal informacyjny","article_publisher":"https:\/\/www.facebook.com\/mojabochnia","article_published_time":"2008-10-18T08:51:24+00:00","article_modified_time":"2008-10-24T11:48:20+00:00","author":"administrator","twitter_card":"summary_large_image","twitter_misc":{"Written by":"administrator"},"schema":{"@context":"https:\/\/schema.org","@graph":[{"@type":"Article","@id":"https:\/\/www.mojabochnia.pl\/?p=2189#article","isPartOf":{"@id":"https:\/\/www.mojabochnia.pl\/?p=2189"},"author":{"name":"administrator","@id":"https:\/\/www.mojabochnia.pl\/#\/schema\/person\/c00e1f64e6fa0e6de6d410f2c340017f"},"headline":"Medal dla ks. J\u00f3zefa Struga\u0142y","datePublished":"2008-10-18T08:51:24+00:00","dateModified":"2008-10-24T11:48:20+00:00","mainEntityOfPage":{"@id":"https:\/\/www.mojabochnia.pl\/?p=2189"},"wordCount":60,"commentCount":1,"publisher":{"@id":"https:\/\/www.mojabochnia.pl\/#organization"},"keywords":["artur dziga\u0144ski","jan pawe\u0142 II","kaplica","ko\u015bci\u00f3\u0142","ks. j\u00f3zef struga\u0142a","ma\u0142opolski kurator o\u015bwiaty","medal","Nowy Wi\u015bnicz","odznaczenie","religia","tarn\u00f3w","urz\u0105d wojew\u00f3dzki","zak\u0142ad karny"],"articleSection":["\u017bycie religijne"],"inLanguage":"pl-PL","potentialAction":[{"@type":"CommentAction","name":"Comment","target":["https:\/\/www.mojabochnia.pl\/?p=2189#respond"]}]},{"@type":"WebPage","@id":"https:\/\/www.mojabochnia.pl\/?p=2189","url":"https:\/\/www.mojabochnia.pl\/?p=2189","name":"Medal dla ks. J\u00f3zefa Struga\u0142y - mojabochnia.pl - portal informacyjny","isPartOf":{"@id":"https:\/\/www.mojabochnia.pl\/#website"},"datePublished":"2008-10-18T08:51:24+00:00","dateModified":"2008-10-24T11:48:20+00:00","breadcrumb":{"@id":"https:\/\/www.mojabochnia.pl\/?p=2189#breadcrumb"},"inLanguage":"pl-PL","potentialAction":[{"@type":"ReadAction","target":["https:\/\/www.mojabochnia.pl\/?p=2189"]}]},{"@type":"BreadcrumbList","@id":"https:\/\/www.mojabochnia.pl\/?p=2189#breadcrumb","itemListElement":[{"@type":"ListItem","position":1,"name":"Home","item":"https:\/\/www.mojabochnia.pl\/"},{"@type":"ListItem","position":2,"name":"Medal dla ks. J\u00f3zefa Struga\u0142y"}]},{"@type":"WebSite","@id":"https:\/\/www.mojabochnia.pl\/#website","url":"https:\/\/www.mojabochnia.pl\/","name":"mojabochnia.pl - portal informacyjny","description":"mojaBochnia to portal informacyjny o Bochni. Codziennie o Bochni piszemy i pokazujemy najwa\u017cniejsze wydarzenia","publisher":{"@id":"https:\/\/www.mojabochnia.pl\/#organization"},"potentialAction":[{"@type":"SearchAction","target":{"@type":"EntryPoint","urlTemplate":"https:\/\/www.mojabochnia.pl\/?s={search_term_string}"},"query-input":{"@type":"PropertyValueSpecification","valueRequired":true,"valueName":"search_term_string"}}],"inLanguage":"pl-PL"},{"@type":"Organization","@id":"https:\/\/www.mojabochnia.pl\/#organization","name":"mojabochnia.pl - portal informacyjny","url":"https:\/\/www.mojabochnia.pl\/","logo":{"@type":"ImageObject","inLanguage":"pl-PL","@id":"https:\/\/www.mojabochnia.pl\/#\/schema\/logo\/image\/","url":"https:\/\/www.mojabochnia.pl\/wp-content\/uploads\/2017\/08\/logo-mb-opt.png","contentUrl":"https:\/\/www.mojabochnia.pl\/wp-content\/uploads\/2017\/08\/logo-mb-opt.png","width":250,"height":48,"caption":"mojabochnia.pl - portal informacyjny"},"image":{"@id":"https:\/\/www.mojabochnia.pl\/#\/schema\/logo\/image\/"},"sameAs":["https:\/\/www.facebook.com\/mojabochnia"]},{"@type":"Person","@id":"https:\/\/www.mojabochnia.pl\/#\/schema\/person\/c00e1f64e6fa0e6de6d410f2c340017f","name":"administrator","url":"https:\/\/www.mojabochnia.pl\/?author=1"}]}},"_links":{"self":[{"href":"https:\/\/www.mojabochnia.pl\/index.php?rest_route=\/wp\/v2\/posts\/2189","targetHints":{"allow":["GET"]}}],"collection":[{"href":"https:\/\/www.mojabochnia.pl\/index.php?rest_route=\/wp\/v2\/posts"}],"about":[{"href":"https:\/\/www.mojabochnia.pl\/index.php?rest_route=\/wp\/v2\/types\/post"}],"author":[{"embeddable":true,"href":"https:\/\/www.mojabochnia.pl\/index.php?rest_route=\/wp\/v2\/users\/1"}],"replies":[{"embeddable":true,"href":"https:\/\/www.mojabochnia.pl\/index.php?rest_route=%2Fwp%2Fv2%2Fcomments&post=2189"}],"version-history":[{"count":0,"href":"https:\/\/www.mojabochnia.pl\/index.php?rest_route=\/wp\/v2\/posts\/2189\/revisions"}],"wp:attachment":[{"href":"https:\/\/www.mojabochnia.pl\/index.php?rest_route=%2Fwp%2Fv2%2Fmedia&parent=2189"}],"wp:term":[{"taxonomy":"category","embeddable":true,"href":"https:\/\/www.mojabochnia.pl\/index.php?rest_route=%2Fwp%2Fv2%2Fcategories&post=2189"},{"taxonomy":"post_tag","embeddable":true,"href":"https:\/\/www.mojabochnia.pl\/index.php?rest_route=%2Fwp%2Fv2%2Ftags&post=2189"}],"curies":[{"name":"wp","href":"https:\/\/api.w.org\/{rel}","templated":true}]}}