{"id":218821,"date":"2025-12-10T18:52:19","date_gmt":"2025-12-10T17:52:19","guid":{"rendered":"https:\/\/www.mojabochnia.pl\/?p=218821"},"modified":"2025-12-10T18:53:15","modified_gmt":"2025-12-10T17:53:15","slug":"dkf-cinema-paradiso-film-od-ktorego-wszystko-sie-zaczelo","status":"publish","type":"post","link":"https:\/\/www.mojabochnia.pl\/?p=218821","title":{"rendered":"DKF: \u201eCinema Paradiso\u201d \u2013 film, od kt\u00f3rego wszystko si\u0119 zacz\u0119\u0142o\u00a0"},"content":{"rendered":"<p><strong>Dyskusyjny Klub Filmowy \u201eMaciste\u201d zaprasza 11 grudnia wyj\u0105tkowo o godz. 18.30 na film okre\u015blany \u201elistem mi\u0142osnym do kina\u201d czyli \u201eCinema Paradiso\u201d Giuseppe Tornatore. Obraz ten ten pojawia si\u0119 w boche\u0144skim DKF-ie ponownie, a okazj\u0105 do jego powrotu jest 15-lecie Klubu.<\/strong><\/p>\n<p>21 stycznia 2010 roku w\u0142a\u015bnie tym wybitnym filmem &#8211; wtedy jeszcze na kopii 35 mm &#8211;<span class=\"Apple-converted-space\">\u00a0 <\/span>DKF \u201eMaciste\u201d zainaugurowa\u0142 swoj\u0105 dzia\u0142alno\u015b\u0107. Tym razem zobaczymy odrestaurowan\u0105 cyfrow\u0105 wersj\u0119 tej ponadczasowej opowie\u015bci o przyja\u017ani, marzeniach, dorastaniu i wielkiej fascynacji X Muz\u0105.<\/p>\n<p>Go\u015bciem honorowym i jednocze\u015bnie prelegentem b\u0119dzie<span class=\"Apple-converted-space\">\u00a0 <\/span>Przewodnicz\u0105cy<b> <\/b>Polskiej Federacji Dyskusyjnych Klub\u00f3w Filmowych \u2013 Jaros\u0142aw Skulski.<\/p>\n<p><strong>Tre\u015b\u0107<span class=\"Apple-converted-space\">\u00a0 <\/span>filmu:<\/strong><\/p>\n<p>Ceniony re\u017cyser filmowy Salvatore Di Vita (Jacques Perrin) pewnej nocy odbiera telefon. Wiadomo\u015b\u0107, kt\u00f3r\u0105 us\u0142yszy, zapocz\u0105tkuje lawin\u0119 nostalgicznych wspomnie\u0144, kt\u00f3rych \u0142\u0105cznikiem b\u0119dzie kino. To w\u0142a\u015bnie tam po II wojnie \u015bwiatowej ma\u0142y Tot\u00f2 (Salvatore Cascio) bezpami\u0119tnie zakocha\u0142 si\u0119 w magii \u201eruchomych obraz\u00f3w\u201d. Ch\u0142opczyk pragnie tylko jednego: zaprzyja\u017ani\u0107 si\u0119 z kinooperatorem Alfredo (Philippe Noiret). Zadanie to b\u0119dzie jednak trudniejsze ni\u017c mu si\u0119 wydaje. Tytu\u0142owe \u201eCinema Paradiso\u201d\u2013 jego niesamowita i r\u00f3wnie osobliwa widownia oraz bogaty repertuar \u2013 stan\u0105 si\u0119 t\u0142em dla niezapomnianych przyg\u00f3d dorastaj\u0105cego na sycylijskiej prowincji bohatera, jego pierwszej \u201ewielkiej mi\u0142o\u015bci\u201d, a\u017c do czasu wyjazdu z rodzinnego miasteczka.<\/p>\n<p><img loading=\"lazy\" decoding=\"async\" class=\"alignnone wp-image-218826 size-full\" src=\"https:\/\/www.mojabochnia.pl\/wp-content\/uploads\/2025\/12\/NUOVO-CINEMA-PARADISO-1m.jpg\" alt=\"\" width=\"1300\" height=\"922\" srcset=\"https:\/\/www.mojabochnia.pl\/wp-content\/uploads\/2025\/12\/NUOVO-CINEMA-PARADISO-1m.jpg 1300w, https:\/\/www.mojabochnia.pl\/wp-content\/uploads\/2025\/12\/NUOVO-CINEMA-PARADISO-1m-468x332.jpg 468w, https:\/\/www.mojabochnia.pl\/wp-content\/uploads\/2025\/12\/NUOVO-CINEMA-PARADISO-1m-1050x745.jpg 1050w, https:\/\/www.mojabochnia.pl\/wp-content\/uploads\/2025\/12\/NUOVO-CINEMA-PARADISO-1m-120x85.jpg 120w, https:\/\/www.mojabochnia.pl\/wp-content\/uploads\/2025\/12\/NUOVO-CINEMA-PARADISO-1m-768x545.jpg 768w\" sizes=\"auto, (max-width: 1300px) 100vw, 1300px\" \/><\/p>\n<p>Bilety: 10 z\u0142, 5 z\u0142 dla cz\u0142onk\u00f3w DKF-u<\/p>\n<p>Dost\u0119pna audiodeskrypcja z aplikacj\u0105 Kino Dost\u0119pne<\/p>\n<p>Organizatorzy: DKF \u201eMaciste\u201d, kino Regis, Miejski Dom Kultury<\/p>\n<p>Dzia\u0142alno\u015b\u0107 DKF \u201eMaciste\u201d wsp\u00f3\u0142finansuje Polski Instytut Sztuki Filmowej.<\/p>\n\t  \r\n\t\r\n\t    <div class=\"mb-gallery\">\r\n\t    <a href=\"https:\/\/www.mojabochnia.pl\/?attachment_id=218823\" class=\"\"><img loading=\"lazy\" decoding=\"async\" width=\"100\" height=\"100\" src=\"https:\/\/www.mojabochnia.pl\/wp-content\/uploads\/2025\/12\/postcard_cinema_paradiso-100x100.jpg\" class=\"attachment-100x100 size-100x100\" alt=\"\" srcset=\"https:\/\/www.mojabochnia.pl\/wp-content\/uploads\/2025\/12\/postcard_cinema_paradiso-100x100.jpg 100w, https:\/\/www.mojabochnia.pl\/wp-content\/uploads\/2025\/12\/postcard_cinema_paradiso-96x96.jpg 96w, https:\/\/www.mojabochnia.pl\/wp-content\/uploads\/2025\/12\/postcard_cinema_paradiso-84x84.jpg 84w\" sizes=\"auto, (max-width: 100px) 100vw, 100px\" \/><\/a><a href=\"https:\/\/www.mojabochnia.pl\/?attachment_id=218824\" class=\"\"><img loading=\"lazy\" decoding=\"async\" width=\"100\" height=\"100\" src=\"https:\/\/www.mojabochnia.pl\/wp-content\/uploads\/2025\/12\/NUOVO-CINEMA-PARADISO-5-100x100.jpg\" class=\"attachment-100x100 size-100x100\" alt=\"\" srcset=\"https:\/\/www.mojabochnia.pl\/wp-content\/uploads\/2025\/12\/NUOVO-CINEMA-PARADISO-5-100x100.jpg 100w, https:\/\/www.mojabochnia.pl\/wp-content\/uploads\/2025\/12\/NUOVO-CINEMA-PARADISO-5-96x96.jpg 96w, https:\/\/www.mojabochnia.pl\/wp-content\/uploads\/2025\/12\/NUOVO-CINEMA-PARADISO-5-84x84.jpg 84w\" sizes=\"auto, (max-width: 100px) 100vw, 100px\" \/><\/a><a href=\"https:\/\/www.mojabochnia.pl\/?attachment_id=218825\" class=\"\"><img loading=\"lazy\" decoding=\"async\" width=\"100\" height=\"100\" src=\"https:\/\/www.mojabochnia.pl\/wp-content\/uploads\/2025\/12\/NUOVO-CINEMA-PARADISO-2-100x100.jpg\" class=\"attachment-100x100 size-100x100\" alt=\"\" srcset=\"https:\/\/www.mojabochnia.pl\/wp-content\/uploads\/2025\/12\/NUOVO-CINEMA-PARADISO-2-100x100.jpg 100w, https:\/\/www.mojabochnia.pl\/wp-content\/uploads\/2025\/12\/NUOVO-CINEMA-PARADISO-2-96x96.jpg 96w, https:\/\/www.mojabochnia.pl\/wp-content\/uploads\/2025\/12\/NUOVO-CINEMA-PARADISO-2-84x84.jpg 84w\" sizes=\"auto, (max-width: 100px) 100vw, 100px\" \/><\/a><a href=\"https:\/\/www.mojabochnia.pl\/?attachment_id=218826\" class=\"\"><img loading=\"lazy\" decoding=\"async\" width=\"100\" height=\"100\" src=\"https:\/\/www.mojabochnia.pl\/wp-content\/uploads\/2025\/12\/NUOVO-CINEMA-PARADISO-1m-100x100.jpg\" class=\"attachment-100x100 size-100x100\" alt=\"\" srcset=\"https:\/\/www.mojabochnia.pl\/wp-content\/uploads\/2025\/12\/NUOVO-CINEMA-PARADISO-1m-100x100.jpg 100w, https:\/\/www.mojabochnia.pl\/wp-content\/uploads\/2025\/12\/NUOVO-CINEMA-PARADISO-1m-96x96.jpg 96w, https:\/\/www.mojabochnia.pl\/wp-content\/uploads\/2025\/12\/NUOVO-CINEMA-PARADISO-1m-84x84.jpg 84w\" sizes=\"auto, (max-width: 100px) 100vw, 100px\" \/><\/a>\t    <\/div>\r\n\t    ","protected":false},"excerpt":{"rendered":"<p>Dyskusyjny Klub Filmowy \u201eMaciste\u201d zaprasza 11 grudnia wyj\u0105tkowo o godz. 18.30 na film okre\u015blany \u201elistem mi\u0142osnym do kina\u201d czyli \u201eCinema Paradiso\u201d Giuseppe Tornatore. Obraz ten ten pojawia si\u0119 w boche\u0144skim DKF-ie ponownie, a okazj\u0105 do jego powrotu jest 15-lecie Klubu. 21 stycznia 2010 roku w\u0142a\u015bnie tym wybitnym filmem &#8211; wtedy jeszcze na kopii 35 mm<\/p>\n","protected":false},"author":29,"featured_media":218825,"comment_status":"open","ping_status":"closed","sticky":false,"template":"","format":"standard","meta":{"_acf_changed":false,"footnotes":""},"categories":[92,6250],"tags":[17269,17886,21525,17263],"class_list":["post-218821","post","type-post","status-publish","format-standard","has-post-thumbnail","hentry","category-kultura","category-tematyka","tag-bochnia","tag-dkf-maciste","tag-kino-bochnia","tag-kino-regis","main_tag-bochnia"],"acf":[],"yoast_head":"<!-- This site is optimized with the Yoast SEO plugin v26.9 - https:\/\/yoast.com\/product\/yoast-seo-wordpress\/ -->\n<title>DKF: \u201eCinema Paradiso\u201d \u2013 film, od kt\u00f3rego wszystko si\u0119 zacz\u0119\u0142o\u00a0 - mojabochnia.pl - portal informacyjny<\/title>\n<meta name=\"robots\" content=\"index, follow, max-snippet:-1, max-image-preview:large, max-video-preview:-1\" \/>\n<link rel=\"canonical\" href=\"https:\/\/www.mojabochnia.pl\/?p=218821\" \/>\n<meta property=\"og:locale\" content=\"pl_PL\" \/>\n<meta property=\"og:type\" content=\"article\" \/>\n<meta property=\"og:title\" content=\"DKF: \u201eCinema Paradiso\u201d \u2013 film, od kt\u00f3rego wszystko si\u0119 zacz\u0119\u0142o\u00a0 - mojabochnia.pl - portal informacyjny\" \/>\n<meta property=\"og:description\" content=\"Dyskusyjny Klub Filmowy \u201eMaciste\u201d zaprasza 11 grudnia wyj\u0105tkowo o godz. 18.30 na film okre\u015blany \u201elistem mi\u0142osnym do kina\u201d czyli \u201eCinema Paradiso\u201d Giuseppe Tornatore. Obraz ten ten pojawia si\u0119 w boche\u0144skim DKF-ie ponownie, a okazj\u0105 do jego powrotu jest 15-lecie Klubu. 21 stycznia 2010 roku w\u0142a\u015bnie tym wybitnym filmem &#8211; wtedy jeszcze na kopii 35 mm\" \/>\n<meta property=\"og:url\" content=\"https:\/\/www.mojabochnia.pl\/?p=218821\" \/>\n<meta property=\"og:site_name\" content=\"mojabochnia.pl - portal informacyjny\" \/>\n<meta property=\"article:publisher\" content=\"https:\/\/www.facebook.com\/mojabochnia\" \/>\n<meta property=\"article:published_time\" content=\"2025-12-10T17:52:19+00:00\" \/>\n<meta property=\"article:modified_time\" content=\"2025-12-10T17:53:15+00:00\" \/>\n<meta property=\"og:image\" content=\"https:\/\/www.mojabochnia.pl\/wp-content\/uploads\/2025\/12\/NUOVO-CINEMA-PARADISO-2.jpg\" \/>\n\t<meta property=\"og:image:width\" content=\"1000\" \/>\n\t<meta property=\"og:image:height\" content=\"709\" \/>\n\t<meta property=\"og:image:type\" content=\"image\/jpeg\" \/>\n<meta name=\"author\" content=\"Marcin Kalinowski\" \/>\n<meta name=\"twitter:card\" content=\"summary_large_image\" \/>\n<meta name=\"twitter:label1\" content=\"Written by\" \/>\n\t<meta name=\"twitter:data1\" content=\"Marcin Kalinowski\" \/>\n\t<meta name=\"twitter:label2\" content=\"Est. reading time\" \/>\n\t<meta name=\"twitter:data2\" content=\"1 minuta\" \/>\n<script type=\"application\/ld+json\" class=\"yoast-schema-graph\">{\"@context\":\"https:\/\/schema.org\",\"@graph\":[{\"@type\":\"Article\",\"@id\":\"https:\/\/www.mojabochnia.pl\/?p=218821#article\",\"isPartOf\":{\"@id\":\"https:\/\/www.mojabochnia.pl\/?p=218821\"},\"author\":{\"name\":\"Marcin Kalinowski\",\"@id\":\"https:\/\/www.mojabochnia.pl\/#\/schema\/person\/d4c758656c81ae00e6496831fe7b0792\"},\"headline\":\"DKF: \u201eCinema Paradiso\u201d \u2013 film, od kt\u00f3rego wszystko si\u0119 zacz\u0119\u0142o\u00a0\",\"datePublished\":\"2025-12-10T17:52:19+00:00\",\"dateModified\":\"2025-12-10T17:53:15+00:00\",\"mainEntityOfPage\":{\"@id\":\"https:\/\/www.mojabochnia.pl\/?p=218821\"},\"wordCount\":266,\"commentCount\":0,\"publisher\":{\"@id\":\"https:\/\/www.mojabochnia.pl\/#organization\"},\"image\":{\"@id\":\"https:\/\/www.mojabochnia.pl\/?p=218821#primaryimage\"},\"thumbnailUrl\":\"https:\/\/www.mojabochnia.pl\/wp-content\/uploads\/2025\/12\/NUOVO-CINEMA-PARADISO-2.jpg\",\"keywords\":[\"bochnia\",\"dkf maciste\",\"kino bochnia\",\"kino regis\"],\"articleSection\":[\"kultura\",\"tematyka\"],\"inLanguage\":\"pl-PL\",\"potentialAction\":[{\"@type\":\"CommentAction\",\"name\":\"Comment\",\"target\":[\"https:\/\/www.mojabochnia.pl\/?p=218821#respond\"]}]},{\"@type\":\"WebPage\",\"@id\":\"https:\/\/www.mojabochnia.pl\/?p=218821\",\"url\":\"https:\/\/www.mojabochnia.pl\/?p=218821\",\"name\":\"DKF: \u201eCinema Paradiso\u201d \u2013 film, od kt\u00f3rego wszystko si\u0119 zacz\u0119\u0142o\u00a0 - mojabochnia.pl - portal informacyjny\",\"isPartOf\":{\"@id\":\"https:\/\/www.mojabochnia.pl\/#website\"},\"primaryImageOfPage\":{\"@id\":\"https:\/\/www.mojabochnia.pl\/?p=218821#primaryimage\"},\"image\":{\"@id\":\"https:\/\/www.mojabochnia.pl\/?p=218821#primaryimage\"},\"thumbnailUrl\":\"https:\/\/www.mojabochnia.pl\/wp-content\/uploads\/2025\/12\/NUOVO-CINEMA-PARADISO-2.jpg\",\"datePublished\":\"2025-12-10T17:52:19+00:00\",\"dateModified\":\"2025-12-10T17:53:15+00:00\",\"breadcrumb\":{\"@id\":\"https:\/\/www.mojabochnia.pl\/?p=218821#breadcrumb\"},\"inLanguage\":\"pl-PL\",\"potentialAction\":[{\"@type\":\"ReadAction\",\"target\":[\"https:\/\/www.mojabochnia.pl\/?p=218821\"]}]},{\"@type\":\"ImageObject\",\"inLanguage\":\"pl-PL\",\"@id\":\"https:\/\/www.mojabochnia.pl\/?p=218821#primaryimage\",\"url\":\"https:\/\/www.mojabochnia.pl\/wp-content\/uploads\/2025\/12\/NUOVO-CINEMA-PARADISO-2.jpg\",\"contentUrl\":\"https:\/\/www.mojabochnia.pl\/wp-content\/uploads\/2025\/12\/NUOVO-CINEMA-PARADISO-2.jpg\",\"width\":1000,\"height\":709},{\"@type\":\"BreadcrumbList\",\"@id\":\"https:\/\/www.mojabochnia.pl\/?p=218821#breadcrumb\",\"itemListElement\":[{\"@type\":\"ListItem\",\"position\":1,\"name\":\"Home\",\"item\":\"https:\/\/www.mojabochnia.pl\/\"},{\"@type\":\"ListItem\",\"position\":2,\"name\":\"DKF: \u201eCinema Paradiso\u201d \u2013 film, od kt\u00f3rego wszystko si\u0119 zacz\u0119\u0142o\u00a0\"}]},{\"@type\":\"WebSite\",\"@id\":\"https:\/\/www.mojabochnia.pl\/#website\",\"url\":\"https:\/\/www.mojabochnia.pl\/\",\"name\":\"mojabochnia.pl - portal informacyjny\",\"description\":\"mojaBochnia to portal informacyjny o Bochni. Codziennie o Bochni piszemy i pokazujemy najwa\u017cniejsze wydarzenia\",\"publisher\":{\"@id\":\"https:\/\/www.mojabochnia.pl\/#organization\"},\"potentialAction\":[{\"@type\":\"SearchAction\",\"target\":{\"@type\":\"EntryPoint\",\"urlTemplate\":\"https:\/\/www.mojabochnia.pl\/?s={search_term_string}\"},\"query-input\":{\"@type\":\"PropertyValueSpecification\",\"valueRequired\":true,\"valueName\":\"search_term_string\"}}],\"inLanguage\":\"pl-PL\"},{\"@type\":\"Organization\",\"@id\":\"https:\/\/www.mojabochnia.pl\/#organization\",\"name\":\"mojabochnia.pl - portal informacyjny\",\"url\":\"https:\/\/www.mojabochnia.pl\/\",\"logo\":{\"@type\":\"ImageObject\",\"inLanguage\":\"pl-PL\",\"@id\":\"https:\/\/www.mojabochnia.pl\/#\/schema\/logo\/image\/\",\"url\":\"https:\/\/www.mojabochnia.pl\/wp-content\/uploads\/2017\/08\/logo-mb-opt.png\",\"contentUrl\":\"https:\/\/www.mojabochnia.pl\/wp-content\/uploads\/2017\/08\/logo-mb-opt.png\",\"width\":250,\"height\":48,\"caption\":\"mojabochnia.pl - portal informacyjny\"},\"image\":{\"@id\":\"https:\/\/www.mojabochnia.pl\/#\/schema\/logo\/image\/\"},\"sameAs\":[\"https:\/\/www.facebook.com\/mojabochnia\"]},{\"@type\":\"Person\",\"@id\":\"https:\/\/www.mojabochnia.pl\/#\/schema\/person\/d4c758656c81ae00e6496831fe7b0792\",\"name\":\"Marcin Kalinowski\",\"url\":\"https:\/\/www.mojabochnia.pl\/?author=29\"}]}<\/script>\n<!-- \/ Yoast SEO plugin. -->","yoast_head_json":{"title":"DKF: \u201eCinema Paradiso\u201d \u2013 film, od kt\u00f3rego wszystko si\u0119 zacz\u0119\u0142o\u00a0 - mojabochnia.pl - portal informacyjny","robots":{"index":"index","follow":"follow","max-snippet":"max-snippet:-1","max-image-preview":"max-image-preview:large","max-video-preview":"max-video-preview:-1"},"canonical":"https:\/\/www.mojabochnia.pl\/?p=218821","og_locale":"pl_PL","og_type":"article","og_title":"DKF: \u201eCinema Paradiso\u201d \u2013 film, od kt\u00f3rego wszystko si\u0119 zacz\u0119\u0142o\u00a0 - mojabochnia.pl - portal informacyjny","og_description":"Dyskusyjny Klub Filmowy \u201eMaciste\u201d zaprasza 11 grudnia wyj\u0105tkowo o godz. 18.30 na film okre\u015blany \u201elistem mi\u0142osnym do kina\u201d czyli \u201eCinema Paradiso\u201d Giuseppe Tornatore. Obraz ten ten pojawia si\u0119 w boche\u0144skim DKF-ie ponownie, a okazj\u0105 do jego powrotu jest 15-lecie Klubu. 21 stycznia 2010 roku w\u0142a\u015bnie tym wybitnym filmem &#8211; wtedy jeszcze na kopii 35 mm","og_url":"https:\/\/www.mojabochnia.pl\/?p=218821","og_site_name":"mojabochnia.pl - portal informacyjny","article_publisher":"https:\/\/www.facebook.com\/mojabochnia","article_published_time":"2025-12-10T17:52:19+00:00","article_modified_time":"2025-12-10T17:53:15+00:00","og_image":[{"width":1000,"height":709,"url":"https:\/\/www.mojabochnia.pl\/wp-content\/uploads\/2025\/12\/NUOVO-CINEMA-PARADISO-2.jpg","type":"image\/jpeg"}],"author":"Marcin Kalinowski","twitter_card":"summary_large_image","twitter_misc":{"Written by":"Marcin Kalinowski","Est. reading time":"1 minuta"},"schema":{"@context":"https:\/\/schema.org","@graph":[{"@type":"Article","@id":"https:\/\/www.mojabochnia.pl\/?p=218821#article","isPartOf":{"@id":"https:\/\/www.mojabochnia.pl\/?p=218821"},"author":{"name":"Marcin Kalinowski","@id":"https:\/\/www.mojabochnia.pl\/#\/schema\/person\/d4c758656c81ae00e6496831fe7b0792"},"headline":"DKF: \u201eCinema Paradiso\u201d \u2013 film, od kt\u00f3rego wszystko si\u0119 zacz\u0119\u0142o\u00a0","datePublished":"2025-12-10T17:52:19+00:00","dateModified":"2025-12-10T17:53:15+00:00","mainEntityOfPage":{"@id":"https:\/\/www.mojabochnia.pl\/?p=218821"},"wordCount":266,"commentCount":0,"publisher":{"@id":"https:\/\/www.mojabochnia.pl\/#organization"},"image":{"@id":"https:\/\/www.mojabochnia.pl\/?p=218821#primaryimage"},"thumbnailUrl":"https:\/\/www.mojabochnia.pl\/wp-content\/uploads\/2025\/12\/NUOVO-CINEMA-PARADISO-2.jpg","keywords":["bochnia","dkf maciste","kino bochnia","kino regis"],"articleSection":["kultura","tematyka"],"inLanguage":"pl-PL","potentialAction":[{"@type":"CommentAction","name":"Comment","target":["https:\/\/www.mojabochnia.pl\/?p=218821#respond"]}]},{"@type":"WebPage","@id":"https:\/\/www.mojabochnia.pl\/?p=218821","url":"https:\/\/www.mojabochnia.pl\/?p=218821","name":"DKF: \u201eCinema Paradiso\u201d \u2013 film, od kt\u00f3rego wszystko si\u0119 zacz\u0119\u0142o\u00a0 - mojabochnia.pl - portal informacyjny","isPartOf":{"@id":"https:\/\/www.mojabochnia.pl\/#website"},"primaryImageOfPage":{"@id":"https:\/\/www.mojabochnia.pl\/?p=218821#primaryimage"},"image":{"@id":"https:\/\/www.mojabochnia.pl\/?p=218821#primaryimage"},"thumbnailUrl":"https:\/\/www.mojabochnia.pl\/wp-content\/uploads\/2025\/12\/NUOVO-CINEMA-PARADISO-2.jpg","datePublished":"2025-12-10T17:52:19+00:00","dateModified":"2025-12-10T17:53:15+00:00","breadcrumb":{"@id":"https:\/\/www.mojabochnia.pl\/?p=218821#breadcrumb"},"inLanguage":"pl-PL","potentialAction":[{"@type":"ReadAction","target":["https:\/\/www.mojabochnia.pl\/?p=218821"]}]},{"@type":"ImageObject","inLanguage":"pl-PL","@id":"https:\/\/www.mojabochnia.pl\/?p=218821#primaryimage","url":"https:\/\/www.mojabochnia.pl\/wp-content\/uploads\/2025\/12\/NUOVO-CINEMA-PARADISO-2.jpg","contentUrl":"https:\/\/www.mojabochnia.pl\/wp-content\/uploads\/2025\/12\/NUOVO-CINEMA-PARADISO-2.jpg","width":1000,"height":709},{"@type":"BreadcrumbList","@id":"https:\/\/www.mojabochnia.pl\/?p=218821#breadcrumb","itemListElement":[{"@type":"ListItem","position":1,"name":"Home","item":"https:\/\/www.mojabochnia.pl\/"},{"@type":"ListItem","position":2,"name":"DKF: \u201eCinema Paradiso\u201d \u2013 film, od kt\u00f3rego wszystko si\u0119 zacz\u0119\u0142o\u00a0"}]},{"@type":"WebSite","@id":"https:\/\/www.mojabochnia.pl\/#website","url":"https:\/\/www.mojabochnia.pl\/","name":"mojabochnia.pl - portal informacyjny","description":"mojaBochnia to portal informacyjny o Bochni. Codziennie o Bochni piszemy i pokazujemy najwa\u017cniejsze wydarzenia","publisher":{"@id":"https:\/\/www.mojabochnia.pl\/#organization"},"potentialAction":[{"@type":"SearchAction","target":{"@type":"EntryPoint","urlTemplate":"https:\/\/www.mojabochnia.pl\/?s={search_term_string}"},"query-input":{"@type":"PropertyValueSpecification","valueRequired":true,"valueName":"search_term_string"}}],"inLanguage":"pl-PL"},{"@type":"Organization","@id":"https:\/\/www.mojabochnia.pl\/#organization","name":"mojabochnia.pl - portal informacyjny","url":"https:\/\/www.mojabochnia.pl\/","logo":{"@type":"ImageObject","inLanguage":"pl-PL","@id":"https:\/\/www.mojabochnia.pl\/#\/schema\/logo\/image\/","url":"https:\/\/www.mojabochnia.pl\/wp-content\/uploads\/2017\/08\/logo-mb-opt.png","contentUrl":"https:\/\/www.mojabochnia.pl\/wp-content\/uploads\/2017\/08\/logo-mb-opt.png","width":250,"height":48,"caption":"mojabochnia.pl - portal informacyjny"},"image":{"@id":"https:\/\/www.mojabochnia.pl\/#\/schema\/logo\/image\/"},"sameAs":["https:\/\/www.facebook.com\/mojabochnia"]},{"@type":"Person","@id":"https:\/\/www.mojabochnia.pl\/#\/schema\/person\/d4c758656c81ae00e6496831fe7b0792","name":"Marcin Kalinowski","url":"https:\/\/www.mojabochnia.pl\/?author=29"}]}},"_links":{"self":[{"href":"https:\/\/www.mojabochnia.pl\/index.php?rest_route=\/wp\/v2\/posts\/218821","targetHints":{"allow":["GET"]}}],"collection":[{"href":"https:\/\/www.mojabochnia.pl\/index.php?rest_route=\/wp\/v2\/posts"}],"about":[{"href":"https:\/\/www.mojabochnia.pl\/index.php?rest_route=\/wp\/v2\/types\/post"}],"author":[{"embeddable":true,"href":"https:\/\/www.mojabochnia.pl\/index.php?rest_route=\/wp\/v2\/users\/29"}],"replies":[{"embeddable":true,"href":"https:\/\/www.mojabochnia.pl\/index.php?rest_route=%2Fwp%2Fv2%2Fcomments&post=218821"}],"version-history":[{"count":1,"href":"https:\/\/www.mojabochnia.pl\/index.php?rest_route=\/wp\/v2\/posts\/218821\/revisions"}],"predecessor-version":[{"id":218827,"href":"https:\/\/www.mojabochnia.pl\/index.php?rest_route=\/wp\/v2\/posts\/218821\/revisions\/218827"}],"wp:featuredmedia":[{"embeddable":true,"href":"https:\/\/www.mojabochnia.pl\/index.php?rest_route=\/wp\/v2\/media\/218825"}],"wp:attachment":[{"href":"https:\/\/www.mojabochnia.pl\/index.php?rest_route=%2Fwp%2Fv2%2Fmedia&parent=218821"}],"wp:term":[{"taxonomy":"category","embeddable":true,"href":"https:\/\/www.mojabochnia.pl\/index.php?rest_route=%2Fwp%2Fv2%2Fcategories&post=218821"},{"taxonomy":"post_tag","embeddable":true,"href":"https:\/\/www.mojabochnia.pl\/index.php?rest_route=%2Fwp%2Fv2%2Ftags&post=218821"}],"curies":[{"name":"wp","href":"https:\/\/api.w.org\/{rel}","templated":true}]}}