{"id":218515,"date":"2025-11-19T07:49:38","date_gmt":"2025-11-19T06:49:38","guid":{"rendered":"https:\/\/www.mojabochnia.pl\/?p=218515"},"modified":"2025-11-19T07:49:38","modified_gmt":"2025-11-19T06:49:38","slug":"zawyja-syreny-powiatowe-cwiczenia-obronne-oraz-z-zakresu-ochrony-ludnosci","status":"publish","type":"post","link":"https:\/\/www.mojabochnia.pl\/?p=218515","title":{"rendered":"Zawyj\u0105 syreny \u2013 powiatowe \u0107wiczenia obronne oraz z\u00a0zakresu ochrony ludno\u015bci"},"content":{"rendered":"<p><strong>Starostwo Powiatowe w Bochni informuje, \u017ce w dniach 18\u201319 listopada 2025 r. na terenie powiatu boche\u0144skiego odbywaj\u0105 si\u0119 \u0107wiczenia obronne oraz z zakresu ochrony ludno\u015bci i obrony cywilnej.<\/strong><\/p>\n<p>W zwi\u0105zku z realizacj\u0105 \u0107wicze\u0144, <strong>w \u015brod\u0119 19 listopada 2025 r. o godz. 10.00<\/strong> na terenie ca\u0142ego powiatu zostan\u0105 <strong>uruchomione syreny alarmowe<\/strong>. B\u0119dzie to testowy sygna\u0142 akustyczny w ramach treningu systemu powiadamiania, ostrzegania i alarmowania.<\/p>\n<p>Zostan\u0105 nadane dwa sygna\u0142y: <strong>modulowany d\u017awi\u0119k syreny trwaj\u0105cy 3 minuty<\/strong>, oznaczaj\u0105cy og\u0142oszenie alarmu, a nast\u0119pnie <strong>sygna\u0142 ci\u0105g\u0142y trwaj\u0105cy 3 minuty<\/strong>, oznaczaj\u0105cy odwo\u0142anie alarmu. Uruchomienie syren ma charakter <strong>wy\u0142\u0105cznie \u0107wiczebny<\/strong>.<\/p>\n<p>Celem akcji jest <strong>podniesienie poziomu przygotowania administracji oraz s\u0142u\u017cb odpowiedzialnych za bezpiecze\u0144stwo mieszka\u0144c\u00f3w<\/strong>, usprawnienie obiegu informacji i koordynacji dzia\u0142a\u0144, a tak\u017ce weryfikacja dokumentacji oraz procedur na wypadek zagro\u017ce\u0144, takich jak katastrofy naturalne, awarie techniczne lub inne sytuacje kryzysowe.<\/p>\n<p>\u0106wiczenia obejm\u0105 m.in. <strong>dostarczanie kart powo\u0142ania w ramach Akcji Kurierskiej<\/strong>, <strong>ewakuacj\u0119 zagro\u017conej ludno\u015bci<\/strong>, <strong>ewakuacj\u0119 i zabezpieczenie d\u00f3br kultury<\/strong> oraz <strong>uruchomienie systemu wykrywania i alarmowania<\/strong>.<\/p>\n<p><strong>Prosimy mieszka\u0144c\u00f3w o zachowanie spokoju i wyrozumia\u0142o\u015b\u0107<\/strong> w zwi\u0105zku z prowadzonymi dzia\u0142aniami.<\/p>\n<p>W \u0107wiczeniach wezm\u0105 udzia\u0142 przedstawiciele: <strong>Starostwa Powiatowego w Bochni, urz\u0119d\u00f3w miast i gmin z terenu powiatu, Komendy Powiatowej PSP w Bochni, Komendy Powiatowej Policji w Bochni oraz Wojskowego Centrum Rekrutacji w Tarnowie.<\/strong><\/p>\n<p><img loading=\"lazy\" decoding=\"async\" class=\"alignnone wp-image-218517 size-full\" src=\"https:\/\/www.mojabochnia.pl\/wp-content\/uploads\/2025\/11\/2_1.png\" alt=\"\" width=\"940\" height=\"788\" srcset=\"https:\/\/www.mojabochnia.pl\/wp-content\/uploads\/2025\/11\/2_1.png 940w, https:\/\/www.mojabochnia.pl\/wp-content\/uploads\/2025\/11\/2_1-468x392.png 468w, https:\/\/www.mojabochnia.pl\/wp-content\/uploads\/2025\/11\/2_1-120x101.png 120w, https:\/\/www.mojabochnia.pl\/wp-content\/uploads\/2025\/11\/2_1-768x644.png 768w, https:\/\/www.mojabochnia.pl\/wp-content\/uploads\/2025\/11\/2_1-380x320.png 380w, https:\/\/www.mojabochnia.pl\/wp-content\/uploads\/2025\/11\/2_1-376x316.png 376w\" sizes=\"auto, (max-width: 940px) 100vw, 940px\" \/><\/p>\n","protected":false},"excerpt":{"rendered":"<p>Starostwo Powiatowe w Bochni informuje, \u017ce w dniach 18\u201319 listopada 2025 r. na terenie powiatu boche\u0144skiego odbywaj\u0105 si\u0119 \u0107wiczenia obronne oraz z zakresu ochrony ludno\u015bci i obrony cywilnej. W zwi\u0105zku z realizacj\u0105 \u0107wicze\u0144, w \u015brod\u0119 19 listopada 2025 r. o godz. 10.00 na terenie ca\u0142ego powiatu zostan\u0105 uruchomione syreny alarmowe. B\u0119dzie to testowy sygna\u0142 akustyczny<\/p>\n","protected":false},"author":29,"featured_media":192374,"comment_status":"open","ping_status":"closed","sticky":false,"template":"","format":"standard","meta":{"_acf_changed":false,"footnotes":""},"categories":[6251,6250],"tags":[22635,17127],"class_list":["post-218515","post","type-post","status-publish","format-standard","has-post-thumbnail","hentry","category-polityka-i-wydarzenia","category-tematyka","tag-cwiczenia-obronne","tag-powiat-bochenski","main_tag-powiat-bochenski"],"acf":[],"yoast_head":"<!-- This site is optimized with the Yoast SEO plugin v26.9 - https:\/\/yoast.com\/product\/yoast-seo-wordpress\/ -->\n<title>Zawyj\u0105 syreny \u2013 powiatowe \u0107wiczenia obronne oraz z\u00a0zakresu ochrony ludno\u015bci - mojabochnia.pl - portal informacyjny<\/title>\n<meta name=\"robots\" content=\"index, follow, max-snippet:-1, max-image-preview:large, max-video-preview:-1\" \/>\n<link rel=\"canonical\" href=\"https:\/\/www.mojabochnia.pl\/?p=218515\" \/>\n<meta property=\"og:locale\" content=\"pl_PL\" \/>\n<meta property=\"og:type\" content=\"article\" \/>\n<meta property=\"og:title\" content=\"Zawyj\u0105 syreny \u2013 powiatowe \u0107wiczenia obronne oraz z\u00a0zakresu ochrony ludno\u015bci - mojabochnia.pl - portal informacyjny\" \/>\n<meta property=\"og:description\" content=\"Starostwo Powiatowe w Bochni informuje, \u017ce w dniach 18\u201319 listopada 2025 r. na terenie powiatu boche\u0144skiego odbywaj\u0105 si\u0119 \u0107wiczenia obronne oraz z zakresu ochrony ludno\u015bci i obrony cywilnej. W zwi\u0105zku z realizacj\u0105 \u0107wicze\u0144, w \u015brod\u0119 19 listopada 2025 r. o godz. 10.00 na terenie ca\u0142ego powiatu zostan\u0105 uruchomione syreny alarmowe. B\u0119dzie to testowy sygna\u0142 akustyczny\" \/>\n<meta property=\"og:url\" content=\"https:\/\/www.mojabochnia.pl\/?p=218515\" \/>\n<meta property=\"og:site_name\" content=\"mojabochnia.pl - portal informacyjny\" \/>\n<meta property=\"article:publisher\" content=\"https:\/\/www.facebook.com\/mojabochnia\" \/>\n<meta property=\"article:published_time\" content=\"2025-11-19T06:49:38+00:00\" \/>\n<meta property=\"og:image\" content=\"https:\/\/www.mojabochnia.pl\/wp-content\/uploads\/2021\/11\/20210918_180510-e1636621690484.jpg\" \/>\n\t<meta property=\"og:image:width\" content=\"1500\" \/>\n\t<meta property=\"og:image:height\" content=\"1125\" \/>\n\t<meta property=\"og:image:type\" content=\"image\/jpeg\" \/>\n<meta name=\"author\" content=\"Marcin Kalinowski\" \/>\n<meta name=\"twitter:card\" content=\"summary_large_image\" \/>\n<meta name=\"twitter:label1\" content=\"Written by\" \/>\n\t<meta name=\"twitter:data1\" content=\"Marcin Kalinowski\" \/>\n\t<meta name=\"twitter:label2\" content=\"Est. reading time\" \/>\n\t<meta name=\"twitter:data2\" content=\"1 minuta\" \/>\n<script type=\"application\/ld+json\" class=\"yoast-schema-graph\">{\"@context\":\"https:\/\/schema.org\",\"@graph\":[{\"@type\":\"Article\",\"@id\":\"https:\/\/www.mojabochnia.pl\/?p=218515#article\",\"isPartOf\":{\"@id\":\"https:\/\/www.mojabochnia.pl\/?p=218515\"},\"author\":{\"name\":\"Marcin Kalinowski\",\"@id\":\"https:\/\/www.mojabochnia.pl\/#\/schema\/person\/d4c758656c81ae00e6496831fe7b0792\"},\"headline\":\"Zawyj\u0105 syreny \u2013 powiatowe \u0107wiczenia obronne oraz z\u00a0zakresu ochrony ludno\u015bci\",\"datePublished\":\"2025-11-19T06:49:38+00:00\",\"mainEntityOfPage\":{\"@id\":\"https:\/\/www.mojabochnia.pl\/?p=218515\"},\"wordCount\":240,\"commentCount\":0,\"publisher\":{\"@id\":\"https:\/\/www.mojabochnia.pl\/#organization\"},\"image\":{\"@id\":\"https:\/\/www.mojabochnia.pl\/?p=218515#primaryimage\"},\"thumbnailUrl\":\"https:\/\/www.mojabochnia.pl\/wp-content\/uploads\/2021\/11\/20210918_180510-e1636621690484.jpg\",\"keywords\":[\"\u0107wiczenia obronne\",\"powiat boche\u0144ski\"],\"articleSection\":[\"polityka i wydarzenia\",\"tematyka\"],\"inLanguage\":\"pl-PL\",\"potentialAction\":[{\"@type\":\"CommentAction\",\"name\":\"Comment\",\"target\":[\"https:\/\/www.mojabochnia.pl\/?p=218515#respond\"]}]},{\"@type\":\"WebPage\",\"@id\":\"https:\/\/www.mojabochnia.pl\/?p=218515\",\"url\":\"https:\/\/www.mojabochnia.pl\/?p=218515\",\"name\":\"Zawyj\u0105 syreny \u2013 powiatowe \u0107wiczenia obronne oraz z\u00a0zakresu ochrony ludno\u015bci - mojabochnia.pl - portal informacyjny\",\"isPartOf\":{\"@id\":\"https:\/\/www.mojabochnia.pl\/#website\"},\"primaryImageOfPage\":{\"@id\":\"https:\/\/www.mojabochnia.pl\/?p=218515#primaryimage\"},\"image\":{\"@id\":\"https:\/\/www.mojabochnia.pl\/?p=218515#primaryimage\"},\"thumbnailUrl\":\"https:\/\/www.mojabochnia.pl\/wp-content\/uploads\/2021\/11\/20210918_180510-e1636621690484.jpg\",\"datePublished\":\"2025-11-19T06:49:38+00:00\",\"breadcrumb\":{\"@id\":\"https:\/\/www.mojabochnia.pl\/?p=218515#breadcrumb\"},\"inLanguage\":\"pl-PL\",\"potentialAction\":[{\"@type\":\"ReadAction\",\"target\":[\"https:\/\/www.mojabochnia.pl\/?p=218515\"]}]},{\"@type\":\"ImageObject\",\"inLanguage\":\"pl-PL\",\"@id\":\"https:\/\/www.mojabochnia.pl\/?p=218515#primaryimage\",\"url\":\"https:\/\/www.mojabochnia.pl\/wp-content\/uploads\/2021\/11\/20210918_180510-e1636621690484.jpg\",\"contentUrl\":\"https:\/\/www.mojabochnia.pl\/wp-content\/uploads\/2021\/11\/20210918_180510-e1636621690484.jpg\",\"width\":1500,\"height\":1125,\"caption\":\"M. Kalinowski\"},{\"@type\":\"BreadcrumbList\",\"@id\":\"https:\/\/www.mojabochnia.pl\/?p=218515#breadcrumb\",\"itemListElement\":[{\"@type\":\"ListItem\",\"position\":1,\"name\":\"Home\",\"item\":\"https:\/\/www.mojabochnia.pl\/\"},{\"@type\":\"ListItem\",\"position\":2,\"name\":\"Zawyj\u0105 syreny \u2013 powiatowe \u0107wiczenia obronne oraz z\u00a0zakresu ochrony ludno\u015bci\"}]},{\"@type\":\"WebSite\",\"@id\":\"https:\/\/www.mojabochnia.pl\/#website\",\"url\":\"https:\/\/www.mojabochnia.pl\/\",\"name\":\"mojabochnia.pl - portal informacyjny\",\"description\":\"mojaBochnia to portal informacyjny o Bochni. Codziennie o Bochni piszemy i pokazujemy najwa\u017cniejsze wydarzenia\",\"publisher\":{\"@id\":\"https:\/\/www.mojabochnia.pl\/#organization\"},\"potentialAction\":[{\"@type\":\"SearchAction\",\"target\":{\"@type\":\"EntryPoint\",\"urlTemplate\":\"https:\/\/www.mojabochnia.pl\/?s={search_term_string}\"},\"query-input\":{\"@type\":\"PropertyValueSpecification\",\"valueRequired\":true,\"valueName\":\"search_term_string\"}}],\"inLanguage\":\"pl-PL\"},{\"@type\":\"Organization\",\"@id\":\"https:\/\/www.mojabochnia.pl\/#organization\",\"name\":\"mojabochnia.pl - portal informacyjny\",\"url\":\"https:\/\/www.mojabochnia.pl\/\",\"logo\":{\"@type\":\"ImageObject\",\"inLanguage\":\"pl-PL\",\"@id\":\"https:\/\/www.mojabochnia.pl\/#\/schema\/logo\/image\/\",\"url\":\"https:\/\/www.mojabochnia.pl\/wp-content\/uploads\/2017\/08\/logo-mb-opt.png\",\"contentUrl\":\"https:\/\/www.mojabochnia.pl\/wp-content\/uploads\/2017\/08\/logo-mb-opt.png\",\"width\":250,\"height\":48,\"caption\":\"mojabochnia.pl - portal informacyjny\"},\"image\":{\"@id\":\"https:\/\/www.mojabochnia.pl\/#\/schema\/logo\/image\/\"},\"sameAs\":[\"https:\/\/www.facebook.com\/mojabochnia\"]},{\"@type\":\"Person\",\"@id\":\"https:\/\/www.mojabochnia.pl\/#\/schema\/person\/d4c758656c81ae00e6496831fe7b0792\",\"name\":\"Marcin Kalinowski\",\"url\":\"https:\/\/www.mojabochnia.pl\/?author=29\"}]}<\/script>\n<!-- \/ Yoast SEO plugin. -->","yoast_head_json":{"title":"Zawyj\u0105 syreny \u2013 powiatowe \u0107wiczenia obronne oraz z\u00a0zakresu ochrony ludno\u015bci - mojabochnia.pl - portal informacyjny","robots":{"index":"index","follow":"follow","max-snippet":"max-snippet:-1","max-image-preview":"max-image-preview:large","max-video-preview":"max-video-preview:-1"},"canonical":"https:\/\/www.mojabochnia.pl\/?p=218515","og_locale":"pl_PL","og_type":"article","og_title":"Zawyj\u0105 syreny \u2013 powiatowe \u0107wiczenia obronne oraz z\u00a0zakresu ochrony ludno\u015bci - mojabochnia.pl - portal informacyjny","og_description":"Starostwo Powiatowe w Bochni informuje, \u017ce w dniach 18\u201319 listopada 2025 r. na terenie powiatu boche\u0144skiego odbywaj\u0105 si\u0119 \u0107wiczenia obronne oraz z zakresu ochrony ludno\u015bci i obrony cywilnej. W zwi\u0105zku z realizacj\u0105 \u0107wicze\u0144, w \u015brod\u0119 19 listopada 2025 r. o godz. 10.00 na terenie ca\u0142ego powiatu zostan\u0105 uruchomione syreny alarmowe. B\u0119dzie to testowy sygna\u0142 akustyczny","og_url":"https:\/\/www.mojabochnia.pl\/?p=218515","og_site_name":"mojabochnia.pl - portal informacyjny","article_publisher":"https:\/\/www.facebook.com\/mojabochnia","article_published_time":"2025-11-19T06:49:38+00:00","og_image":[{"width":1500,"height":1125,"url":"https:\/\/www.mojabochnia.pl\/wp-content\/uploads\/2021\/11\/20210918_180510-e1636621690484.jpg","type":"image\/jpeg"}],"author":"Marcin Kalinowski","twitter_card":"summary_large_image","twitter_misc":{"Written by":"Marcin Kalinowski","Est. reading time":"1 minuta"},"schema":{"@context":"https:\/\/schema.org","@graph":[{"@type":"Article","@id":"https:\/\/www.mojabochnia.pl\/?p=218515#article","isPartOf":{"@id":"https:\/\/www.mojabochnia.pl\/?p=218515"},"author":{"name":"Marcin Kalinowski","@id":"https:\/\/www.mojabochnia.pl\/#\/schema\/person\/d4c758656c81ae00e6496831fe7b0792"},"headline":"Zawyj\u0105 syreny \u2013 powiatowe \u0107wiczenia obronne oraz z\u00a0zakresu ochrony ludno\u015bci","datePublished":"2025-11-19T06:49:38+00:00","mainEntityOfPage":{"@id":"https:\/\/www.mojabochnia.pl\/?p=218515"},"wordCount":240,"commentCount":0,"publisher":{"@id":"https:\/\/www.mojabochnia.pl\/#organization"},"image":{"@id":"https:\/\/www.mojabochnia.pl\/?p=218515#primaryimage"},"thumbnailUrl":"https:\/\/www.mojabochnia.pl\/wp-content\/uploads\/2021\/11\/20210918_180510-e1636621690484.jpg","keywords":["\u0107wiczenia obronne","powiat boche\u0144ski"],"articleSection":["polityka i wydarzenia","tematyka"],"inLanguage":"pl-PL","potentialAction":[{"@type":"CommentAction","name":"Comment","target":["https:\/\/www.mojabochnia.pl\/?p=218515#respond"]}]},{"@type":"WebPage","@id":"https:\/\/www.mojabochnia.pl\/?p=218515","url":"https:\/\/www.mojabochnia.pl\/?p=218515","name":"Zawyj\u0105 syreny \u2013 powiatowe \u0107wiczenia obronne oraz z\u00a0zakresu ochrony ludno\u015bci - mojabochnia.pl - portal informacyjny","isPartOf":{"@id":"https:\/\/www.mojabochnia.pl\/#website"},"primaryImageOfPage":{"@id":"https:\/\/www.mojabochnia.pl\/?p=218515#primaryimage"},"image":{"@id":"https:\/\/www.mojabochnia.pl\/?p=218515#primaryimage"},"thumbnailUrl":"https:\/\/www.mojabochnia.pl\/wp-content\/uploads\/2021\/11\/20210918_180510-e1636621690484.jpg","datePublished":"2025-11-19T06:49:38+00:00","breadcrumb":{"@id":"https:\/\/www.mojabochnia.pl\/?p=218515#breadcrumb"},"inLanguage":"pl-PL","potentialAction":[{"@type":"ReadAction","target":["https:\/\/www.mojabochnia.pl\/?p=218515"]}]},{"@type":"ImageObject","inLanguage":"pl-PL","@id":"https:\/\/www.mojabochnia.pl\/?p=218515#primaryimage","url":"https:\/\/www.mojabochnia.pl\/wp-content\/uploads\/2021\/11\/20210918_180510-e1636621690484.jpg","contentUrl":"https:\/\/www.mojabochnia.pl\/wp-content\/uploads\/2021\/11\/20210918_180510-e1636621690484.jpg","width":1500,"height":1125,"caption":"M. Kalinowski"},{"@type":"BreadcrumbList","@id":"https:\/\/www.mojabochnia.pl\/?p=218515#breadcrumb","itemListElement":[{"@type":"ListItem","position":1,"name":"Home","item":"https:\/\/www.mojabochnia.pl\/"},{"@type":"ListItem","position":2,"name":"Zawyj\u0105 syreny \u2013 powiatowe \u0107wiczenia obronne oraz z\u00a0zakresu ochrony ludno\u015bci"}]},{"@type":"WebSite","@id":"https:\/\/www.mojabochnia.pl\/#website","url":"https:\/\/www.mojabochnia.pl\/","name":"mojabochnia.pl - portal informacyjny","description":"mojaBochnia to portal informacyjny o Bochni. Codziennie o Bochni piszemy i pokazujemy najwa\u017cniejsze wydarzenia","publisher":{"@id":"https:\/\/www.mojabochnia.pl\/#organization"},"potentialAction":[{"@type":"SearchAction","target":{"@type":"EntryPoint","urlTemplate":"https:\/\/www.mojabochnia.pl\/?s={search_term_string}"},"query-input":{"@type":"PropertyValueSpecification","valueRequired":true,"valueName":"search_term_string"}}],"inLanguage":"pl-PL"},{"@type":"Organization","@id":"https:\/\/www.mojabochnia.pl\/#organization","name":"mojabochnia.pl - portal informacyjny","url":"https:\/\/www.mojabochnia.pl\/","logo":{"@type":"ImageObject","inLanguage":"pl-PL","@id":"https:\/\/www.mojabochnia.pl\/#\/schema\/logo\/image\/","url":"https:\/\/www.mojabochnia.pl\/wp-content\/uploads\/2017\/08\/logo-mb-opt.png","contentUrl":"https:\/\/www.mojabochnia.pl\/wp-content\/uploads\/2017\/08\/logo-mb-opt.png","width":250,"height":48,"caption":"mojabochnia.pl - portal informacyjny"},"image":{"@id":"https:\/\/www.mojabochnia.pl\/#\/schema\/logo\/image\/"},"sameAs":["https:\/\/www.facebook.com\/mojabochnia"]},{"@type":"Person","@id":"https:\/\/www.mojabochnia.pl\/#\/schema\/person\/d4c758656c81ae00e6496831fe7b0792","name":"Marcin Kalinowski","url":"https:\/\/www.mojabochnia.pl\/?author=29"}]}},"_links":{"self":[{"href":"https:\/\/www.mojabochnia.pl\/index.php?rest_route=\/wp\/v2\/posts\/218515","targetHints":{"allow":["GET"]}}],"collection":[{"href":"https:\/\/www.mojabochnia.pl\/index.php?rest_route=\/wp\/v2\/posts"}],"about":[{"href":"https:\/\/www.mojabochnia.pl\/index.php?rest_route=\/wp\/v2\/types\/post"}],"author":[{"embeddable":true,"href":"https:\/\/www.mojabochnia.pl\/index.php?rest_route=\/wp\/v2\/users\/29"}],"replies":[{"embeddable":true,"href":"https:\/\/www.mojabochnia.pl\/index.php?rest_route=%2Fwp%2Fv2%2Fcomments&post=218515"}],"version-history":[{"count":1,"href":"https:\/\/www.mojabochnia.pl\/index.php?rest_route=\/wp\/v2\/posts\/218515\/revisions"}],"predecessor-version":[{"id":218518,"href":"https:\/\/www.mojabochnia.pl\/index.php?rest_route=\/wp\/v2\/posts\/218515\/revisions\/218518"}],"wp:featuredmedia":[{"embeddable":true,"href":"https:\/\/www.mojabochnia.pl\/index.php?rest_route=\/wp\/v2\/media\/192374"}],"wp:attachment":[{"href":"https:\/\/www.mojabochnia.pl\/index.php?rest_route=%2Fwp%2Fv2%2Fmedia&parent=218515"}],"wp:term":[{"taxonomy":"category","embeddable":true,"href":"https:\/\/www.mojabochnia.pl\/index.php?rest_route=%2Fwp%2Fv2%2Fcategories&post=218515"},{"taxonomy":"post_tag","embeddable":true,"href":"https:\/\/www.mojabochnia.pl\/index.php?rest_route=%2Fwp%2Fv2%2Ftags&post=218515"}],"curies":[{"name":"wp","href":"https:\/\/api.w.org\/{rel}","templated":true}]}}