{"id":218499,"date":"2025-11-19T07:42:38","date_gmt":"2025-11-19T06:42:38","guid":{"rendered":"https:\/\/www.mojabochnia.pl\/?p=218499"},"modified":"2025-11-19T07:42:38","modified_gmt":"2025-11-19T06:42:38","slug":"wiceminister-infrastruktury-wraz-z-samorzadowcami-wizytowal-inwestycje-drogowe-w-powiecie","status":"publish","type":"post","link":"https:\/\/www.mojabochnia.pl\/?p=218499","title":{"rendered":"Wiceminister Infrastruktury wraz z\u00a0samorz\u0105dowcami wizytowa\u0142 inwestycje drogowe w\u00a0powiecie"},"content":{"rendered":"<div class=\"short_desc\"><strong>Wiceminister Infrastruktury Stanis\u0142aw Bukowiec wraz z lokalnymi samorz\u0105dowcami wizytowa\u0142 trzy wa\u017cne inwestycje drogowe realizowane na terenie powiatu boche\u0144skiego. Wszystkie zadania s\u0105 dofinansowane z rezerwy celowej bud\u017cetu pa\u0144stwa oraz \u015brodk\u00f3w samorz\u0105du powiatowego i gminnego.<\/strong><\/div>\n<div class=\"quote margin-20\">\n<div><\/div>\n<blockquote>\n<div class=\"blockquote-toggle\">Gratuluj\u0119 i ciesz\u0119 z faktu, \u017ce Zarz\u0105d Powiatu Boche\u0144skiego skutecznie zabiega o \u015brodki zewn\u0119trzne w tym wypadku pochodz\u0105ce z rezerwy subwencji og\u00f3lnej, kt\u00f3ra wraz Rz\u0105dowym Funduszem Rozwoju Dr\u00f3g s\u0105 g\u0142\u00f3wnymi formami wsparcia samorz\u0105dowych zada\u0144 drogowych. Sukcesywna poprawa jako\u015bci dr\u00f3g lokalnych, nale\u017cy do priorytetowych dzia\u0142a\u0144 Ministerstwa Infrastruktury. Inwestycje te maj\u0105 bowiem wp\u0142yw nie tylko na zwi\u0119kszenie komfortu podr\u00f3\u017cy, ale co bardzo istotne \u2013 bezpiecze\u0144stwo wszystkich u\u017cytkownik\u00f3w danej drogi\u00a0\u2014\u00a0<cite>m\u00f3wi wiceminister infrastruktury Stanis\u0142aw Bukowiec.<\/cite><\/p>\n<\/div>\n<\/blockquote>\n<\/div>\n<p>Pierwszym punktem wizyty by\u0142a budowa nowego mostu w Nieprze\u015bni na drodze powiatowej, kt\u00f3ra pe\u0142ni wa\u017cn\u0105 rol\u0119 komunikacyjn\u0105 dla powiat\u00f3w: brzeskiego, boche\u0144skiego i wielickiego. Inwestycja obejmuje r\u00f3wnie\u017c przebudow\u0119 dr\u00f3g dojazdowych, korekt\u0119 \u0142uk\u00f3w, budow\u0119 mur\u00f3w oporowych, kanalizacji deszczowej, chodnika, przej\u015bcia dla pieszych oraz peronu przystankowego. Prace potrwaj\u0105 do ko\u0144ca 2025 roku, a ich koszt to blisko 6,4 mln z\u0142 gdzie po\u0142owa to \u015brodki z\u00a0rezerwy subwencji og\u00f3lnej bud\u017cetu pa\u0144stwa.<\/p>\n<p>Kolejn\u0105 odwiedzon\u0105 inwestycj\u0105 by\u0142a budowa chodnika w Starym Wi\u015bniczu. Powstaje tu oko\u0142o 700 metr\u00f3w nowego chodnika, kt\u00f3ry po\u0142\u0105czy istniej\u0105ce odcinki od strony Nowego Wi\u015bnicza a\u017c do Kobyla. W ramach prac poszerzana jest tak\u017ce jezdnia oraz budowana kanalizacja deszczowa. Zako\u0144czenie inwestycji zaplanowano na koniec bie\u017c\u0105cego roku. Jej warto\u015b\u0107 to 1,7 mln z\u0142, a finansowanie pochodzi z rezerwy subwencji og\u00f3lnej Ministerstwa Infrastruktury oraz bud\u017cetu Gminy Nowy Wi\u015bnicz.<\/p>\n<p>Ostatnim etapem wizyty by\u0142a przebudowa drogi powiatowej w Leszczynie. Modernizowany odcinek ma ponad 800 metr\u00f3w d\u0142ugo\u015bci \u2013 od skrzy\u017cowania z drog\u0105 wojew\u00f3dzk\u0105 nr 966 do skrzy\u017cowania z drog\u0105 powiatow\u0105. Droga zostanie poszerzona do 6 metr\u00f3w i otrzyma now\u0105 nawierzchni\u0119 bitumiczn\u0105. Powstaje r\u00f3wnie\u017c 160-metrowa \u015bcie\u017cka rowerowa, a w finalnym etapie wykonana zostanie kanalizacja deszczowa oraz przebudowane zostan\u0105 zjazdy. Koszt inwestycji to 997 tys. z\u0142, a zadanie wsp\u00f3\u0142finansuje Gmina Trzciana. Zako\u0144czenie prac przewidziane jest na koniec tego roku.<\/p>\n<div class=\"quote margin-20\">\n<blockquote><p>Dzi\u0119ki dobrej wsp\u00f3\u0142pracy z rz\u0105dem oraz samorz\u0105dami gminnymi mo\u017cemy konsekwentnie realizowa\u0107 inwestycje poprawiaj\u0105ce infrastruktur\u0119 drogow\u0105 w powiecie. Ka\u017cde z tych zada\u0144 \u2013 od budowy mostu w Nieprze\u015bni, przez wykonanie chodnika w Starym Wi\u015bniczu, po modernizacj\u0119 drogi w Leszczynie \u2013 to dow\u00f3d, \u017ce dobra wsp\u00f3\u0142praca przek\u0142ada si\u0119 na realne efekty, z kt\u00f3rych korzystaj\u0105 mieszka\u0144cy boche\u0144szczyzny\u00a0\u2014\u00a0<cite>powiedzia\u0142 Adam Korta Starosta Boche\u0144ki.<\/cite><\/p><\/blockquote>\n<\/div>\n<p>W wizytacji uczestniczyli: Starosta Boche\u0144ski Adam Korta, Wicestarosta Ryszard Dro\u017cd\u017cak, Burmistrz Nowego Wi\u015bnicza Ma\u0142gorzata Wi\u0119ckowska, W\u00f3jt Gminy Trzciana Cezary Stawarz, Radni Powiatowi: R\u00f3\u017ca Gaw\u0142owicz, Rafa\u0142 Rudka, Krzysztof Ko\u0142odziejczyk i Wies\u0142aw Kukla oraz Dyrektor PZD Tadeusz Bia\u0142ka.<\/p>\n\t  \r\n\t\r\n\t    <div class=\"mb-gallery\">\r\n\t    <a href=\"https:\/\/www.mojabochnia.pl\/?attachment_id=218501\" class=\"\"><img loading=\"lazy\" decoding=\"async\" width=\"100\" height=\"100\" src=\"https:\/\/www.mojabochnia.pl\/wp-content\/uploads\/2025\/11\/DSC_4828-100x100.jpg\" class=\"attachment-100x100 size-100x100\" alt=\"\" srcset=\"https:\/\/www.mojabochnia.pl\/wp-content\/uploads\/2025\/11\/DSC_4828-100x100.jpg 100w, https:\/\/www.mojabochnia.pl\/wp-content\/uploads\/2025\/11\/DSC_4828-96x96.jpg 96w, https:\/\/www.mojabochnia.pl\/wp-content\/uploads\/2025\/11\/DSC_4828-84x84.jpg 84w\" sizes=\"auto, (max-width: 100px) 100vw, 100px\" \/><\/a><a href=\"https:\/\/www.mojabochnia.pl\/?attachment_id=218502\" class=\"\"><img loading=\"lazy\" decoding=\"async\" width=\"100\" height=\"100\" src=\"https:\/\/www.mojabochnia.pl\/wp-content\/uploads\/2025\/11\/DSC_4814-100x100.jpg\" class=\"attachment-100x100 size-100x100\" alt=\"\" srcset=\"https:\/\/www.mojabochnia.pl\/wp-content\/uploads\/2025\/11\/DSC_4814-100x100.jpg 100w, https:\/\/www.mojabochnia.pl\/wp-content\/uploads\/2025\/11\/DSC_4814-96x96.jpg 96w, https:\/\/www.mojabochnia.pl\/wp-content\/uploads\/2025\/11\/DSC_4814-84x84.jpg 84w\" sizes=\"auto, (max-width: 100px) 100vw, 100px\" \/><\/a><a href=\"https:\/\/www.mojabochnia.pl\/?attachment_id=218503\" class=\"\"><img loading=\"lazy\" decoding=\"async\" width=\"100\" height=\"100\" src=\"https:\/\/www.mojabochnia.pl\/wp-content\/uploads\/2025\/11\/DSC_4803-100x100.jpg\" class=\"attachment-100x100 size-100x100\" alt=\"\" srcset=\"https:\/\/www.mojabochnia.pl\/wp-content\/uploads\/2025\/11\/DSC_4803-100x100.jpg 100w, https:\/\/www.mojabochnia.pl\/wp-content\/uploads\/2025\/11\/DSC_4803-96x96.jpg 96w, https:\/\/www.mojabochnia.pl\/wp-content\/uploads\/2025\/11\/DSC_4803-84x84.jpg 84w\" sizes=\"auto, (max-width: 100px) 100vw, 100px\" \/><\/a><a href=\"https:\/\/www.mojabochnia.pl\/?attachment_id=218504\" class=\"\"><img loading=\"lazy\" decoding=\"async\" width=\"100\" height=\"100\" src=\"https:\/\/www.mojabochnia.pl\/wp-content\/uploads\/2025\/11\/DSC_4765-100x100.jpg\" class=\"attachment-100x100 size-100x100\" alt=\"\" srcset=\"https:\/\/www.mojabochnia.pl\/wp-content\/uploads\/2025\/11\/DSC_4765-100x100.jpg 100w, https:\/\/www.mojabochnia.pl\/wp-content\/uploads\/2025\/11\/DSC_4765-96x96.jpg 96w, https:\/\/www.mojabochnia.pl\/wp-content\/uploads\/2025\/11\/DSC_4765-84x84.jpg 84w\" sizes=\"auto, (max-width: 100px) 100vw, 100px\" \/><\/a><a href=\"https:\/\/www.mojabochnia.pl\/?attachment_id=218505\" class=\"\"><img loading=\"lazy\" decoding=\"async\" width=\"100\" height=\"100\" src=\"https:\/\/www.mojabochnia.pl\/wp-content\/uploads\/2025\/11\/DSC_4761_1-100x100.jpg\" class=\"attachment-100x100 size-100x100\" alt=\"\" srcset=\"https:\/\/www.mojabochnia.pl\/wp-content\/uploads\/2025\/11\/DSC_4761_1-100x100.jpg 100w, https:\/\/www.mojabochnia.pl\/wp-content\/uploads\/2025\/11\/DSC_4761_1-96x96.jpg 96w, https:\/\/www.mojabochnia.pl\/wp-content\/uploads\/2025\/11\/DSC_4761_1-84x84.jpg 84w\" sizes=\"auto, (max-width: 100px) 100vw, 100px\" \/><\/a><a href=\"https:\/\/www.mojabochnia.pl\/?attachment_id=218506\" class=\"\"><img loading=\"lazy\" decoding=\"async\" width=\"100\" height=\"100\" src=\"https:\/\/www.mojabochnia.pl\/wp-content\/uploads\/2025\/11\/DSC_4740_1-100x100.jpg\" class=\"attachment-100x100 size-100x100\" alt=\"\" srcset=\"https:\/\/www.mojabochnia.pl\/wp-content\/uploads\/2025\/11\/DSC_4740_1-100x100.jpg 100w, https:\/\/www.mojabochnia.pl\/wp-content\/uploads\/2025\/11\/DSC_4740_1-96x96.jpg 96w, https:\/\/www.mojabochnia.pl\/wp-content\/uploads\/2025\/11\/DSC_4740_1-84x84.jpg 84w\" sizes=\"auto, (max-width: 100px) 100vw, 100px\" \/><\/a><a href=\"https:\/\/www.mojabochnia.pl\/?attachment_id=218507\" class=\"\"><img loading=\"lazy\" decoding=\"async\" width=\"100\" height=\"100\" src=\"https:\/\/www.mojabochnia.pl\/wp-content\/uploads\/2025\/11\/DSC_4721_1-100x100.jpg\" class=\"attachment-100x100 size-100x100\" alt=\"\" srcset=\"https:\/\/www.mojabochnia.pl\/wp-content\/uploads\/2025\/11\/DSC_4721_1-100x100.jpg 100w, https:\/\/www.mojabochnia.pl\/wp-content\/uploads\/2025\/11\/DSC_4721_1-96x96.jpg 96w, https:\/\/www.mojabochnia.pl\/wp-content\/uploads\/2025\/11\/DSC_4721_1-84x84.jpg 84w\" sizes=\"auto, (max-width: 100px) 100vw, 100px\" \/><\/a><a href=\"https:\/\/www.mojabochnia.pl\/?attachment_id=218508\" class=\"\"><img loading=\"lazy\" decoding=\"async\" width=\"100\" height=\"100\" src=\"https:\/\/www.mojabochnia.pl\/wp-content\/uploads\/2025\/11\/DSC_4707-100x100.jpg\" class=\"attachment-100x100 size-100x100\" alt=\"\" srcset=\"https:\/\/www.mojabochnia.pl\/wp-content\/uploads\/2025\/11\/DSC_4707-100x100.jpg 100w, https:\/\/www.mojabochnia.pl\/wp-content\/uploads\/2025\/11\/DSC_4707-96x96.jpg 96w, https:\/\/www.mojabochnia.pl\/wp-content\/uploads\/2025\/11\/DSC_4707-84x84.jpg 84w\" sizes=\"auto, (max-width: 100px) 100vw, 100px\" \/><\/a><a href=\"https:\/\/www.mojabochnia.pl\/?attachment_id=218509\" class=\"\"><img loading=\"lazy\" decoding=\"async\" width=\"100\" height=\"100\" src=\"https:\/\/www.mojabochnia.pl\/wp-content\/uploads\/2025\/11\/DSC_4689-100x100.jpg\" class=\"attachment-100x100 size-100x100\" alt=\"\" srcset=\"https:\/\/www.mojabochnia.pl\/wp-content\/uploads\/2025\/11\/DSC_4689-100x100.jpg 100w, https:\/\/www.mojabochnia.pl\/wp-content\/uploads\/2025\/11\/DSC_4689-96x96.jpg 96w, https:\/\/www.mojabochnia.pl\/wp-content\/uploads\/2025\/11\/DSC_4689-84x84.jpg 84w\" sizes=\"auto, (max-width: 100px) 100vw, 100px\" \/><\/a><a href=\"https:\/\/www.mojabochnia.pl\/?attachment_id=218510\" class=\"\"><img loading=\"lazy\" decoding=\"async\" width=\"100\" height=\"100\" src=\"https:\/\/www.mojabochnia.pl\/wp-content\/uploads\/2025\/11\/DSC_4686_1-100x100.jpg\" class=\"attachment-100x100 size-100x100\" alt=\"\" srcset=\"https:\/\/www.mojabochnia.pl\/wp-content\/uploads\/2025\/11\/DSC_4686_1-100x100.jpg 100w, https:\/\/www.mojabochnia.pl\/wp-content\/uploads\/2025\/11\/DSC_4686_1-96x96.jpg 96w, https:\/\/www.mojabochnia.pl\/wp-content\/uploads\/2025\/11\/DSC_4686_1-84x84.jpg 84w\" sizes=\"auto, (max-width: 100px) 100vw, 100px\" \/><\/a><a href=\"https:\/\/www.mojabochnia.pl\/?attachment_id=218511\" class=\"\"><img loading=\"lazy\" decoding=\"async\" width=\"100\" height=\"100\" src=\"https:\/\/www.mojabochnia.pl\/wp-content\/uploads\/2025\/11\/DSC_4679-100x100.jpg\" class=\"attachment-100x100 size-100x100\" alt=\"\" srcset=\"https:\/\/www.mojabochnia.pl\/wp-content\/uploads\/2025\/11\/DSC_4679-100x100.jpg 100w, https:\/\/www.mojabochnia.pl\/wp-content\/uploads\/2025\/11\/DSC_4679-96x96.jpg 96w, https:\/\/www.mojabochnia.pl\/wp-content\/uploads\/2025\/11\/DSC_4679-84x84.jpg 84w\" sizes=\"auto, (max-width: 100px) 100vw, 100px\" \/><\/a>\t    <\/div>\r\n\t    ","protected":false},"excerpt":{"rendered":"<p>Wiceminister Infrastruktury Stanis\u0142aw Bukowiec wraz z lokalnymi samorz\u0105dowcami wizytowa\u0142 trzy wa\u017cne inwestycje drogowe realizowane na terenie powiatu boche\u0144skiego. Wszystkie zadania s\u0105 dofinansowane z rezerwy celowej bud\u017cetu pa\u0144stwa oraz \u015brodk\u00f3w samorz\u0105du powiatowego i gminnego. Gratuluj\u0119 i ciesz\u0119 z faktu, \u017ce Zarz\u0105d Powiatu Boche\u0144skiego skutecznie zabiega o \u015brodki zewn\u0119trzne w tym wypadku pochodz\u0105ce z rezerwy subwencji og\u00f3lnej,<\/p>\n","protected":false},"author":29,"featured_media":218504,"comment_status":"open","ping_status":"closed","sticky":false,"template":"","format":"standard","meta":{"_acf_changed":false,"footnotes":""},"categories":[6251,6250],"tags":[17884,22634,5019,1835,17127,18489,21850,17751,21985],"class_list":["post-218499","post","type-post","status-publish","format-standard","has-post-thumbnail","hentry","category-polityka-i-wydarzenia","category-tematyka","tag-adam-korta","tag-gmina-nowy-wisnbicz","tag-gmina-trzciana1","tag-krzysztof-kolodziejczyk","tag-powiat-bochenski","tag-rafal-rudka","tag-roza-gawlowicz","tag-stanislaw-bukowiec","tag-wieslaw-kukla","main_tag-powiat-bochenski"],"acf":[],"yoast_head":"<!-- This site is optimized with the Yoast SEO plugin v26.9 - https:\/\/yoast.com\/product\/yoast-seo-wordpress\/ -->\n<title>Wiceminister Infrastruktury wraz z\u00a0samorz\u0105dowcami wizytowa\u0142 inwestycje drogowe w\u00a0powiecie - mojabochnia.pl - portal informacyjny<\/title>\n<meta name=\"robots\" content=\"index, follow, max-snippet:-1, max-image-preview:large, max-video-preview:-1\" \/>\n<link rel=\"canonical\" href=\"https:\/\/www.mojabochnia.pl\/?p=218499\" \/>\n<meta property=\"og:locale\" content=\"pl_PL\" \/>\n<meta property=\"og:type\" content=\"article\" \/>\n<meta property=\"og:title\" content=\"Wiceminister Infrastruktury wraz z\u00a0samorz\u0105dowcami wizytowa\u0142 inwestycje drogowe w\u00a0powiecie - mojabochnia.pl - portal informacyjny\" \/>\n<meta property=\"og:description\" content=\"Wiceminister Infrastruktury Stanis\u0142aw Bukowiec wraz z lokalnymi samorz\u0105dowcami wizytowa\u0142 trzy wa\u017cne inwestycje drogowe realizowane na terenie powiatu boche\u0144skiego. Wszystkie zadania s\u0105 dofinansowane z rezerwy celowej bud\u017cetu pa\u0144stwa oraz \u015brodk\u00f3w samorz\u0105du powiatowego i gminnego. Gratuluj\u0119 i ciesz\u0119 z faktu, \u017ce Zarz\u0105d Powiatu Boche\u0144skiego skutecznie zabiega o \u015brodki zewn\u0119trzne w tym wypadku pochodz\u0105ce z rezerwy subwencji og\u00f3lnej,\" \/>\n<meta property=\"og:url\" content=\"https:\/\/www.mojabochnia.pl\/?p=218499\" \/>\n<meta property=\"og:site_name\" content=\"mojabochnia.pl - portal informacyjny\" \/>\n<meta property=\"article:publisher\" content=\"https:\/\/www.facebook.com\/mojabochnia\" \/>\n<meta property=\"article:published_time\" content=\"2025-11-19T06:42:38+00:00\" \/>\n<meta property=\"og:image\" content=\"https:\/\/www.mojabochnia.pl\/wp-content\/uploads\/2025\/11\/DSC_4765.jpg\" \/>\n\t<meta property=\"og:image:width\" content=\"1280\" \/>\n\t<meta property=\"og:image:height\" content=\"853\" \/>\n\t<meta property=\"og:image:type\" content=\"image\/jpeg\" \/>\n<meta name=\"author\" content=\"Marcin Kalinowski\" \/>\n<meta name=\"twitter:card\" content=\"summary_large_image\" \/>\n<meta name=\"twitter:label1\" content=\"Written by\" \/>\n\t<meta name=\"twitter:data1\" content=\"Marcin Kalinowski\" \/>\n\t<meta name=\"twitter:label2\" content=\"Est. reading time\" \/>\n\t<meta name=\"twitter:data2\" content=\"2 minuty\" \/>\n<script type=\"application\/ld+json\" class=\"yoast-schema-graph\">{\"@context\":\"https:\/\/schema.org\",\"@graph\":[{\"@type\":\"Article\",\"@id\":\"https:\/\/www.mojabochnia.pl\/?p=218499#article\",\"isPartOf\":{\"@id\":\"https:\/\/www.mojabochnia.pl\/?p=218499\"},\"author\":{\"name\":\"Marcin Kalinowski\",\"@id\":\"https:\/\/www.mojabochnia.pl\/#\/schema\/person\/d4c758656c81ae00e6496831fe7b0792\"},\"headline\":\"Wiceminister Infrastruktury wraz z\u00a0samorz\u0105dowcami wizytowa\u0142 inwestycje drogowe w\u00a0powiecie\",\"datePublished\":\"2025-11-19T06:42:38+00:00\",\"mainEntityOfPage\":{\"@id\":\"https:\/\/www.mojabochnia.pl\/?p=218499\"},\"wordCount\":508,\"commentCount\":0,\"publisher\":{\"@id\":\"https:\/\/www.mojabochnia.pl\/#organization\"},\"image\":{\"@id\":\"https:\/\/www.mojabochnia.pl\/?p=218499#primaryimage\"},\"thumbnailUrl\":\"https:\/\/www.mojabochnia.pl\/wp-content\/uploads\/2025\/11\/DSC_4765.jpg\",\"keywords\":[\"adam korta\",\"gmina nowy wi\u015bnbicz\",\"gmina trzciana\",\"krzysztof ko\u0142odziejczyk\",\"powiat boche\u0144ski\",\"rafa\u0142 rudka\",\"R\u00f3\u017ca Gaw\u0142owicz\",\"stanis\u0142aw bukowiec\",\"Wies\u0142aw Kukla\"],\"articleSection\":[\"polityka i wydarzenia\",\"tematyka\"],\"inLanguage\":\"pl-PL\",\"potentialAction\":[{\"@type\":\"CommentAction\",\"name\":\"Comment\",\"target\":[\"https:\/\/www.mojabochnia.pl\/?p=218499#respond\"]}]},{\"@type\":\"WebPage\",\"@id\":\"https:\/\/www.mojabochnia.pl\/?p=218499\",\"url\":\"https:\/\/www.mojabochnia.pl\/?p=218499\",\"name\":\"Wiceminister Infrastruktury wraz z\u00a0samorz\u0105dowcami wizytowa\u0142 inwestycje drogowe w\u00a0powiecie - mojabochnia.pl - portal informacyjny\",\"isPartOf\":{\"@id\":\"https:\/\/www.mojabochnia.pl\/#website\"},\"primaryImageOfPage\":{\"@id\":\"https:\/\/www.mojabochnia.pl\/?p=218499#primaryimage\"},\"image\":{\"@id\":\"https:\/\/www.mojabochnia.pl\/?p=218499#primaryimage\"},\"thumbnailUrl\":\"https:\/\/www.mojabochnia.pl\/wp-content\/uploads\/2025\/11\/DSC_4765.jpg\",\"datePublished\":\"2025-11-19T06:42:38+00:00\",\"breadcrumb\":{\"@id\":\"https:\/\/www.mojabochnia.pl\/?p=218499#breadcrumb\"},\"inLanguage\":\"pl-PL\",\"potentialAction\":[{\"@type\":\"ReadAction\",\"target\":[\"https:\/\/www.mojabochnia.pl\/?p=218499\"]}]},{\"@type\":\"ImageObject\",\"inLanguage\":\"pl-PL\",\"@id\":\"https:\/\/www.mojabochnia.pl\/?p=218499#primaryimage\",\"url\":\"https:\/\/www.mojabochnia.pl\/wp-content\/uploads\/2025\/11\/DSC_4765.jpg\",\"contentUrl\":\"https:\/\/www.mojabochnia.pl\/wp-content\/uploads\/2025\/11\/DSC_4765.jpg\",\"width\":1280,\"height\":853},{\"@type\":\"BreadcrumbList\",\"@id\":\"https:\/\/www.mojabochnia.pl\/?p=218499#breadcrumb\",\"itemListElement\":[{\"@type\":\"ListItem\",\"position\":1,\"name\":\"Home\",\"item\":\"https:\/\/www.mojabochnia.pl\/\"},{\"@type\":\"ListItem\",\"position\":2,\"name\":\"Wiceminister Infrastruktury wraz z\u00a0samorz\u0105dowcami wizytowa\u0142 inwestycje drogowe w\u00a0powiecie\"}]},{\"@type\":\"WebSite\",\"@id\":\"https:\/\/www.mojabochnia.pl\/#website\",\"url\":\"https:\/\/www.mojabochnia.pl\/\",\"name\":\"mojabochnia.pl - portal informacyjny\",\"description\":\"mojaBochnia to portal informacyjny o Bochni. Codziennie o Bochni piszemy i pokazujemy najwa\u017cniejsze wydarzenia\",\"publisher\":{\"@id\":\"https:\/\/www.mojabochnia.pl\/#organization\"},\"potentialAction\":[{\"@type\":\"SearchAction\",\"target\":{\"@type\":\"EntryPoint\",\"urlTemplate\":\"https:\/\/www.mojabochnia.pl\/?s={search_term_string}\"},\"query-input\":{\"@type\":\"PropertyValueSpecification\",\"valueRequired\":true,\"valueName\":\"search_term_string\"}}],\"inLanguage\":\"pl-PL\"},{\"@type\":\"Organization\",\"@id\":\"https:\/\/www.mojabochnia.pl\/#organization\",\"name\":\"mojabochnia.pl - portal informacyjny\",\"url\":\"https:\/\/www.mojabochnia.pl\/\",\"logo\":{\"@type\":\"ImageObject\",\"inLanguage\":\"pl-PL\",\"@id\":\"https:\/\/www.mojabochnia.pl\/#\/schema\/logo\/image\/\",\"url\":\"https:\/\/www.mojabochnia.pl\/wp-content\/uploads\/2017\/08\/logo-mb-opt.png\",\"contentUrl\":\"https:\/\/www.mojabochnia.pl\/wp-content\/uploads\/2017\/08\/logo-mb-opt.png\",\"width\":250,\"height\":48,\"caption\":\"mojabochnia.pl - portal informacyjny\"},\"image\":{\"@id\":\"https:\/\/www.mojabochnia.pl\/#\/schema\/logo\/image\/\"},\"sameAs\":[\"https:\/\/www.facebook.com\/mojabochnia\"]},{\"@type\":\"Person\",\"@id\":\"https:\/\/www.mojabochnia.pl\/#\/schema\/person\/d4c758656c81ae00e6496831fe7b0792\",\"name\":\"Marcin Kalinowski\",\"url\":\"https:\/\/www.mojabochnia.pl\/?author=29\"}]}<\/script>\n<!-- \/ Yoast SEO plugin. -->","yoast_head_json":{"title":"Wiceminister Infrastruktury wraz z\u00a0samorz\u0105dowcami wizytowa\u0142 inwestycje drogowe w\u00a0powiecie - mojabochnia.pl - portal informacyjny","robots":{"index":"index","follow":"follow","max-snippet":"max-snippet:-1","max-image-preview":"max-image-preview:large","max-video-preview":"max-video-preview:-1"},"canonical":"https:\/\/www.mojabochnia.pl\/?p=218499","og_locale":"pl_PL","og_type":"article","og_title":"Wiceminister Infrastruktury wraz z\u00a0samorz\u0105dowcami wizytowa\u0142 inwestycje drogowe w\u00a0powiecie - mojabochnia.pl - portal informacyjny","og_description":"Wiceminister Infrastruktury Stanis\u0142aw Bukowiec wraz z lokalnymi samorz\u0105dowcami wizytowa\u0142 trzy wa\u017cne inwestycje drogowe realizowane na terenie powiatu boche\u0144skiego. Wszystkie zadania s\u0105 dofinansowane z rezerwy celowej bud\u017cetu pa\u0144stwa oraz \u015brodk\u00f3w samorz\u0105du powiatowego i gminnego. Gratuluj\u0119 i ciesz\u0119 z faktu, \u017ce Zarz\u0105d Powiatu Boche\u0144skiego skutecznie zabiega o \u015brodki zewn\u0119trzne w tym wypadku pochodz\u0105ce z rezerwy subwencji og\u00f3lnej,","og_url":"https:\/\/www.mojabochnia.pl\/?p=218499","og_site_name":"mojabochnia.pl - portal informacyjny","article_publisher":"https:\/\/www.facebook.com\/mojabochnia","article_published_time":"2025-11-19T06:42:38+00:00","og_image":[{"width":1280,"height":853,"url":"https:\/\/www.mojabochnia.pl\/wp-content\/uploads\/2025\/11\/DSC_4765.jpg","type":"image\/jpeg"}],"author":"Marcin Kalinowski","twitter_card":"summary_large_image","twitter_misc":{"Written by":"Marcin Kalinowski","Est. reading time":"2 minuty"},"schema":{"@context":"https:\/\/schema.org","@graph":[{"@type":"Article","@id":"https:\/\/www.mojabochnia.pl\/?p=218499#article","isPartOf":{"@id":"https:\/\/www.mojabochnia.pl\/?p=218499"},"author":{"name":"Marcin Kalinowski","@id":"https:\/\/www.mojabochnia.pl\/#\/schema\/person\/d4c758656c81ae00e6496831fe7b0792"},"headline":"Wiceminister Infrastruktury wraz z\u00a0samorz\u0105dowcami wizytowa\u0142 inwestycje drogowe w\u00a0powiecie","datePublished":"2025-11-19T06:42:38+00:00","mainEntityOfPage":{"@id":"https:\/\/www.mojabochnia.pl\/?p=218499"},"wordCount":508,"commentCount":0,"publisher":{"@id":"https:\/\/www.mojabochnia.pl\/#organization"},"image":{"@id":"https:\/\/www.mojabochnia.pl\/?p=218499#primaryimage"},"thumbnailUrl":"https:\/\/www.mojabochnia.pl\/wp-content\/uploads\/2025\/11\/DSC_4765.jpg","keywords":["adam korta","gmina nowy wi\u015bnbicz","gmina trzciana","krzysztof ko\u0142odziejczyk","powiat boche\u0144ski","rafa\u0142 rudka","R\u00f3\u017ca Gaw\u0142owicz","stanis\u0142aw bukowiec","Wies\u0142aw Kukla"],"articleSection":["polityka i wydarzenia","tematyka"],"inLanguage":"pl-PL","potentialAction":[{"@type":"CommentAction","name":"Comment","target":["https:\/\/www.mojabochnia.pl\/?p=218499#respond"]}]},{"@type":"WebPage","@id":"https:\/\/www.mojabochnia.pl\/?p=218499","url":"https:\/\/www.mojabochnia.pl\/?p=218499","name":"Wiceminister Infrastruktury wraz z\u00a0samorz\u0105dowcami wizytowa\u0142 inwestycje drogowe w\u00a0powiecie - mojabochnia.pl - portal informacyjny","isPartOf":{"@id":"https:\/\/www.mojabochnia.pl\/#website"},"primaryImageOfPage":{"@id":"https:\/\/www.mojabochnia.pl\/?p=218499#primaryimage"},"image":{"@id":"https:\/\/www.mojabochnia.pl\/?p=218499#primaryimage"},"thumbnailUrl":"https:\/\/www.mojabochnia.pl\/wp-content\/uploads\/2025\/11\/DSC_4765.jpg","datePublished":"2025-11-19T06:42:38+00:00","breadcrumb":{"@id":"https:\/\/www.mojabochnia.pl\/?p=218499#breadcrumb"},"inLanguage":"pl-PL","potentialAction":[{"@type":"ReadAction","target":["https:\/\/www.mojabochnia.pl\/?p=218499"]}]},{"@type":"ImageObject","inLanguage":"pl-PL","@id":"https:\/\/www.mojabochnia.pl\/?p=218499#primaryimage","url":"https:\/\/www.mojabochnia.pl\/wp-content\/uploads\/2025\/11\/DSC_4765.jpg","contentUrl":"https:\/\/www.mojabochnia.pl\/wp-content\/uploads\/2025\/11\/DSC_4765.jpg","width":1280,"height":853},{"@type":"BreadcrumbList","@id":"https:\/\/www.mojabochnia.pl\/?p=218499#breadcrumb","itemListElement":[{"@type":"ListItem","position":1,"name":"Home","item":"https:\/\/www.mojabochnia.pl\/"},{"@type":"ListItem","position":2,"name":"Wiceminister Infrastruktury wraz z\u00a0samorz\u0105dowcami wizytowa\u0142 inwestycje drogowe w\u00a0powiecie"}]},{"@type":"WebSite","@id":"https:\/\/www.mojabochnia.pl\/#website","url":"https:\/\/www.mojabochnia.pl\/","name":"mojabochnia.pl - portal informacyjny","description":"mojaBochnia to portal informacyjny o Bochni. Codziennie o Bochni piszemy i pokazujemy najwa\u017cniejsze wydarzenia","publisher":{"@id":"https:\/\/www.mojabochnia.pl\/#organization"},"potentialAction":[{"@type":"SearchAction","target":{"@type":"EntryPoint","urlTemplate":"https:\/\/www.mojabochnia.pl\/?s={search_term_string}"},"query-input":{"@type":"PropertyValueSpecification","valueRequired":true,"valueName":"search_term_string"}}],"inLanguage":"pl-PL"},{"@type":"Organization","@id":"https:\/\/www.mojabochnia.pl\/#organization","name":"mojabochnia.pl - portal informacyjny","url":"https:\/\/www.mojabochnia.pl\/","logo":{"@type":"ImageObject","inLanguage":"pl-PL","@id":"https:\/\/www.mojabochnia.pl\/#\/schema\/logo\/image\/","url":"https:\/\/www.mojabochnia.pl\/wp-content\/uploads\/2017\/08\/logo-mb-opt.png","contentUrl":"https:\/\/www.mojabochnia.pl\/wp-content\/uploads\/2017\/08\/logo-mb-opt.png","width":250,"height":48,"caption":"mojabochnia.pl - portal informacyjny"},"image":{"@id":"https:\/\/www.mojabochnia.pl\/#\/schema\/logo\/image\/"},"sameAs":["https:\/\/www.facebook.com\/mojabochnia"]},{"@type":"Person","@id":"https:\/\/www.mojabochnia.pl\/#\/schema\/person\/d4c758656c81ae00e6496831fe7b0792","name":"Marcin Kalinowski","url":"https:\/\/www.mojabochnia.pl\/?author=29"}]}},"_links":{"self":[{"href":"https:\/\/www.mojabochnia.pl\/index.php?rest_route=\/wp\/v2\/posts\/218499","targetHints":{"allow":["GET"]}}],"collection":[{"href":"https:\/\/www.mojabochnia.pl\/index.php?rest_route=\/wp\/v2\/posts"}],"about":[{"href":"https:\/\/www.mojabochnia.pl\/index.php?rest_route=\/wp\/v2\/types\/post"}],"author":[{"embeddable":true,"href":"https:\/\/www.mojabochnia.pl\/index.php?rest_route=\/wp\/v2\/users\/29"}],"replies":[{"embeddable":true,"href":"https:\/\/www.mojabochnia.pl\/index.php?rest_route=%2Fwp%2Fv2%2Fcomments&post=218499"}],"version-history":[{"count":1,"href":"https:\/\/www.mojabochnia.pl\/index.php?rest_route=\/wp\/v2\/posts\/218499\/revisions"}],"predecessor-version":[{"id":218512,"href":"https:\/\/www.mojabochnia.pl\/index.php?rest_route=\/wp\/v2\/posts\/218499\/revisions\/218512"}],"wp:featuredmedia":[{"embeddable":true,"href":"https:\/\/www.mojabochnia.pl\/index.php?rest_route=\/wp\/v2\/media\/218504"}],"wp:attachment":[{"href":"https:\/\/www.mojabochnia.pl\/index.php?rest_route=%2Fwp%2Fv2%2Fmedia&parent=218499"}],"wp:term":[{"taxonomy":"category","embeddable":true,"href":"https:\/\/www.mojabochnia.pl\/index.php?rest_route=%2Fwp%2Fv2%2Fcategories&post=218499"},{"taxonomy":"post_tag","embeddable":true,"href":"https:\/\/www.mojabochnia.pl\/index.php?rest_route=%2Fwp%2Fv2%2Ftags&post=218499"}],"curies":[{"name":"wp","href":"https:\/\/api.w.org\/{rel}","templated":true}]}}