{"id":218494,"date":"2025-11-18T06:20:06","date_gmt":"2025-11-18T05:20:06","guid":{"rendered":"https:\/\/www.mojabochnia.pl\/?p=218494"},"modified":"2025-11-18T06:20:28","modified_gmt":"2025-11-18T05:20:28","slug":"wieczor-poetycki-kazimierza-musiala","status":"publish","type":"post","link":"https:\/\/www.mojabochnia.pl\/?p=218494","title":{"rendered":"Dzisiaj w Bibliotece. Wiecz\u00f3r poetycki Kazimierza Musia\u0142a"},"content":{"rendered":"<p><strong>Powiatowa i Miejska Biblioteka Publiczna w Bochni zaprasza na wiecz\u00f3r poetycki Kazimierza Musia\u0142a i promocj\u0119 jego czwartego tomiku \u201eO \u017cyciu\u2026 wiersze, fraszki i humoreski\u201d, 18 listopada 2025 r., o godz. 17.30, w sali klubu Biblioteki, ul. Mickiewicza 5.<\/strong><\/p>\n<p>Kazimierz Musia\u0142 urodzi\u0142 si\u0119 w Bochni i z ni\u0105 jest zwi\u0105zany ca\u0142e \u017cycie. Poeta amator, \u015bpiewa, gra na tr\u0105bce i perkusji. Jest cz\u0142onkiem G\u00f3rniczej Orkiestry D\u0119tej Kopalni Soli Bochnia.<\/p>\n<p>Jest wnikliwym obserwatorem otaczaj\u0105cej nas rzeczywisto\u015bci, dostrzega w niej rzeczy, kt\u00f3rych inni nie zauwa\u017caj\u0105. B\u0119d\u0105c na progu jesieni \u017cycia, zdecydowa\u0142 si\u0119 otworzy\u0107 przed lud\u017ami, ukazuj\u0105c swoje wn\u0119trze i rymowanym s\u0142owem przekaza\u0107 swoje spostrze\u017cenia.<br \/>\nUwa\u017ca, \u017ce dzie\u0144 bez napisania przynajmniej jednego wiersza jest dniem straconym. W swoim dorobku ma nagranego audiobooka i trzy tomiki wierszy \u201eChcia\u0142bym Ci\u0119 zabra\u0107 tam\u201d, \u201eTu jest nasze miejsce\u201d i \u201eSpokojna przysta\u0144\u201d.<br \/>\nSwoje wiersze publikuje w mediach spo\u0142eczno\u015bciowych, w kilku grupach poetyckich, gdzie ma wielu sta\u0142ych czytelnik\u00f3w. Jest tak\u017ce wsp\u00f3\u0142autorem kilku antologii tych grup.<\/p>\n<p>Ostatni tomik to efekt tw\u00f3rczo\u015bci, kt\u00f3ra powsta\u0142a z potrzeby serca i wielkiej pasji. Tematy do utwor\u00f3w zaczerpn\u0105\u0142 z codziennego \u017cycia i obserwacji otoczenia, opisa\u0142 prostym j\u0119zykiem o humorystycznym zabarwieniu.<\/p>\n<p>Spotkanie poprowadzi Bo\u017cena Kornaus, oprawa muzyczna Ma\u0142gorzata i Rados\u0142aw Brydniak. Podczas spotkania b\u0119dzie mo\u017cna naby\u0107 promowany tomik, zdoby\u0107 wpis i autograf Autora.<\/p>\n<p><img loading=\"lazy\" decoding=\"async\" class=\"alignnone wp-image-218496 size-full\" src=\"https:\/\/www.mojabochnia.pl\/wp-content\/uploads\/2025\/11\/Kazimierz-Musial_-002.png\" alt=\"\" width=\"1587\" height=\"2245\" srcset=\"https:\/\/www.mojabochnia.pl\/wp-content\/uploads\/2025\/11\/Kazimierz-Musial_-002.png 1587w, https:\/\/www.mojabochnia.pl\/wp-content\/uploads\/2025\/11\/Kazimierz-Musial_-002-468x662.png 468w, https:\/\/www.mojabochnia.pl\/wp-content\/uploads\/2025\/11\/Kazimierz-Musial_-002-1050x1485.png 1050w, https:\/\/www.mojabochnia.pl\/wp-content\/uploads\/2025\/11\/Kazimierz-Musial_-002-120x170.png 120w, https:\/\/www.mojabochnia.pl\/wp-content\/uploads\/2025\/11\/Kazimierz-Musial_-002-768x1086.png 768w, https:\/\/www.mojabochnia.pl\/wp-content\/uploads\/2025\/11\/Kazimierz-Musial_-002-1086x1536.png 1086w, https:\/\/www.mojabochnia.pl\/wp-content\/uploads\/2025\/11\/Kazimierz-Musial_-002-1448x2048.png 1448w\" sizes=\"auto, (max-width: 1587px) 100vw, 1587px\" \/><\/p>\n","protected":false},"excerpt":{"rendered":"<p>Powiatowa i Miejska Biblioteka Publiczna w Bochni zaprasza na wiecz\u00f3r poetycki Kazimierza Musia\u0142a i promocj\u0119 jego czwartego tomiku \u201eO \u017cyciu\u2026 wiersze, fraszki i humoreski\u201d, 18 listopada 2025 r., o godz. 17.30, w sali klubu Biblioteki, ul. Mickiewicza 5. Kazimierz Musia\u0142 urodzi\u0142 si\u0119 w Bochni i z ni\u0105 jest zwi\u0105zany ca\u0142e \u017cycie. Poeta amator, \u015bpiewa, gra<\/p>\n","protected":false},"author":13,"featured_media":158843,"comment_status":"open","ping_status":"closed","sticky":false,"template":"","format":"standard","meta":{"_acf_changed":false,"footnotes":""},"categories":[92,6251,6250],"tags":[5227,17269,22633],"class_list":["post-218494","post","type-post","status-publish","format-standard","has-post-thumbnail","hentry","category-kultura","category-polityka-i-wydarzenia","category-tematyka","tag-biblioteka-miejska-w-bochni","tag-bochnia","tag-bozena-kornaus","main_tag-bochnia"],"acf":[],"yoast_head":"<!-- This site is optimized with the Yoast SEO plugin v26.9 - https:\/\/yoast.com\/product\/yoast-seo-wordpress\/ -->\n<title>Dzisiaj w Bibliotece. Wiecz\u00f3r poetycki Kazimierza Musia\u0142a - mojabochnia.pl - portal informacyjny<\/title>\n<meta name=\"robots\" content=\"index, follow, max-snippet:-1, max-image-preview:large, max-video-preview:-1\" \/>\n<link rel=\"canonical\" href=\"https:\/\/www.mojabochnia.pl\/?p=218494\" \/>\n<meta property=\"og:locale\" content=\"pl_PL\" \/>\n<meta property=\"og:type\" content=\"article\" \/>\n<meta property=\"og:title\" content=\"Dzisiaj w Bibliotece. Wiecz\u00f3r poetycki Kazimierza Musia\u0142a - mojabochnia.pl - portal informacyjny\" \/>\n<meta property=\"og:description\" content=\"Powiatowa i Miejska Biblioteka Publiczna w Bochni zaprasza na wiecz\u00f3r poetycki Kazimierza Musia\u0142a i promocj\u0119 jego czwartego tomiku \u201eO \u017cyciu\u2026 wiersze, fraszki i humoreski\u201d, 18 listopada 2025 r., o godz. 17.30, w sali klubu Biblioteki, ul. Mickiewicza 5. Kazimierz Musia\u0142 urodzi\u0142 si\u0119 w Bochni i z ni\u0105 jest zwi\u0105zany ca\u0142e \u017cycie. Poeta amator, \u015bpiewa, gra\" \/>\n<meta property=\"og:url\" content=\"https:\/\/www.mojabochnia.pl\/?p=218494\" \/>\n<meta property=\"og:site_name\" content=\"mojabochnia.pl - portal informacyjny\" \/>\n<meta property=\"article:publisher\" content=\"https:\/\/www.facebook.com\/mojabochnia\" \/>\n<meta property=\"article:published_time\" content=\"2025-11-18T05:20:06+00:00\" \/>\n<meta property=\"article:modified_time\" content=\"2025-11-18T05:20:28+00:00\" \/>\n<meta property=\"og:image\" content=\"https:\/\/www.mojabochnia.pl\/wp-content\/uploads\/2016\/09\/DSC_1003-001.jpg\" \/>\n\t<meta property=\"og:image:width\" content=\"660\" \/>\n\t<meta property=\"og:image:height\" content=\"371\" \/>\n\t<meta property=\"og:image:type\" content=\"image\/jpeg\" \/>\n<meta name=\"author\" content=\"redakcja\" \/>\n<meta name=\"twitter:card\" content=\"summary_large_image\" \/>\n<meta name=\"twitter:label1\" content=\"Written by\" \/>\n\t<meta name=\"twitter:data1\" content=\"redakcja\" \/>\n\t<meta name=\"twitter:label2\" content=\"Est. reading time\" \/>\n\t<meta name=\"twitter:data2\" content=\"1 minuta\" \/>\n<script type=\"application\/ld+json\" class=\"yoast-schema-graph\">{\"@context\":\"https:\/\/schema.org\",\"@graph\":[{\"@type\":\"Article\",\"@id\":\"https:\/\/www.mojabochnia.pl\/?p=218494#article\",\"isPartOf\":{\"@id\":\"https:\/\/www.mojabochnia.pl\/?p=218494\"},\"author\":{\"name\":\"redakcja\",\"@id\":\"https:\/\/www.mojabochnia.pl\/#\/schema\/person\/7e2f20ead9902216a3384f13606c0ab7\"},\"headline\":\"Dzisiaj w Bibliotece. Wiecz\u00f3r poetycki Kazimierza Musia\u0142a\",\"datePublished\":\"2025-11-18T05:20:06+00:00\",\"dateModified\":\"2025-11-18T05:20:28+00:00\",\"mainEntityOfPage\":{\"@id\":\"https:\/\/www.mojabochnia.pl\/?p=218494\"},\"wordCount\":248,\"commentCount\":0,\"publisher\":{\"@id\":\"https:\/\/www.mojabochnia.pl\/#organization\"},\"image\":{\"@id\":\"https:\/\/www.mojabochnia.pl\/?p=218494#primaryimage\"},\"thumbnailUrl\":\"https:\/\/www.mojabochnia.pl\/wp-content\/uploads\/2016\/09\/DSC_1003-001.jpg\",\"keywords\":[\"Biblioteka Miejska w Bochni\",\"bochnia\",\"bo\u017cena kornaus\"],\"articleSection\":[\"kultura\",\"polityka i wydarzenia\",\"tematyka\"],\"inLanguage\":\"pl-PL\",\"potentialAction\":[{\"@type\":\"CommentAction\",\"name\":\"Comment\",\"target\":[\"https:\/\/www.mojabochnia.pl\/?p=218494#respond\"]}]},{\"@type\":\"WebPage\",\"@id\":\"https:\/\/www.mojabochnia.pl\/?p=218494\",\"url\":\"https:\/\/www.mojabochnia.pl\/?p=218494\",\"name\":\"Dzisiaj w Bibliotece. Wiecz\u00f3r poetycki Kazimierza Musia\u0142a - mojabochnia.pl - portal informacyjny\",\"isPartOf\":{\"@id\":\"https:\/\/www.mojabochnia.pl\/#website\"},\"primaryImageOfPage\":{\"@id\":\"https:\/\/www.mojabochnia.pl\/?p=218494#primaryimage\"},\"image\":{\"@id\":\"https:\/\/www.mojabochnia.pl\/?p=218494#primaryimage\"},\"thumbnailUrl\":\"https:\/\/www.mojabochnia.pl\/wp-content\/uploads\/2016\/09\/DSC_1003-001.jpg\",\"datePublished\":\"2025-11-18T05:20:06+00:00\",\"dateModified\":\"2025-11-18T05:20:28+00:00\",\"breadcrumb\":{\"@id\":\"https:\/\/www.mojabochnia.pl\/?p=218494#breadcrumb\"},\"inLanguage\":\"pl-PL\",\"potentialAction\":[{\"@type\":\"ReadAction\",\"target\":[\"https:\/\/www.mojabochnia.pl\/?p=218494\"]}]},{\"@type\":\"ImageObject\",\"inLanguage\":\"pl-PL\",\"@id\":\"https:\/\/www.mojabochnia.pl\/?p=218494#primaryimage\",\"url\":\"https:\/\/www.mojabochnia.pl\/wp-content\/uploads\/2016\/09\/DSC_1003-001.jpg\",\"contentUrl\":\"https:\/\/www.mojabochnia.pl\/wp-content\/uploads\/2016\/09\/DSC_1003-001.jpg\",\"width\":660,\"height\":371,\"caption\":\"Pawe\u0142 Michalczyk\"},{\"@type\":\"BreadcrumbList\",\"@id\":\"https:\/\/www.mojabochnia.pl\/?p=218494#breadcrumb\",\"itemListElement\":[{\"@type\":\"ListItem\",\"position\":1,\"name\":\"Home\",\"item\":\"https:\/\/www.mojabochnia.pl\/\"},{\"@type\":\"ListItem\",\"position\":2,\"name\":\"Dzisiaj w Bibliotece. Wiecz\u00f3r poetycki Kazimierza Musia\u0142a\"}]},{\"@type\":\"WebSite\",\"@id\":\"https:\/\/www.mojabochnia.pl\/#website\",\"url\":\"https:\/\/www.mojabochnia.pl\/\",\"name\":\"mojabochnia.pl - portal informacyjny\",\"description\":\"mojaBochnia to portal informacyjny o Bochni. Codziennie o Bochni piszemy i pokazujemy najwa\u017cniejsze wydarzenia\",\"publisher\":{\"@id\":\"https:\/\/www.mojabochnia.pl\/#organization\"},\"potentialAction\":[{\"@type\":\"SearchAction\",\"target\":{\"@type\":\"EntryPoint\",\"urlTemplate\":\"https:\/\/www.mojabochnia.pl\/?s={search_term_string}\"},\"query-input\":{\"@type\":\"PropertyValueSpecification\",\"valueRequired\":true,\"valueName\":\"search_term_string\"}}],\"inLanguage\":\"pl-PL\"},{\"@type\":\"Organization\",\"@id\":\"https:\/\/www.mojabochnia.pl\/#organization\",\"name\":\"mojabochnia.pl - portal informacyjny\",\"url\":\"https:\/\/www.mojabochnia.pl\/\",\"logo\":{\"@type\":\"ImageObject\",\"inLanguage\":\"pl-PL\",\"@id\":\"https:\/\/www.mojabochnia.pl\/#\/schema\/logo\/image\/\",\"url\":\"https:\/\/www.mojabochnia.pl\/wp-content\/uploads\/2017\/08\/logo-mb-opt.png\",\"contentUrl\":\"https:\/\/www.mojabochnia.pl\/wp-content\/uploads\/2017\/08\/logo-mb-opt.png\",\"width\":250,\"height\":48,\"caption\":\"mojabochnia.pl - portal informacyjny\"},\"image\":{\"@id\":\"https:\/\/www.mojabochnia.pl\/#\/schema\/logo\/image\/\"},\"sameAs\":[\"https:\/\/www.facebook.com\/mojabochnia\"]},{\"@type\":\"Person\",\"@id\":\"https:\/\/www.mojabochnia.pl\/#\/schema\/person\/7e2f20ead9902216a3384f13606c0ab7\",\"name\":\"redakcja\",\"sameAs\":[\"http:\/\/\"],\"url\":\"https:\/\/www.mojabochnia.pl\/?author=13\"}]}<\/script>\n<!-- \/ Yoast SEO plugin. -->","yoast_head_json":{"title":"Dzisiaj w Bibliotece. Wiecz\u00f3r poetycki Kazimierza Musia\u0142a - mojabochnia.pl - portal informacyjny","robots":{"index":"index","follow":"follow","max-snippet":"max-snippet:-1","max-image-preview":"max-image-preview:large","max-video-preview":"max-video-preview:-1"},"canonical":"https:\/\/www.mojabochnia.pl\/?p=218494","og_locale":"pl_PL","og_type":"article","og_title":"Dzisiaj w Bibliotece. Wiecz\u00f3r poetycki Kazimierza Musia\u0142a - mojabochnia.pl - portal informacyjny","og_description":"Powiatowa i Miejska Biblioteka Publiczna w Bochni zaprasza na wiecz\u00f3r poetycki Kazimierza Musia\u0142a i promocj\u0119 jego czwartego tomiku \u201eO \u017cyciu\u2026 wiersze, fraszki i humoreski\u201d, 18 listopada 2025 r., o godz. 17.30, w sali klubu Biblioteki, ul. Mickiewicza 5. Kazimierz Musia\u0142 urodzi\u0142 si\u0119 w Bochni i z ni\u0105 jest zwi\u0105zany ca\u0142e \u017cycie. Poeta amator, \u015bpiewa, gra","og_url":"https:\/\/www.mojabochnia.pl\/?p=218494","og_site_name":"mojabochnia.pl - portal informacyjny","article_publisher":"https:\/\/www.facebook.com\/mojabochnia","article_published_time":"2025-11-18T05:20:06+00:00","article_modified_time":"2025-11-18T05:20:28+00:00","og_image":[{"width":660,"height":371,"url":"https:\/\/www.mojabochnia.pl\/wp-content\/uploads\/2016\/09\/DSC_1003-001.jpg","type":"image\/jpeg"}],"author":"redakcja","twitter_card":"summary_large_image","twitter_misc":{"Written by":"redakcja","Est. reading time":"1 minuta"},"schema":{"@context":"https:\/\/schema.org","@graph":[{"@type":"Article","@id":"https:\/\/www.mojabochnia.pl\/?p=218494#article","isPartOf":{"@id":"https:\/\/www.mojabochnia.pl\/?p=218494"},"author":{"name":"redakcja","@id":"https:\/\/www.mojabochnia.pl\/#\/schema\/person\/7e2f20ead9902216a3384f13606c0ab7"},"headline":"Dzisiaj w Bibliotece. Wiecz\u00f3r poetycki Kazimierza Musia\u0142a","datePublished":"2025-11-18T05:20:06+00:00","dateModified":"2025-11-18T05:20:28+00:00","mainEntityOfPage":{"@id":"https:\/\/www.mojabochnia.pl\/?p=218494"},"wordCount":248,"commentCount":0,"publisher":{"@id":"https:\/\/www.mojabochnia.pl\/#organization"},"image":{"@id":"https:\/\/www.mojabochnia.pl\/?p=218494#primaryimage"},"thumbnailUrl":"https:\/\/www.mojabochnia.pl\/wp-content\/uploads\/2016\/09\/DSC_1003-001.jpg","keywords":["Biblioteka Miejska w Bochni","bochnia","bo\u017cena kornaus"],"articleSection":["kultura","polityka i wydarzenia","tematyka"],"inLanguage":"pl-PL","potentialAction":[{"@type":"CommentAction","name":"Comment","target":["https:\/\/www.mojabochnia.pl\/?p=218494#respond"]}]},{"@type":"WebPage","@id":"https:\/\/www.mojabochnia.pl\/?p=218494","url":"https:\/\/www.mojabochnia.pl\/?p=218494","name":"Dzisiaj w Bibliotece. Wiecz\u00f3r poetycki Kazimierza Musia\u0142a - mojabochnia.pl - portal informacyjny","isPartOf":{"@id":"https:\/\/www.mojabochnia.pl\/#website"},"primaryImageOfPage":{"@id":"https:\/\/www.mojabochnia.pl\/?p=218494#primaryimage"},"image":{"@id":"https:\/\/www.mojabochnia.pl\/?p=218494#primaryimage"},"thumbnailUrl":"https:\/\/www.mojabochnia.pl\/wp-content\/uploads\/2016\/09\/DSC_1003-001.jpg","datePublished":"2025-11-18T05:20:06+00:00","dateModified":"2025-11-18T05:20:28+00:00","breadcrumb":{"@id":"https:\/\/www.mojabochnia.pl\/?p=218494#breadcrumb"},"inLanguage":"pl-PL","potentialAction":[{"@type":"ReadAction","target":["https:\/\/www.mojabochnia.pl\/?p=218494"]}]},{"@type":"ImageObject","inLanguage":"pl-PL","@id":"https:\/\/www.mojabochnia.pl\/?p=218494#primaryimage","url":"https:\/\/www.mojabochnia.pl\/wp-content\/uploads\/2016\/09\/DSC_1003-001.jpg","contentUrl":"https:\/\/www.mojabochnia.pl\/wp-content\/uploads\/2016\/09\/DSC_1003-001.jpg","width":660,"height":371,"caption":"Pawe\u0142 Michalczyk"},{"@type":"BreadcrumbList","@id":"https:\/\/www.mojabochnia.pl\/?p=218494#breadcrumb","itemListElement":[{"@type":"ListItem","position":1,"name":"Home","item":"https:\/\/www.mojabochnia.pl\/"},{"@type":"ListItem","position":2,"name":"Dzisiaj w Bibliotece. Wiecz\u00f3r poetycki Kazimierza Musia\u0142a"}]},{"@type":"WebSite","@id":"https:\/\/www.mojabochnia.pl\/#website","url":"https:\/\/www.mojabochnia.pl\/","name":"mojabochnia.pl - portal informacyjny","description":"mojaBochnia to portal informacyjny o Bochni. Codziennie o Bochni piszemy i pokazujemy najwa\u017cniejsze wydarzenia","publisher":{"@id":"https:\/\/www.mojabochnia.pl\/#organization"},"potentialAction":[{"@type":"SearchAction","target":{"@type":"EntryPoint","urlTemplate":"https:\/\/www.mojabochnia.pl\/?s={search_term_string}"},"query-input":{"@type":"PropertyValueSpecification","valueRequired":true,"valueName":"search_term_string"}}],"inLanguage":"pl-PL"},{"@type":"Organization","@id":"https:\/\/www.mojabochnia.pl\/#organization","name":"mojabochnia.pl - portal informacyjny","url":"https:\/\/www.mojabochnia.pl\/","logo":{"@type":"ImageObject","inLanguage":"pl-PL","@id":"https:\/\/www.mojabochnia.pl\/#\/schema\/logo\/image\/","url":"https:\/\/www.mojabochnia.pl\/wp-content\/uploads\/2017\/08\/logo-mb-opt.png","contentUrl":"https:\/\/www.mojabochnia.pl\/wp-content\/uploads\/2017\/08\/logo-mb-opt.png","width":250,"height":48,"caption":"mojabochnia.pl - portal informacyjny"},"image":{"@id":"https:\/\/www.mojabochnia.pl\/#\/schema\/logo\/image\/"},"sameAs":["https:\/\/www.facebook.com\/mojabochnia"]},{"@type":"Person","@id":"https:\/\/www.mojabochnia.pl\/#\/schema\/person\/7e2f20ead9902216a3384f13606c0ab7","name":"redakcja","sameAs":["http:\/\/"],"url":"https:\/\/www.mojabochnia.pl\/?author=13"}]}},"_links":{"self":[{"href":"https:\/\/www.mojabochnia.pl\/index.php?rest_route=\/wp\/v2\/posts\/218494","targetHints":{"allow":["GET"]}}],"collection":[{"href":"https:\/\/www.mojabochnia.pl\/index.php?rest_route=\/wp\/v2\/posts"}],"about":[{"href":"https:\/\/www.mojabochnia.pl\/index.php?rest_route=\/wp\/v2\/types\/post"}],"author":[{"embeddable":true,"href":"https:\/\/www.mojabochnia.pl\/index.php?rest_route=\/wp\/v2\/users\/13"}],"replies":[{"embeddable":true,"href":"https:\/\/www.mojabochnia.pl\/index.php?rest_route=%2Fwp%2Fv2%2Fcomments&post=218494"}],"version-history":[{"count":2,"href":"https:\/\/www.mojabochnia.pl\/index.php?rest_route=\/wp\/v2\/posts\/218494\/revisions"}],"predecessor-version":[{"id":218498,"href":"https:\/\/www.mojabochnia.pl\/index.php?rest_route=\/wp\/v2\/posts\/218494\/revisions\/218498"}],"wp:featuredmedia":[{"embeddable":true,"href":"https:\/\/www.mojabochnia.pl\/index.php?rest_route=\/wp\/v2\/media\/158843"}],"wp:attachment":[{"href":"https:\/\/www.mojabochnia.pl\/index.php?rest_route=%2Fwp%2Fv2%2Fmedia&parent=218494"}],"wp:term":[{"taxonomy":"category","embeddable":true,"href":"https:\/\/www.mojabochnia.pl\/index.php?rest_route=%2Fwp%2Fv2%2Fcategories&post=218494"},{"taxonomy":"post_tag","embeddable":true,"href":"https:\/\/www.mojabochnia.pl\/index.php?rest_route=%2Fwp%2Fv2%2Ftags&post=218494"}],"curies":[{"name":"wp","href":"https:\/\/api.w.org\/{rel}","templated":true}]}}