{"id":217921,"date":"2025-10-17T07:39:44","date_gmt":"2025-10-17T05:39:44","guid":{"rendered":"https:\/\/www.mojabochnia.pl\/?p=217921"},"modified":"2025-10-17T07:39:44","modified_gmt":"2025-10-17T05:39:44","slug":"co-proponuje-w-noc-bibliotek-powiatowa-i-miejska-biblioteka-publiczna-w-bochni","status":"publish","type":"post","link":"https:\/\/www.mojabochnia.pl\/?p=217921","title":{"rendered":"Co proponuje w &#8222;noc bibliotek&#8221; Powiatowa i Miejska Biblioteka Publiczna w Bochni?"},"content":{"rendered":"<p><strong>Powiatowa i Miejska Biblioteka Publiczna w Bochni, 17 pa\u017adziernika br. zapraszama na 11. edycj\u0119 og\u00f3lnopolskiej akcji Noc Bibliotek, kt\u00f3ra w tym roku odbywa si\u0119 pod has\u0142em \u201eDo dzie\u0142a!\u201d. To nie tylko zach\u0119ta do dzia\u0142ania, ale tak\u017ce okazja do refleksji nad tym, czym dzi\u015b mo\u017ce by\u0107 dzie\u0142o \u2013 ksi\u0105\u017cka, akt tw\u00f3rczy, wsp\u00f3\u0142praca czy wsp\u00f3lne dzia\u0142anie dla dobra lokalnej spo\u0142eczno\u015bci.<\/strong><\/p>\n<p>Chcemy przypomnie\u0107, \u017ce biblioteka to nie tylko miejsce wypo\u017cyczania ksi\u0105\u017cek, ale tak\u017ce wa\u017cna cz\u0119\u015b\u0107 lokalnej wsp\u00f3lnoty \u2013 przestrze\u0144, gdzie mo\u017cna tworzy\u0107, dzieli\u0107 si\u0119 do\u015bwiadczeniami i budowa\u0107 wi\u0119zi. Has\u0142o \u201eDo dzie\u0142a!\u201d traktujemy jako wezwanie do aktywno\u015bci, kreatywno\u015bci i wsp\u00f3lnotowego dzia\u0142ania, niezale\u017cnie od wieku, pogl\u0105d\u00f3w czy do\u015bwiadcze\u0144.<\/p>\n<p>PROGRAM:<\/p>\n<p>GODZ. 18:00 \u2013 Do Dzie\u0142a z Alicj\u0105 Paluch\u00a0<a onclick=\"javascript:pageTracker._trackPageview('\/outgoing\/www.facebook.com\/artystyczne.wedrowki.alicji?__cft__%255b0%255d=AZW9L8PokJTKNFH-bxi3WlSbgpQ8-Zjw3jTz9-a1ALwu21RSOa_sPyYP-_LI-JDebOBFogxlnar1m1OYvCvqlesSWZT9V5PRmsaFG971EHFPoV_NW25H2uYexevbnksxlPOGvQjaVFbs3bH2_TNipQPl4UoGNx2VGB8b1hoQlHAMoZScn8jzvEuy-RAz4NirMqE&amp;__tn__=-%255dK-R');\"  href=\"https:\/\/www.facebook.com\/artystyczne.wedrowki.alicji?__cft__%255b0%255d=AZW9L8PokJTKNFH-bxi3WlSbgpQ8-Zjw3jTz9-a1ALwu21RSOa_sPyYP-_LI-JDebOBFogxlnar1m1OYvCvqlesSWZT9V5PRmsaFG971EHFPoV_NW25H2uYexevbnksxlPOGvQjaVFbs3bH2_TNipQPl4UoGNx2VGB8b1hoQlHAMoZScn8jzvEuy-RAz4NirMqE&amp;__tn__=-%255dK-R\"><b>ArtAla<\/b><b><\/b><\/a><\/p>\n<p>Jak si\u0119 robi spersonalizowane lalki i inne zabawki szyde\u0142kowe?<\/p>\n<p>GODZ. 18:30 \u2013 Do Dzie\u0142a z Katarzyn\u0105 Szymczyk\u00a0<a onclick=\"javascript:pageTracker._trackPageview('\/outgoing\/www.facebook.com\/katarzyna.szymczyk42?__cft__%255B0%255D=AZW9L8PokJTKNFH-bxi3WlSbgpQ8-Zjw3jTz9-a1ALwu21RSOa_sPyYP-_LI-JDebOBFogxlnar1m1OYvCvqlesSWZT9V5PRmsaFG971EHFPoV_NW25H2uYexevbnksxlPOGvQjaVFbs3bH2_TNipQPl4UoGNx2VGB8b1hoQlHAMoZScn8jzvEuy-RAz4NirMqE&amp;__tn__=-%255DK-R');\"  href=\"https:\/\/www.facebook.com\/katarzyna.szymczyk42?__cft__%255B0%255D=AZW9L8PokJTKNFH-bxi3WlSbgpQ8-Zjw3jTz9-a1ALwu21RSOa_sPyYP-_LI-JDebOBFogxlnar1m1OYvCvqlesSWZT9V5PRmsaFG971EHFPoV_NW25H2uYexevbnksxlPOGvQjaVFbs3bH2_TNipQPl4UoGNx2VGB8b1hoQlHAMoZScn8jzvEuy-RAz4NirMqE&amp;__tn__=-%255DK-R\"><b>Sklep-Maluch<\/b><b><\/b><\/a><\/p>\n<p>Jak si\u0119 robi zabawki sensoryczne i ekologiczne torebki lniane?<\/p>\n<p>GODZ. 19:30 \u2013 Do Dzie\u0142a z Kamil\u0105 Kaczmarczyk\u00a0<a onclick=\"javascript:pageTracker._trackPageview('\/outgoing\/www.facebook.com\/poetyczna?__cft__%255B0%255D=AZW9L8PokJTKNFH-bxi3WlSbgpQ8-Zjw3jTz9-a1ALwu21RSOa_sPyYP-_LI-JDebOBFogxlnar1m1OYvCvqlesSWZT9V5PRmsaFG971EHFPoV_NW25H2uYexevbnksxlPOGvQjaVFbs3bH2_TNipQPl4UoGNx2VGB8b1hoQlHAMoZScn8jzvEuy-RAz4NirMqE&amp;__tn__=-%255DK-R');\"  href=\"https:\/\/www.facebook.com\/poetyczna?__cft__%255B0%255D=AZW9L8PokJTKNFH-bxi3WlSbgpQ8-Zjw3jTz9-a1ALwu21RSOa_sPyYP-_LI-JDebOBFogxlnar1m1OYvCvqlesSWZT9V5PRmsaFG971EHFPoV_NW25H2uYexevbnksxlPOGvQjaVFbs3bH2_TNipQPl4UoGNx2VGB8b1hoQlHAMoZScn8jzvEuy-RAz4NirMqE&amp;__tn__=-%255DK-R\"><b>poetyczna.pl<\/b><\/a>\u00a0<a onclick=\"javascript:pageTracker._trackPageview('\/outgoing\/www.facebook.com\/profile.php?id=61574036370200&amp;__cft__%255B0%255D=AZW9L8PokJTKNFH-bxi3WlSbgpQ8-Zjw3jTz9-a1ALwu21RSOa_sPyYP-_LI-JDebOBFogxlnar1m1OYvCvqlesSWZT9V5PRmsaFG971EHFPoV_NW25H2uYexevbnksxlPOGvQjaVFbs3bH2_TNipQPl4UoGNx2VGB8b1hoQlHAMoZScn8jzvEuy-RAz4NirMqE&amp;__tn__=-%255DK-R');\"  href=\"https:\/\/www.facebook.com\/profile.php?id=61574036370200&amp;__cft__%255B0%255D=AZW9L8PokJTKNFH-bxi3WlSbgpQ8-Zjw3jTz9-a1ALwu21RSOa_sPyYP-_LI-JDebOBFogxlnar1m1OYvCvqlesSWZT9V5PRmsaFG971EHFPoV_NW25H2uYexevbnksxlPOGvQjaVFbs3bH2_TNipQPl4UoGNx2VGB8b1hoQlHAMoZScn8jzvEuy-RAz4NirMqE&amp;__tn__=-%255DK-R\"><b>Pami\u0105tki z Bochni<\/b><b><\/b><\/a><\/p>\n<p>Mi\u0119dzy wierszami: emocjonalne za-piski oraz warsztaty kola\u017cu \u201cdos\u0142owne esencje\u201d.<\/p>\n<p>GODZ. 21:30 \u2013 Do Dzie\u0142a z El\u017cbiet\u0105 \u015awider El\u017cbieta \u015awider<\/p>\n<p>Transpozycja sztuk wszelakich \u2013 warsztaty z Artystk\u0105 z Grupy \u201cMATERIA_Te4\u201d<\/p>\n<p>GODZ. 22:30 \u2013 Do Dzie\u0142 Marii Pawlikowskiej \u2013 Jasnorzewskiej<\/p>\n<p>i wsp\u00f3lne wierszy czytanie z Grup\u0105 Arty\u015bci z Cienia @artixt_ex_umbris<\/p>\n<p><strong>AKCJE TOWARZYSZ\u0104CE NOCY BIBLIOTEK:<\/strong><\/p>\n<p>Podziel si\u0119 ksi\u0105\u017ck\u0105! \u2013 masz ksi\u0105\u017cki, kt\u00f3rych ju\u017c nie czytasz?<\/p>\n<p>Przynie\u015b je do biblioteki i spraw by mogli je czyta\u0107 inni.<\/p>\n<p>\u0141ysog\u00f3rskie odbitki \u2013 w\u0142asnor\u0119cznie zrobisz odbitk\u0119 linorytu<\/p>\n<p>z motywem kafelek \u0142ysog\u00f3rskich, ozdabiaj\u0105cych boche\u0144sk\u0105 bibliotek\u0119.<\/p>\n<p>Wst\u0119p wolny! Zapraszamy! (17.10.2025 start godz. 18:00)<\/p>\n<p><img loading=\"lazy\" decoding=\"async\" class=\"alignnone wp-image-217923 size-large\" src=\"https:\/\/www.mojabochnia.pl\/wp-content\/uploads\/2025\/10\/Noc-w-Bibliotece-1050x1485.jpg\" alt=\"\" width=\"640\" height=\"905\" srcset=\"https:\/\/www.mojabochnia.pl\/wp-content\/uploads\/2025\/10\/Noc-w-Bibliotece-1050x1485.jpg 1050w, https:\/\/www.mojabochnia.pl\/wp-content\/uploads\/2025\/10\/Noc-w-Bibliotece-468x662.jpg 468w, https:\/\/www.mojabochnia.pl\/wp-content\/uploads\/2025\/10\/Noc-w-Bibliotece-120x170.jpg 120w, https:\/\/www.mojabochnia.pl\/wp-content\/uploads\/2025\/10\/Noc-w-Bibliotece-768x1086.jpg 768w, https:\/\/www.mojabochnia.pl\/wp-content\/uploads\/2025\/10\/Noc-w-Bibliotece-1086x1536.jpg 1086w, https:\/\/www.mojabochnia.pl\/wp-content\/uploads\/2025\/10\/Noc-w-Bibliotece.jpg 1448w\" sizes=\"auto, (max-width: 640px) 100vw, 640px\" \/><\/p>\n","protected":false},"excerpt":{"rendered":"<p>Powiatowa i Miejska Biblioteka Publiczna w Bochni, 17 pa\u017adziernika br. zapraszama na 11. edycj\u0119 og\u00f3lnopolskiej akcji Noc Bibliotek, kt\u00f3ra w tym roku odbywa si\u0119 pod has\u0142em \u201eDo dzie\u0142a!\u201d. To nie tylko zach\u0119ta do dzia\u0142ania, ale tak\u017ce okazja do refleksji nad tym, czym dzi\u015b mo\u017ce by\u0107 dzie\u0142o \u2013 ksi\u0105\u017cka, akt tw\u00f3rczy, wsp\u00f3\u0142praca czy wsp\u00f3lne dzia\u0142anie dla<\/p>\n","protected":false},"author":29,"featured_media":158843,"comment_status":"open","ping_status":"closed","sticky":false,"template":"","format":"standard","meta":{"_acf_changed":false,"footnotes":""},"categories":[92,6251,6250],"tags":[22617,22282],"class_list":["post-217921","post","type-post","status-publish","format-standard","has-post-thumbnail","hentry","category-kultura","category-polityka-i-wydarzenia","category-tematyka","tag-noc-bibliotek","tag-powiatowa-i-miejska-biblioteka-publiczna-w-bochni","main_tag-powiatowa-i-miejska-biblioteka-publiczna-w-bochni"],"acf":[],"yoast_head":"<!-- This site is optimized with the Yoast SEO plugin v26.9 - https:\/\/yoast.com\/product\/yoast-seo-wordpress\/ -->\n<title>Co proponuje w &quot;noc bibliotek&quot; Powiatowa i Miejska Biblioteka Publiczna w Bochni? - mojabochnia.pl - portal informacyjny<\/title>\n<meta name=\"robots\" content=\"index, follow, max-snippet:-1, max-image-preview:large, max-video-preview:-1\" \/>\n<link rel=\"canonical\" href=\"https:\/\/www.mojabochnia.pl\/?p=217921\" \/>\n<meta property=\"og:locale\" content=\"pl_PL\" \/>\n<meta property=\"og:type\" content=\"article\" \/>\n<meta property=\"og:title\" content=\"Co proponuje w &quot;noc bibliotek&quot; Powiatowa i Miejska Biblioteka Publiczna w Bochni? - mojabochnia.pl - portal informacyjny\" \/>\n<meta property=\"og:description\" content=\"Powiatowa i Miejska Biblioteka Publiczna w Bochni, 17 pa\u017adziernika br. zapraszama na 11. edycj\u0119 og\u00f3lnopolskiej akcji Noc Bibliotek, kt\u00f3ra w tym roku odbywa si\u0119 pod has\u0142em \u201eDo dzie\u0142a!\u201d. To nie tylko zach\u0119ta do dzia\u0142ania, ale tak\u017ce okazja do refleksji nad tym, czym dzi\u015b mo\u017ce by\u0107 dzie\u0142o \u2013 ksi\u0105\u017cka, akt tw\u00f3rczy, wsp\u00f3\u0142praca czy wsp\u00f3lne dzia\u0142anie dla\" \/>\n<meta property=\"og:url\" content=\"https:\/\/www.mojabochnia.pl\/?p=217921\" \/>\n<meta property=\"og:site_name\" content=\"mojabochnia.pl - portal informacyjny\" \/>\n<meta property=\"article:publisher\" content=\"https:\/\/www.facebook.com\/mojabochnia\" \/>\n<meta property=\"article:published_time\" content=\"2025-10-17T05:39:44+00:00\" \/>\n<meta property=\"og:image\" content=\"https:\/\/www.mojabochnia.pl\/wp-content\/uploads\/2016\/09\/DSC_1003-001.jpg\" \/>\n\t<meta property=\"og:image:width\" content=\"660\" \/>\n\t<meta property=\"og:image:height\" content=\"371\" \/>\n\t<meta property=\"og:image:type\" content=\"image\/jpeg\" \/>\n<meta name=\"author\" content=\"Marcin Kalinowski\" \/>\n<meta name=\"twitter:card\" content=\"summary_large_image\" \/>\n<meta name=\"twitter:label1\" content=\"Written by\" \/>\n\t<meta name=\"twitter:data1\" content=\"Marcin Kalinowski\" \/>\n\t<meta name=\"twitter:label2\" content=\"Est. reading time\" \/>\n\t<meta name=\"twitter:data2\" content=\"1 minuta\" \/>\n<script type=\"application\/ld+json\" class=\"yoast-schema-graph\">{\"@context\":\"https:\/\/schema.org\",\"@graph\":[{\"@type\":\"Article\",\"@id\":\"https:\/\/www.mojabochnia.pl\/?p=217921#article\",\"isPartOf\":{\"@id\":\"https:\/\/www.mojabochnia.pl\/?p=217921\"},\"author\":{\"name\":\"Marcin Kalinowski\",\"@id\":\"https:\/\/www.mojabochnia.pl\/#\/schema\/person\/d4c758656c81ae00e6496831fe7b0792\"},\"headline\":\"Co proponuje w &#8222;noc bibliotek&#8221; Powiatowa i Miejska Biblioteka Publiczna w Bochni?\",\"datePublished\":\"2025-10-17T05:39:44+00:00\",\"mainEntityOfPage\":{\"@id\":\"https:\/\/www.mojabochnia.pl\/?p=217921\"},\"wordCount\":301,\"commentCount\":0,\"publisher\":{\"@id\":\"https:\/\/www.mojabochnia.pl\/#organization\"},\"image\":{\"@id\":\"https:\/\/www.mojabochnia.pl\/?p=217921#primaryimage\"},\"thumbnailUrl\":\"https:\/\/www.mojabochnia.pl\/wp-content\/uploads\/2016\/09\/DSC_1003-001.jpg\",\"keywords\":[\"noc bibliotek\",\"Powiatowa i Miejska Biblioteka Publiczna w Bochni\"],\"articleSection\":[\"kultura\",\"polityka i wydarzenia\",\"tematyka\"],\"inLanguage\":\"pl-PL\",\"potentialAction\":[{\"@type\":\"CommentAction\",\"name\":\"Comment\",\"target\":[\"https:\/\/www.mojabochnia.pl\/?p=217921#respond\"]}]},{\"@type\":\"WebPage\",\"@id\":\"https:\/\/www.mojabochnia.pl\/?p=217921\",\"url\":\"https:\/\/www.mojabochnia.pl\/?p=217921\",\"name\":\"Co proponuje w \\\"noc bibliotek\\\" Powiatowa i Miejska Biblioteka Publiczna w Bochni? - mojabochnia.pl - portal informacyjny\",\"isPartOf\":{\"@id\":\"https:\/\/www.mojabochnia.pl\/#website\"},\"primaryImageOfPage\":{\"@id\":\"https:\/\/www.mojabochnia.pl\/?p=217921#primaryimage\"},\"image\":{\"@id\":\"https:\/\/www.mojabochnia.pl\/?p=217921#primaryimage\"},\"thumbnailUrl\":\"https:\/\/www.mojabochnia.pl\/wp-content\/uploads\/2016\/09\/DSC_1003-001.jpg\",\"datePublished\":\"2025-10-17T05:39:44+00:00\",\"breadcrumb\":{\"@id\":\"https:\/\/www.mojabochnia.pl\/?p=217921#breadcrumb\"},\"inLanguage\":\"pl-PL\",\"potentialAction\":[{\"@type\":\"ReadAction\",\"target\":[\"https:\/\/www.mojabochnia.pl\/?p=217921\"]}]},{\"@type\":\"ImageObject\",\"inLanguage\":\"pl-PL\",\"@id\":\"https:\/\/www.mojabochnia.pl\/?p=217921#primaryimage\",\"url\":\"https:\/\/www.mojabochnia.pl\/wp-content\/uploads\/2016\/09\/DSC_1003-001.jpg\",\"contentUrl\":\"https:\/\/www.mojabochnia.pl\/wp-content\/uploads\/2016\/09\/DSC_1003-001.jpg\",\"width\":660,\"height\":371,\"caption\":\"Pawe\u0142 Michalczyk\"},{\"@type\":\"BreadcrumbList\",\"@id\":\"https:\/\/www.mojabochnia.pl\/?p=217921#breadcrumb\",\"itemListElement\":[{\"@type\":\"ListItem\",\"position\":1,\"name\":\"Home\",\"item\":\"https:\/\/www.mojabochnia.pl\/\"},{\"@type\":\"ListItem\",\"position\":2,\"name\":\"Co proponuje w &#8222;noc bibliotek&#8221; Powiatowa i Miejska Biblioteka Publiczna w Bochni?\"}]},{\"@type\":\"WebSite\",\"@id\":\"https:\/\/www.mojabochnia.pl\/#website\",\"url\":\"https:\/\/www.mojabochnia.pl\/\",\"name\":\"mojabochnia.pl - portal informacyjny\",\"description\":\"mojaBochnia to portal informacyjny o Bochni. Codziennie o Bochni piszemy i pokazujemy najwa\u017cniejsze wydarzenia\",\"publisher\":{\"@id\":\"https:\/\/www.mojabochnia.pl\/#organization\"},\"potentialAction\":[{\"@type\":\"SearchAction\",\"target\":{\"@type\":\"EntryPoint\",\"urlTemplate\":\"https:\/\/www.mojabochnia.pl\/?s={search_term_string}\"},\"query-input\":{\"@type\":\"PropertyValueSpecification\",\"valueRequired\":true,\"valueName\":\"search_term_string\"}}],\"inLanguage\":\"pl-PL\"},{\"@type\":\"Organization\",\"@id\":\"https:\/\/www.mojabochnia.pl\/#organization\",\"name\":\"mojabochnia.pl - portal informacyjny\",\"url\":\"https:\/\/www.mojabochnia.pl\/\",\"logo\":{\"@type\":\"ImageObject\",\"inLanguage\":\"pl-PL\",\"@id\":\"https:\/\/www.mojabochnia.pl\/#\/schema\/logo\/image\/\",\"url\":\"https:\/\/www.mojabochnia.pl\/wp-content\/uploads\/2017\/08\/logo-mb-opt.png\",\"contentUrl\":\"https:\/\/www.mojabochnia.pl\/wp-content\/uploads\/2017\/08\/logo-mb-opt.png\",\"width\":250,\"height\":48,\"caption\":\"mojabochnia.pl - portal informacyjny\"},\"image\":{\"@id\":\"https:\/\/www.mojabochnia.pl\/#\/schema\/logo\/image\/\"},\"sameAs\":[\"https:\/\/www.facebook.com\/mojabochnia\"]},{\"@type\":\"Person\",\"@id\":\"https:\/\/www.mojabochnia.pl\/#\/schema\/person\/d4c758656c81ae00e6496831fe7b0792\",\"name\":\"Marcin Kalinowski\",\"url\":\"https:\/\/www.mojabochnia.pl\/?author=29\"}]}<\/script>\n<!-- \/ Yoast SEO plugin. -->","yoast_head_json":{"title":"Co proponuje w \"noc bibliotek\" Powiatowa i Miejska Biblioteka Publiczna w Bochni? - mojabochnia.pl - portal informacyjny","robots":{"index":"index","follow":"follow","max-snippet":"max-snippet:-1","max-image-preview":"max-image-preview:large","max-video-preview":"max-video-preview:-1"},"canonical":"https:\/\/www.mojabochnia.pl\/?p=217921","og_locale":"pl_PL","og_type":"article","og_title":"Co proponuje w \"noc bibliotek\" Powiatowa i Miejska Biblioteka Publiczna w Bochni? - mojabochnia.pl - portal informacyjny","og_description":"Powiatowa i Miejska Biblioteka Publiczna w Bochni, 17 pa\u017adziernika br. zapraszama na 11. edycj\u0119 og\u00f3lnopolskiej akcji Noc Bibliotek, kt\u00f3ra w tym roku odbywa si\u0119 pod has\u0142em \u201eDo dzie\u0142a!\u201d. To nie tylko zach\u0119ta do dzia\u0142ania, ale tak\u017ce okazja do refleksji nad tym, czym dzi\u015b mo\u017ce by\u0107 dzie\u0142o \u2013 ksi\u0105\u017cka, akt tw\u00f3rczy, wsp\u00f3\u0142praca czy wsp\u00f3lne dzia\u0142anie dla","og_url":"https:\/\/www.mojabochnia.pl\/?p=217921","og_site_name":"mojabochnia.pl - portal informacyjny","article_publisher":"https:\/\/www.facebook.com\/mojabochnia","article_published_time":"2025-10-17T05:39:44+00:00","og_image":[{"width":660,"height":371,"url":"https:\/\/www.mojabochnia.pl\/wp-content\/uploads\/2016\/09\/DSC_1003-001.jpg","type":"image\/jpeg"}],"author":"Marcin Kalinowski","twitter_card":"summary_large_image","twitter_misc":{"Written by":"Marcin Kalinowski","Est. reading time":"1 minuta"},"schema":{"@context":"https:\/\/schema.org","@graph":[{"@type":"Article","@id":"https:\/\/www.mojabochnia.pl\/?p=217921#article","isPartOf":{"@id":"https:\/\/www.mojabochnia.pl\/?p=217921"},"author":{"name":"Marcin Kalinowski","@id":"https:\/\/www.mojabochnia.pl\/#\/schema\/person\/d4c758656c81ae00e6496831fe7b0792"},"headline":"Co proponuje w &#8222;noc bibliotek&#8221; Powiatowa i Miejska Biblioteka Publiczna w Bochni?","datePublished":"2025-10-17T05:39:44+00:00","mainEntityOfPage":{"@id":"https:\/\/www.mojabochnia.pl\/?p=217921"},"wordCount":301,"commentCount":0,"publisher":{"@id":"https:\/\/www.mojabochnia.pl\/#organization"},"image":{"@id":"https:\/\/www.mojabochnia.pl\/?p=217921#primaryimage"},"thumbnailUrl":"https:\/\/www.mojabochnia.pl\/wp-content\/uploads\/2016\/09\/DSC_1003-001.jpg","keywords":["noc bibliotek","Powiatowa i Miejska Biblioteka Publiczna w Bochni"],"articleSection":["kultura","polityka i wydarzenia","tematyka"],"inLanguage":"pl-PL","potentialAction":[{"@type":"CommentAction","name":"Comment","target":["https:\/\/www.mojabochnia.pl\/?p=217921#respond"]}]},{"@type":"WebPage","@id":"https:\/\/www.mojabochnia.pl\/?p=217921","url":"https:\/\/www.mojabochnia.pl\/?p=217921","name":"Co proponuje w \"noc bibliotek\" Powiatowa i Miejska Biblioteka Publiczna w Bochni? - mojabochnia.pl - portal informacyjny","isPartOf":{"@id":"https:\/\/www.mojabochnia.pl\/#website"},"primaryImageOfPage":{"@id":"https:\/\/www.mojabochnia.pl\/?p=217921#primaryimage"},"image":{"@id":"https:\/\/www.mojabochnia.pl\/?p=217921#primaryimage"},"thumbnailUrl":"https:\/\/www.mojabochnia.pl\/wp-content\/uploads\/2016\/09\/DSC_1003-001.jpg","datePublished":"2025-10-17T05:39:44+00:00","breadcrumb":{"@id":"https:\/\/www.mojabochnia.pl\/?p=217921#breadcrumb"},"inLanguage":"pl-PL","potentialAction":[{"@type":"ReadAction","target":["https:\/\/www.mojabochnia.pl\/?p=217921"]}]},{"@type":"ImageObject","inLanguage":"pl-PL","@id":"https:\/\/www.mojabochnia.pl\/?p=217921#primaryimage","url":"https:\/\/www.mojabochnia.pl\/wp-content\/uploads\/2016\/09\/DSC_1003-001.jpg","contentUrl":"https:\/\/www.mojabochnia.pl\/wp-content\/uploads\/2016\/09\/DSC_1003-001.jpg","width":660,"height":371,"caption":"Pawe\u0142 Michalczyk"},{"@type":"BreadcrumbList","@id":"https:\/\/www.mojabochnia.pl\/?p=217921#breadcrumb","itemListElement":[{"@type":"ListItem","position":1,"name":"Home","item":"https:\/\/www.mojabochnia.pl\/"},{"@type":"ListItem","position":2,"name":"Co proponuje w &#8222;noc bibliotek&#8221; Powiatowa i Miejska Biblioteka Publiczna w Bochni?"}]},{"@type":"WebSite","@id":"https:\/\/www.mojabochnia.pl\/#website","url":"https:\/\/www.mojabochnia.pl\/","name":"mojabochnia.pl - portal informacyjny","description":"mojaBochnia to portal informacyjny o Bochni. Codziennie o Bochni piszemy i pokazujemy najwa\u017cniejsze wydarzenia","publisher":{"@id":"https:\/\/www.mojabochnia.pl\/#organization"},"potentialAction":[{"@type":"SearchAction","target":{"@type":"EntryPoint","urlTemplate":"https:\/\/www.mojabochnia.pl\/?s={search_term_string}"},"query-input":{"@type":"PropertyValueSpecification","valueRequired":true,"valueName":"search_term_string"}}],"inLanguage":"pl-PL"},{"@type":"Organization","@id":"https:\/\/www.mojabochnia.pl\/#organization","name":"mojabochnia.pl - portal informacyjny","url":"https:\/\/www.mojabochnia.pl\/","logo":{"@type":"ImageObject","inLanguage":"pl-PL","@id":"https:\/\/www.mojabochnia.pl\/#\/schema\/logo\/image\/","url":"https:\/\/www.mojabochnia.pl\/wp-content\/uploads\/2017\/08\/logo-mb-opt.png","contentUrl":"https:\/\/www.mojabochnia.pl\/wp-content\/uploads\/2017\/08\/logo-mb-opt.png","width":250,"height":48,"caption":"mojabochnia.pl - portal informacyjny"},"image":{"@id":"https:\/\/www.mojabochnia.pl\/#\/schema\/logo\/image\/"},"sameAs":["https:\/\/www.facebook.com\/mojabochnia"]},{"@type":"Person","@id":"https:\/\/www.mojabochnia.pl\/#\/schema\/person\/d4c758656c81ae00e6496831fe7b0792","name":"Marcin Kalinowski","url":"https:\/\/www.mojabochnia.pl\/?author=29"}]}},"_links":{"self":[{"href":"https:\/\/www.mojabochnia.pl\/index.php?rest_route=\/wp\/v2\/posts\/217921","targetHints":{"allow":["GET"]}}],"collection":[{"href":"https:\/\/www.mojabochnia.pl\/index.php?rest_route=\/wp\/v2\/posts"}],"about":[{"href":"https:\/\/www.mojabochnia.pl\/index.php?rest_route=\/wp\/v2\/types\/post"}],"author":[{"embeddable":true,"href":"https:\/\/www.mojabochnia.pl\/index.php?rest_route=\/wp\/v2\/users\/29"}],"replies":[{"embeddable":true,"href":"https:\/\/www.mojabochnia.pl\/index.php?rest_route=%2Fwp%2Fv2%2Fcomments&post=217921"}],"version-history":[{"count":1,"href":"https:\/\/www.mojabochnia.pl\/index.php?rest_route=\/wp\/v2\/posts\/217921\/revisions"}],"predecessor-version":[{"id":217924,"href":"https:\/\/www.mojabochnia.pl\/index.php?rest_route=\/wp\/v2\/posts\/217921\/revisions\/217924"}],"wp:featuredmedia":[{"embeddable":true,"href":"https:\/\/www.mojabochnia.pl\/index.php?rest_route=\/wp\/v2\/media\/158843"}],"wp:attachment":[{"href":"https:\/\/www.mojabochnia.pl\/index.php?rest_route=%2Fwp%2Fv2%2Fmedia&parent=217921"}],"wp:term":[{"taxonomy":"category","embeddable":true,"href":"https:\/\/www.mojabochnia.pl\/index.php?rest_route=%2Fwp%2Fv2%2Fcategories&post=217921"},{"taxonomy":"post_tag","embeddable":true,"href":"https:\/\/www.mojabochnia.pl\/index.php?rest_route=%2Fwp%2Fv2%2Ftags&post=217921"}],"curies":[{"name":"wp","href":"https:\/\/api.w.org\/{rel}","templated":true}]}}