{"id":217917,"date":"2025-10-17T07:34:51","date_gmt":"2025-10-17T05:34:51","guid":{"rendered":"https:\/\/www.mojabochnia.pl\/?p=217917"},"modified":"2025-10-17T07:34:51","modified_gmt":"2025-10-17T05:34:51","slug":"w-niewidzialnej-krainie-przelamie-bariery","status":"publish","type":"post","link":"https:\/\/www.mojabochnia.pl\/?p=217917","title":{"rendered":"&#8222;W Niewidzialnej Krainie&#8221; prze\u0142amie bariery?"},"content":{"rendered":"<p style=\"font-weight: 400;\"><strong>&#8222;W Niewidzialnej Krainie&#8221; to projekt skierowany do uczni\u00f3w szk\u00f3\u0142 podstawowych powiatu boche\u0144skiego.\u00a0Projekt ma na celu m.in. \u0142amanie barier, poprzez pokazanie m\u0142odemu pokoleniu, \u017ce osoby z niepe\u0142nosprawno\u015bciami mog\u0105 doskonale funkcjonowa\u0107 w spo\u0142ecze\u0144stwie dzi\u0119ki niewielkiej, a prawid\u0142owej pomocy ze strony os\u00f3b pe\u0142nosprawnych. Zadanie przyczyni si\u0119 do wzrostu wiedzy uczni\u00f3w w zakresie pomocy osobom z niepe\u0142nosprawno\u015bci\u0105 wzroku i uwra\u017cliwienia na potrzeby tych os\u00f3b.<\/strong><\/p>\n<p style=\"font-weight: 400;\">W ramach projektu realizowane b\u0119d\u0105 spotkania edukacyjno-warsztatowe dla dzieci i m\u0142odzie\u017cy z udzia\u0142em osoby niewidomej od urodzenia.<\/p>\n<p style=\"font-weight: 400;\">Podczas spotka\u0144, osoba niewidoma od urodzenia b\u0119dzie opowiada\u0107 o tym jak funkcjonuje w spo\u0142ecze\u0144stwie, jak porusza si\u0119 w przestrzeni publicznej, odpowie na nurtuj\u0105ce pytania, zaprezentuje spos\u00f3b radzenia sobie z podstawowymi czynno\u015bciami \u017cycia codziennego m.in. robienie herbaty, rozpoznawanie pieni\u0119dzy, pisanie na maszynie Brajlowskiej. Opowie r\u00f3wnie\u017c o tym jak mo\u017cna pom\u00f3c osobie niewidomej, aby jej nie zaszkodzi\u0107. Spotkania po\u0142\u0105czone b\u0119d\u0105 z prezentacj\u0105 artystyczn\u0105 trio fletowego.<\/p>\n<p style=\"font-weight: 400;\">W czasie spotka\u0144 wy\u015bwietlane b\u0119d\u0105 zdj\u0119cia prezentuj\u0105ce czynno\u015bci i\u00a0aktywno\u015bci wykonywane przez osoby niewidome. Podczas cz\u0119\u015bci warsztatowej uczestnicy b\u0119d\u0105 mogli wczu\u0107 si\u0119 w rol\u0119 osoby niewidomej i b\u0119d\u0105 mieli mo\u017cliwo\u015b\u0107 rozpozna\u0107 przedmiot na podstawie kszta\u0142tu, rozpozna\u0107 przypraw\u0119 na podstawie zapachu, pozna\u0107 podstawy pisma Braille\u2019a, a tak\u017ce b\u0119d\u0105 mogli do\u015bwiadczy\u0107 spaceru \u201ew ciemno\u201d (w goglach) z widz\u0105cym przewodnikiem.<\/p>\n<p style=\"font-weight: 400;\">Spotkania poprowadzi Adam Jamr\u00f3z- dziennikarz radiowy i muzyk, osoba niewidoma od urodzenia, a odb\u0119d\u0105 si\u0119 one 31.10.2025r. w Szkole Podstawowej im. Kardyna\u0142a Stefana Wyszy\u0144skiego Prymasa Tysi\u0105clecia w Much\u00f3wce.<\/p>\n<p style=\"font-weight: 400;\">Zg\u0142oszenia na spotkanie dla uczni\u00f3w szk\u00f3\u0142 podstawowych powiatu boche\u0144skiego odbywa\u0107 si\u0119 b\u0119dzie za pomoc\u0105 maila: <a onclick=\"javascript:pageTracker._trackPageview('\/mailto\/wniewidzialnejkrainie@gmail.com');\"  href=\"mailto:wniewidzialnejkrainie@gmail.com\">wniewidzialnejkrainie@gmail.com<\/a><\/p>\n<p style=\"font-weight: 400;\">Liczba miejsc jest ograniczona.<\/p>\n<p><img loading=\"lazy\" decoding=\"async\" class=\"alignnone wp-image-217919 size-full\" src=\"https:\/\/www.mojabochnia.pl\/wp-content\/uploads\/2025\/10\/PLAKATY_MUZYCZNE-1.png\" alt=\"\" width=\"1414\" height=\"2000\" srcset=\"https:\/\/www.mojabochnia.pl\/wp-content\/uploads\/2025\/10\/PLAKATY_MUZYCZNE-1.png 1414w, https:\/\/www.mojabochnia.pl\/wp-content\/uploads\/2025\/10\/PLAKATY_MUZYCZNE-1-468x662.png 468w, https:\/\/www.mojabochnia.pl\/wp-content\/uploads\/2025\/10\/PLAKATY_MUZYCZNE-1-1050x1485.png 1050w, https:\/\/www.mojabochnia.pl\/wp-content\/uploads\/2025\/10\/PLAKATY_MUZYCZNE-1-120x170.png 120w, https:\/\/www.mojabochnia.pl\/wp-content\/uploads\/2025\/10\/PLAKATY_MUZYCZNE-1-768x1086.png 768w, https:\/\/www.mojabochnia.pl\/wp-content\/uploads\/2025\/10\/PLAKATY_MUZYCZNE-1-1086x1536.png 1086w\" sizes=\"auto, (max-width: 1414px) 100vw, 1414px\" \/><\/p>\n","protected":false},"excerpt":{"rendered":"<p>&#8222;W Niewidzialnej Krainie&#8221; to projekt skierowany do uczni\u00f3w szk\u00f3\u0142 podstawowych powiatu boche\u0144skiego.\u00a0Projekt ma na celu m.in. \u0142amanie barier, poprzez pokazanie m\u0142odemu pokoleniu, \u017ce osoby z niepe\u0142nosprawno\u015bciami mog\u0105 doskonale funkcjonowa\u0107 w spo\u0142ecze\u0144stwie dzi\u0119ki niewielkiej, a prawid\u0142owej pomocy ze strony os\u00f3b pe\u0142nosprawnych. Zadanie przyczyni si\u0119 do wzrostu wiedzy uczni\u00f3w w zakresie pomocy osobom z niepe\u0142nosprawno\u015bci\u0105 wzroku i<\/p>\n","protected":false},"author":29,"featured_media":217919,"comment_status":"open","ping_status":"closed","sticky":false,"template":"","format":"standard","meta":{"_acf_changed":false,"footnotes":""},"categories":[6251,6250],"tags":[22616,17986,17127,17334,20920],"class_list":["post-217917","post","type-post","status-publish","format-standard","has-post-thumbnail","hentry","category-polityka-i-wydarzenia","category-tematyka","tag-adam-mroz","tag-gmina-nowy-wisnicz1","tag-powiat-bochenski","tag-szkoly","tag-z-zycia-szkol","main_tag-powiat-bochenski"],"acf":[],"yoast_head":"<!-- This site is optimized with the Yoast SEO plugin v26.9 - https:\/\/yoast.com\/product\/yoast-seo-wordpress\/ -->\n<title>&quot;W Niewidzialnej Krainie&quot; prze\u0142amie bariery? - mojabochnia.pl - portal informacyjny<\/title>\n<meta name=\"robots\" content=\"index, follow, max-snippet:-1, max-image-preview:large, max-video-preview:-1\" \/>\n<link rel=\"canonical\" href=\"https:\/\/www.mojabochnia.pl\/?p=217917\" \/>\n<meta property=\"og:locale\" content=\"pl_PL\" \/>\n<meta property=\"og:type\" content=\"article\" \/>\n<meta property=\"og:title\" content=\"&quot;W Niewidzialnej Krainie&quot; prze\u0142amie bariery? - mojabochnia.pl - portal informacyjny\" \/>\n<meta property=\"og:description\" content=\"&#8222;W Niewidzialnej Krainie&#8221; to projekt skierowany do uczni\u00f3w szk\u00f3\u0142 podstawowych powiatu boche\u0144skiego.\u00a0Projekt ma na celu m.in. \u0142amanie barier, poprzez pokazanie m\u0142odemu pokoleniu, \u017ce osoby z niepe\u0142nosprawno\u015bciami mog\u0105 doskonale funkcjonowa\u0107 w spo\u0142ecze\u0144stwie dzi\u0119ki niewielkiej, a prawid\u0142owej pomocy ze strony os\u00f3b pe\u0142nosprawnych. Zadanie przyczyni si\u0119 do wzrostu wiedzy uczni\u00f3w w zakresie pomocy osobom z niepe\u0142nosprawno\u015bci\u0105 wzroku i\" \/>\n<meta property=\"og:url\" content=\"https:\/\/www.mojabochnia.pl\/?p=217917\" \/>\n<meta property=\"og:site_name\" content=\"mojabochnia.pl - portal informacyjny\" \/>\n<meta property=\"article:publisher\" content=\"https:\/\/www.facebook.com\/mojabochnia\" \/>\n<meta property=\"article:published_time\" content=\"2025-10-17T05:34:51+00:00\" \/>\n<meta property=\"og:image\" content=\"https:\/\/www.mojabochnia.pl\/wp-content\/uploads\/2025\/10\/PLAKATY_MUZYCZNE-1-1050x1485.png\" \/>\n\t<meta property=\"og:image:width\" content=\"1050\" \/>\n\t<meta property=\"og:image:height\" content=\"1485\" \/>\n\t<meta property=\"og:image:type\" content=\"image\/png\" \/>\n<meta name=\"author\" content=\"Marcin Kalinowski\" \/>\n<meta name=\"twitter:card\" content=\"summary_large_image\" \/>\n<meta name=\"twitter:label1\" content=\"Written by\" \/>\n\t<meta name=\"twitter:data1\" content=\"Marcin Kalinowski\" \/>\n\t<meta name=\"twitter:label2\" content=\"Est. reading time\" \/>\n\t<meta name=\"twitter:data2\" content=\"2 minuty\" \/>\n<script type=\"application\/ld+json\" class=\"yoast-schema-graph\">{\"@context\":\"https:\/\/schema.org\",\"@graph\":[{\"@type\":\"Article\",\"@id\":\"https:\/\/www.mojabochnia.pl\/?p=217917#article\",\"isPartOf\":{\"@id\":\"https:\/\/www.mojabochnia.pl\/?p=217917\"},\"author\":{\"name\":\"Marcin Kalinowski\",\"@id\":\"https:\/\/www.mojabochnia.pl\/#\/schema\/person\/d4c758656c81ae00e6496831fe7b0792\"},\"headline\":\"&#8222;W Niewidzialnej Krainie&#8221; prze\u0142amie bariery?\",\"datePublished\":\"2025-10-17T05:34:51+00:00\",\"mainEntityOfPage\":{\"@id\":\"https:\/\/www.mojabochnia.pl\/?p=217917\"},\"wordCount\":314,\"commentCount\":0,\"publisher\":{\"@id\":\"https:\/\/www.mojabochnia.pl\/#organization\"},\"image\":{\"@id\":\"https:\/\/www.mojabochnia.pl\/?p=217917#primaryimage\"},\"thumbnailUrl\":\"https:\/\/www.mojabochnia.pl\/wp-content\/uploads\/2025\/10\/PLAKATY_MUZYCZNE-1.png\",\"keywords\":[\"adam mr\u00f3z\",\"gmina nowy wi\u015bnicz\",\"powiat boche\u0144ski\",\"szko\u0142y\",\"z \u017cycia szk\u00f3\u0142\"],\"articleSection\":[\"polityka i wydarzenia\",\"tematyka\"],\"inLanguage\":\"pl-PL\",\"potentialAction\":[{\"@type\":\"CommentAction\",\"name\":\"Comment\",\"target\":[\"https:\/\/www.mojabochnia.pl\/?p=217917#respond\"]}]},{\"@type\":\"WebPage\",\"@id\":\"https:\/\/www.mojabochnia.pl\/?p=217917\",\"url\":\"https:\/\/www.mojabochnia.pl\/?p=217917\",\"name\":\"\\\"W Niewidzialnej Krainie\\\" prze\u0142amie bariery? - mojabochnia.pl - portal informacyjny\",\"isPartOf\":{\"@id\":\"https:\/\/www.mojabochnia.pl\/#website\"},\"primaryImageOfPage\":{\"@id\":\"https:\/\/www.mojabochnia.pl\/?p=217917#primaryimage\"},\"image\":{\"@id\":\"https:\/\/www.mojabochnia.pl\/?p=217917#primaryimage\"},\"thumbnailUrl\":\"https:\/\/www.mojabochnia.pl\/wp-content\/uploads\/2025\/10\/PLAKATY_MUZYCZNE-1.png\",\"datePublished\":\"2025-10-17T05:34:51+00:00\",\"breadcrumb\":{\"@id\":\"https:\/\/www.mojabochnia.pl\/?p=217917#breadcrumb\"},\"inLanguage\":\"pl-PL\",\"potentialAction\":[{\"@type\":\"ReadAction\",\"target\":[\"https:\/\/www.mojabochnia.pl\/?p=217917\"]}]},{\"@type\":\"ImageObject\",\"inLanguage\":\"pl-PL\",\"@id\":\"https:\/\/www.mojabochnia.pl\/?p=217917#primaryimage\",\"url\":\"https:\/\/www.mojabochnia.pl\/wp-content\/uploads\/2025\/10\/PLAKATY_MUZYCZNE-1.png\",\"contentUrl\":\"https:\/\/www.mojabochnia.pl\/wp-content\/uploads\/2025\/10\/PLAKATY_MUZYCZNE-1.png\",\"width\":1414,\"height\":2000},{\"@type\":\"BreadcrumbList\",\"@id\":\"https:\/\/www.mojabochnia.pl\/?p=217917#breadcrumb\",\"itemListElement\":[{\"@type\":\"ListItem\",\"position\":1,\"name\":\"Home\",\"item\":\"https:\/\/www.mojabochnia.pl\/\"},{\"@type\":\"ListItem\",\"position\":2,\"name\":\"&#8222;W Niewidzialnej Krainie&#8221; prze\u0142amie bariery?\"}]},{\"@type\":\"WebSite\",\"@id\":\"https:\/\/www.mojabochnia.pl\/#website\",\"url\":\"https:\/\/www.mojabochnia.pl\/\",\"name\":\"mojabochnia.pl - portal informacyjny\",\"description\":\"mojaBochnia to portal informacyjny o Bochni. Codziennie o Bochni piszemy i pokazujemy najwa\u017cniejsze wydarzenia\",\"publisher\":{\"@id\":\"https:\/\/www.mojabochnia.pl\/#organization\"},\"potentialAction\":[{\"@type\":\"SearchAction\",\"target\":{\"@type\":\"EntryPoint\",\"urlTemplate\":\"https:\/\/www.mojabochnia.pl\/?s={search_term_string}\"},\"query-input\":{\"@type\":\"PropertyValueSpecification\",\"valueRequired\":true,\"valueName\":\"search_term_string\"}}],\"inLanguage\":\"pl-PL\"},{\"@type\":\"Organization\",\"@id\":\"https:\/\/www.mojabochnia.pl\/#organization\",\"name\":\"mojabochnia.pl - portal informacyjny\",\"url\":\"https:\/\/www.mojabochnia.pl\/\",\"logo\":{\"@type\":\"ImageObject\",\"inLanguage\":\"pl-PL\",\"@id\":\"https:\/\/www.mojabochnia.pl\/#\/schema\/logo\/image\/\",\"url\":\"https:\/\/www.mojabochnia.pl\/wp-content\/uploads\/2017\/08\/logo-mb-opt.png\",\"contentUrl\":\"https:\/\/www.mojabochnia.pl\/wp-content\/uploads\/2017\/08\/logo-mb-opt.png\",\"width\":250,\"height\":48,\"caption\":\"mojabochnia.pl - portal informacyjny\"},\"image\":{\"@id\":\"https:\/\/www.mojabochnia.pl\/#\/schema\/logo\/image\/\"},\"sameAs\":[\"https:\/\/www.facebook.com\/mojabochnia\"]},{\"@type\":\"Person\",\"@id\":\"https:\/\/www.mojabochnia.pl\/#\/schema\/person\/d4c758656c81ae00e6496831fe7b0792\",\"name\":\"Marcin Kalinowski\",\"url\":\"https:\/\/www.mojabochnia.pl\/?author=29\"}]}<\/script>\n<!-- \/ Yoast SEO plugin. -->","yoast_head_json":{"title":"\"W Niewidzialnej Krainie\" prze\u0142amie bariery? - mojabochnia.pl - portal informacyjny","robots":{"index":"index","follow":"follow","max-snippet":"max-snippet:-1","max-image-preview":"max-image-preview:large","max-video-preview":"max-video-preview:-1"},"canonical":"https:\/\/www.mojabochnia.pl\/?p=217917","og_locale":"pl_PL","og_type":"article","og_title":"\"W Niewidzialnej Krainie\" prze\u0142amie bariery? - mojabochnia.pl - portal informacyjny","og_description":"&#8222;W Niewidzialnej Krainie&#8221; to projekt skierowany do uczni\u00f3w szk\u00f3\u0142 podstawowych powiatu boche\u0144skiego.\u00a0Projekt ma na celu m.in. \u0142amanie barier, poprzez pokazanie m\u0142odemu pokoleniu, \u017ce osoby z niepe\u0142nosprawno\u015bciami mog\u0105 doskonale funkcjonowa\u0107 w spo\u0142ecze\u0144stwie dzi\u0119ki niewielkiej, a prawid\u0142owej pomocy ze strony os\u00f3b pe\u0142nosprawnych. Zadanie przyczyni si\u0119 do wzrostu wiedzy uczni\u00f3w w zakresie pomocy osobom z niepe\u0142nosprawno\u015bci\u0105 wzroku i","og_url":"https:\/\/www.mojabochnia.pl\/?p=217917","og_site_name":"mojabochnia.pl - portal informacyjny","article_publisher":"https:\/\/www.facebook.com\/mojabochnia","article_published_time":"2025-10-17T05:34:51+00:00","og_image":[{"width":1050,"height":1485,"url":"https:\/\/www.mojabochnia.pl\/wp-content\/uploads\/2025\/10\/PLAKATY_MUZYCZNE-1-1050x1485.png","type":"image\/png"}],"author":"Marcin Kalinowski","twitter_card":"summary_large_image","twitter_misc":{"Written by":"Marcin Kalinowski","Est. reading time":"2 minuty"},"schema":{"@context":"https:\/\/schema.org","@graph":[{"@type":"Article","@id":"https:\/\/www.mojabochnia.pl\/?p=217917#article","isPartOf":{"@id":"https:\/\/www.mojabochnia.pl\/?p=217917"},"author":{"name":"Marcin Kalinowski","@id":"https:\/\/www.mojabochnia.pl\/#\/schema\/person\/d4c758656c81ae00e6496831fe7b0792"},"headline":"&#8222;W Niewidzialnej Krainie&#8221; prze\u0142amie bariery?","datePublished":"2025-10-17T05:34:51+00:00","mainEntityOfPage":{"@id":"https:\/\/www.mojabochnia.pl\/?p=217917"},"wordCount":314,"commentCount":0,"publisher":{"@id":"https:\/\/www.mojabochnia.pl\/#organization"},"image":{"@id":"https:\/\/www.mojabochnia.pl\/?p=217917#primaryimage"},"thumbnailUrl":"https:\/\/www.mojabochnia.pl\/wp-content\/uploads\/2025\/10\/PLAKATY_MUZYCZNE-1.png","keywords":["adam mr\u00f3z","gmina nowy wi\u015bnicz","powiat boche\u0144ski","szko\u0142y","z \u017cycia szk\u00f3\u0142"],"articleSection":["polityka i wydarzenia","tematyka"],"inLanguage":"pl-PL","potentialAction":[{"@type":"CommentAction","name":"Comment","target":["https:\/\/www.mojabochnia.pl\/?p=217917#respond"]}]},{"@type":"WebPage","@id":"https:\/\/www.mojabochnia.pl\/?p=217917","url":"https:\/\/www.mojabochnia.pl\/?p=217917","name":"\"W Niewidzialnej Krainie\" prze\u0142amie bariery? - mojabochnia.pl - portal informacyjny","isPartOf":{"@id":"https:\/\/www.mojabochnia.pl\/#website"},"primaryImageOfPage":{"@id":"https:\/\/www.mojabochnia.pl\/?p=217917#primaryimage"},"image":{"@id":"https:\/\/www.mojabochnia.pl\/?p=217917#primaryimage"},"thumbnailUrl":"https:\/\/www.mojabochnia.pl\/wp-content\/uploads\/2025\/10\/PLAKATY_MUZYCZNE-1.png","datePublished":"2025-10-17T05:34:51+00:00","breadcrumb":{"@id":"https:\/\/www.mojabochnia.pl\/?p=217917#breadcrumb"},"inLanguage":"pl-PL","potentialAction":[{"@type":"ReadAction","target":["https:\/\/www.mojabochnia.pl\/?p=217917"]}]},{"@type":"ImageObject","inLanguage":"pl-PL","@id":"https:\/\/www.mojabochnia.pl\/?p=217917#primaryimage","url":"https:\/\/www.mojabochnia.pl\/wp-content\/uploads\/2025\/10\/PLAKATY_MUZYCZNE-1.png","contentUrl":"https:\/\/www.mojabochnia.pl\/wp-content\/uploads\/2025\/10\/PLAKATY_MUZYCZNE-1.png","width":1414,"height":2000},{"@type":"BreadcrumbList","@id":"https:\/\/www.mojabochnia.pl\/?p=217917#breadcrumb","itemListElement":[{"@type":"ListItem","position":1,"name":"Home","item":"https:\/\/www.mojabochnia.pl\/"},{"@type":"ListItem","position":2,"name":"&#8222;W Niewidzialnej Krainie&#8221; prze\u0142amie bariery?"}]},{"@type":"WebSite","@id":"https:\/\/www.mojabochnia.pl\/#website","url":"https:\/\/www.mojabochnia.pl\/","name":"mojabochnia.pl - portal informacyjny","description":"mojaBochnia to portal informacyjny o Bochni. Codziennie o Bochni piszemy i pokazujemy najwa\u017cniejsze wydarzenia","publisher":{"@id":"https:\/\/www.mojabochnia.pl\/#organization"},"potentialAction":[{"@type":"SearchAction","target":{"@type":"EntryPoint","urlTemplate":"https:\/\/www.mojabochnia.pl\/?s={search_term_string}"},"query-input":{"@type":"PropertyValueSpecification","valueRequired":true,"valueName":"search_term_string"}}],"inLanguage":"pl-PL"},{"@type":"Organization","@id":"https:\/\/www.mojabochnia.pl\/#organization","name":"mojabochnia.pl - portal informacyjny","url":"https:\/\/www.mojabochnia.pl\/","logo":{"@type":"ImageObject","inLanguage":"pl-PL","@id":"https:\/\/www.mojabochnia.pl\/#\/schema\/logo\/image\/","url":"https:\/\/www.mojabochnia.pl\/wp-content\/uploads\/2017\/08\/logo-mb-opt.png","contentUrl":"https:\/\/www.mojabochnia.pl\/wp-content\/uploads\/2017\/08\/logo-mb-opt.png","width":250,"height":48,"caption":"mojabochnia.pl - portal informacyjny"},"image":{"@id":"https:\/\/www.mojabochnia.pl\/#\/schema\/logo\/image\/"},"sameAs":["https:\/\/www.facebook.com\/mojabochnia"]},{"@type":"Person","@id":"https:\/\/www.mojabochnia.pl\/#\/schema\/person\/d4c758656c81ae00e6496831fe7b0792","name":"Marcin Kalinowski","url":"https:\/\/www.mojabochnia.pl\/?author=29"}]}},"_links":{"self":[{"href":"https:\/\/www.mojabochnia.pl\/index.php?rest_route=\/wp\/v2\/posts\/217917","targetHints":{"allow":["GET"]}}],"collection":[{"href":"https:\/\/www.mojabochnia.pl\/index.php?rest_route=\/wp\/v2\/posts"}],"about":[{"href":"https:\/\/www.mojabochnia.pl\/index.php?rest_route=\/wp\/v2\/types\/post"}],"author":[{"embeddable":true,"href":"https:\/\/www.mojabochnia.pl\/index.php?rest_route=\/wp\/v2\/users\/29"}],"replies":[{"embeddable":true,"href":"https:\/\/www.mojabochnia.pl\/index.php?rest_route=%2Fwp%2Fv2%2Fcomments&post=217917"}],"version-history":[{"count":1,"href":"https:\/\/www.mojabochnia.pl\/index.php?rest_route=\/wp\/v2\/posts\/217917\/revisions"}],"predecessor-version":[{"id":217920,"href":"https:\/\/www.mojabochnia.pl\/index.php?rest_route=\/wp\/v2\/posts\/217917\/revisions\/217920"}],"wp:featuredmedia":[{"embeddable":true,"href":"https:\/\/www.mojabochnia.pl\/index.php?rest_route=\/wp\/v2\/media\/217919"}],"wp:attachment":[{"href":"https:\/\/www.mojabochnia.pl\/index.php?rest_route=%2Fwp%2Fv2%2Fmedia&parent=217917"}],"wp:term":[{"taxonomy":"category","embeddable":true,"href":"https:\/\/www.mojabochnia.pl\/index.php?rest_route=%2Fwp%2Fv2%2Fcategories&post=217917"},{"taxonomy":"post_tag","embeddable":true,"href":"https:\/\/www.mojabochnia.pl\/index.php?rest_route=%2Fwp%2Fv2%2Ftags&post=217917"}],"curies":[{"name":"wp","href":"https:\/\/api.w.org\/{rel}","templated":true}]}}