{"id":217713,"date":"2025-09-25T09:37:00","date_gmt":"2025-09-25T07:37:00","guid":{"rendered":"https:\/\/www.mojabochnia.pl\/?p=217713"},"modified":"2025-09-25T09:37:00","modified_gmt":"2025-09-25T07:37:00","slug":"gmina-nowy-wisnicz-zaprasza-na-rajd-rowerowy-sladami-zabytkow-legend-i-historii","status":"publish","type":"post","link":"https:\/\/www.mojabochnia.pl\/?p=217713","title":{"rendered":"Gmina Nowy Wi\u015bnicz zaprasza na Rajd Rowerowy &#8222;\u015aladami zabytk\u00f3w, legend i historii\u201d"},"content":{"rendered":"<div><strong>Stowarzyszenie 60+ Nowy Wi\u015bnicz, Miejski O\u015brodek Kultury w Nowym Wi\u015bniczu oraz Gmina Nowy Wi\u015bnicz s\u0105 organizatorami X ju\u017c edycji Rodzinnego Rajdu Rowerowego \u201e\u015aladami zabytk\u00f3w, legend i historii\u201d, kt\u00f3ry odb\u0119dzie si\u0119 28 wrze\u015bnia 2025 roku w Nowym Wi\u015bniczu.\u00a0<\/strong><\/div>\n<div><\/div>\n<p>Rodzinny Rajd Rowerowy \u201e\u015aladami zabytk\u00f3w, legend i historii\u201d to cyklicznie organizowane wydarzenie promuj\u0105ce aktywne, rodzinne sp\u0119dzanie wolnego czasu. Trasy zosta\u0142y wytyczone urokliwymi dr\u00f3\u017ckami prowadz\u0105cymi w\u015br\u00f3d malowniczo po\u0142o\u017conych wzg\u00f3rz, p\u00f3l, las\u00f3w i zabytk\u00f3w Ziemi Wi\u015bnickiej. Celem jest integracja i poznawanie lokalnych atrakcji w formie rekreacyjnej, a nie sportowej rywalizacji. Oferta adresowana jest do ca\u0142ych rodzin jak i zwolennik\u00f3w indywidualnego pokonywania tras i zach\u0119ca do aktywnego wypoczynku na rowerze i r\u00f3wnoczesnego poznawania bogactwa kulturowego regionu.<\/p>\n<div>Zadanie wsp\u00f3\u0142finansowane przez Powiat Boche\u0144ski.<\/div>\n<div><\/div>\n<div>Niezb\u0119dne informacje, zasady udzia\u0142u oraz karta zg\u0142oszenia znajduj\u0105 si\u0119 <a onclick=\"javascript:pageTracker._trackPageview('\/outgoing\/moknowywisnicz.pl\/n,x-rodzinny-rajd-rowerowy-juz-28-wrzesnia');\"  href=\"https:\/\/moknowywisnicz.pl\/n,x-rodzinny-rajd-rowerowy-juz-28-wrzesnia\"><strong>TUTAJ<\/strong><\/a><\/div>\n<div><img loading=\"lazy\" decoding=\"async\" class=\"alignnone wp-image-217715 size-full\" src=\"https:\/\/www.mojabochnia.pl\/wp-content\/uploads\/2025\/09\/rajd-2025plakat-scaled.jpg\" alt=\"\" width=\"1810\" height=\"2560\" srcset=\"https:\/\/www.mojabochnia.pl\/wp-content\/uploads\/2025\/09\/rajd-2025plakat-scaled.jpg 1810w, https:\/\/www.mojabochnia.pl\/wp-content\/uploads\/2025\/09\/rajd-2025plakat-468x662.jpg 468w, https:\/\/www.mojabochnia.pl\/wp-content\/uploads\/2025\/09\/rajd-2025plakat-1050x1485.jpg 1050w, https:\/\/www.mojabochnia.pl\/wp-content\/uploads\/2025\/09\/rajd-2025plakat-120x170.jpg 120w, https:\/\/www.mojabochnia.pl\/wp-content\/uploads\/2025\/09\/rajd-2025plakat-768x1086.jpg 768w, https:\/\/www.mojabochnia.pl\/wp-content\/uploads\/2025\/09\/rajd-2025plakat-1086x1536.jpg 1086w, https:\/\/www.mojabochnia.pl\/wp-content\/uploads\/2025\/09\/rajd-2025plakat-1448x2048.jpg 1448w\" sizes=\"auto, (max-width: 1810px) 100vw, 1810px\" \/><\/div>\n","protected":false},"excerpt":{"rendered":"<p>Stowarzyszenie 60+ Nowy Wi\u015bnicz, Miejski O\u015brodek Kultury w Nowym Wi\u015bniczu oraz Gmina Nowy Wi\u015bnicz s\u0105 organizatorami X ju\u017c edycji Rodzinnego Rajdu Rowerowego \u201e\u015aladami zabytk\u00f3w, legend i historii\u201d, kt\u00f3ry odb\u0119dzie si\u0119 28 wrze\u015bnia 2025 roku w Nowym Wi\u015bniczu.\u00a0 Rodzinny Rajd Rowerowy \u201e\u015aladami zabytk\u00f3w, legend i historii\u201d to cyklicznie organizowane wydarzenie promuj\u0105ce aktywne, rodzinne sp\u0119dzanie wolnego czasu.<\/p>\n","protected":false},"author":29,"featured_media":217715,"comment_status":"open","ping_status":"closed","sticky":false,"template":"","format":"standard","meta":{"_acf_changed":false,"footnotes":""},"categories":[6251,6250],"tags":[17986,14589],"class_list":["post-217713","post","type-post","status-publish","format-standard","has-post-thumbnail","hentry","category-polityka-i-wydarzenia","category-tematyka","tag-gmina-nowy-wisnicz1","tag-rajd-rowerowy","main_tag-gmina-nowy-wisnicz"],"acf":[],"yoast_head":"<!-- This site is optimized with the Yoast SEO plugin v26.9 - https:\/\/yoast.com\/product\/yoast-seo-wordpress\/ -->\n<title>Gmina Nowy Wi\u015bnicz zaprasza na Rajd Rowerowy &quot;\u015aladami zabytk\u00f3w, legend i historii\u201d - mojabochnia.pl - portal informacyjny<\/title>\n<meta name=\"robots\" content=\"index, follow, max-snippet:-1, max-image-preview:large, max-video-preview:-1\" \/>\n<link rel=\"canonical\" href=\"https:\/\/www.mojabochnia.pl\/?p=217713\" \/>\n<meta property=\"og:locale\" content=\"pl_PL\" \/>\n<meta property=\"og:type\" content=\"article\" \/>\n<meta property=\"og:title\" content=\"Gmina Nowy Wi\u015bnicz zaprasza na Rajd Rowerowy &quot;\u015aladami zabytk\u00f3w, legend i historii\u201d - mojabochnia.pl - portal informacyjny\" \/>\n<meta property=\"og:description\" content=\"Stowarzyszenie 60+ Nowy Wi\u015bnicz, Miejski O\u015brodek Kultury w Nowym Wi\u015bniczu oraz Gmina Nowy Wi\u015bnicz s\u0105 organizatorami X ju\u017c edycji Rodzinnego Rajdu Rowerowego \u201e\u015aladami zabytk\u00f3w, legend i historii\u201d, kt\u00f3ry odb\u0119dzie si\u0119 28 wrze\u015bnia 2025 roku w Nowym Wi\u015bniczu.\u00a0 Rodzinny Rajd Rowerowy \u201e\u015aladami zabytk\u00f3w, legend i historii\u201d to cyklicznie organizowane wydarzenie promuj\u0105ce aktywne, rodzinne sp\u0119dzanie wolnego czasu.\" \/>\n<meta property=\"og:url\" content=\"https:\/\/www.mojabochnia.pl\/?p=217713\" \/>\n<meta property=\"og:site_name\" content=\"mojabochnia.pl - portal informacyjny\" \/>\n<meta property=\"article:publisher\" content=\"https:\/\/www.facebook.com\/mojabochnia\" \/>\n<meta property=\"article:published_time\" content=\"2025-09-25T07:37:00+00:00\" \/>\n<meta property=\"og:image\" content=\"https:\/\/www.mojabochnia.pl\/wp-content\/uploads\/2025\/09\/rajd-2025plakat-scaled.jpg\" \/>\n\t<meta property=\"og:image:width\" content=\"1810\" \/>\n\t<meta property=\"og:image:height\" content=\"2560\" \/>\n\t<meta property=\"og:image:type\" content=\"image\/jpeg\" \/>\n<meta name=\"author\" content=\"Marcin Kalinowski\" \/>\n<meta name=\"twitter:card\" content=\"summary_large_image\" \/>\n<meta name=\"twitter:label1\" content=\"Written by\" \/>\n\t<meta name=\"twitter:data1\" content=\"Marcin Kalinowski\" \/>\n\t<meta name=\"twitter:label2\" content=\"Est. reading time\" \/>\n\t<meta name=\"twitter:data2\" content=\"1 minuta\" \/>\n<script type=\"application\/ld+json\" class=\"yoast-schema-graph\">{\"@context\":\"https:\/\/schema.org\",\"@graph\":[{\"@type\":\"Article\",\"@id\":\"https:\/\/www.mojabochnia.pl\/?p=217713#article\",\"isPartOf\":{\"@id\":\"https:\/\/www.mojabochnia.pl\/?p=217713\"},\"author\":{\"name\":\"Marcin Kalinowski\",\"@id\":\"https:\/\/www.mojabochnia.pl\/#\/schema\/person\/d4c758656c81ae00e6496831fe7b0792\"},\"headline\":\"Gmina Nowy Wi\u015bnicz zaprasza na Rajd Rowerowy &#8222;\u015aladami zabytk\u00f3w, legend i historii\u201d\",\"datePublished\":\"2025-09-25T07:37:00+00:00\",\"mainEntityOfPage\":{\"@id\":\"https:\/\/www.mojabochnia.pl\/?p=217713\"},\"wordCount\":169,\"commentCount\":0,\"publisher\":{\"@id\":\"https:\/\/www.mojabochnia.pl\/#organization\"},\"image\":{\"@id\":\"https:\/\/www.mojabochnia.pl\/?p=217713#primaryimage\"},\"thumbnailUrl\":\"https:\/\/www.mojabochnia.pl\/wp-content\/uploads\/2025\/09\/rajd-2025plakat-scaled.jpg\",\"keywords\":[\"gmina nowy wi\u015bnicz\",\"rajd rowerowy\"],\"articleSection\":[\"polityka i wydarzenia\",\"tematyka\"],\"inLanguage\":\"pl-PL\",\"potentialAction\":[{\"@type\":\"CommentAction\",\"name\":\"Comment\",\"target\":[\"https:\/\/www.mojabochnia.pl\/?p=217713#respond\"]}]},{\"@type\":\"WebPage\",\"@id\":\"https:\/\/www.mojabochnia.pl\/?p=217713\",\"url\":\"https:\/\/www.mojabochnia.pl\/?p=217713\",\"name\":\"Gmina Nowy Wi\u015bnicz zaprasza na Rajd Rowerowy \\\"\u015aladami zabytk\u00f3w, legend i historii\u201d - mojabochnia.pl - portal informacyjny\",\"isPartOf\":{\"@id\":\"https:\/\/www.mojabochnia.pl\/#website\"},\"primaryImageOfPage\":{\"@id\":\"https:\/\/www.mojabochnia.pl\/?p=217713#primaryimage\"},\"image\":{\"@id\":\"https:\/\/www.mojabochnia.pl\/?p=217713#primaryimage\"},\"thumbnailUrl\":\"https:\/\/www.mojabochnia.pl\/wp-content\/uploads\/2025\/09\/rajd-2025plakat-scaled.jpg\",\"datePublished\":\"2025-09-25T07:37:00+00:00\",\"breadcrumb\":{\"@id\":\"https:\/\/www.mojabochnia.pl\/?p=217713#breadcrumb\"},\"inLanguage\":\"pl-PL\",\"potentialAction\":[{\"@type\":\"ReadAction\",\"target\":[\"https:\/\/www.mojabochnia.pl\/?p=217713\"]}]},{\"@type\":\"ImageObject\",\"inLanguage\":\"pl-PL\",\"@id\":\"https:\/\/www.mojabochnia.pl\/?p=217713#primaryimage\",\"url\":\"https:\/\/www.mojabochnia.pl\/wp-content\/uploads\/2025\/09\/rajd-2025plakat-scaled.jpg\",\"contentUrl\":\"https:\/\/www.mojabochnia.pl\/wp-content\/uploads\/2025\/09\/rajd-2025plakat-scaled.jpg\",\"width\":1810,\"height\":2560},{\"@type\":\"BreadcrumbList\",\"@id\":\"https:\/\/www.mojabochnia.pl\/?p=217713#breadcrumb\",\"itemListElement\":[{\"@type\":\"ListItem\",\"position\":1,\"name\":\"Home\",\"item\":\"https:\/\/www.mojabochnia.pl\/\"},{\"@type\":\"ListItem\",\"position\":2,\"name\":\"Gmina Nowy Wi\u015bnicz zaprasza na Rajd Rowerowy &#8222;\u015aladami zabytk\u00f3w, legend i historii\u201d\"}]},{\"@type\":\"WebSite\",\"@id\":\"https:\/\/www.mojabochnia.pl\/#website\",\"url\":\"https:\/\/www.mojabochnia.pl\/\",\"name\":\"mojabochnia.pl - portal informacyjny\",\"description\":\"mojaBochnia to portal informacyjny o Bochni. Codziennie o Bochni piszemy i pokazujemy najwa\u017cniejsze wydarzenia\",\"publisher\":{\"@id\":\"https:\/\/www.mojabochnia.pl\/#organization\"},\"potentialAction\":[{\"@type\":\"SearchAction\",\"target\":{\"@type\":\"EntryPoint\",\"urlTemplate\":\"https:\/\/www.mojabochnia.pl\/?s={search_term_string}\"},\"query-input\":{\"@type\":\"PropertyValueSpecification\",\"valueRequired\":true,\"valueName\":\"search_term_string\"}}],\"inLanguage\":\"pl-PL\"},{\"@type\":\"Organization\",\"@id\":\"https:\/\/www.mojabochnia.pl\/#organization\",\"name\":\"mojabochnia.pl - portal informacyjny\",\"url\":\"https:\/\/www.mojabochnia.pl\/\",\"logo\":{\"@type\":\"ImageObject\",\"inLanguage\":\"pl-PL\",\"@id\":\"https:\/\/www.mojabochnia.pl\/#\/schema\/logo\/image\/\",\"url\":\"https:\/\/www.mojabochnia.pl\/wp-content\/uploads\/2017\/08\/logo-mb-opt.png\",\"contentUrl\":\"https:\/\/www.mojabochnia.pl\/wp-content\/uploads\/2017\/08\/logo-mb-opt.png\",\"width\":250,\"height\":48,\"caption\":\"mojabochnia.pl - portal informacyjny\"},\"image\":{\"@id\":\"https:\/\/www.mojabochnia.pl\/#\/schema\/logo\/image\/\"},\"sameAs\":[\"https:\/\/www.facebook.com\/mojabochnia\"]},{\"@type\":\"Person\",\"@id\":\"https:\/\/www.mojabochnia.pl\/#\/schema\/person\/d4c758656c81ae00e6496831fe7b0792\",\"name\":\"Marcin Kalinowski\",\"url\":\"https:\/\/www.mojabochnia.pl\/?author=29\"}]}<\/script>\n<!-- \/ Yoast SEO plugin. -->","yoast_head_json":{"title":"Gmina Nowy Wi\u015bnicz zaprasza na Rajd Rowerowy \"\u015aladami zabytk\u00f3w, legend i historii\u201d - mojabochnia.pl - portal informacyjny","robots":{"index":"index","follow":"follow","max-snippet":"max-snippet:-1","max-image-preview":"max-image-preview:large","max-video-preview":"max-video-preview:-1"},"canonical":"https:\/\/www.mojabochnia.pl\/?p=217713","og_locale":"pl_PL","og_type":"article","og_title":"Gmina Nowy Wi\u015bnicz zaprasza na Rajd Rowerowy \"\u015aladami zabytk\u00f3w, legend i historii\u201d - mojabochnia.pl - portal informacyjny","og_description":"Stowarzyszenie 60+ Nowy Wi\u015bnicz, Miejski O\u015brodek Kultury w Nowym Wi\u015bniczu oraz Gmina Nowy Wi\u015bnicz s\u0105 organizatorami X ju\u017c edycji Rodzinnego Rajdu Rowerowego \u201e\u015aladami zabytk\u00f3w, legend i historii\u201d, kt\u00f3ry odb\u0119dzie si\u0119 28 wrze\u015bnia 2025 roku w Nowym Wi\u015bniczu.\u00a0 Rodzinny Rajd Rowerowy \u201e\u015aladami zabytk\u00f3w, legend i historii\u201d to cyklicznie organizowane wydarzenie promuj\u0105ce aktywne, rodzinne sp\u0119dzanie wolnego czasu.","og_url":"https:\/\/www.mojabochnia.pl\/?p=217713","og_site_name":"mojabochnia.pl - portal informacyjny","article_publisher":"https:\/\/www.facebook.com\/mojabochnia","article_published_time":"2025-09-25T07:37:00+00:00","og_image":[{"width":1810,"height":2560,"url":"https:\/\/www.mojabochnia.pl\/wp-content\/uploads\/2025\/09\/rajd-2025plakat-scaled.jpg","type":"image\/jpeg"}],"author":"Marcin Kalinowski","twitter_card":"summary_large_image","twitter_misc":{"Written by":"Marcin Kalinowski","Est. reading time":"1 minuta"},"schema":{"@context":"https:\/\/schema.org","@graph":[{"@type":"Article","@id":"https:\/\/www.mojabochnia.pl\/?p=217713#article","isPartOf":{"@id":"https:\/\/www.mojabochnia.pl\/?p=217713"},"author":{"name":"Marcin Kalinowski","@id":"https:\/\/www.mojabochnia.pl\/#\/schema\/person\/d4c758656c81ae00e6496831fe7b0792"},"headline":"Gmina Nowy Wi\u015bnicz zaprasza na Rajd Rowerowy &#8222;\u015aladami zabytk\u00f3w, legend i historii\u201d","datePublished":"2025-09-25T07:37:00+00:00","mainEntityOfPage":{"@id":"https:\/\/www.mojabochnia.pl\/?p=217713"},"wordCount":169,"commentCount":0,"publisher":{"@id":"https:\/\/www.mojabochnia.pl\/#organization"},"image":{"@id":"https:\/\/www.mojabochnia.pl\/?p=217713#primaryimage"},"thumbnailUrl":"https:\/\/www.mojabochnia.pl\/wp-content\/uploads\/2025\/09\/rajd-2025plakat-scaled.jpg","keywords":["gmina nowy wi\u015bnicz","rajd rowerowy"],"articleSection":["polityka i wydarzenia","tematyka"],"inLanguage":"pl-PL","potentialAction":[{"@type":"CommentAction","name":"Comment","target":["https:\/\/www.mojabochnia.pl\/?p=217713#respond"]}]},{"@type":"WebPage","@id":"https:\/\/www.mojabochnia.pl\/?p=217713","url":"https:\/\/www.mojabochnia.pl\/?p=217713","name":"Gmina Nowy Wi\u015bnicz zaprasza na Rajd Rowerowy \"\u015aladami zabytk\u00f3w, legend i historii\u201d - mojabochnia.pl - portal informacyjny","isPartOf":{"@id":"https:\/\/www.mojabochnia.pl\/#website"},"primaryImageOfPage":{"@id":"https:\/\/www.mojabochnia.pl\/?p=217713#primaryimage"},"image":{"@id":"https:\/\/www.mojabochnia.pl\/?p=217713#primaryimage"},"thumbnailUrl":"https:\/\/www.mojabochnia.pl\/wp-content\/uploads\/2025\/09\/rajd-2025plakat-scaled.jpg","datePublished":"2025-09-25T07:37:00+00:00","breadcrumb":{"@id":"https:\/\/www.mojabochnia.pl\/?p=217713#breadcrumb"},"inLanguage":"pl-PL","potentialAction":[{"@type":"ReadAction","target":["https:\/\/www.mojabochnia.pl\/?p=217713"]}]},{"@type":"ImageObject","inLanguage":"pl-PL","@id":"https:\/\/www.mojabochnia.pl\/?p=217713#primaryimage","url":"https:\/\/www.mojabochnia.pl\/wp-content\/uploads\/2025\/09\/rajd-2025plakat-scaled.jpg","contentUrl":"https:\/\/www.mojabochnia.pl\/wp-content\/uploads\/2025\/09\/rajd-2025plakat-scaled.jpg","width":1810,"height":2560},{"@type":"BreadcrumbList","@id":"https:\/\/www.mojabochnia.pl\/?p=217713#breadcrumb","itemListElement":[{"@type":"ListItem","position":1,"name":"Home","item":"https:\/\/www.mojabochnia.pl\/"},{"@type":"ListItem","position":2,"name":"Gmina Nowy Wi\u015bnicz zaprasza na Rajd Rowerowy &#8222;\u015aladami zabytk\u00f3w, legend i historii\u201d"}]},{"@type":"WebSite","@id":"https:\/\/www.mojabochnia.pl\/#website","url":"https:\/\/www.mojabochnia.pl\/","name":"mojabochnia.pl - portal informacyjny","description":"mojaBochnia to portal informacyjny o Bochni. Codziennie o Bochni piszemy i pokazujemy najwa\u017cniejsze wydarzenia","publisher":{"@id":"https:\/\/www.mojabochnia.pl\/#organization"},"potentialAction":[{"@type":"SearchAction","target":{"@type":"EntryPoint","urlTemplate":"https:\/\/www.mojabochnia.pl\/?s={search_term_string}"},"query-input":{"@type":"PropertyValueSpecification","valueRequired":true,"valueName":"search_term_string"}}],"inLanguage":"pl-PL"},{"@type":"Organization","@id":"https:\/\/www.mojabochnia.pl\/#organization","name":"mojabochnia.pl - portal informacyjny","url":"https:\/\/www.mojabochnia.pl\/","logo":{"@type":"ImageObject","inLanguage":"pl-PL","@id":"https:\/\/www.mojabochnia.pl\/#\/schema\/logo\/image\/","url":"https:\/\/www.mojabochnia.pl\/wp-content\/uploads\/2017\/08\/logo-mb-opt.png","contentUrl":"https:\/\/www.mojabochnia.pl\/wp-content\/uploads\/2017\/08\/logo-mb-opt.png","width":250,"height":48,"caption":"mojabochnia.pl - portal informacyjny"},"image":{"@id":"https:\/\/www.mojabochnia.pl\/#\/schema\/logo\/image\/"},"sameAs":["https:\/\/www.facebook.com\/mojabochnia"]},{"@type":"Person","@id":"https:\/\/www.mojabochnia.pl\/#\/schema\/person\/d4c758656c81ae00e6496831fe7b0792","name":"Marcin Kalinowski","url":"https:\/\/www.mojabochnia.pl\/?author=29"}]}},"_links":{"self":[{"href":"https:\/\/www.mojabochnia.pl\/index.php?rest_route=\/wp\/v2\/posts\/217713","targetHints":{"allow":["GET"]}}],"collection":[{"href":"https:\/\/www.mojabochnia.pl\/index.php?rest_route=\/wp\/v2\/posts"}],"about":[{"href":"https:\/\/www.mojabochnia.pl\/index.php?rest_route=\/wp\/v2\/types\/post"}],"author":[{"embeddable":true,"href":"https:\/\/www.mojabochnia.pl\/index.php?rest_route=\/wp\/v2\/users\/29"}],"replies":[{"embeddable":true,"href":"https:\/\/www.mojabochnia.pl\/index.php?rest_route=%2Fwp%2Fv2%2Fcomments&post=217713"}],"version-history":[{"count":1,"href":"https:\/\/www.mojabochnia.pl\/index.php?rest_route=\/wp\/v2\/posts\/217713\/revisions"}],"predecessor-version":[{"id":217716,"href":"https:\/\/www.mojabochnia.pl\/index.php?rest_route=\/wp\/v2\/posts\/217713\/revisions\/217716"}],"wp:featuredmedia":[{"embeddable":true,"href":"https:\/\/www.mojabochnia.pl\/index.php?rest_route=\/wp\/v2\/media\/217715"}],"wp:attachment":[{"href":"https:\/\/www.mojabochnia.pl\/index.php?rest_route=%2Fwp%2Fv2%2Fmedia&parent=217713"}],"wp:term":[{"taxonomy":"category","embeddable":true,"href":"https:\/\/www.mojabochnia.pl\/index.php?rest_route=%2Fwp%2Fv2%2Fcategories&post=217713"},{"taxonomy":"post_tag","embeddable":true,"href":"https:\/\/www.mojabochnia.pl\/index.php?rest_route=%2Fwp%2Fv2%2Ftags&post=217713"}],"curies":[{"name":"wp","href":"https:\/\/api.w.org\/{rel}","templated":true}]}}