{"id":217142,"date":"2025-08-12T08:12:23","date_gmt":"2025-08-12T06:12:23","guid":{"rendered":"https:\/\/www.mojabochnia.pl\/?p=217142"},"modified":"2025-08-12T08:14:29","modified_gmt":"2025-08-12T06:14:29","slug":"nowy-wisnicz-malopolski-festiwal-smaku-przyciagnal-wielu-milosnikow-kulinariow-zdjecia","status":"publish","type":"post","link":"https:\/\/www.mojabochnia.pl\/?p=217142","title":{"rendered":"Nowy Wi\u015bnicz. Ma\u0142opolski Festiwal Smaku przyci\u0105gn\u0105\u0142 wielu mi\u0142o\u015bnik\u00f3w kulinari\u00f3w (zdj\u0119cia)"},"content":{"rendered":"<p><strong>W niedziel\u0119 10 sierpnia urokliwy rynek Nowego Wi\u015bnicza wype\u0142ni\u0142 si\u0119 zapachami, kt\u00f3re od wiek\u00f3w towarzysz\u0105 ma\u0142opolskim sto\u0142om. To w\u0142a\u015bnie tu mia\u0142a miejsce kolejna ods\u0142ona Ma\u0142opolskiego Festiwalu Smaku \u2013 wydarzenia, kt\u00f3re co roku przyci\u0105ga mi\u0142o\u015bnik\u00f3w prawdziwego, lokalnego jedzenia. Tego dnia rynek zamieni\u0142 si\u0119 w \u017cyw\u0105 scen\u0119 kulinarnych opowie\u015bci \u2013 pe\u0142n\u0105 chrupi\u0105cych wypiek\u00f3w, ser\u00f3w, lokalnych historii i ludzi, kt\u00f3rzy z pasj\u0105 kultywuj\u0105 smakowe dziedzictwo regionu. Zapraszamy do obejrzenia zdj\u0119\u0107.\u00a0<\/strong><\/p>\n\t  \r\n\t\r\n\t    <div class=\"mb-gallery\">\r\n\t    <a href=\"https:\/\/www.mojabochnia.pl\/?attachment_id=217144\" class=\"\"><img loading=\"lazy\" decoding=\"async\" width=\"100\" height=\"100\" src=\"https:\/\/www.mojabochnia.pl\/wp-content\/uploads\/2025\/08\/DSC_3755-100x100.jpg\" class=\"attachment-100x100 size-100x100\" alt=\"\" srcset=\"https:\/\/www.mojabochnia.pl\/wp-content\/uploads\/2025\/08\/DSC_3755-100x100.jpg 100w, https:\/\/www.mojabochnia.pl\/wp-content\/uploads\/2025\/08\/DSC_3755-96x96.jpg 96w, https:\/\/www.mojabochnia.pl\/wp-content\/uploads\/2025\/08\/DSC_3755-84x84.jpg 84w\" sizes=\"auto, (max-width: 100px) 100vw, 100px\" \/><\/a><a href=\"https:\/\/www.mojabochnia.pl\/?attachment_id=217145\" class=\"\"><img loading=\"lazy\" decoding=\"async\" width=\"100\" height=\"100\" src=\"https:\/\/www.mojabochnia.pl\/wp-content\/uploads\/2025\/08\/DSC_3750-100x100.jpg\" class=\"attachment-100x100 size-100x100\" alt=\"\" srcset=\"https:\/\/www.mojabochnia.pl\/wp-content\/uploads\/2025\/08\/DSC_3750-100x100.jpg 100w, https:\/\/www.mojabochnia.pl\/wp-content\/uploads\/2025\/08\/DSC_3750-96x96.jpg 96w, https:\/\/www.mojabochnia.pl\/wp-content\/uploads\/2025\/08\/DSC_3750-84x84.jpg 84w\" sizes=\"auto, (max-width: 100px) 100vw, 100px\" \/><\/a><a href=\"https:\/\/www.mojabochnia.pl\/?attachment_id=217146\" class=\"\"><img loading=\"lazy\" decoding=\"async\" width=\"100\" height=\"100\" src=\"https:\/\/www.mojabochnia.pl\/wp-content\/uploads\/2025\/08\/DSC_3698-100x100.jpg\" class=\"attachment-100x100 size-100x100\" alt=\"\" srcset=\"https:\/\/www.mojabochnia.pl\/wp-content\/uploads\/2025\/08\/DSC_3698-100x100.jpg 100w, https:\/\/www.mojabochnia.pl\/wp-content\/uploads\/2025\/08\/DSC_3698-96x96.jpg 96w, https:\/\/www.mojabochnia.pl\/wp-content\/uploads\/2025\/08\/DSC_3698-84x84.jpg 84w\" sizes=\"auto, (max-width: 100px) 100vw, 100px\" \/><\/a><a href=\"https:\/\/www.mojabochnia.pl\/?attachment_id=217147\" class=\"\"><img loading=\"lazy\" decoding=\"async\" width=\"100\" height=\"100\" src=\"https:\/\/www.mojabochnia.pl\/wp-content\/uploads\/2025\/08\/DSC_3759-100x100.jpg\" class=\"attachment-100x100 size-100x100\" alt=\"\" srcset=\"https:\/\/www.mojabochnia.pl\/wp-content\/uploads\/2025\/08\/DSC_3759-100x100.jpg 100w, https:\/\/www.mojabochnia.pl\/wp-content\/uploads\/2025\/08\/DSC_3759-96x96.jpg 96w, https:\/\/www.mojabochnia.pl\/wp-content\/uploads\/2025\/08\/DSC_3759-84x84.jpg 84w\" sizes=\"auto, (max-width: 100px) 100vw, 100px\" \/><\/a><a href=\"https:\/\/www.mojabochnia.pl\/?attachment_id=217148\" class=\"\"><img loading=\"lazy\" decoding=\"async\" width=\"100\" height=\"100\" src=\"https:\/\/www.mojabochnia.pl\/wp-content\/uploads\/2025\/08\/DSC_3701-100x100.jpg\" class=\"attachment-100x100 size-100x100\" alt=\"\" srcset=\"https:\/\/www.mojabochnia.pl\/wp-content\/uploads\/2025\/08\/DSC_3701-100x100.jpg 100w, https:\/\/www.mojabochnia.pl\/wp-content\/uploads\/2025\/08\/DSC_3701-96x96.jpg 96w, https:\/\/www.mojabochnia.pl\/wp-content\/uploads\/2025\/08\/DSC_3701-84x84.jpg 84w\" sizes=\"auto, (max-width: 100px) 100vw, 100px\" \/><\/a><a href=\"https:\/\/www.mojabochnia.pl\/?attachment_id=217149\" class=\"\"><img loading=\"lazy\" decoding=\"async\" width=\"100\" height=\"100\" src=\"https:\/\/www.mojabochnia.pl\/wp-content\/uploads\/2025\/08\/DSC_3692-100x100.jpg\" class=\"attachment-100x100 size-100x100\" alt=\"\" srcset=\"https:\/\/www.mojabochnia.pl\/wp-content\/uploads\/2025\/08\/DSC_3692-100x100.jpg 100w, https:\/\/www.mojabochnia.pl\/wp-content\/uploads\/2025\/08\/DSC_3692-96x96.jpg 96w, https:\/\/www.mojabochnia.pl\/wp-content\/uploads\/2025\/08\/DSC_3692-84x84.jpg 84w\" sizes=\"auto, (max-width: 100px) 100vw, 100px\" \/><\/a><a href=\"https:\/\/www.mojabochnia.pl\/?attachment_id=217150\" class=\"\"><img loading=\"lazy\" decoding=\"async\" width=\"100\" height=\"100\" src=\"https:\/\/www.mojabochnia.pl\/wp-content\/uploads\/2025\/08\/DSC_3709-100x100.jpg\" class=\"attachment-100x100 size-100x100\" alt=\"\" srcset=\"https:\/\/www.mojabochnia.pl\/wp-content\/uploads\/2025\/08\/DSC_3709-100x100.jpg 100w, https:\/\/www.mojabochnia.pl\/wp-content\/uploads\/2025\/08\/DSC_3709-96x96.jpg 96w, https:\/\/www.mojabochnia.pl\/wp-content\/uploads\/2025\/08\/DSC_3709-84x84.jpg 84w\" sizes=\"auto, (max-width: 100px) 100vw, 100px\" \/><\/a><a href=\"https:\/\/www.mojabochnia.pl\/?attachment_id=217151\" class=\"\"><img loading=\"lazy\" decoding=\"async\" width=\"100\" height=\"100\" src=\"https:\/\/www.mojabochnia.pl\/wp-content\/uploads\/2025\/08\/DSC_3708-100x100.jpg\" class=\"attachment-100x100 size-100x100\" alt=\"\" srcset=\"https:\/\/www.mojabochnia.pl\/wp-content\/uploads\/2025\/08\/DSC_3708-100x100.jpg 100w, https:\/\/www.mojabochnia.pl\/wp-content\/uploads\/2025\/08\/DSC_3708-96x96.jpg 96w, https:\/\/www.mojabochnia.pl\/wp-content\/uploads\/2025\/08\/DSC_3708-84x84.jpg 84w\" sizes=\"auto, (max-width: 100px) 100vw, 100px\" \/><\/a><a href=\"https:\/\/www.mojabochnia.pl\/?attachment_id=217152\" class=\"\"><img loading=\"lazy\" decoding=\"async\" width=\"100\" height=\"100\" src=\"https:\/\/www.mojabochnia.pl\/wp-content\/uploads\/2025\/08\/DSC_3702-100x100.jpg\" class=\"attachment-100x100 size-100x100\" alt=\"\" srcset=\"https:\/\/www.mojabochnia.pl\/wp-content\/uploads\/2025\/08\/DSC_3702-100x100.jpg 100w, https:\/\/www.mojabochnia.pl\/wp-content\/uploads\/2025\/08\/DSC_3702-96x96.jpg 96w, https:\/\/www.mojabochnia.pl\/wp-content\/uploads\/2025\/08\/DSC_3702-84x84.jpg 84w\" sizes=\"auto, (max-width: 100px) 100vw, 100px\" \/><\/a><a href=\"https:\/\/www.mojabochnia.pl\/?attachment_id=217153\" class=\"\"><img loading=\"lazy\" decoding=\"async\" width=\"100\" height=\"100\" src=\"https:\/\/www.mojabochnia.pl\/wp-content\/uploads\/2025\/08\/DSC_3691-100x100.jpg\" class=\"attachment-100x100 size-100x100\" alt=\"\" srcset=\"https:\/\/www.mojabochnia.pl\/wp-content\/uploads\/2025\/08\/DSC_3691-100x100.jpg 100w, https:\/\/www.mojabochnia.pl\/wp-content\/uploads\/2025\/08\/DSC_3691-96x96.jpg 96w, https:\/\/www.mojabochnia.pl\/wp-content\/uploads\/2025\/08\/DSC_3691-84x84.jpg 84w\" sizes=\"auto, (max-width: 100px) 100vw, 100px\" \/><\/a><a href=\"https:\/\/www.mojabochnia.pl\/?attachment_id=217154\" class=\"\"><img loading=\"lazy\" decoding=\"async\" width=\"100\" height=\"100\" src=\"https:\/\/www.mojabochnia.pl\/wp-content\/uploads\/2025\/08\/DSC_3722-100x100.jpg\" class=\"attachment-100x100 size-100x100\" alt=\"\" srcset=\"https:\/\/www.mojabochnia.pl\/wp-content\/uploads\/2025\/08\/DSC_3722-100x100.jpg 100w, https:\/\/www.mojabochnia.pl\/wp-content\/uploads\/2025\/08\/DSC_3722-96x96.jpg 96w, https:\/\/www.mojabochnia.pl\/wp-content\/uploads\/2025\/08\/DSC_3722-84x84.jpg 84w\" sizes=\"auto, (max-width: 100px) 100vw, 100px\" \/><\/a><a href=\"https:\/\/www.mojabochnia.pl\/?attachment_id=217155\" class=\"\"><img loading=\"lazy\" decoding=\"async\" width=\"100\" height=\"100\" src=\"https:\/\/www.mojabochnia.pl\/wp-content\/uploads\/2025\/08\/DSC_3682-100x100.jpg\" class=\"attachment-100x100 size-100x100\" alt=\"\" srcset=\"https:\/\/www.mojabochnia.pl\/wp-content\/uploads\/2025\/08\/DSC_3682-100x100.jpg 100w, https:\/\/www.mojabochnia.pl\/wp-content\/uploads\/2025\/08\/DSC_3682-96x96.jpg 96w, https:\/\/www.mojabochnia.pl\/wp-content\/uploads\/2025\/08\/DSC_3682-84x84.jpg 84w\" sizes=\"auto, (max-width: 100px) 100vw, 100px\" \/><\/a><a href=\"https:\/\/www.mojabochnia.pl\/?attachment_id=217156\" class=\"\"><img loading=\"lazy\" decoding=\"async\" width=\"100\" height=\"100\" src=\"https:\/\/www.mojabochnia.pl\/wp-content\/uploads\/2025\/08\/DSC_3763-100x100.jpg\" class=\"attachment-100x100 size-100x100\" alt=\"\" srcset=\"https:\/\/www.mojabochnia.pl\/wp-content\/uploads\/2025\/08\/DSC_3763-100x100.jpg 100w, https:\/\/www.mojabochnia.pl\/wp-content\/uploads\/2025\/08\/DSC_3763-96x96.jpg 96w, https:\/\/www.mojabochnia.pl\/wp-content\/uploads\/2025\/08\/DSC_3763-84x84.jpg 84w\" sizes=\"auto, (max-width: 100px) 100vw, 100px\" \/><\/a><a href=\"https:\/\/www.mojabochnia.pl\/?attachment_id=217157\" class=\"\"><img loading=\"lazy\" decoding=\"async\" width=\"100\" height=\"100\" src=\"https:\/\/www.mojabochnia.pl\/wp-content\/uploads\/2025\/08\/DSC_3747-100x100.jpg\" class=\"attachment-100x100 size-100x100\" alt=\"\" srcset=\"https:\/\/www.mojabochnia.pl\/wp-content\/uploads\/2025\/08\/DSC_3747-100x100.jpg 100w, https:\/\/www.mojabochnia.pl\/wp-content\/uploads\/2025\/08\/DSC_3747-96x96.jpg 96w, https:\/\/www.mojabochnia.pl\/wp-content\/uploads\/2025\/08\/DSC_3747-84x84.jpg 84w\" sizes=\"auto, (max-width: 100px) 100vw, 100px\" \/><\/a><a href=\"https:\/\/www.mojabochnia.pl\/?attachment_id=217158\" class=\"\"><img loading=\"lazy\" decoding=\"async\" width=\"100\" height=\"100\" src=\"https:\/\/www.mojabochnia.pl\/wp-content\/uploads\/2025\/08\/DSC_3693-100x100.jpg\" class=\"attachment-100x100 size-100x100\" alt=\"\" srcset=\"https:\/\/www.mojabochnia.pl\/wp-content\/uploads\/2025\/08\/DSC_3693-100x100.jpg 100w, https:\/\/www.mojabochnia.pl\/wp-content\/uploads\/2025\/08\/DSC_3693-96x96.jpg 96w, https:\/\/www.mojabochnia.pl\/wp-content\/uploads\/2025\/08\/DSC_3693-84x84.jpg 84w\" sizes=\"auto, (max-width: 100px) 100vw, 100px\" \/><\/a><a href=\"https:\/\/www.mojabochnia.pl\/?attachment_id=217159\" class=\"\"><img loading=\"lazy\" decoding=\"async\" width=\"100\" height=\"100\" src=\"https:\/\/www.mojabochnia.pl\/wp-content\/uploads\/2025\/08\/DSC_3679-100x100.jpg\" class=\"attachment-100x100 size-100x100\" alt=\"\" srcset=\"https:\/\/www.mojabochnia.pl\/wp-content\/uploads\/2025\/08\/DSC_3679-100x100.jpg 100w, https:\/\/www.mojabochnia.pl\/wp-content\/uploads\/2025\/08\/DSC_3679-96x96.jpg 96w, https:\/\/www.mojabochnia.pl\/wp-content\/uploads\/2025\/08\/DSC_3679-84x84.jpg 84w\" sizes=\"auto, (max-width: 100px) 100vw, 100px\" \/><\/a><a href=\"https:\/\/www.mojabochnia.pl\/?attachment_id=217160\" class=\"\"><img loading=\"lazy\" decoding=\"async\" width=\"100\" height=\"100\" src=\"https:\/\/www.mojabochnia.pl\/wp-content\/uploads\/2025\/08\/DSC_3677-100x100.jpg\" class=\"attachment-100x100 size-100x100\" alt=\"\" srcset=\"https:\/\/www.mojabochnia.pl\/wp-content\/uploads\/2025\/08\/DSC_3677-100x100.jpg 100w, https:\/\/www.mojabochnia.pl\/wp-content\/uploads\/2025\/08\/DSC_3677-96x96.jpg 96w, https:\/\/www.mojabochnia.pl\/wp-content\/uploads\/2025\/08\/DSC_3677-84x84.jpg 84w\" sizes=\"auto, (max-width: 100px) 100vw, 100px\" \/><\/a><a href=\"https:\/\/www.mojabochnia.pl\/?attachment_id=217161\" class=\"\"><img loading=\"lazy\" decoding=\"async\" width=\"100\" height=\"100\" src=\"https:\/\/www.mojabochnia.pl\/wp-content\/uploads\/2025\/08\/DSC_3690-100x100.jpg\" class=\"attachment-100x100 size-100x100\" alt=\"\" srcset=\"https:\/\/www.mojabochnia.pl\/wp-content\/uploads\/2025\/08\/DSC_3690-100x100.jpg 100w, https:\/\/www.mojabochnia.pl\/wp-content\/uploads\/2025\/08\/DSC_3690-96x96.jpg 96w, https:\/\/www.mojabochnia.pl\/wp-content\/uploads\/2025\/08\/DSC_3690-84x84.jpg 84w\" sizes=\"auto, (max-width: 100px) 100vw, 100px\" \/><\/a><a href=\"https:\/\/www.mojabochnia.pl\/?attachment_id=217162\" class=\"\"><img loading=\"lazy\" decoding=\"async\" width=\"100\" height=\"100\" src=\"https:\/\/www.mojabochnia.pl\/wp-content\/uploads\/2025\/08\/DSC_3689-100x100.jpg\" class=\"attachment-100x100 size-100x100\" alt=\"\" srcset=\"https:\/\/www.mojabochnia.pl\/wp-content\/uploads\/2025\/08\/DSC_3689-100x100.jpg 100w, https:\/\/www.mojabochnia.pl\/wp-content\/uploads\/2025\/08\/DSC_3689-96x96.jpg 96w, https:\/\/www.mojabochnia.pl\/wp-content\/uploads\/2025\/08\/DSC_3689-84x84.jpg 84w\" sizes=\"auto, (max-width: 100px) 100vw, 100px\" \/><\/a><a href=\"https:\/\/www.mojabochnia.pl\/?attachment_id=217163\" class=\"\"><img loading=\"lazy\" decoding=\"async\" width=\"100\" height=\"100\" src=\"https:\/\/www.mojabochnia.pl\/wp-content\/uploads\/2025\/08\/DSC_3667-100x100.jpg\" class=\"attachment-100x100 size-100x100\" alt=\"\" srcset=\"https:\/\/www.mojabochnia.pl\/wp-content\/uploads\/2025\/08\/DSC_3667-100x100.jpg 100w, https:\/\/www.mojabochnia.pl\/wp-content\/uploads\/2025\/08\/DSC_3667-96x96.jpg 96w, https:\/\/www.mojabochnia.pl\/wp-content\/uploads\/2025\/08\/DSC_3667-84x84.jpg 84w\" sizes=\"auto, (max-width: 100px) 100vw, 100px\" \/><\/a><a href=\"https:\/\/www.mojabochnia.pl\/?attachment_id=217164\" class=\"\"><img loading=\"lazy\" decoding=\"async\" width=\"100\" height=\"100\" src=\"https:\/\/www.mojabochnia.pl\/wp-content\/uploads\/2025\/08\/DSC_3715-100x100.jpg\" class=\"attachment-100x100 size-100x100\" alt=\"\" srcset=\"https:\/\/www.mojabochnia.pl\/wp-content\/uploads\/2025\/08\/DSC_3715-100x100.jpg 100w, https:\/\/www.mojabochnia.pl\/wp-content\/uploads\/2025\/08\/DSC_3715-96x96.jpg 96w, https:\/\/www.mojabochnia.pl\/wp-content\/uploads\/2025\/08\/DSC_3715-84x84.jpg 84w\" sizes=\"auto, (max-width: 100px) 100vw, 100px\" \/><\/a><a href=\"https:\/\/www.mojabochnia.pl\/?attachment_id=217165\" class=\"\"><img loading=\"lazy\" decoding=\"async\" width=\"100\" height=\"100\" src=\"https:\/\/www.mojabochnia.pl\/wp-content\/uploads\/2025\/08\/DSC_3684-100x100.jpg\" class=\"attachment-100x100 size-100x100\" alt=\"\" srcset=\"https:\/\/www.mojabochnia.pl\/wp-content\/uploads\/2025\/08\/DSC_3684-100x100.jpg 100w, https:\/\/www.mojabochnia.pl\/wp-content\/uploads\/2025\/08\/DSC_3684-96x96.jpg 96w, https:\/\/www.mojabochnia.pl\/wp-content\/uploads\/2025\/08\/DSC_3684-84x84.jpg 84w\" sizes=\"auto, (max-width: 100px) 100vw, 100px\" \/><\/a><a href=\"https:\/\/www.mojabochnia.pl\/?attachment_id=217166\" class=\"\"><img loading=\"lazy\" decoding=\"async\" width=\"100\" height=\"100\" src=\"https:\/\/www.mojabochnia.pl\/wp-content\/uploads\/2025\/08\/DSC_3707-100x100.jpg\" class=\"attachment-100x100 size-100x100\" alt=\"\" srcset=\"https:\/\/www.mojabochnia.pl\/wp-content\/uploads\/2025\/08\/DSC_3707-100x100.jpg 100w, https:\/\/www.mojabochnia.pl\/wp-content\/uploads\/2025\/08\/DSC_3707-96x96.jpg 96w, https:\/\/www.mojabochnia.pl\/wp-content\/uploads\/2025\/08\/DSC_3707-84x84.jpg 84w\" sizes=\"auto, (max-width: 100px) 100vw, 100px\" \/><\/a><a href=\"https:\/\/www.mojabochnia.pl\/?attachment_id=217167\" class=\"\"><img loading=\"lazy\" decoding=\"async\" width=\"100\" height=\"100\" src=\"https:\/\/www.mojabochnia.pl\/wp-content\/uploads\/2025\/08\/DSC_3710-100x100.jpg\" class=\"attachment-100x100 size-100x100\" alt=\"\" srcset=\"https:\/\/www.mojabochnia.pl\/wp-content\/uploads\/2025\/08\/DSC_3710-100x100.jpg 100w, https:\/\/www.mojabochnia.pl\/wp-content\/uploads\/2025\/08\/DSC_3710-96x96.jpg 96w, https:\/\/www.mojabochnia.pl\/wp-content\/uploads\/2025\/08\/DSC_3710-84x84.jpg 84w\" sizes=\"auto, (max-width: 100px) 100vw, 100px\" \/><\/a><a href=\"https:\/\/www.mojabochnia.pl\/?attachment_id=217168\" class=\"\"><img loading=\"lazy\" decoding=\"async\" width=\"100\" height=\"100\" src=\"https:\/\/www.mojabochnia.pl\/wp-content\/uploads\/2025\/08\/DSC_3680-100x100.jpg\" class=\"attachment-100x100 size-100x100\" alt=\"\" srcset=\"https:\/\/www.mojabochnia.pl\/wp-content\/uploads\/2025\/08\/DSC_3680-100x100.jpg 100w, https:\/\/www.mojabochnia.pl\/wp-content\/uploads\/2025\/08\/DSC_3680-96x96.jpg 96w, https:\/\/www.mojabochnia.pl\/wp-content\/uploads\/2025\/08\/DSC_3680-84x84.jpg 84w\" sizes=\"auto, (max-width: 100px) 100vw, 100px\" \/><\/a><a href=\"https:\/\/www.mojabochnia.pl\/?attachment_id=217169\" class=\"\"><img loading=\"lazy\" decoding=\"async\" width=\"100\" height=\"100\" src=\"https:\/\/www.mojabochnia.pl\/wp-content\/uploads\/2025\/08\/DSC_3704-100x100.jpg\" class=\"attachment-100x100 size-100x100\" alt=\"\" srcset=\"https:\/\/www.mojabochnia.pl\/wp-content\/uploads\/2025\/08\/DSC_3704-100x100.jpg 100w, https:\/\/www.mojabochnia.pl\/wp-content\/uploads\/2025\/08\/DSC_3704-96x96.jpg 96w, https:\/\/www.mojabochnia.pl\/wp-content\/uploads\/2025\/08\/DSC_3704-84x84.jpg 84w\" sizes=\"auto, (max-width: 100px) 100vw, 100px\" \/><\/a><a href=\"https:\/\/www.mojabochnia.pl\/?attachment_id=217170\" class=\"\"><img loading=\"lazy\" decoding=\"async\" width=\"100\" height=\"100\" src=\"https:\/\/www.mojabochnia.pl\/wp-content\/uploads\/2025\/08\/DSC_3778-100x100.jpg\" class=\"attachment-100x100 size-100x100\" alt=\"\" srcset=\"https:\/\/www.mojabochnia.pl\/wp-content\/uploads\/2025\/08\/DSC_3778-100x100.jpg 100w, https:\/\/www.mojabochnia.pl\/wp-content\/uploads\/2025\/08\/DSC_3778-96x96.jpg 96w, https:\/\/www.mojabochnia.pl\/wp-content\/uploads\/2025\/08\/DSC_3778-84x84.jpg 84w\" sizes=\"auto, (max-width: 100px) 100vw, 100px\" \/><\/a><a href=\"https:\/\/www.mojabochnia.pl\/?attachment_id=217171\" class=\"\"><img loading=\"lazy\" decoding=\"async\" width=\"100\" height=\"100\" src=\"https:\/\/www.mojabochnia.pl\/wp-content\/uploads\/2025\/08\/DSC_3713-100x100.jpg\" class=\"attachment-100x100 size-100x100\" alt=\"\" srcset=\"https:\/\/www.mojabochnia.pl\/wp-content\/uploads\/2025\/08\/DSC_3713-100x100.jpg 100w, https:\/\/www.mojabochnia.pl\/wp-content\/uploads\/2025\/08\/DSC_3713-96x96.jpg 96w, https:\/\/www.mojabochnia.pl\/wp-content\/uploads\/2025\/08\/DSC_3713-84x84.jpg 84w\" sizes=\"auto, (max-width: 100px) 100vw, 100px\" \/><\/a><a href=\"https:\/\/www.mojabochnia.pl\/?attachment_id=217172\" class=\"\"><img loading=\"lazy\" decoding=\"async\" width=\"100\" height=\"100\" src=\"https:\/\/www.mojabochnia.pl\/wp-content\/uploads\/2025\/08\/DSC_3764-100x100.jpg\" class=\"attachment-100x100 size-100x100\" alt=\"\" srcset=\"https:\/\/www.mojabochnia.pl\/wp-content\/uploads\/2025\/08\/DSC_3764-100x100.jpg 100w, https:\/\/www.mojabochnia.pl\/wp-content\/uploads\/2025\/08\/DSC_3764-96x96.jpg 96w, https:\/\/www.mojabochnia.pl\/wp-content\/uploads\/2025\/08\/DSC_3764-84x84.jpg 84w\" sizes=\"auto, (max-width: 100px) 100vw, 100px\" \/><\/a><a href=\"https:\/\/www.mojabochnia.pl\/?attachment_id=217173\" class=\"\"><img loading=\"lazy\" decoding=\"async\" width=\"100\" height=\"100\" src=\"https:\/\/www.mojabochnia.pl\/wp-content\/uploads\/2025\/08\/DSC_3768-100x100.jpg\" class=\"attachment-100x100 size-100x100\" alt=\"\" srcset=\"https:\/\/www.mojabochnia.pl\/wp-content\/uploads\/2025\/08\/DSC_3768-100x100.jpg 100w, https:\/\/www.mojabochnia.pl\/wp-content\/uploads\/2025\/08\/DSC_3768-96x96.jpg 96w, https:\/\/www.mojabochnia.pl\/wp-content\/uploads\/2025\/08\/DSC_3768-84x84.jpg 84w\" sizes=\"auto, (max-width: 100px) 100vw, 100px\" \/><\/a><a href=\"https:\/\/www.mojabochnia.pl\/?attachment_id=217174\" class=\"\"><img loading=\"lazy\" decoding=\"async\" width=\"100\" height=\"100\" src=\"https:\/\/www.mojabochnia.pl\/wp-content\/uploads\/2025\/08\/DSC_3696-100x100.jpg\" class=\"attachment-100x100 size-100x100\" alt=\"\" srcset=\"https:\/\/www.mojabochnia.pl\/wp-content\/uploads\/2025\/08\/DSC_3696-100x100.jpg 100w, https:\/\/www.mojabochnia.pl\/wp-content\/uploads\/2025\/08\/DSC_3696-96x96.jpg 96w, https:\/\/www.mojabochnia.pl\/wp-content\/uploads\/2025\/08\/DSC_3696-84x84.jpg 84w\" sizes=\"auto, (max-width: 100px) 100vw, 100px\" \/><\/a><a href=\"https:\/\/www.mojabochnia.pl\/?attachment_id=217175\" class=\"\"><img loading=\"lazy\" decoding=\"async\" width=\"100\" height=\"100\" src=\"https:\/\/www.mojabochnia.pl\/wp-content\/uploads\/2025\/08\/DSC_3685-100x100.jpg\" class=\"attachment-100x100 size-100x100\" alt=\"\" srcset=\"https:\/\/www.mojabochnia.pl\/wp-content\/uploads\/2025\/08\/DSC_3685-100x100.jpg 100w, https:\/\/www.mojabochnia.pl\/wp-content\/uploads\/2025\/08\/DSC_3685-96x96.jpg 96w, https:\/\/www.mojabochnia.pl\/wp-content\/uploads\/2025\/08\/DSC_3685-84x84.jpg 84w\" sizes=\"auto, (max-width: 100px) 100vw, 100px\" \/><\/a><a href=\"https:\/\/www.mojabochnia.pl\/?attachment_id=217176\" class=\"\"><img loading=\"lazy\" decoding=\"async\" width=\"100\" height=\"100\" src=\"https:\/\/www.mojabochnia.pl\/wp-content\/uploads\/2025\/08\/DSC_3678-100x100.jpg\" class=\"attachment-100x100 size-100x100\" alt=\"\" srcset=\"https:\/\/www.mojabochnia.pl\/wp-content\/uploads\/2025\/08\/DSC_3678-100x100.jpg 100w, https:\/\/www.mojabochnia.pl\/wp-content\/uploads\/2025\/08\/DSC_3678-96x96.jpg 96w, https:\/\/www.mojabochnia.pl\/wp-content\/uploads\/2025\/08\/DSC_3678-84x84.jpg 84w\" sizes=\"auto, (max-width: 100px) 100vw, 100px\" \/><\/a><a href=\"https:\/\/www.mojabochnia.pl\/?attachment_id=217177\" class=\"\"><img loading=\"lazy\" decoding=\"async\" width=\"100\" height=\"100\" src=\"https:\/\/www.mojabochnia.pl\/wp-content\/uploads\/2025\/08\/DSC_3726-100x100.jpg\" class=\"attachment-100x100 size-100x100\" alt=\"\" srcset=\"https:\/\/www.mojabochnia.pl\/wp-content\/uploads\/2025\/08\/DSC_3726-100x100.jpg 100w, https:\/\/www.mojabochnia.pl\/wp-content\/uploads\/2025\/08\/DSC_3726-96x96.jpg 96w, https:\/\/www.mojabochnia.pl\/wp-content\/uploads\/2025\/08\/DSC_3726-84x84.jpg 84w\" sizes=\"auto, (max-width: 100px) 100vw, 100px\" \/><\/a><a href=\"https:\/\/www.mojabochnia.pl\/?attachment_id=217178\" class=\"\"><img loading=\"lazy\" decoding=\"async\" width=\"100\" height=\"100\" src=\"https:\/\/www.mojabochnia.pl\/wp-content\/uploads\/2025\/08\/DSC_3714-100x100.jpg\" class=\"attachment-100x100 size-100x100\" alt=\"\" srcset=\"https:\/\/www.mojabochnia.pl\/wp-content\/uploads\/2025\/08\/DSC_3714-100x100.jpg 100w, https:\/\/www.mojabochnia.pl\/wp-content\/uploads\/2025\/08\/DSC_3714-96x96.jpg 96w, https:\/\/www.mojabochnia.pl\/wp-content\/uploads\/2025\/08\/DSC_3714-84x84.jpg 84w\" sizes=\"auto, (max-width: 100px) 100vw, 100px\" \/><\/a><a href=\"https:\/\/www.mojabochnia.pl\/?attachment_id=217179\" class=\"\"><img loading=\"lazy\" decoding=\"async\" width=\"100\" height=\"100\" src=\"https:\/\/www.mojabochnia.pl\/wp-content\/uploads\/2025\/08\/DSC_3754-100x100.jpg\" class=\"attachment-100x100 size-100x100\" alt=\"\" srcset=\"https:\/\/www.mojabochnia.pl\/wp-content\/uploads\/2025\/08\/DSC_3754-100x100.jpg 100w, https:\/\/www.mojabochnia.pl\/wp-content\/uploads\/2025\/08\/DSC_3754-96x96.jpg 96w, https:\/\/www.mojabochnia.pl\/wp-content\/uploads\/2025\/08\/DSC_3754-84x84.jpg 84w\" sizes=\"auto, (max-width: 100px) 100vw, 100px\" \/><\/a><a href=\"https:\/\/www.mojabochnia.pl\/?attachment_id=217180\" class=\"\"><img loading=\"lazy\" decoding=\"async\" width=\"100\" height=\"100\" src=\"https:\/\/www.mojabochnia.pl\/wp-content\/uploads\/2025\/08\/DSC_3718-100x100.jpg\" class=\"attachment-100x100 size-100x100\" alt=\"\" srcset=\"https:\/\/www.mojabochnia.pl\/wp-content\/uploads\/2025\/08\/DSC_3718-100x100.jpg 100w, https:\/\/www.mojabochnia.pl\/wp-content\/uploads\/2025\/08\/DSC_3718-96x96.jpg 96w, https:\/\/www.mojabochnia.pl\/wp-content\/uploads\/2025\/08\/DSC_3718-84x84.jpg 84w\" sizes=\"auto, (max-width: 100px) 100vw, 100px\" \/><\/a><a href=\"https:\/\/www.mojabochnia.pl\/?attachment_id=217181\" class=\"\"><img loading=\"lazy\" decoding=\"async\" width=\"100\" height=\"100\" src=\"https:\/\/www.mojabochnia.pl\/wp-content\/uploads\/2025\/08\/DSC_3668-100x100.jpg\" class=\"attachment-100x100 size-100x100\" alt=\"\" srcset=\"https:\/\/www.mojabochnia.pl\/wp-content\/uploads\/2025\/08\/DSC_3668-100x100.jpg 100w, https:\/\/www.mojabochnia.pl\/wp-content\/uploads\/2025\/08\/DSC_3668-96x96.jpg 96w, https:\/\/www.mojabochnia.pl\/wp-content\/uploads\/2025\/08\/DSC_3668-84x84.jpg 84w\" sizes=\"auto, (max-width: 100px) 100vw, 100px\" \/><\/a><a href=\"https:\/\/www.mojabochnia.pl\/?attachment_id=217182\" class=\"\"><img loading=\"lazy\" decoding=\"async\" width=\"100\" height=\"100\" src=\"https:\/\/www.mojabochnia.pl\/wp-content\/uploads\/2025\/08\/DSC_3753-100x100.jpg\" class=\"attachment-100x100 size-100x100\" alt=\"\" srcset=\"https:\/\/www.mojabochnia.pl\/wp-content\/uploads\/2025\/08\/DSC_3753-100x100.jpg 100w, https:\/\/www.mojabochnia.pl\/wp-content\/uploads\/2025\/08\/DSC_3753-96x96.jpg 96w, https:\/\/www.mojabochnia.pl\/wp-content\/uploads\/2025\/08\/DSC_3753-84x84.jpg 84w\" sizes=\"auto, (max-width: 100px) 100vw, 100px\" \/><\/a><a href=\"https:\/\/www.mojabochnia.pl\/?attachment_id=217183\" class=\"\"><img loading=\"lazy\" decoding=\"async\" width=\"100\" height=\"100\" src=\"https:\/\/www.mojabochnia.pl\/wp-content\/uploads\/2025\/08\/DSC_3665-100x100.jpg\" class=\"attachment-100x100 size-100x100\" alt=\"\" srcset=\"https:\/\/www.mojabochnia.pl\/wp-content\/uploads\/2025\/08\/DSC_3665-100x100.jpg 100w, https:\/\/www.mojabochnia.pl\/wp-content\/uploads\/2025\/08\/DSC_3665-96x96.jpg 96w, https:\/\/www.mojabochnia.pl\/wp-content\/uploads\/2025\/08\/DSC_3665-84x84.jpg 84w\" sizes=\"auto, (max-width: 100px) 100vw, 100px\" \/><\/a><a href=\"https:\/\/www.mojabochnia.pl\/?attachment_id=217184\" class=\"\"><img loading=\"lazy\" decoding=\"async\" width=\"100\" height=\"100\" src=\"https:\/\/www.mojabochnia.pl\/wp-content\/uploads\/2025\/08\/DSC_3676-100x100.jpg\" class=\"attachment-100x100 size-100x100\" alt=\"\" srcset=\"https:\/\/www.mojabochnia.pl\/wp-content\/uploads\/2025\/08\/DSC_3676-100x100.jpg 100w, https:\/\/www.mojabochnia.pl\/wp-content\/uploads\/2025\/08\/DSC_3676-96x96.jpg 96w, https:\/\/www.mojabochnia.pl\/wp-content\/uploads\/2025\/08\/DSC_3676-84x84.jpg 84w\" sizes=\"auto, (max-width: 100px) 100vw, 100px\" \/><\/a><a href=\"https:\/\/www.mojabochnia.pl\/?attachment_id=217185\" class=\"\"><img loading=\"lazy\" decoding=\"async\" width=\"100\" height=\"100\" src=\"https:\/\/www.mojabochnia.pl\/wp-content\/uploads\/2025\/08\/DSC_3727-100x100.jpg\" class=\"attachment-100x100 size-100x100\" alt=\"\" srcset=\"https:\/\/www.mojabochnia.pl\/wp-content\/uploads\/2025\/08\/DSC_3727-100x100.jpg 100w, https:\/\/www.mojabochnia.pl\/wp-content\/uploads\/2025\/08\/DSC_3727-96x96.jpg 96w, https:\/\/www.mojabochnia.pl\/wp-content\/uploads\/2025\/08\/DSC_3727-84x84.jpg 84w\" sizes=\"auto, (max-width: 100px) 100vw, 100px\" \/><\/a><a href=\"https:\/\/www.mojabochnia.pl\/?attachment_id=217191\" class=\"\"><img loading=\"lazy\" decoding=\"async\" width=\"100\" height=\"100\" src=\"https:\/\/www.mojabochnia.pl\/wp-content\/uploads\/2025\/08\/WhatsApp-Image-2025-08-10-at-17.13.51-1-100x100.jpeg\" class=\"attachment-100x100 size-100x100\" alt=\"\" srcset=\"https:\/\/www.mojabochnia.pl\/wp-content\/uploads\/2025\/08\/WhatsApp-Image-2025-08-10-at-17.13.51-1-100x100.jpeg 100w, https:\/\/www.mojabochnia.pl\/wp-content\/uploads\/2025\/08\/WhatsApp-Image-2025-08-10-at-17.13.51-1-96x96.jpeg 96w, https:\/\/www.mojabochnia.pl\/wp-content\/uploads\/2025\/08\/WhatsApp-Image-2025-08-10-at-17.13.51-1-84x84.jpeg 84w\" sizes=\"auto, (max-width: 100px) 100vw, 100px\" \/><\/a><a href=\"https:\/\/www.mojabochnia.pl\/?attachment_id=217192\" class=\"\"><img loading=\"lazy\" decoding=\"async\" width=\"100\" height=\"100\" src=\"https:\/\/www.mojabochnia.pl\/wp-content\/uploads\/2025\/08\/WhatsApp-Image-2025-08-10-at-17.13.51-4-100x100.jpeg\" class=\"attachment-100x100 size-100x100\" alt=\"\" srcset=\"https:\/\/www.mojabochnia.pl\/wp-content\/uploads\/2025\/08\/WhatsApp-Image-2025-08-10-at-17.13.51-4-100x100.jpeg 100w, https:\/\/www.mojabochnia.pl\/wp-content\/uploads\/2025\/08\/WhatsApp-Image-2025-08-10-at-17.13.51-4-96x96.jpeg 96w, https:\/\/www.mojabochnia.pl\/wp-content\/uploads\/2025\/08\/WhatsApp-Image-2025-08-10-at-17.13.51-4-84x84.jpeg 84w\" sizes=\"auto, (max-width: 100px) 100vw, 100px\" \/><\/a><a href=\"https:\/\/www.mojabochnia.pl\/?attachment_id=217193\" class=\"\"><img loading=\"lazy\" decoding=\"async\" width=\"100\" height=\"100\" src=\"https:\/\/www.mojabochnia.pl\/wp-content\/uploads\/2025\/08\/WhatsApp-Image-2025-08-10-at-17.13.51-2-100x100.jpeg\" class=\"attachment-100x100 size-100x100\" alt=\"\" srcset=\"https:\/\/www.mojabochnia.pl\/wp-content\/uploads\/2025\/08\/WhatsApp-Image-2025-08-10-at-17.13.51-2-100x100.jpeg 100w, https:\/\/www.mojabochnia.pl\/wp-content\/uploads\/2025\/08\/WhatsApp-Image-2025-08-10-at-17.13.51-2-96x96.jpeg 96w, https:\/\/www.mojabochnia.pl\/wp-content\/uploads\/2025\/08\/WhatsApp-Image-2025-08-10-at-17.13.51-2-84x84.jpeg 84w\" sizes=\"auto, (max-width: 100px) 100vw, 100px\" \/><\/a><a href=\"https:\/\/www.mojabochnia.pl\/?attachment_id=217194\" class=\"\"><img loading=\"lazy\" decoding=\"async\" width=\"100\" height=\"100\" src=\"https:\/\/www.mojabochnia.pl\/wp-content\/uploads\/2025\/08\/WhatsApp-Image-2025-08-10-at-17.13.51-100x100.jpeg\" class=\"attachment-100x100 size-100x100\" alt=\"\" srcset=\"https:\/\/www.mojabochnia.pl\/wp-content\/uploads\/2025\/08\/WhatsApp-Image-2025-08-10-at-17.13.51-100x100.jpeg 100w, https:\/\/www.mojabochnia.pl\/wp-content\/uploads\/2025\/08\/WhatsApp-Image-2025-08-10-at-17.13.51-96x96.jpeg 96w, https:\/\/www.mojabochnia.pl\/wp-content\/uploads\/2025\/08\/WhatsApp-Image-2025-08-10-at-17.13.51-84x84.jpeg 84w\" sizes=\"auto, (max-width: 100px) 100vw, 100px\" \/><\/a><a href=\"https:\/\/www.mojabochnia.pl\/?attachment_id=217195\" class=\"\"><img loading=\"lazy\" decoding=\"async\" width=\"100\" height=\"100\" src=\"https:\/\/www.mojabochnia.pl\/wp-content\/uploads\/2025\/08\/WhatsApp-Image-2025-08-10-at-17.13.51-6-100x100.jpeg\" class=\"attachment-100x100 size-100x100\" alt=\"\" srcset=\"https:\/\/www.mojabochnia.pl\/wp-content\/uploads\/2025\/08\/WhatsApp-Image-2025-08-10-at-17.13.51-6-100x100.jpeg 100w, https:\/\/www.mojabochnia.pl\/wp-content\/uploads\/2025\/08\/WhatsApp-Image-2025-08-10-at-17.13.51-6-96x96.jpeg 96w, https:\/\/www.mojabochnia.pl\/wp-content\/uploads\/2025\/08\/WhatsApp-Image-2025-08-10-at-17.13.51-6-84x84.jpeg 84w\" sizes=\"auto, (max-width: 100px) 100vw, 100px\" \/><\/a>\t    <\/div>\r\n\t    ","protected":false},"excerpt":{"rendered":"<p>W niedziel\u0119 10 sierpnia urokliwy rynek Nowego Wi\u015bnicza wype\u0142ni\u0142 si\u0119 zapachami, kt\u00f3re od wiek\u00f3w towarzysz\u0105 ma\u0142opolskim sto\u0142om. To w\u0142a\u015bnie tu mia\u0142a miejsce kolejna ods\u0142ona Ma\u0142opolskiego Festiwalu Smaku \u2013 wydarzenia, kt\u00f3re co roku przyci\u0105ga mi\u0142o\u015bnik\u00f3w prawdziwego, lokalnego jedzenia. Tego dnia rynek zamieni\u0142 si\u0119 w \u017cyw\u0105 scen\u0119 kulinarnych opowie\u015bci \u2013 pe\u0142n\u0105 chrupi\u0105cych wypiek\u00f3w, ser\u00f3w, lokalnych historii i<\/p>\n","protected":false},"author":29,"featured_media":217153,"comment_status":"open","ping_status":"closed","sticky":false,"template":"","format":"standard","meta":{"_acf_changed":false,"footnotes":""},"categories":[5,6251,6250],"tags":[17986,17332,18036,17118,19720],"class_list":["post-217142","post","type-post","status-publish","format-standard","has-post-thumbnail","hentry","category-biezace-wydarzenia","category-polityka-i-wydarzenia","category-tematyka","tag-gmina-nowy-wisnicz1","tag-kulinaria","tag-malopolski-festiwal-smaku","tag-wisnicz","tag-top-temat","main_tag-gmina-nowy-wisnicz"],"acf":[],"yoast_head":"<!-- This site is optimized with the Yoast SEO plugin v26.9 - https:\/\/yoast.com\/product\/yoast-seo-wordpress\/ -->\n<title>Nowy Wi\u015bnicz. Ma\u0142opolski Festiwal Smaku przyci\u0105gn\u0105\u0142 wielu mi\u0142o\u015bnik\u00f3w kulinari\u00f3w (zdj\u0119cia) - mojabochnia.pl - portal informacyjny<\/title>\n<meta name=\"robots\" content=\"index, follow, max-snippet:-1, max-image-preview:large, max-video-preview:-1\" \/>\n<link rel=\"canonical\" href=\"https:\/\/www.mojabochnia.pl\/?p=217142\" \/>\n<meta property=\"og:locale\" content=\"pl_PL\" \/>\n<meta property=\"og:type\" content=\"article\" \/>\n<meta property=\"og:title\" content=\"Nowy Wi\u015bnicz. Ma\u0142opolski Festiwal Smaku przyci\u0105gn\u0105\u0142 wielu mi\u0142o\u015bnik\u00f3w kulinari\u00f3w (zdj\u0119cia) - mojabochnia.pl - portal informacyjny\" \/>\n<meta property=\"og:description\" content=\"W niedziel\u0119 10 sierpnia urokliwy rynek Nowego Wi\u015bnicza wype\u0142ni\u0142 si\u0119 zapachami, kt\u00f3re od wiek\u00f3w towarzysz\u0105 ma\u0142opolskim sto\u0142om. To w\u0142a\u015bnie tu mia\u0142a miejsce kolejna ods\u0142ona Ma\u0142opolskiego Festiwalu Smaku \u2013 wydarzenia, kt\u00f3re co roku przyci\u0105ga mi\u0142o\u015bnik\u00f3w prawdziwego, lokalnego jedzenia. Tego dnia rynek zamieni\u0142 si\u0119 w \u017cyw\u0105 scen\u0119 kulinarnych opowie\u015bci \u2013 pe\u0142n\u0105 chrupi\u0105cych wypiek\u00f3w, ser\u00f3w, lokalnych historii i\" \/>\n<meta property=\"og:url\" content=\"https:\/\/www.mojabochnia.pl\/?p=217142\" \/>\n<meta property=\"og:site_name\" content=\"mojabochnia.pl - portal informacyjny\" \/>\n<meta property=\"article:publisher\" content=\"https:\/\/www.facebook.com\/mojabochnia\" \/>\n<meta property=\"article:published_time\" content=\"2025-08-12T06:12:23+00:00\" \/>\n<meta property=\"article:modified_time\" content=\"2025-08-12T06:14:29+00:00\" \/>\n<meta property=\"og:image\" content=\"https:\/\/www.mojabochnia.pl\/wp-content\/uploads\/2025\/08\/DSC_3691.jpg\" \/>\n\t<meta property=\"og:image:width\" content=\"1500\" \/>\n\t<meta property=\"og:image:height\" content=\"1000\" \/>\n\t<meta property=\"og:image:type\" content=\"image\/jpeg\" \/>\n<meta name=\"author\" content=\"Marcin Kalinowski\" \/>\n<meta name=\"twitter:card\" content=\"summary_large_image\" \/>\n<meta name=\"twitter:label1\" content=\"Written by\" \/>\n\t<meta name=\"twitter:data1\" content=\"Marcin Kalinowski\" \/>\n<script type=\"application\/ld+json\" class=\"yoast-schema-graph\">{\"@context\":\"https:\/\/schema.org\",\"@graph\":[{\"@type\":\"Article\",\"@id\":\"https:\/\/www.mojabochnia.pl\/?p=217142#article\",\"isPartOf\":{\"@id\":\"https:\/\/www.mojabochnia.pl\/?p=217142\"},\"author\":{\"name\":\"Marcin Kalinowski\",\"@id\":\"https:\/\/www.mojabochnia.pl\/#\/schema\/person\/d4c758656c81ae00e6496831fe7b0792\"},\"headline\":\"Nowy Wi\u015bnicz. Ma\u0142opolski Festiwal Smaku przyci\u0105gn\u0105\u0142 wielu mi\u0142o\u015bnik\u00f3w kulinari\u00f3w (zdj\u0119cia)\",\"datePublished\":\"2025-08-12T06:12:23+00:00\",\"dateModified\":\"2025-08-12T06:14:29+00:00\",\"mainEntityOfPage\":{\"@id\":\"https:\/\/www.mojabochnia.pl\/?p=217142\"},\"wordCount\":104,\"commentCount\":0,\"publisher\":{\"@id\":\"https:\/\/www.mojabochnia.pl\/#organization\"},\"image\":{\"@id\":\"https:\/\/www.mojabochnia.pl\/?p=217142#primaryimage\"},\"thumbnailUrl\":\"https:\/\/www.mojabochnia.pl\/wp-content\/uploads\/2025\/08\/DSC_3691.jpg\",\"keywords\":[\"gmina nowy wi\u015bnicz\",\"kulinaria\",\"ma\u0142opolski festiwal smaku\",\"Nowy Wi\u015bnicz\",\"top temat\"],\"articleSection\":[\"2_ostatnie\",\"polityka i wydarzenia\",\"tematyka\"],\"inLanguage\":\"pl-PL\",\"potentialAction\":[{\"@type\":\"CommentAction\",\"name\":\"Comment\",\"target\":[\"https:\/\/www.mojabochnia.pl\/?p=217142#respond\"]}]},{\"@type\":\"WebPage\",\"@id\":\"https:\/\/www.mojabochnia.pl\/?p=217142\",\"url\":\"https:\/\/www.mojabochnia.pl\/?p=217142\",\"name\":\"Nowy Wi\u015bnicz. Ma\u0142opolski Festiwal Smaku przyci\u0105gn\u0105\u0142 wielu mi\u0142o\u015bnik\u00f3w kulinari\u00f3w (zdj\u0119cia) - mojabochnia.pl - portal informacyjny\",\"isPartOf\":{\"@id\":\"https:\/\/www.mojabochnia.pl\/#website\"},\"primaryImageOfPage\":{\"@id\":\"https:\/\/www.mojabochnia.pl\/?p=217142#primaryimage\"},\"image\":{\"@id\":\"https:\/\/www.mojabochnia.pl\/?p=217142#primaryimage\"},\"thumbnailUrl\":\"https:\/\/www.mojabochnia.pl\/wp-content\/uploads\/2025\/08\/DSC_3691.jpg\",\"datePublished\":\"2025-08-12T06:12:23+00:00\",\"dateModified\":\"2025-08-12T06:14:29+00:00\",\"breadcrumb\":{\"@id\":\"https:\/\/www.mojabochnia.pl\/?p=217142#breadcrumb\"},\"inLanguage\":\"pl-PL\",\"potentialAction\":[{\"@type\":\"ReadAction\",\"target\":[\"https:\/\/www.mojabochnia.pl\/?p=217142\"]}]},{\"@type\":\"ImageObject\",\"inLanguage\":\"pl-PL\",\"@id\":\"https:\/\/www.mojabochnia.pl\/?p=217142#primaryimage\",\"url\":\"https:\/\/www.mojabochnia.pl\/wp-content\/uploads\/2025\/08\/DSC_3691.jpg\",\"contentUrl\":\"https:\/\/www.mojabochnia.pl\/wp-content\/uploads\/2025\/08\/DSC_3691.jpg\",\"width\":1500,\"height\":1000,\"caption\":\"M. Kalinowski\"},{\"@type\":\"BreadcrumbList\",\"@id\":\"https:\/\/www.mojabochnia.pl\/?p=217142#breadcrumb\",\"itemListElement\":[{\"@type\":\"ListItem\",\"position\":1,\"name\":\"Home\",\"item\":\"https:\/\/www.mojabochnia.pl\/\"},{\"@type\":\"ListItem\",\"position\":2,\"name\":\"Nowy Wi\u015bnicz. Ma\u0142opolski Festiwal Smaku przyci\u0105gn\u0105\u0142 wielu mi\u0142o\u015bnik\u00f3w kulinari\u00f3w (zdj\u0119cia)\"}]},{\"@type\":\"WebSite\",\"@id\":\"https:\/\/www.mojabochnia.pl\/#website\",\"url\":\"https:\/\/www.mojabochnia.pl\/\",\"name\":\"mojabochnia.pl - portal informacyjny\",\"description\":\"mojaBochnia to portal informacyjny o Bochni. Codziennie o Bochni piszemy i pokazujemy najwa\u017cniejsze wydarzenia\",\"publisher\":{\"@id\":\"https:\/\/www.mojabochnia.pl\/#organization\"},\"potentialAction\":[{\"@type\":\"SearchAction\",\"target\":{\"@type\":\"EntryPoint\",\"urlTemplate\":\"https:\/\/www.mojabochnia.pl\/?s={search_term_string}\"},\"query-input\":{\"@type\":\"PropertyValueSpecification\",\"valueRequired\":true,\"valueName\":\"search_term_string\"}}],\"inLanguage\":\"pl-PL\"},{\"@type\":\"Organization\",\"@id\":\"https:\/\/www.mojabochnia.pl\/#organization\",\"name\":\"mojabochnia.pl - portal informacyjny\",\"url\":\"https:\/\/www.mojabochnia.pl\/\",\"logo\":{\"@type\":\"ImageObject\",\"inLanguage\":\"pl-PL\",\"@id\":\"https:\/\/www.mojabochnia.pl\/#\/schema\/logo\/image\/\",\"url\":\"https:\/\/www.mojabochnia.pl\/wp-content\/uploads\/2017\/08\/logo-mb-opt.png\",\"contentUrl\":\"https:\/\/www.mojabochnia.pl\/wp-content\/uploads\/2017\/08\/logo-mb-opt.png\",\"width\":250,\"height\":48,\"caption\":\"mojabochnia.pl - portal informacyjny\"},\"image\":{\"@id\":\"https:\/\/www.mojabochnia.pl\/#\/schema\/logo\/image\/\"},\"sameAs\":[\"https:\/\/www.facebook.com\/mojabochnia\"]},{\"@type\":\"Person\",\"@id\":\"https:\/\/www.mojabochnia.pl\/#\/schema\/person\/d4c758656c81ae00e6496831fe7b0792\",\"name\":\"Marcin Kalinowski\",\"url\":\"https:\/\/www.mojabochnia.pl\/?author=29\"}]}<\/script>\n<!-- \/ Yoast SEO plugin. -->","yoast_head_json":{"title":"Nowy Wi\u015bnicz. Ma\u0142opolski Festiwal Smaku przyci\u0105gn\u0105\u0142 wielu mi\u0142o\u015bnik\u00f3w kulinari\u00f3w (zdj\u0119cia) - mojabochnia.pl - portal informacyjny","robots":{"index":"index","follow":"follow","max-snippet":"max-snippet:-1","max-image-preview":"max-image-preview:large","max-video-preview":"max-video-preview:-1"},"canonical":"https:\/\/www.mojabochnia.pl\/?p=217142","og_locale":"pl_PL","og_type":"article","og_title":"Nowy Wi\u015bnicz. Ma\u0142opolski Festiwal Smaku przyci\u0105gn\u0105\u0142 wielu mi\u0142o\u015bnik\u00f3w kulinari\u00f3w (zdj\u0119cia) - mojabochnia.pl - portal informacyjny","og_description":"W niedziel\u0119 10 sierpnia urokliwy rynek Nowego Wi\u015bnicza wype\u0142ni\u0142 si\u0119 zapachami, kt\u00f3re od wiek\u00f3w towarzysz\u0105 ma\u0142opolskim sto\u0142om. To w\u0142a\u015bnie tu mia\u0142a miejsce kolejna ods\u0142ona Ma\u0142opolskiego Festiwalu Smaku \u2013 wydarzenia, kt\u00f3re co roku przyci\u0105ga mi\u0142o\u015bnik\u00f3w prawdziwego, lokalnego jedzenia. Tego dnia rynek zamieni\u0142 si\u0119 w \u017cyw\u0105 scen\u0119 kulinarnych opowie\u015bci \u2013 pe\u0142n\u0105 chrupi\u0105cych wypiek\u00f3w, ser\u00f3w, lokalnych historii i","og_url":"https:\/\/www.mojabochnia.pl\/?p=217142","og_site_name":"mojabochnia.pl - portal informacyjny","article_publisher":"https:\/\/www.facebook.com\/mojabochnia","article_published_time":"2025-08-12T06:12:23+00:00","article_modified_time":"2025-08-12T06:14:29+00:00","og_image":[{"width":1500,"height":1000,"url":"https:\/\/www.mojabochnia.pl\/wp-content\/uploads\/2025\/08\/DSC_3691.jpg","type":"image\/jpeg"}],"author":"Marcin Kalinowski","twitter_card":"summary_large_image","twitter_misc":{"Written by":"Marcin Kalinowski"},"schema":{"@context":"https:\/\/schema.org","@graph":[{"@type":"Article","@id":"https:\/\/www.mojabochnia.pl\/?p=217142#article","isPartOf":{"@id":"https:\/\/www.mojabochnia.pl\/?p=217142"},"author":{"name":"Marcin Kalinowski","@id":"https:\/\/www.mojabochnia.pl\/#\/schema\/person\/d4c758656c81ae00e6496831fe7b0792"},"headline":"Nowy Wi\u015bnicz. Ma\u0142opolski Festiwal Smaku przyci\u0105gn\u0105\u0142 wielu mi\u0142o\u015bnik\u00f3w kulinari\u00f3w (zdj\u0119cia)","datePublished":"2025-08-12T06:12:23+00:00","dateModified":"2025-08-12T06:14:29+00:00","mainEntityOfPage":{"@id":"https:\/\/www.mojabochnia.pl\/?p=217142"},"wordCount":104,"commentCount":0,"publisher":{"@id":"https:\/\/www.mojabochnia.pl\/#organization"},"image":{"@id":"https:\/\/www.mojabochnia.pl\/?p=217142#primaryimage"},"thumbnailUrl":"https:\/\/www.mojabochnia.pl\/wp-content\/uploads\/2025\/08\/DSC_3691.jpg","keywords":["gmina nowy wi\u015bnicz","kulinaria","ma\u0142opolski festiwal smaku","Nowy Wi\u015bnicz","top temat"],"articleSection":["2_ostatnie","polityka i wydarzenia","tematyka"],"inLanguage":"pl-PL","potentialAction":[{"@type":"CommentAction","name":"Comment","target":["https:\/\/www.mojabochnia.pl\/?p=217142#respond"]}]},{"@type":"WebPage","@id":"https:\/\/www.mojabochnia.pl\/?p=217142","url":"https:\/\/www.mojabochnia.pl\/?p=217142","name":"Nowy Wi\u015bnicz. Ma\u0142opolski Festiwal Smaku przyci\u0105gn\u0105\u0142 wielu mi\u0142o\u015bnik\u00f3w kulinari\u00f3w (zdj\u0119cia) - mojabochnia.pl - portal informacyjny","isPartOf":{"@id":"https:\/\/www.mojabochnia.pl\/#website"},"primaryImageOfPage":{"@id":"https:\/\/www.mojabochnia.pl\/?p=217142#primaryimage"},"image":{"@id":"https:\/\/www.mojabochnia.pl\/?p=217142#primaryimage"},"thumbnailUrl":"https:\/\/www.mojabochnia.pl\/wp-content\/uploads\/2025\/08\/DSC_3691.jpg","datePublished":"2025-08-12T06:12:23+00:00","dateModified":"2025-08-12T06:14:29+00:00","breadcrumb":{"@id":"https:\/\/www.mojabochnia.pl\/?p=217142#breadcrumb"},"inLanguage":"pl-PL","potentialAction":[{"@type":"ReadAction","target":["https:\/\/www.mojabochnia.pl\/?p=217142"]}]},{"@type":"ImageObject","inLanguage":"pl-PL","@id":"https:\/\/www.mojabochnia.pl\/?p=217142#primaryimage","url":"https:\/\/www.mojabochnia.pl\/wp-content\/uploads\/2025\/08\/DSC_3691.jpg","contentUrl":"https:\/\/www.mojabochnia.pl\/wp-content\/uploads\/2025\/08\/DSC_3691.jpg","width":1500,"height":1000,"caption":"M. Kalinowski"},{"@type":"BreadcrumbList","@id":"https:\/\/www.mojabochnia.pl\/?p=217142#breadcrumb","itemListElement":[{"@type":"ListItem","position":1,"name":"Home","item":"https:\/\/www.mojabochnia.pl\/"},{"@type":"ListItem","position":2,"name":"Nowy Wi\u015bnicz. Ma\u0142opolski Festiwal Smaku przyci\u0105gn\u0105\u0142 wielu mi\u0142o\u015bnik\u00f3w kulinari\u00f3w (zdj\u0119cia)"}]},{"@type":"WebSite","@id":"https:\/\/www.mojabochnia.pl\/#website","url":"https:\/\/www.mojabochnia.pl\/","name":"mojabochnia.pl - portal informacyjny","description":"mojaBochnia to portal informacyjny o Bochni. Codziennie o Bochni piszemy i pokazujemy najwa\u017cniejsze wydarzenia","publisher":{"@id":"https:\/\/www.mojabochnia.pl\/#organization"},"potentialAction":[{"@type":"SearchAction","target":{"@type":"EntryPoint","urlTemplate":"https:\/\/www.mojabochnia.pl\/?s={search_term_string}"},"query-input":{"@type":"PropertyValueSpecification","valueRequired":true,"valueName":"search_term_string"}}],"inLanguage":"pl-PL"},{"@type":"Organization","@id":"https:\/\/www.mojabochnia.pl\/#organization","name":"mojabochnia.pl - portal informacyjny","url":"https:\/\/www.mojabochnia.pl\/","logo":{"@type":"ImageObject","inLanguage":"pl-PL","@id":"https:\/\/www.mojabochnia.pl\/#\/schema\/logo\/image\/","url":"https:\/\/www.mojabochnia.pl\/wp-content\/uploads\/2017\/08\/logo-mb-opt.png","contentUrl":"https:\/\/www.mojabochnia.pl\/wp-content\/uploads\/2017\/08\/logo-mb-opt.png","width":250,"height":48,"caption":"mojabochnia.pl - portal informacyjny"},"image":{"@id":"https:\/\/www.mojabochnia.pl\/#\/schema\/logo\/image\/"},"sameAs":["https:\/\/www.facebook.com\/mojabochnia"]},{"@type":"Person","@id":"https:\/\/www.mojabochnia.pl\/#\/schema\/person\/d4c758656c81ae00e6496831fe7b0792","name":"Marcin Kalinowski","url":"https:\/\/www.mojabochnia.pl\/?author=29"}]}},"_links":{"self":[{"href":"https:\/\/www.mojabochnia.pl\/index.php?rest_route=\/wp\/v2\/posts\/217142","targetHints":{"allow":["GET"]}}],"collection":[{"href":"https:\/\/www.mojabochnia.pl\/index.php?rest_route=\/wp\/v2\/posts"}],"about":[{"href":"https:\/\/www.mojabochnia.pl\/index.php?rest_route=\/wp\/v2\/types\/post"}],"author":[{"embeddable":true,"href":"https:\/\/www.mojabochnia.pl\/index.php?rest_route=\/wp\/v2\/users\/29"}],"replies":[{"embeddable":true,"href":"https:\/\/www.mojabochnia.pl\/index.php?rest_route=%2Fwp%2Fv2%2Fcomments&post=217142"}],"version-history":[{"count":2,"href":"https:\/\/www.mojabochnia.pl\/index.php?rest_route=\/wp\/v2\/posts\/217142\/revisions"}],"predecessor-version":[{"id":217190,"href":"https:\/\/www.mojabochnia.pl\/index.php?rest_route=\/wp\/v2\/posts\/217142\/revisions\/217190"}],"wp:featuredmedia":[{"embeddable":true,"href":"https:\/\/www.mojabochnia.pl\/index.php?rest_route=\/wp\/v2\/media\/217153"}],"wp:attachment":[{"href":"https:\/\/www.mojabochnia.pl\/index.php?rest_route=%2Fwp%2Fv2%2Fmedia&parent=217142"}],"wp:term":[{"taxonomy":"category","embeddable":true,"href":"https:\/\/www.mojabochnia.pl\/index.php?rest_route=%2Fwp%2Fv2%2Fcategories&post=217142"},{"taxonomy":"post_tag","embeddable":true,"href":"https:\/\/www.mojabochnia.pl\/index.php?rest_route=%2Fwp%2Fv2%2Ftags&post=217142"}],"curies":[{"name":"wp","href":"https:\/\/api.w.org\/{rel}","templated":true}]}}