{"id":21680,"date":"2010-01-26T11:43:13","date_gmt":"2010-01-26T10:43:13","guid":{"rendered":"http:\/\/www.mojabochnia.pl\/?p=21680"},"modified":"2010-01-26T11:04:40","modified_gmt":"2010-01-26T10:04:40","slug":"wyniki-przegladu-grup-koledniczych-w-lipnicy","status":"publish","type":"post","link":"https:\/\/www.mojabochnia.pl\/?p=21680","title":{"rendered":"Wyniki Przegl\u0105du Grup Kol\u0119dniczych w Lipnicy"},"content":{"rendered":"<p>Jak zwykle nie zabrak\u0142o dobrej zabawy, zainspirowanej ludowymi przekazami o narodzeniu Jezusa Chrystusa. W tegorocznym przegl\u0105dzie Grup Kol\u0119dniczych wyst\u0105pi\u0142o 10 grup dzieci\u0119cych, 8 m\u0142odzie\u017cowych i 9 doros\u0142ych.<\/p>\n<p>Komisja Artystyczna w sk\u0142adzie:<\/p>\n<p>1. Magdalena KROH &#8211; przewodnicz\u0105ca \u2013 etnograf z Nowego S\u0105cza<br \/>\n2. Maria CETERA &#8211; etnograf \u2013 Muzeum Etnograficzne w Tarnowie<br \/>\n3. Aleksander SMAGA &#8211; muzyk &#8211; Ma\u0142opolskie Centrum Kultury SOK\u00d3\u0141 w Nowym S\u0105czu<\/p>\n<p>przyzna\u0142a nast\u0119puj\u0105ce miejsca i wyr\u00f3\u017cnienia:<\/p>\n<p><strong>w kategorii grup dzieci\u0119cych: <\/strong><\/p>\n<p>I miejsce i nagrod\u0119 finansow\u0105 oraz statuetk\u0119 LIPNICK\u0104 GWIAZD\u0118: <\/p>\n<p>Grupie Kol\u0119dniczej SZCZODROKI z Rzepiennika Suchego <\/p>\n<p>cztery r\u00f3wnorz\u0119dne II miejsca i nagrody finansowe:<\/p>\n<p>Grupie Kol\u0119dniczej HERODY z Rzepiennika Suchego,<br \/>\nGrupie Kol\u0119dniczej GWO\u0179DZIECKIE DRABY z Gwo\u017ad\u017aca,<br \/>\nGrupie Kol\u0119dniczej HERODY z Po\u0142omia Du\u017cego,<br \/>\nGrupie Kol\u0119dniczej Z GWIAZD\u0104 z Much\u00f3wki, <\/p>\n<p>dwa r\u00f3wnorz\u0119dne III miejsca i nagrody finansowe:<br \/>\nGrupie Kol\u0119dniczej MALI KOL\u0118DNICY z Lubczy,<br \/>\nGrupie Kol\u0119dniczej M\u0118DRKOWIE z Radgoszczy, <\/p>\n<p>dwa r\u00f3wnorz\u0119dne wyr\u00f3\u017cnienia i nagrody finansowe:<br \/>\nGrupie Kol\u0119dniczej MALI KOL\u0118DNICY z Rajbrotu,<br \/>\nGrupie Kol\u0119dniczej Z GWIAZD\u0104 z Gwo\u017ad\u017aca, <\/p>\n<p><strong>w kategorii grup m\u0142odzie\u017cowych:<\/strong><\/p>\n<p>I miejsce i nagrod\u0119 finansow\u0105 oraz statuetk\u0119 LIPNICK\u0104 GWIAZD\u0118 <\/p>\n<p>Grupie Kol\u0119dniczej Z SZOPK\u0104 z Po\u0142omia Du\u017cego, <\/p>\n<p>trzy r\u00f3wnorz\u0119dne II miejsca i nagrody finansowe:<\/p>\n<p>Grupie Kol\u0119dniczej HERODY z Gwo\u017ad\u017aca,<br \/>\nGrupie Kol\u0119dniczej DROBY z Olszyn,<br \/>\nGrupie Kol\u0119dniczej HERODY z Kr\u00f3l\u00f3wki, <\/p>\n<p>dwa r\u00f3wnorz\u0119dne III miejsce i nagrody finansowe:<\/p>\n<p>Grupie Kol\u0119dniczej HERODY z Rajbrotu,<br \/>\nGrupie Kol\u0119dniczej LIPNICZANIE z Lipnicy Murowanej, <\/p>\n<p>M\u0142odzie\u017cowe Grupy Kol\u0119dnicze TURO\u0141AZIKI z Radgoszczy oraz LUBCZANIE z Lubczy ze wzgl\u0119du na niezgodno\u015bci regulaminowe nie zosta\u0142y ocenione przez Komisje Artystyczn\u0105. <\/p>\n<p>Ponadto Komisja przyzna\u0142a indywidualne nagrody rzeczowe dla Konrada SKOWRONA, odtw\u00f3rcy postaci HERODA w DzGK MALI KOL\u0118DNICY z Lubczy, oraz Kamila SUCHANA, odtw\u00f3rcy postaci \u017bYDA w MGK HERODY z Gwo\u017ad\u017aca.<\/p>\n<p>Do udzia\u0142u w Og\u00f3lnopolskich Spotkaniach Dzieci\u0119cych i M\u0142odzie\u017cowych Grup Kol\u0119dniczych XIII Pastuszkowe Kol\u0119dowanie w Podegrodziu Komisja zakwalifikowa\u0142a:<\/p>\n<p>Dzieci\u0119c\u0105 Grup\u0119 Kol\u0119dnicz\u0105 SZCZODROKI z Rzepiennika Suchego<br \/>\nM\u0142odzie\u017cow\u0105 Grup\u0119 Kol\u0119dnicz\u0105 Z SZOPK\u0104 z Po\u0142omia Du\u017cego<br \/>\nM\u0142odzie\u017cow\u0105 Grup\u0119 Kol\u0119dnicz\u0105 HERODY z Gwo\u017ad\u017aca<\/p>\n<p><strong>w kategorii grup doros\u0142ych:<\/strong><\/p>\n<p>trzy r\u00f3wnorz\u0119dne I miejsca i nagrody  finansowe oraz statuetki LIPNICKIE GWIAZDY:<\/p>\n<p>Grupie Kol\u0119dniczej \u015aMIGANIANIE  ze \u015amigna,<br \/>\nGrupie Kol\u0119dniczej PLE\u015aNIOKI z Ple\u015bnej,<br \/>\nGrupie Kol\u0119dniczej HERODY z Lipnicy Dolnej, <\/p>\n<p>pi\u0119\u0107 r\u00f3wnorz\u0119dnych II miejsc i nagrody  finansowe: <\/p>\n<p>Grupie Kol\u0119dniczej ZALASOWIOKI z Zalasowej,<br \/>\nGrupie Kol\u0119dniczej HERODY z Biskupic Rad\u0142owskich,<br \/>\nGrupie Kol\u0119dniczej NIECZAJNIACY z Nieczajnej G\u00f3rnej,<br \/>\nGrupie Kol\u0119dniczej DRABY z Gwo\u017ad\u017aca,<br \/>\nGrupie Kol\u0119dniczej HERODY z Uszwi, <\/p>\n<p>III miejsce i nagrod\u0119 finansow\u0105:<\/p>\n<p>Grupie Kol\u0119dniczej SZCZUCINIANIE ze Szczucina, <\/p>\n<p>wyr\u00f3\u017cnienie i nagrod\u0119 finansow\u0105:<br \/>\nGrupie Kol\u0119dniczej GRUSZOWIACY z Gruszowa Wielkiego, <\/p>\n<p>Ponadto Komisja przyzna\u0142a indywidualne nagrody rzeczowe: statuetk\u0119 \u017bYDA dla Andrzeja MATACZA, odtw\u00f3rcy postaci \u017bYDA w Grupie Kol\u0119dniczej \u015aMIGNIANIE, witra\u017cowe anio\u0142y dla Edwarda GUZIKA, odtw\u00f3rcy postaci DZIADA w Grupie Kol\u0119dniczej NIECZAJNIACY oraz Grupie Kol\u0119dniczej HERODY z Lipnicy Dolnej za wykonanie tradycyjnej gwiazdy.<\/p>\n<p>Do udzia\u0142u w Og\u00f3lnopolskim Przegl\u0105dzie Grup Kol\u0119dniczych XXXVIII G\u00f3ralskiego Karnawa\u0142u w Bukowinie Tatrza\u0144skiej, Komisja kwalifikuje:<br \/>\nGrup\u0119 Kol\u0119dnicz\u0105 \u015aMIGANIANIE z Lisiej G\u00f3ry z programem: HERODY<br \/>\nGrup\u0119 Kol\u0119dnicz\u0105 PLE\u015aNOKI z Ple\u015bnej z programem: HERODY<br \/>\nGrup\u0119 Kol\u0119dnicz\u0105 HERODY z Biskupic Rad\u0142owskich z programem: HERODY<br \/>\nGrup\u0119 Kol\u0119dnicz\u0105 ZALASOWIOKI z Zalasowej z programem: HERODY<br \/>\nGrup\u0119 Kol\u0119dnicz\u0105 DRABY z Gwo\u017ad\u017aca z programem: DRABY<br \/>\nGrup\u0119 Kol\u0119dnicz\u0105 HERODY z Uszwi z programem: HERODY<br \/>\nGrup\u0119 Kol\u0119dnicz\u0105 HERODY z Lipnicy Murowanej z programem: HERODY<\/p>\n<p>Wszystkie grupy kol\u0119dnicze uczestnicz\u0105ce w Przegl\u0105dzie otrzyma\u0142y pami\u0105tkowe dyplomy uczestnictwa przygotowane przez Ma\u0142opolskie Centrum Kultury SOK\u00d3\u0141 w Nowym S\u0105czu. <\/p>\n","protected":false},"excerpt":{"rendered":"<p>27 grup kol\u0119dniczych wyst\u0105pi\u0142o w niedziel\u0119 na deskach Gminnego Domu Kultury w Lipnicy Murowanej. Ju\u017c po raz 28. odby\u0142 si\u0119 tam Ma\u0142opolski Przegl\u0105d Grup Kol\u0119dniczych o Lipnick\u0105 Gwiazd\u0119. <\/p>\n","protected":false},"author":4,"featured_media":0,"comment_status":"open","ping_status":"closed","sticky":false,"template":"","format":"standard","meta":{"_acf_changed":false,"footnotes":""},"categories":[5,92,6250],"tags":[17572,17603,17125,6451,6450],"class_list":["post-21680","post","type-post","status-publish","format-standard","hentry","category-biezace-wydarzenia","category-kultura","category-tematyka","tag-koleda","tag-kolednicy","tag-lipnica","tag-lipnicka-gwiazda","tag-malopolski-przeglad-grup-koledniczych"],"acf":[],"yoast_head":"<!-- This site is optimized with the Yoast SEO plugin v26.9 - https:\/\/yoast.com\/product\/yoast-seo-wordpress\/ -->\n<title>Wyniki Przegl\u0105du Grup Kol\u0119dniczych w Lipnicy - mojabochnia.pl - portal informacyjny<\/title>\n<meta name=\"robots\" content=\"index, follow, max-snippet:-1, max-image-preview:large, max-video-preview:-1\" \/>\n<link rel=\"canonical\" href=\"https:\/\/www.mojabochnia.pl\/?p=21680\" \/>\n<meta property=\"og:locale\" content=\"pl_PL\" \/>\n<meta property=\"og:type\" content=\"article\" \/>\n<meta property=\"og:title\" content=\"Wyniki Przegl\u0105du Grup Kol\u0119dniczych w Lipnicy - mojabochnia.pl - portal informacyjny\" \/>\n<meta property=\"og:description\" content=\"27 grup kol\u0119dniczych wyst\u0105pi\u0142o w niedziel\u0119 na deskach Gminnego Domu Kultury w Lipnicy Murowanej. Ju\u017c po raz 28. odby\u0142 si\u0119 tam Ma\u0142opolski Przegl\u0105d Grup Kol\u0119dniczych o Lipnick\u0105 Gwiazd\u0119.\" \/>\n<meta property=\"og:url\" content=\"https:\/\/www.mojabochnia.pl\/?p=21680\" \/>\n<meta property=\"og:site_name\" content=\"mojabochnia.pl - portal informacyjny\" \/>\n<meta property=\"article:publisher\" content=\"https:\/\/www.facebook.com\/mojabochnia\" \/>\n<meta property=\"article:published_time\" content=\"2010-01-26T10:43:13+00:00\" \/>\n<meta name=\"author\" content=\"Pawe\u0142 Michalczyk\" \/>\n<meta name=\"twitter:card\" content=\"summary_large_image\" \/>\n<meta name=\"twitter:label1\" content=\"Written by\" \/>\n\t<meta name=\"twitter:data1\" content=\"Pawe\u0142 Michalczyk\" \/>\n\t<meta name=\"twitter:label2\" content=\"Est. reading time\" \/>\n\t<meta name=\"twitter:data2\" content=\"3 minuty\" \/>\n<script type=\"application\/ld+json\" class=\"yoast-schema-graph\">{\"@context\":\"https:\/\/schema.org\",\"@graph\":[{\"@type\":\"Article\",\"@id\":\"https:\/\/www.mojabochnia.pl\/?p=21680#article\",\"isPartOf\":{\"@id\":\"https:\/\/www.mojabochnia.pl\/?p=21680\"},\"author\":{\"name\":\"Pawe\u0142 Michalczyk\",\"@id\":\"https:\/\/www.mojabochnia.pl\/#\/schema\/person\/ea042e4724a77627963f02166828ead4\"},\"headline\":\"Wyniki Przegl\u0105du Grup Kol\u0119dniczych w Lipnicy\",\"datePublished\":\"2010-01-26T10:43:13+00:00\",\"mainEntityOfPage\":{\"@id\":\"https:\/\/www.mojabochnia.pl\/?p=21680\"},\"wordCount\":676,\"commentCount\":0,\"publisher\":{\"@id\":\"https:\/\/www.mojabochnia.pl\/#organization\"},\"keywords\":[\"kol\u0119da\",\"kol\u0119dnicy\",\"Lipnica Murowana\",\"lipnicka gwiazda\",\"Ma\u0142opolski Przegl\u0105d Grup Kol\u0119dniczych\"],\"articleSection\":[\"2_ostatnie\",\"kultura\",\"tematyka\"],\"inLanguage\":\"pl-PL\",\"potentialAction\":[{\"@type\":\"CommentAction\",\"name\":\"Comment\",\"target\":[\"https:\/\/www.mojabochnia.pl\/?p=21680#respond\"]}]},{\"@type\":\"WebPage\",\"@id\":\"https:\/\/www.mojabochnia.pl\/?p=21680\",\"url\":\"https:\/\/www.mojabochnia.pl\/?p=21680\",\"name\":\"Wyniki Przegl\u0105du Grup Kol\u0119dniczych w Lipnicy - mojabochnia.pl - portal informacyjny\",\"isPartOf\":{\"@id\":\"https:\/\/www.mojabochnia.pl\/#website\"},\"datePublished\":\"2010-01-26T10:43:13+00:00\",\"breadcrumb\":{\"@id\":\"https:\/\/www.mojabochnia.pl\/?p=21680#breadcrumb\"},\"inLanguage\":\"pl-PL\",\"potentialAction\":[{\"@type\":\"ReadAction\",\"target\":[\"https:\/\/www.mojabochnia.pl\/?p=21680\"]}]},{\"@type\":\"BreadcrumbList\",\"@id\":\"https:\/\/www.mojabochnia.pl\/?p=21680#breadcrumb\",\"itemListElement\":[{\"@type\":\"ListItem\",\"position\":1,\"name\":\"Home\",\"item\":\"https:\/\/www.mojabochnia.pl\/\"},{\"@type\":\"ListItem\",\"position\":2,\"name\":\"Wyniki Przegl\u0105du Grup Kol\u0119dniczych w Lipnicy\"}]},{\"@type\":\"WebSite\",\"@id\":\"https:\/\/www.mojabochnia.pl\/#website\",\"url\":\"https:\/\/www.mojabochnia.pl\/\",\"name\":\"mojabochnia.pl - portal informacyjny\",\"description\":\"mojaBochnia to portal informacyjny o Bochni. Codziennie o Bochni piszemy i pokazujemy najwa\u017cniejsze wydarzenia\",\"publisher\":{\"@id\":\"https:\/\/www.mojabochnia.pl\/#organization\"},\"potentialAction\":[{\"@type\":\"SearchAction\",\"target\":{\"@type\":\"EntryPoint\",\"urlTemplate\":\"https:\/\/www.mojabochnia.pl\/?s={search_term_string}\"},\"query-input\":{\"@type\":\"PropertyValueSpecification\",\"valueRequired\":true,\"valueName\":\"search_term_string\"}}],\"inLanguage\":\"pl-PL\"},{\"@type\":\"Organization\",\"@id\":\"https:\/\/www.mojabochnia.pl\/#organization\",\"name\":\"mojabochnia.pl - portal informacyjny\",\"url\":\"https:\/\/www.mojabochnia.pl\/\",\"logo\":{\"@type\":\"ImageObject\",\"inLanguage\":\"pl-PL\",\"@id\":\"https:\/\/www.mojabochnia.pl\/#\/schema\/logo\/image\/\",\"url\":\"https:\/\/www.mojabochnia.pl\/wp-content\/uploads\/2017\/08\/logo-mb-opt.png\",\"contentUrl\":\"https:\/\/www.mojabochnia.pl\/wp-content\/uploads\/2017\/08\/logo-mb-opt.png\",\"width\":250,\"height\":48,\"caption\":\"mojabochnia.pl - portal informacyjny\"},\"image\":{\"@id\":\"https:\/\/www.mojabochnia.pl\/#\/schema\/logo\/image\/\"},\"sameAs\":[\"https:\/\/www.facebook.com\/mojabochnia\"]},{\"@type\":\"Person\",\"@id\":\"https:\/\/www.mojabochnia.pl\/#\/schema\/person\/ea042e4724a77627963f02166828ead4\",\"name\":\"Pawe\u0142 Michalczyk\",\"url\":\"https:\/\/www.mojabochnia.pl\/?author=4\"}]}<\/script>\n<!-- \/ Yoast SEO plugin. -->","yoast_head_json":{"title":"Wyniki Przegl\u0105du Grup Kol\u0119dniczych w Lipnicy - mojabochnia.pl - portal informacyjny","robots":{"index":"index","follow":"follow","max-snippet":"max-snippet:-1","max-image-preview":"max-image-preview:large","max-video-preview":"max-video-preview:-1"},"canonical":"https:\/\/www.mojabochnia.pl\/?p=21680","og_locale":"pl_PL","og_type":"article","og_title":"Wyniki Przegl\u0105du Grup Kol\u0119dniczych w Lipnicy - mojabochnia.pl - portal informacyjny","og_description":"27 grup kol\u0119dniczych wyst\u0105pi\u0142o w niedziel\u0119 na deskach Gminnego Domu Kultury w Lipnicy Murowanej. Ju\u017c po raz 28. odby\u0142 si\u0119 tam Ma\u0142opolski Przegl\u0105d Grup Kol\u0119dniczych o Lipnick\u0105 Gwiazd\u0119.","og_url":"https:\/\/www.mojabochnia.pl\/?p=21680","og_site_name":"mojabochnia.pl - portal informacyjny","article_publisher":"https:\/\/www.facebook.com\/mojabochnia","article_published_time":"2010-01-26T10:43:13+00:00","author":"Pawe\u0142 Michalczyk","twitter_card":"summary_large_image","twitter_misc":{"Written by":"Pawe\u0142 Michalczyk","Est. reading time":"3 minuty"},"schema":{"@context":"https:\/\/schema.org","@graph":[{"@type":"Article","@id":"https:\/\/www.mojabochnia.pl\/?p=21680#article","isPartOf":{"@id":"https:\/\/www.mojabochnia.pl\/?p=21680"},"author":{"name":"Pawe\u0142 Michalczyk","@id":"https:\/\/www.mojabochnia.pl\/#\/schema\/person\/ea042e4724a77627963f02166828ead4"},"headline":"Wyniki Przegl\u0105du Grup Kol\u0119dniczych w Lipnicy","datePublished":"2010-01-26T10:43:13+00:00","mainEntityOfPage":{"@id":"https:\/\/www.mojabochnia.pl\/?p=21680"},"wordCount":676,"commentCount":0,"publisher":{"@id":"https:\/\/www.mojabochnia.pl\/#organization"},"keywords":["kol\u0119da","kol\u0119dnicy","Lipnica Murowana","lipnicka gwiazda","Ma\u0142opolski Przegl\u0105d Grup Kol\u0119dniczych"],"articleSection":["2_ostatnie","kultura","tematyka"],"inLanguage":"pl-PL","potentialAction":[{"@type":"CommentAction","name":"Comment","target":["https:\/\/www.mojabochnia.pl\/?p=21680#respond"]}]},{"@type":"WebPage","@id":"https:\/\/www.mojabochnia.pl\/?p=21680","url":"https:\/\/www.mojabochnia.pl\/?p=21680","name":"Wyniki Przegl\u0105du Grup Kol\u0119dniczych w Lipnicy - mojabochnia.pl - portal informacyjny","isPartOf":{"@id":"https:\/\/www.mojabochnia.pl\/#website"},"datePublished":"2010-01-26T10:43:13+00:00","breadcrumb":{"@id":"https:\/\/www.mojabochnia.pl\/?p=21680#breadcrumb"},"inLanguage":"pl-PL","potentialAction":[{"@type":"ReadAction","target":["https:\/\/www.mojabochnia.pl\/?p=21680"]}]},{"@type":"BreadcrumbList","@id":"https:\/\/www.mojabochnia.pl\/?p=21680#breadcrumb","itemListElement":[{"@type":"ListItem","position":1,"name":"Home","item":"https:\/\/www.mojabochnia.pl\/"},{"@type":"ListItem","position":2,"name":"Wyniki Przegl\u0105du Grup Kol\u0119dniczych w Lipnicy"}]},{"@type":"WebSite","@id":"https:\/\/www.mojabochnia.pl\/#website","url":"https:\/\/www.mojabochnia.pl\/","name":"mojabochnia.pl - portal informacyjny","description":"mojaBochnia to portal informacyjny o Bochni. Codziennie o Bochni piszemy i pokazujemy najwa\u017cniejsze wydarzenia","publisher":{"@id":"https:\/\/www.mojabochnia.pl\/#organization"},"potentialAction":[{"@type":"SearchAction","target":{"@type":"EntryPoint","urlTemplate":"https:\/\/www.mojabochnia.pl\/?s={search_term_string}"},"query-input":{"@type":"PropertyValueSpecification","valueRequired":true,"valueName":"search_term_string"}}],"inLanguage":"pl-PL"},{"@type":"Organization","@id":"https:\/\/www.mojabochnia.pl\/#organization","name":"mojabochnia.pl - portal informacyjny","url":"https:\/\/www.mojabochnia.pl\/","logo":{"@type":"ImageObject","inLanguage":"pl-PL","@id":"https:\/\/www.mojabochnia.pl\/#\/schema\/logo\/image\/","url":"https:\/\/www.mojabochnia.pl\/wp-content\/uploads\/2017\/08\/logo-mb-opt.png","contentUrl":"https:\/\/www.mojabochnia.pl\/wp-content\/uploads\/2017\/08\/logo-mb-opt.png","width":250,"height":48,"caption":"mojabochnia.pl - portal informacyjny"},"image":{"@id":"https:\/\/www.mojabochnia.pl\/#\/schema\/logo\/image\/"},"sameAs":["https:\/\/www.facebook.com\/mojabochnia"]},{"@type":"Person","@id":"https:\/\/www.mojabochnia.pl\/#\/schema\/person\/ea042e4724a77627963f02166828ead4","name":"Pawe\u0142 Michalczyk","url":"https:\/\/www.mojabochnia.pl\/?author=4"}]}},"_links":{"self":[{"href":"https:\/\/www.mojabochnia.pl\/index.php?rest_route=\/wp\/v2\/posts\/21680","targetHints":{"allow":["GET"]}}],"collection":[{"href":"https:\/\/www.mojabochnia.pl\/index.php?rest_route=\/wp\/v2\/posts"}],"about":[{"href":"https:\/\/www.mojabochnia.pl\/index.php?rest_route=\/wp\/v2\/types\/post"}],"author":[{"embeddable":true,"href":"https:\/\/www.mojabochnia.pl\/index.php?rest_route=\/wp\/v2\/users\/4"}],"replies":[{"embeddable":true,"href":"https:\/\/www.mojabochnia.pl\/index.php?rest_route=%2Fwp%2Fv2%2Fcomments&post=21680"}],"version-history":[{"count":0,"href":"https:\/\/www.mojabochnia.pl\/index.php?rest_route=\/wp\/v2\/posts\/21680\/revisions"}],"wp:attachment":[{"href":"https:\/\/www.mojabochnia.pl\/index.php?rest_route=%2Fwp%2Fv2%2Fmedia&parent=21680"}],"wp:term":[{"taxonomy":"category","embeddable":true,"href":"https:\/\/www.mojabochnia.pl\/index.php?rest_route=%2Fwp%2Fv2%2Fcategories&post=21680"},{"taxonomy":"post_tag","embeddable":true,"href":"https:\/\/www.mojabochnia.pl\/index.php?rest_route=%2Fwp%2Fv2%2Ftags&post=21680"}],"curies":[{"name":"wp","href":"https:\/\/api.w.org\/{rel}","templated":true}]}}