{"id":215894,"date":"2025-06-17T08:01:29","date_gmt":"2025-06-17T06:01:29","guid":{"rendered":"https:\/\/www.mojabochnia.pl\/?p=215894"},"modified":"2025-06-17T08:01:29","modified_gmt":"2025-06-17T06:01:29","slug":"wawel-truck-odwiedzi-bochnie","status":"publish","type":"post","link":"https:\/\/www.mojabochnia.pl\/?p=215894","title":{"rendered":"Wawel Truck odwiedzi Bochni\u0119"},"content":{"rendered":"<p><strong>Wawel Truck wyruszy\u0142 w wiosenno-letni\u0105 tras\u0119, aby sprawia\u0107 rado\u015b\u0107 level Wawel mieszka\u0144com polskich miast! Ju\u017c w najbli\u017csz\u0105 niedziel\u0119 22 czerwca, interaktywna ci\u0119\u017car\u00f3wka marki Wawel pojawi si\u0119 w Bochni.<span class=\"Apple-converted-space\">\u00a0<\/span><\/strong><\/p>\n<p>W wiosenno-letniej trasie Wawel Truck zaprasza do swojego bajkowego wn\u0119trza, pe\u0142nego niespodzianek i atrakcji, kt\u00f3re zapewni\u0105 najm\u0142odszym niezapomnian\u0105 zabaw\u0119. Animowane gry zr\u0119czno\u015bciowe to idealna okazja do sprawdzenia swoich umiej\u0119tno\u015bci i pokonania s\u0142odkich wyzwa\u0144. Dzi\u0119ki specjalnym okularom VR najm\u0142odsi mog\u0105 wyruszy\u0107 w wirtualn\u0105 podr\u00f3\u017c rollercoasterem po fabryce czekolady Wawel, gdzie poznaj\u0105 tajniki produkcji s\u0142odyczy i dowiedz\u0105 si\u0119, dlaczego charakteryzuj\u0105 si\u0119 one nie tylko pysznym smakiem, ale r\u00f3wnie\u017c kr\u00f3tkim i warto\u015bciowym sk\u0142adem!<\/p>\n<p>Ka\u017cdy odwiedzaj\u0105ce Wawel Truck mo\u017ce zrobi\u0107 wyj\u0105tkowe zdj\u0119cie w fotolustrze w dw\u00f3ch sceneriach: owocowej i czekoladowej, a nast\u0119pnie wys\u0142a\u0107 je na sw\u00f3j adres e-mail.<\/p>\n<p>Ca\u0142o\u015b\u0107 zabawy w interaktywnej ci\u0119\u017car\u00f3wce wie\u0144czy wej\u015bcie do s\u0142odkiej strefy, w kt\u00f3rej dzieci mog\u0105 skomponowa\u0107 mieszank\u0119 ze swoich ulubionych s\u0142odyczy, zabra\u0107 j\u0105 ze sob\u0105 i cieszy\u0107 si\u0119 smakiem na kr\u00f3lewskim poziomie!<\/p>\n<p>Wawel Truck zapewni najm\u0142odszym niezwyk\u0142e atrakcje 22 czerwca na Rynku podczas Dni Bochni, w godzinach 13:00-19:00.<span class=\"Apple-converted-space\">\u00a0<\/span><\/p>\n<p>Informacje o kolejnych wydarzeniach z udzia\u0142em Wawel Trucka mo\u017cna \u015bledzi\u0107 na oficjalnych profilach marki Wawel na Instagramie i Facebooku.<\/p>\n\t  \r\n\t\r\n\t    <div class=\"mb-gallery\">\r\n\t    <a href=\"https:\/\/www.mojabochnia.pl\/?attachment_id=215896\" class=\"\"><img loading=\"lazy\" decoding=\"async\" width=\"100\" height=\"100\" src=\"https:\/\/www.mojabochnia.pl\/wp-content\/uploads\/2025\/06\/Wawel-Truck_zdjecie-6-100x100.jpg\" class=\"attachment-100x100 size-100x100\" alt=\"\" srcset=\"https:\/\/www.mojabochnia.pl\/wp-content\/uploads\/2025\/06\/Wawel-Truck_zdjecie-6-100x100.jpg 100w, https:\/\/www.mojabochnia.pl\/wp-content\/uploads\/2025\/06\/Wawel-Truck_zdjecie-6-96x96.jpg 96w, https:\/\/www.mojabochnia.pl\/wp-content\/uploads\/2025\/06\/Wawel-Truck_zdjecie-6-84x84.jpg 84w\" sizes=\"auto, (max-width: 100px) 100vw, 100px\" \/><\/a><a href=\"https:\/\/www.mojabochnia.pl\/?attachment_id=215897\" class=\"\"><img loading=\"lazy\" decoding=\"async\" width=\"100\" height=\"100\" src=\"https:\/\/www.mojabochnia.pl\/wp-content\/uploads\/2025\/06\/Wawel-Truck_zdjecie-7-100x100.jpg\" class=\"attachment-100x100 size-100x100\" alt=\"\" srcset=\"https:\/\/www.mojabochnia.pl\/wp-content\/uploads\/2025\/06\/Wawel-Truck_zdjecie-7-100x100.jpg 100w, https:\/\/www.mojabochnia.pl\/wp-content\/uploads\/2025\/06\/Wawel-Truck_zdjecie-7-96x96.jpg 96w, https:\/\/www.mojabochnia.pl\/wp-content\/uploads\/2025\/06\/Wawel-Truck_zdjecie-7-84x84.jpg 84w\" sizes=\"auto, (max-width: 100px) 100vw, 100px\" \/><\/a><a href=\"https:\/\/www.mojabochnia.pl\/?attachment_id=215898\" class=\"\"><img loading=\"lazy\" decoding=\"async\" width=\"100\" height=\"100\" src=\"https:\/\/www.mojabochnia.pl\/wp-content\/uploads\/2025\/06\/WAWEL-TRUCK_grafika-100x100.jpg\" class=\"attachment-100x100 size-100x100\" alt=\"\" srcset=\"https:\/\/www.mojabochnia.pl\/wp-content\/uploads\/2025\/06\/WAWEL-TRUCK_grafika-100x100.jpg 100w, https:\/\/www.mojabochnia.pl\/wp-content\/uploads\/2025\/06\/WAWEL-TRUCK_grafika-96x96.jpg 96w, https:\/\/www.mojabochnia.pl\/wp-content\/uploads\/2025\/06\/WAWEL-TRUCK_grafika-84x84.jpg 84w\" sizes=\"auto, (max-width: 100px) 100vw, 100px\" \/><\/a><a href=\"https:\/\/www.mojabochnia.pl\/?attachment_id=215899\" class=\"\"><img loading=\"lazy\" decoding=\"async\" width=\"100\" height=\"100\" src=\"https:\/\/www.mojabochnia.pl\/wp-content\/uploads\/2025\/06\/Wawel-Truck_zdjecie-4-100x100.jpg\" class=\"attachment-100x100 size-100x100\" alt=\"\" srcset=\"https:\/\/www.mojabochnia.pl\/wp-content\/uploads\/2025\/06\/Wawel-Truck_zdjecie-4-100x100.jpg 100w, https:\/\/www.mojabochnia.pl\/wp-content\/uploads\/2025\/06\/Wawel-Truck_zdjecie-4-96x96.jpg 96w, https:\/\/www.mojabochnia.pl\/wp-content\/uploads\/2025\/06\/Wawel-Truck_zdjecie-4-84x84.jpg 84w, https:\/\/www.mojabochnia.pl\/wp-content\/uploads\/2025\/06\/Wawel-Truck_zdjecie-4-576x570.jpg 576w\" sizes=\"auto, (max-width: 100px) 100vw, 100px\" \/><\/a><a href=\"https:\/\/www.mojabochnia.pl\/?attachment_id=215900\" class=\"\"><img loading=\"lazy\" decoding=\"async\" width=\"100\" height=\"100\" src=\"https:\/\/www.mojabochnia.pl\/wp-content\/uploads\/2025\/06\/Wawel-Truck_zdjecie-3-100x100.jpg\" class=\"attachment-100x100 size-100x100\" alt=\"\" srcset=\"https:\/\/www.mojabochnia.pl\/wp-content\/uploads\/2025\/06\/Wawel-Truck_zdjecie-3-100x100.jpg 100w, https:\/\/www.mojabochnia.pl\/wp-content\/uploads\/2025\/06\/Wawel-Truck_zdjecie-3-96x96.jpg 96w, https:\/\/www.mojabochnia.pl\/wp-content\/uploads\/2025\/06\/Wawel-Truck_zdjecie-3-84x84.jpg 84w, https:\/\/www.mojabochnia.pl\/wp-content\/uploads\/2025\/06\/Wawel-Truck_zdjecie-3-576x570.jpg 576w\" sizes=\"auto, (max-width: 100px) 100vw, 100px\" \/><\/a>\t    <\/div>\r\n\t    ","protected":false},"excerpt":{"rendered":"<p>Wawel Truck wyruszy\u0142 w wiosenno-letni\u0105 tras\u0119, aby sprawia\u0107 rado\u015b\u0107 level Wawel mieszka\u0144com polskich miast! Ju\u017c w najbli\u017csz\u0105 niedziel\u0119 22 czerwca, interaktywna ci\u0119\u017car\u00f3wka marki Wawel pojawi si\u0119 w Bochni.\u00a0 W wiosenno-letniej trasie Wawel Truck zaprasza do swojego bajkowego wn\u0119trza, pe\u0142nego niespodzianek i atrakcji, kt\u00f3re zapewni\u0105 najm\u0142odszym niezapomnian\u0105 zabaw\u0119. Animowane gry zr\u0119czno\u015bciowe to idealna okazja do sprawdzenia<\/p>\n","protected":false},"author":29,"featured_media":215896,"comment_status":"open","ping_status":"closed","sticky":false,"template":"","format":"standard","meta":{"_acf_changed":false,"footnotes":""},"categories":[6251,6250],"tags":[17269,17160,17348,22560],"class_list":["post-215894","post","type-post","status-publish","format-standard","has-post-thumbnail","hentry","category-polityka-i-wydarzenia","category-tematyka","tag-bochnia","tag-dni-bochni","tag-rynek","tag-wawel-truck","main_tag-bochnia"],"acf":[],"yoast_head":"<!-- This site is optimized with the Yoast SEO plugin v26.9 - https:\/\/yoast.com\/product\/yoast-seo-wordpress\/ -->\n<title>Wawel Truck odwiedzi Bochni\u0119 - mojabochnia.pl - portal informacyjny<\/title>\n<meta name=\"robots\" content=\"index, follow, max-snippet:-1, max-image-preview:large, max-video-preview:-1\" \/>\n<link rel=\"canonical\" href=\"https:\/\/www.mojabochnia.pl\/?p=215894\" \/>\n<meta property=\"og:locale\" content=\"pl_PL\" \/>\n<meta property=\"og:type\" content=\"article\" \/>\n<meta property=\"og:title\" content=\"Wawel Truck odwiedzi Bochni\u0119 - mojabochnia.pl - portal informacyjny\" \/>\n<meta property=\"og:description\" content=\"Wawel Truck wyruszy\u0142 w wiosenno-letni\u0105 tras\u0119, aby sprawia\u0107 rado\u015b\u0107 level Wawel mieszka\u0144com polskich miast! Ju\u017c w najbli\u017csz\u0105 niedziel\u0119 22 czerwca, interaktywna ci\u0119\u017car\u00f3wka marki Wawel pojawi si\u0119 w Bochni.\u00a0 W wiosenno-letniej trasie Wawel Truck zaprasza do swojego bajkowego wn\u0119trza, pe\u0142nego niespodzianek i atrakcji, kt\u00f3re zapewni\u0105 najm\u0142odszym niezapomnian\u0105 zabaw\u0119. Animowane gry zr\u0119czno\u015bciowe to idealna okazja do sprawdzenia\" \/>\n<meta property=\"og:url\" content=\"https:\/\/www.mojabochnia.pl\/?p=215894\" \/>\n<meta property=\"og:site_name\" content=\"mojabochnia.pl - portal informacyjny\" \/>\n<meta property=\"article:publisher\" content=\"https:\/\/www.facebook.com\/mojabochnia\" \/>\n<meta property=\"article:published_time\" content=\"2025-06-17T06:01:29+00:00\" \/>\n<meta property=\"og:image\" content=\"https:\/\/www.mojabochnia.pl\/wp-content\/uploads\/2025\/06\/Wawel-Truck_zdjecie-6.jpg\" \/>\n\t<meta property=\"og:image:width\" content=\"1024\" \/>\n\t<meta property=\"og:image:height\" content=\"768\" \/>\n\t<meta property=\"og:image:type\" content=\"image\/jpeg\" \/>\n<meta name=\"author\" content=\"Marcin Kalinowski\" \/>\n<meta name=\"twitter:card\" content=\"summary_large_image\" \/>\n<meta name=\"twitter:label1\" content=\"Written by\" \/>\n\t<meta name=\"twitter:data1\" content=\"Marcin Kalinowski\" \/>\n\t<meta name=\"twitter:label2\" content=\"Est. reading time\" \/>\n\t<meta name=\"twitter:data2\" content=\"1 minuta\" \/>\n<script type=\"application\/ld+json\" class=\"yoast-schema-graph\">{\"@context\":\"https:\/\/schema.org\",\"@graph\":[{\"@type\":\"Article\",\"@id\":\"https:\/\/www.mojabochnia.pl\/?p=215894#article\",\"isPartOf\":{\"@id\":\"https:\/\/www.mojabochnia.pl\/?p=215894\"},\"author\":{\"name\":\"Marcin Kalinowski\",\"@id\":\"https:\/\/www.mojabochnia.pl\/#\/schema\/person\/d4c758656c81ae00e6496831fe7b0792\"},\"headline\":\"Wawel Truck odwiedzi Bochni\u0119\",\"datePublished\":\"2025-06-17T06:01:29+00:00\",\"mainEntityOfPage\":{\"@id\":\"https:\/\/www.mojabochnia.pl\/?p=215894\"},\"wordCount\":232,\"commentCount\":0,\"publisher\":{\"@id\":\"https:\/\/www.mojabochnia.pl\/#organization\"},\"image\":{\"@id\":\"https:\/\/www.mojabochnia.pl\/?p=215894#primaryimage\"},\"thumbnailUrl\":\"https:\/\/www.mojabochnia.pl\/wp-content\/uploads\/2025\/06\/Wawel-Truck_zdjecie-6.jpg\",\"keywords\":[\"bochnia\",\"dni bochni\",\"rynek\",\"wawel truck\"],\"articleSection\":[\"polityka i wydarzenia\",\"tematyka\"],\"inLanguage\":\"pl-PL\",\"potentialAction\":[{\"@type\":\"CommentAction\",\"name\":\"Comment\",\"target\":[\"https:\/\/www.mojabochnia.pl\/?p=215894#respond\"]}]},{\"@type\":\"WebPage\",\"@id\":\"https:\/\/www.mojabochnia.pl\/?p=215894\",\"url\":\"https:\/\/www.mojabochnia.pl\/?p=215894\",\"name\":\"Wawel Truck odwiedzi Bochni\u0119 - mojabochnia.pl - portal informacyjny\",\"isPartOf\":{\"@id\":\"https:\/\/www.mojabochnia.pl\/#website\"},\"primaryImageOfPage\":{\"@id\":\"https:\/\/www.mojabochnia.pl\/?p=215894#primaryimage\"},\"image\":{\"@id\":\"https:\/\/www.mojabochnia.pl\/?p=215894#primaryimage\"},\"thumbnailUrl\":\"https:\/\/www.mojabochnia.pl\/wp-content\/uploads\/2025\/06\/Wawel-Truck_zdjecie-6.jpg\",\"datePublished\":\"2025-06-17T06:01:29+00:00\",\"breadcrumb\":{\"@id\":\"https:\/\/www.mojabochnia.pl\/?p=215894#breadcrumb\"},\"inLanguage\":\"pl-PL\",\"potentialAction\":[{\"@type\":\"ReadAction\",\"target\":[\"https:\/\/www.mojabochnia.pl\/?p=215894\"]}]},{\"@type\":\"ImageObject\",\"inLanguage\":\"pl-PL\",\"@id\":\"https:\/\/www.mojabochnia.pl\/?p=215894#primaryimage\",\"url\":\"https:\/\/www.mojabochnia.pl\/wp-content\/uploads\/2025\/06\/Wawel-Truck_zdjecie-6.jpg\",\"contentUrl\":\"https:\/\/www.mojabochnia.pl\/wp-content\/uploads\/2025\/06\/Wawel-Truck_zdjecie-6.jpg\",\"width\":1024,\"height\":768},{\"@type\":\"BreadcrumbList\",\"@id\":\"https:\/\/www.mojabochnia.pl\/?p=215894#breadcrumb\",\"itemListElement\":[{\"@type\":\"ListItem\",\"position\":1,\"name\":\"Home\",\"item\":\"https:\/\/www.mojabochnia.pl\/\"},{\"@type\":\"ListItem\",\"position\":2,\"name\":\"Wawel Truck odwiedzi Bochni\u0119\"}]},{\"@type\":\"WebSite\",\"@id\":\"https:\/\/www.mojabochnia.pl\/#website\",\"url\":\"https:\/\/www.mojabochnia.pl\/\",\"name\":\"mojabochnia.pl - portal informacyjny\",\"description\":\"mojaBochnia to portal informacyjny o Bochni. Codziennie o Bochni piszemy i pokazujemy najwa\u017cniejsze wydarzenia\",\"publisher\":{\"@id\":\"https:\/\/www.mojabochnia.pl\/#organization\"},\"potentialAction\":[{\"@type\":\"SearchAction\",\"target\":{\"@type\":\"EntryPoint\",\"urlTemplate\":\"https:\/\/www.mojabochnia.pl\/?s={search_term_string}\"},\"query-input\":{\"@type\":\"PropertyValueSpecification\",\"valueRequired\":true,\"valueName\":\"search_term_string\"}}],\"inLanguage\":\"pl-PL\"},{\"@type\":\"Organization\",\"@id\":\"https:\/\/www.mojabochnia.pl\/#organization\",\"name\":\"mojabochnia.pl - portal informacyjny\",\"url\":\"https:\/\/www.mojabochnia.pl\/\",\"logo\":{\"@type\":\"ImageObject\",\"inLanguage\":\"pl-PL\",\"@id\":\"https:\/\/www.mojabochnia.pl\/#\/schema\/logo\/image\/\",\"url\":\"https:\/\/www.mojabochnia.pl\/wp-content\/uploads\/2017\/08\/logo-mb-opt.png\",\"contentUrl\":\"https:\/\/www.mojabochnia.pl\/wp-content\/uploads\/2017\/08\/logo-mb-opt.png\",\"width\":250,\"height\":48,\"caption\":\"mojabochnia.pl - portal informacyjny\"},\"image\":{\"@id\":\"https:\/\/www.mojabochnia.pl\/#\/schema\/logo\/image\/\"},\"sameAs\":[\"https:\/\/www.facebook.com\/mojabochnia\"]},{\"@type\":\"Person\",\"@id\":\"https:\/\/www.mojabochnia.pl\/#\/schema\/person\/d4c758656c81ae00e6496831fe7b0792\",\"name\":\"Marcin Kalinowski\",\"url\":\"https:\/\/www.mojabochnia.pl\/?author=29\"}]}<\/script>\n<!-- \/ Yoast SEO plugin. -->","yoast_head_json":{"title":"Wawel Truck odwiedzi Bochni\u0119 - mojabochnia.pl - portal informacyjny","robots":{"index":"index","follow":"follow","max-snippet":"max-snippet:-1","max-image-preview":"max-image-preview:large","max-video-preview":"max-video-preview:-1"},"canonical":"https:\/\/www.mojabochnia.pl\/?p=215894","og_locale":"pl_PL","og_type":"article","og_title":"Wawel Truck odwiedzi Bochni\u0119 - mojabochnia.pl - portal informacyjny","og_description":"Wawel Truck wyruszy\u0142 w wiosenno-letni\u0105 tras\u0119, aby sprawia\u0107 rado\u015b\u0107 level Wawel mieszka\u0144com polskich miast! Ju\u017c w najbli\u017csz\u0105 niedziel\u0119 22 czerwca, interaktywna ci\u0119\u017car\u00f3wka marki Wawel pojawi si\u0119 w Bochni.\u00a0 W wiosenno-letniej trasie Wawel Truck zaprasza do swojego bajkowego wn\u0119trza, pe\u0142nego niespodzianek i atrakcji, kt\u00f3re zapewni\u0105 najm\u0142odszym niezapomnian\u0105 zabaw\u0119. Animowane gry zr\u0119czno\u015bciowe to idealna okazja do sprawdzenia","og_url":"https:\/\/www.mojabochnia.pl\/?p=215894","og_site_name":"mojabochnia.pl - portal informacyjny","article_publisher":"https:\/\/www.facebook.com\/mojabochnia","article_published_time":"2025-06-17T06:01:29+00:00","og_image":[{"width":1024,"height":768,"url":"https:\/\/www.mojabochnia.pl\/wp-content\/uploads\/2025\/06\/Wawel-Truck_zdjecie-6.jpg","type":"image\/jpeg"}],"author":"Marcin Kalinowski","twitter_card":"summary_large_image","twitter_misc":{"Written by":"Marcin Kalinowski","Est. reading time":"1 minuta"},"schema":{"@context":"https:\/\/schema.org","@graph":[{"@type":"Article","@id":"https:\/\/www.mojabochnia.pl\/?p=215894#article","isPartOf":{"@id":"https:\/\/www.mojabochnia.pl\/?p=215894"},"author":{"name":"Marcin Kalinowski","@id":"https:\/\/www.mojabochnia.pl\/#\/schema\/person\/d4c758656c81ae00e6496831fe7b0792"},"headline":"Wawel Truck odwiedzi Bochni\u0119","datePublished":"2025-06-17T06:01:29+00:00","mainEntityOfPage":{"@id":"https:\/\/www.mojabochnia.pl\/?p=215894"},"wordCount":232,"commentCount":0,"publisher":{"@id":"https:\/\/www.mojabochnia.pl\/#organization"},"image":{"@id":"https:\/\/www.mojabochnia.pl\/?p=215894#primaryimage"},"thumbnailUrl":"https:\/\/www.mojabochnia.pl\/wp-content\/uploads\/2025\/06\/Wawel-Truck_zdjecie-6.jpg","keywords":["bochnia","dni bochni","rynek","wawel truck"],"articleSection":["polityka i wydarzenia","tematyka"],"inLanguage":"pl-PL","potentialAction":[{"@type":"CommentAction","name":"Comment","target":["https:\/\/www.mojabochnia.pl\/?p=215894#respond"]}]},{"@type":"WebPage","@id":"https:\/\/www.mojabochnia.pl\/?p=215894","url":"https:\/\/www.mojabochnia.pl\/?p=215894","name":"Wawel Truck odwiedzi Bochni\u0119 - mojabochnia.pl - portal informacyjny","isPartOf":{"@id":"https:\/\/www.mojabochnia.pl\/#website"},"primaryImageOfPage":{"@id":"https:\/\/www.mojabochnia.pl\/?p=215894#primaryimage"},"image":{"@id":"https:\/\/www.mojabochnia.pl\/?p=215894#primaryimage"},"thumbnailUrl":"https:\/\/www.mojabochnia.pl\/wp-content\/uploads\/2025\/06\/Wawel-Truck_zdjecie-6.jpg","datePublished":"2025-06-17T06:01:29+00:00","breadcrumb":{"@id":"https:\/\/www.mojabochnia.pl\/?p=215894#breadcrumb"},"inLanguage":"pl-PL","potentialAction":[{"@type":"ReadAction","target":["https:\/\/www.mojabochnia.pl\/?p=215894"]}]},{"@type":"ImageObject","inLanguage":"pl-PL","@id":"https:\/\/www.mojabochnia.pl\/?p=215894#primaryimage","url":"https:\/\/www.mojabochnia.pl\/wp-content\/uploads\/2025\/06\/Wawel-Truck_zdjecie-6.jpg","contentUrl":"https:\/\/www.mojabochnia.pl\/wp-content\/uploads\/2025\/06\/Wawel-Truck_zdjecie-6.jpg","width":1024,"height":768},{"@type":"BreadcrumbList","@id":"https:\/\/www.mojabochnia.pl\/?p=215894#breadcrumb","itemListElement":[{"@type":"ListItem","position":1,"name":"Home","item":"https:\/\/www.mojabochnia.pl\/"},{"@type":"ListItem","position":2,"name":"Wawel Truck odwiedzi Bochni\u0119"}]},{"@type":"WebSite","@id":"https:\/\/www.mojabochnia.pl\/#website","url":"https:\/\/www.mojabochnia.pl\/","name":"mojabochnia.pl - portal informacyjny","description":"mojaBochnia to portal informacyjny o Bochni. Codziennie o Bochni piszemy i pokazujemy najwa\u017cniejsze wydarzenia","publisher":{"@id":"https:\/\/www.mojabochnia.pl\/#organization"},"potentialAction":[{"@type":"SearchAction","target":{"@type":"EntryPoint","urlTemplate":"https:\/\/www.mojabochnia.pl\/?s={search_term_string}"},"query-input":{"@type":"PropertyValueSpecification","valueRequired":true,"valueName":"search_term_string"}}],"inLanguage":"pl-PL"},{"@type":"Organization","@id":"https:\/\/www.mojabochnia.pl\/#organization","name":"mojabochnia.pl - portal informacyjny","url":"https:\/\/www.mojabochnia.pl\/","logo":{"@type":"ImageObject","inLanguage":"pl-PL","@id":"https:\/\/www.mojabochnia.pl\/#\/schema\/logo\/image\/","url":"https:\/\/www.mojabochnia.pl\/wp-content\/uploads\/2017\/08\/logo-mb-opt.png","contentUrl":"https:\/\/www.mojabochnia.pl\/wp-content\/uploads\/2017\/08\/logo-mb-opt.png","width":250,"height":48,"caption":"mojabochnia.pl - portal informacyjny"},"image":{"@id":"https:\/\/www.mojabochnia.pl\/#\/schema\/logo\/image\/"},"sameAs":["https:\/\/www.facebook.com\/mojabochnia"]},{"@type":"Person","@id":"https:\/\/www.mojabochnia.pl\/#\/schema\/person\/d4c758656c81ae00e6496831fe7b0792","name":"Marcin Kalinowski","url":"https:\/\/www.mojabochnia.pl\/?author=29"}]}},"_links":{"self":[{"href":"https:\/\/www.mojabochnia.pl\/index.php?rest_route=\/wp\/v2\/posts\/215894","targetHints":{"allow":["GET"]}}],"collection":[{"href":"https:\/\/www.mojabochnia.pl\/index.php?rest_route=\/wp\/v2\/posts"}],"about":[{"href":"https:\/\/www.mojabochnia.pl\/index.php?rest_route=\/wp\/v2\/types\/post"}],"author":[{"embeddable":true,"href":"https:\/\/www.mojabochnia.pl\/index.php?rest_route=\/wp\/v2\/users\/29"}],"replies":[{"embeddable":true,"href":"https:\/\/www.mojabochnia.pl\/index.php?rest_route=%2Fwp%2Fv2%2Fcomments&post=215894"}],"version-history":[{"count":1,"href":"https:\/\/www.mojabochnia.pl\/index.php?rest_route=\/wp\/v2\/posts\/215894\/revisions"}],"predecessor-version":[{"id":215901,"href":"https:\/\/www.mojabochnia.pl\/index.php?rest_route=\/wp\/v2\/posts\/215894\/revisions\/215901"}],"wp:featuredmedia":[{"embeddable":true,"href":"https:\/\/www.mojabochnia.pl\/index.php?rest_route=\/wp\/v2\/media\/215896"}],"wp:attachment":[{"href":"https:\/\/www.mojabochnia.pl\/index.php?rest_route=%2Fwp%2Fv2%2Fmedia&parent=215894"}],"wp:term":[{"taxonomy":"category","embeddable":true,"href":"https:\/\/www.mojabochnia.pl\/index.php?rest_route=%2Fwp%2Fv2%2Fcategories&post=215894"},{"taxonomy":"post_tag","embeddable":true,"href":"https:\/\/www.mojabochnia.pl\/index.php?rest_route=%2Fwp%2Fv2%2Ftags&post=215894"}],"curies":[{"name":"wp","href":"https:\/\/api.w.org\/{rel}","templated":true}]}}