{"id":2158,"date":"2008-10-17T12:59:57","date_gmt":"2008-10-17T10:59:57","guid":{"rendered":"http:\/\/www.mojabochnia.pl\/?p=2158"},"modified":"2008-10-24T12:42:34","modified_gmt":"2008-10-24T10:42:34","slug":"zolnierskie-mormorando","status":"publish","type":"post","link":"https:\/\/www.mojabochnia.pl\/?p=2158","title":{"rendered":"\u017bo\u0142nierskie mormorando"},"content":{"rendered":"<p>Przes\u0142uchania konkursowe odb\u0119d\u0105 si\u0119 6 listopada, laureaci wyst\u0105pi\u0105 podczas koncertu fina\u0142owego, kt\u00f3ry zaplanowany jest na 9 listopada. Wtedy te\u017c poznamy zwyci\u0119zc\u00f3w. <\/p>\n<p>W konkursie mog\u0105 wyst\u0105pi\u0107 zar\u00f3wno soli\u015bci, jaki  zespo\u0142y wokalno instrumentalne. Wykonawcy powinni zaprezentowa\u0107 dwie piosenki o tematyce \u017co\u0142nierskiej lub patriotycznej, kt\u00f3ry \u0142\u0105czny czas trwania nie mo\u017ce przekroczy\u0107 sze\u015bciu minut. Mog\u0105 to by\u0107 utwory ju\u017c istniej\u0105ce, b\u0105d\u017a skomponowane specjalnie a konkurs. <\/p>\n<p>\u017beby zg\u0142osi\u0107 sw\u00f3j udzia\u0142 w konkursie nale\u017cy wype\u0142ni\u0107 <a onclick=\"javascript:pageTracker._trackPageview('\/outgoing\/umwisnicz.home.pl\/index.php?option=com_docman&#038;task=doc_view&#038;gid=56&#038;Itemid=33');\"  href=\"http:\/\/umwisnicz.home.pl\/index.php?option=com_docman&#038;task=doc_view&#038;gid=56&#038;Itemid=33\">kart\u0119 zg\u0142oszenia<\/a> i z\u0142o\u017cy\u0107 w Miejskim O\u015brodku Kultury w Nowym Wi\u015bniczu. <\/p>\n<p>Jak zaznaczaj\u0105 organizatorzy organizuj\u0105c VI ju\u017c edycj\u0119 konkursu stwarzaj\u0105 okazj\u0119 do konfrontacji bogatego repertuaru przez dzieci, m\u0142odzie\u017c i nauczycieli propaguj\u0105cych takie formy muzyczne. Bo jak m\u00f3wi\u0142 J\u00f3zef Pi\u0142sudzki &#8211; Je\u015bli pie\u015b\u0144 ma jakie\u015b znaczenie, je\u017celi to, co jest pi\u0119kne, co odpowiada g\u0142\u0119bokiej potrzebie duszy ma jaki\u015b wp\u0142yw &#8211; to pie\u015b\u0144 \u017co\u0142nierska.<\/p>\n<p>Wi\u0119cej informacji na temat konkursu mo\u017cna znale\u017a\u0107 w <a onclick=\"javascript:pageTracker._trackPageview('\/outgoing\/umwisnicz.home.pl\/index.php?option=com_docman&#038;task=doc_view&#038;gid=57&#038;Itemid=33');\"  href=\"http:\/\/umwisnicz.home.pl\/index.php?option=com_docman&#038;task=doc_view&#038;gid=57&#038;Itemid=33\">regulaminie<\/a>.<\/p>\n","protected":false},"excerpt":{"rendered":"<p>Burmistrz Nowego Wi\u015bnicza i Miejski O\u015brodek Kultury organizuj\u0105 VI edycj\u0119 Ma\u0142opolskiego Konkursu Piosenki \u017bo\u0142nierskiej \u201e\u017bo\u0142nierskie mormorando\u201d. Zg\u0142oszenia przyjmowane s\u0105 do 27 pa\u017adziernika w MOK-u w Nowym Wi\u015bniczu. <\/p>\n","protected":false},"author":1,"featured_media":0,"comment_status":"open","ping_status":"closed","sticky":false,"template":"","format":"standard","meta":{"_acf_changed":false,"footnotes":""},"categories":[92],"tags":[564,63,17122,17135,17123,17118,17337,922,17138,1224,1223],"class_list":["post-2158","post","type-post","status-publish","format-standard","hentry","category-kultura","tag-czas-wolny","tag-dom-kultury","tag-konkurs","tag-kultura","tag-muzyka","tag-wisnicz","tag-patriotyzm","tag-solisci","tag-stanislaw-gaworczyk","tag-zespol-wokalno-instrumentalny","tag-zolnierze"],"acf":[],"yoast_head":"<!-- This site is optimized with the Yoast SEO plugin v26.9 - https:\/\/yoast.com\/product\/yoast-seo-wordpress\/ -->\n<title>\u017bo\u0142nierskie mormorando - mojabochnia.pl - portal informacyjny<\/title>\n<meta name=\"robots\" content=\"index, follow, max-snippet:-1, max-image-preview:large, max-video-preview:-1\" \/>\n<link rel=\"canonical\" href=\"https:\/\/www.mojabochnia.pl\/?p=2158\" \/>\n<meta property=\"og:locale\" content=\"pl_PL\" \/>\n<meta property=\"og:type\" content=\"article\" \/>\n<meta property=\"og:title\" content=\"\u017bo\u0142nierskie mormorando - mojabochnia.pl - portal informacyjny\" \/>\n<meta property=\"og:description\" content=\"Burmistrz Nowego Wi\u015bnicza i Miejski O\u015brodek Kultury organizuj\u0105 VI edycj\u0119 Ma\u0142opolskiego Konkursu Piosenki \u017bo\u0142nierskiej \u201e\u017bo\u0142nierskie mormorando\u201d. Zg\u0142oszenia przyjmowane s\u0105 do 27 pa\u017adziernika w MOK-u w Nowym Wi\u015bniczu.\" \/>\n<meta property=\"og:url\" content=\"https:\/\/www.mojabochnia.pl\/?p=2158\" \/>\n<meta property=\"og:site_name\" content=\"mojabochnia.pl - portal informacyjny\" \/>\n<meta property=\"article:publisher\" content=\"https:\/\/www.facebook.com\/mojabochnia\" \/>\n<meta property=\"article:published_time\" content=\"2008-10-17T10:59:57+00:00\" \/>\n<meta property=\"article:modified_time\" content=\"2008-10-24T10:42:34+00:00\" \/>\n<meta name=\"author\" content=\"administrator\" \/>\n<meta name=\"twitter:card\" content=\"summary_large_image\" \/>\n<meta name=\"twitter:label1\" content=\"Written by\" \/>\n\t<meta name=\"twitter:data1\" content=\"administrator\" \/>\n\t<meta name=\"twitter:label2\" content=\"Est. reading time\" \/>\n\t<meta name=\"twitter:data2\" content=\"1 minuta\" \/>\n<script type=\"application\/ld+json\" class=\"yoast-schema-graph\">{\"@context\":\"https:\/\/schema.org\",\"@graph\":[{\"@type\":\"Article\",\"@id\":\"https:\/\/www.mojabochnia.pl\/?p=2158#article\",\"isPartOf\":{\"@id\":\"https:\/\/www.mojabochnia.pl\/?p=2158\"},\"author\":{\"name\":\"administrator\",\"@id\":\"https:\/\/www.mojabochnia.pl\/#\/schema\/person\/c00e1f64e6fa0e6de6d410f2c340017f\"},\"headline\":\"\u017bo\u0142nierskie mormorando\",\"datePublished\":\"2008-10-17T10:59:57+00:00\",\"dateModified\":\"2008-10-24T10:42:34+00:00\",\"mainEntityOfPage\":{\"@id\":\"https:\/\/www.mojabochnia.pl\/?p=2158\"},\"wordCount\":181,\"commentCount\":1,\"publisher\":{\"@id\":\"https:\/\/www.mojabochnia.pl\/#organization\"},\"keywords\":[\"czas wolny\",\"dom kultury\",\"konkurs\",\"kultura\",\"muzyka\",\"Nowy Wi\u015bnicz\",\"patriotyzm\",\"soli\u015bci\",\"stanis\u0142aw gaworczyk\",\"zesp\u00f3\u0142 wokalno - instrumentalny\",\"\u017co\u0142nierze\"],\"articleSection\":[\"kultura\"],\"inLanguage\":\"pl-PL\",\"potentialAction\":[{\"@type\":\"CommentAction\",\"name\":\"Comment\",\"target\":[\"https:\/\/www.mojabochnia.pl\/?p=2158#respond\"]}]},{\"@type\":\"WebPage\",\"@id\":\"https:\/\/www.mojabochnia.pl\/?p=2158\",\"url\":\"https:\/\/www.mojabochnia.pl\/?p=2158\",\"name\":\"\u017bo\u0142nierskie mormorando - mojabochnia.pl - portal informacyjny\",\"isPartOf\":{\"@id\":\"https:\/\/www.mojabochnia.pl\/#website\"},\"datePublished\":\"2008-10-17T10:59:57+00:00\",\"dateModified\":\"2008-10-24T10:42:34+00:00\",\"breadcrumb\":{\"@id\":\"https:\/\/www.mojabochnia.pl\/?p=2158#breadcrumb\"},\"inLanguage\":\"pl-PL\",\"potentialAction\":[{\"@type\":\"ReadAction\",\"target\":[\"https:\/\/www.mojabochnia.pl\/?p=2158\"]}]},{\"@type\":\"BreadcrumbList\",\"@id\":\"https:\/\/www.mojabochnia.pl\/?p=2158#breadcrumb\",\"itemListElement\":[{\"@type\":\"ListItem\",\"position\":1,\"name\":\"Home\",\"item\":\"https:\/\/www.mojabochnia.pl\/\"},{\"@type\":\"ListItem\",\"position\":2,\"name\":\"\u017bo\u0142nierskie mormorando\"}]},{\"@type\":\"WebSite\",\"@id\":\"https:\/\/www.mojabochnia.pl\/#website\",\"url\":\"https:\/\/www.mojabochnia.pl\/\",\"name\":\"mojabochnia.pl - portal informacyjny\",\"description\":\"mojaBochnia to portal informacyjny o Bochni. Codziennie o Bochni piszemy i pokazujemy najwa\u017cniejsze wydarzenia\",\"publisher\":{\"@id\":\"https:\/\/www.mojabochnia.pl\/#organization\"},\"potentialAction\":[{\"@type\":\"SearchAction\",\"target\":{\"@type\":\"EntryPoint\",\"urlTemplate\":\"https:\/\/www.mojabochnia.pl\/?s={search_term_string}\"},\"query-input\":{\"@type\":\"PropertyValueSpecification\",\"valueRequired\":true,\"valueName\":\"search_term_string\"}}],\"inLanguage\":\"pl-PL\"},{\"@type\":\"Organization\",\"@id\":\"https:\/\/www.mojabochnia.pl\/#organization\",\"name\":\"mojabochnia.pl - portal informacyjny\",\"url\":\"https:\/\/www.mojabochnia.pl\/\",\"logo\":{\"@type\":\"ImageObject\",\"inLanguage\":\"pl-PL\",\"@id\":\"https:\/\/www.mojabochnia.pl\/#\/schema\/logo\/image\/\",\"url\":\"https:\/\/www.mojabochnia.pl\/wp-content\/uploads\/2017\/08\/logo-mb-opt.png\",\"contentUrl\":\"https:\/\/www.mojabochnia.pl\/wp-content\/uploads\/2017\/08\/logo-mb-opt.png\",\"width\":250,\"height\":48,\"caption\":\"mojabochnia.pl - portal informacyjny\"},\"image\":{\"@id\":\"https:\/\/www.mojabochnia.pl\/#\/schema\/logo\/image\/\"},\"sameAs\":[\"https:\/\/www.facebook.com\/mojabochnia\"]},{\"@type\":\"Person\",\"@id\":\"https:\/\/www.mojabochnia.pl\/#\/schema\/person\/c00e1f64e6fa0e6de6d410f2c340017f\",\"name\":\"administrator\",\"url\":\"https:\/\/www.mojabochnia.pl\/?author=1\"}]}<\/script>\n<!-- \/ Yoast SEO plugin. -->","yoast_head_json":{"title":"\u017bo\u0142nierskie mormorando - mojabochnia.pl - portal informacyjny","robots":{"index":"index","follow":"follow","max-snippet":"max-snippet:-1","max-image-preview":"max-image-preview:large","max-video-preview":"max-video-preview:-1"},"canonical":"https:\/\/www.mojabochnia.pl\/?p=2158","og_locale":"pl_PL","og_type":"article","og_title":"\u017bo\u0142nierskie mormorando - mojabochnia.pl - portal informacyjny","og_description":"Burmistrz Nowego Wi\u015bnicza i Miejski O\u015brodek Kultury organizuj\u0105 VI edycj\u0119 Ma\u0142opolskiego Konkursu Piosenki \u017bo\u0142nierskiej \u201e\u017bo\u0142nierskie mormorando\u201d. Zg\u0142oszenia przyjmowane s\u0105 do 27 pa\u017adziernika w MOK-u w Nowym Wi\u015bniczu.","og_url":"https:\/\/www.mojabochnia.pl\/?p=2158","og_site_name":"mojabochnia.pl - portal informacyjny","article_publisher":"https:\/\/www.facebook.com\/mojabochnia","article_published_time":"2008-10-17T10:59:57+00:00","article_modified_time":"2008-10-24T10:42:34+00:00","author":"administrator","twitter_card":"summary_large_image","twitter_misc":{"Written by":"administrator","Est. reading time":"1 minuta"},"schema":{"@context":"https:\/\/schema.org","@graph":[{"@type":"Article","@id":"https:\/\/www.mojabochnia.pl\/?p=2158#article","isPartOf":{"@id":"https:\/\/www.mojabochnia.pl\/?p=2158"},"author":{"name":"administrator","@id":"https:\/\/www.mojabochnia.pl\/#\/schema\/person\/c00e1f64e6fa0e6de6d410f2c340017f"},"headline":"\u017bo\u0142nierskie mormorando","datePublished":"2008-10-17T10:59:57+00:00","dateModified":"2008-10-24T10:42:34+00:00","mainEntityOfPage":{"@id":"https:\/\/www.mojabochnia.pl\/?p=2158"},"wordCount":181,"commentCount":1,"publisher":{"@id":"https:\/\/www.mojabochnia.pl\/#organization"},"keywords":["czas wolny","dom kultury","konkurs","kultura","muzyka","Nowy Wi\u015bnicz","patriotyzm","soli\u015bci","stanis\u0142aw gaworczyk","zesp\u00f3\u0142 wokalno - instrumentalny","\u017co\u0142nierze"],"articleSection":["kultura"],"inLanguage":"pl-PL","potentialAction":[{"@type":"CommentAction","name":"Comment","target":["https:\/\/www.mojabochnia.pl\/?p=2158#respond"]}]},{"@type":"WebPage","@id":"https:\/\/www.mojabochnia.pl\/?p=2158","url":"https:\/\/www.mojabochnia.pl\/?p=2158","name":"\u017bo\u0142nierskie mormorando - mojabochnia.pl - portal informacyjny","isPartOf":{"@id":"https:\/\/www.mojabochnia.pl\/#website"},"datePublished":"2008-10-17T10:59:57+00:00","dateModified":"2008-10-24T10:42:34+00:00","breadcrumb":{"@id":"https:\/\/www.mojabochnia.pl\/?p=2158#breadcrumb"},"inLanguage":"pl-PL","potentialAction":[{"@type":"ReadAction","target":["https:\/\/www.mojabochnia.pl\/?p=2158"]}]},{"@type":"BreadcrumbList","@id":"https:\/\/www.mojabochnia.pl\/?p=2158#breadcrumb","itemListElement":[{"@type":"ListItem","position":1,"name":"Home","item":"https:\/\/www.mojabochnia.pl\/"},{"@type":"ListItem","position":2,"name":"\u017bo\u0142nierskie mormorando"}]},{"@type":"WebSite","@id":"https:\/\/www.mojabochnia.pl\/#website","url":"https:\/\/www.mojabochnia.pl\/","name":"mojabochnia.pl - portal informacyjny","description":"mojaBochnia to portal informacyjny o Bochni. Codziennie o Bochni piszemy i pokazujemy najwa\u017cniejsze wydarzenia","publisher":{"@id":"https:\/\/www.mojabochnia.pl\/#organization"},"potentialAction":[{"@type":"SearchAction","target":{"@type":"EntryPoint","urlTemplate":"https:\/\/www.mojabochnia.pl\/?s={search_term_string}"},"query-input":{"@type":"PropertyValueSpecification","valueRequired":true,"valueName":"search_term_string"}}],"inLanguage":"pl-PL"},{"@type":"Organization","@id":"https:\/\/www.mojabochnia.pl\/#organization","name":"mojabochnia.pl - portal informacyjny","url":"https:\/\/www.mojabochnia.pl\/","logo":{"@type":"ImageObject","inLanguage":"pl-PL","@id":"https:\/\/www.mojabochnia.pl\/#\/schema\/logo\/image\/","url":"https:\/\/www.mojabochnia.pl\/wp-content\/uploads\/2017\/08\/logo-mb-opt.png","contentUrl":"https:\/\/www.mojabochnia.pl\/wp-content\/uploads\/2017\/08\/logo-mb-opt.png","width":250,"height":48,"caption":"mojabochnia.pl - portal informacyjny"},"image":{"@id":"https:\/\/www.mojabochnia.pl\/#\/schema\/logo\/image\/"},"sameAs":["https:\/\/www.facebook.com\/mojabochnia"]},{"@type":"Person","@id":"https:\/\/www.mojabochnia.pl\/#\/schema\/person\/c00e1f64e6fa0e6de6d410f2c340017f","name":"administrator","url":"https:\/\/www.mojabochnia.pl\/?author=1"}]}},"_links":{"self":[{"href":"https:\/\/www.mojabochnia.pl\/index.php?rest_route=\/wp\/v2\/posts\/2158","targetHints":{"allow":["GET"]}}],"collection":[{"href":"https:\/\/www.mojabochnia.pl\/index.php?rest_route=\/wp\/v2\/posts"}],"about":[{"href":"https:\/\/www.mojabochnia.pl\/index.php?rest_route=\/wp\/v2\/types\/post"}],"author":[{"embeddable":true,"href":"https:\/\/www.mojabochnia.pl\/index.php?rest_route=\/wp\/v2\/users\/1"}],"replies":[{"embeddable":true,"href":"https:\/\/www.mojabochnia.pl\/index.php?rest_route=%2Fwp%2Fv2%2Fcomments&post=2158"}],"version-history":[{"count":0,"href":"https:\/\/www.mojabochnia.pl\/index.php?rest_route=\/wp\/v2\/posts\/2158\/revisions"}],"wp:attachment":[{"href":"https:\/\/www.mojabochnia.pl\/index.php?rest_route=%2Fwp%2Fv2%2Fmedia&parent=2158"}],"wp:term":[{"taxonomy":"category","embeddable":true,"href":"https:\/\/www.mojabochnia.pl\/index.php?rest_route=%2Fwp%2Fv2%2Fcategories&post=2158"},{"taxonomy":"post_tag","embeddable":true,"href":"https:\/\/www.mojabochnia.pl\/index.php?rest_route=%2Fwp%2Fv2%2Ftags&post=2158"}],"curies":[{"name":"wp","href":"https:\/\/api.w.org\/{rel}","templated":true}]}}