{"id":214790,"date":"2025-04-16T22:39:50","date_gmt":"2025-04-16T20:39:50","guid":{"rendered":"https:\/\/www.mojabochnia.pl\/?p=214790"},"modified":"2025-04-17T14:55:04","modified_gmt":"2025-04-17T12:55:04","slug":"koszykarki-mosir-bochnia-awansowaly-do-orlen-basket-ligi-kobiet","status":"publish","type":"post","link":"https:\/\/www.mojabochnia.pl\/?p=214790","title":{"rendered":"Koszykarki Mosir Bochnia awansowa\u0142y do koszykarskiej ekstraklasy"},"content":{"rendered":"<p><strong>Po wygranej 54-68 w pierwszym, wyjazdowym meczu p\u00f3\u0142fina\u0142owym z MKS Pruszk\u00f3w, bochnianki stan\u0119\u0142y dzisiaj przed olbrzymi\u0105 szans\u0105 na rozstrzygni\u0119cie rywalizacji z pruszkowiankami na w\u0142asnym parkiecie. Podopieczne trenera Artura W\u0142odarczyka nie zaprzepa\u015bci\u0142y jej i po kapitalnym meczu wygra\u0142y 72-59. Wygra\u0142y nie tylko awans do fina\u0142u bara\u017cy, ale co najwa\u017cniejsze zapewni\u0142y sobie i Bochni historyczny awans do koszykarskiej ekstraklasy kobiet. Brawo!!!\u00a0<\/strong><\/p>\n<p>W p\u00f3\u0142fina\u0142owej rywalizacji MOSiR Bochnia mierzy\u0142 si\u0119 z MKS Pruszk\u00f3w. Po wygranej przed kilkoma dniami w Pruszkowie (54-68) bochnianki przed w\u0142asn\u0105 publiczno\u015bci\u0105 mog\u0142y pokusi\u0107 si\u0119 (rywalizowano do dw\u00f3ch wygranych mecz\u00f3w) o historyczny awans do najwy\u017cszej ligi koszykarek &#8211; Orlen Basket Liga Kobiet.<\/p>\n<p>Po pierwszej zaci\u0119tej po\u0142owie, kt\u00f3ra zako\u0144czy\u0142a si\u0119 nieznacznym prowadzeniem gospody\u0144 36-34, nast\u0105pi\u0142a trzecia kwarta kt\u00f3ra zmieni\u0142a obraz rywalizacji, wynios\u0142a poziom organizacji gry MOSiR na wy\u017cyny. Bochnianki wygra\u0142y t\u0119 cz\u0119\u015b\u0107 gry 25-16, aby w ostatniej cz\u0119\u015bci gry przy ci\u0105g\u0142em dopingu boche\u0144skiej publiczno\u015bci nie tylko utrzyma\u0107 bezpieczne prowadzenie , ale te\u017c je podwy\u017cszy\u0107.<\/p>\n<p>Dzi\u0119ki wygranej MOSiR zagra w finale bara\u017cy o koszykarsk\u0105 ekstraklas\u0119. Zesp\u00f3\u0142 Artura W\u0142odarczyka zmierzy si\u0119 w nim z\u00a0Isands Wicho\u015b Jelenia G\u00f3ra. Fina\u0142owy rywal MOSiR pokona\u0142 dwukrotnie Wis\u0142\u0119 Can-Pack Krak\u00f3w.<\/p>\n<p><strong>MOSiR Bochnia &#8211; MKS Pruszk\u00f3w <\/strong>(24-24, 12-10, 25-16, 11-9)<br \/>\n<strong>MOSiR:<\/strong> Marta Wdowiuk 21 (3&#215;3), Paulina Majda 16 (1&#215;3), Ma\u0142gorzata Zuchora 15 (2&#215;3), Anna Krawiec 11, Katarzyna Kocaj 6, Weronika W\u0119glarz 3, Maja Zaj\u0105czkowska, Gabriela Rak.<br \/>\n<strong>MKS:<\/strong> Weronika Prehis 16 (4&#215;3), Katarzyna \u015awie\u017cak 16, Lucyna K\u0119sy 15 (2&#215;3), Oliwia Grzymkowska 5 (1&#215;3), Karolina Zaborska 3, Sonia Frojdenfal 2, Karolina Gi\u017cy\u0144ska, Wanesa Furman.<\/p>\n\t  \r\n\t\r\n\t    <div class=\"mb-gallery\">\r\n\t    <a href=\"https:\/\/www.mojabochnia.pl\/?attachment_id=214792\" class=\"\"><img loading=\"lazy\" decoding=\"async\" width=\"100\" height=\"100\" src=\"https:\/\/www.mojabochnia.pl\/wp-content\/uploads\/2025\/04\/DSC_6147-100x100.jpg\" class=\"attachment-100x100 size-100x100\" alt=\"\" srcset=\"https:\/\/www.mojabochnia.pl\/wp-content\/uploads\/2025\/04\/DSC_6147-100x100.jpg 100w, https:\/\/www.mojabochnia.pl\/wp-content\/uploads\/2025\/04\/DSC_6147-96x96.jpg 96w, https:\/\/www.mojabochnia.pl\/wp-content\/uploads\/2025\/04\/DSC_6147-84x84.jpg 84w\" sizes=\"auto, (max-width: 100px) 100vw, 100px\" \/><\/a><a href=\"https:\/\/www.mojabochnia.pl\/?attachment_id=214793\" class=\"\"><img loading=\"lazy\" decoding=\"async\" width=\"100\" height=\"100\" src=\"https:\/\/www.mojabochnia.pl\/wp-content\/uploads\/2025\/04\/DSC_6075-100x100.jpg\" class=\"attachment-100x100 size-100x100\" alt=\"\" srcset=\"https:\/\/www.mojabochnia.pl\/wp-content\/uploads\/2025\/04\/DSC_6075-100x100.jpg 100w, https:\/\/www.mojabochnia.pl\/wp-content\/uploads\/2025\/04\/DSC_6075-96x96.jpg 96w, https:\/\/www.mojabochnia.pl\/wp-content\/uploads\/2025\/04\/DSC_6075-84x84.jpg 84w\" sizes=\"auto, (max-width: 100px) 100vw, 100px\" \/><\/a><a href=\"https:\/\/www.mojabochnia.pl\/?attachment_id=214794\" class=\"\"><img loading=\"lazy\" decoding=\"async\" width=\"100\" height=\"100\" src=\"https:\/\/www.mojabochnia.pl\/wp-content\/uploads\/2025\/04\/DSC_6091-100x100.jpg\" class=\"attachment-100x100 size-100x100\" alt=\"\" srcset=\"https:\/\/www.mojabochnia.pl\/wp-content\/uploads\/2025\/04\/DSC_6091-100x100.jpg 100w, https:\/\/www.mojabochnia.pl\/wp-content\/uploads\/2025\/04\/DSC_6091-96x96.jpg 96w, https:\/\/www.mojabochnia.pl\/wp-content\/uploads\/2025\/04\/DSC_6091-84x84.jpg 84w\" sizes=\"auto, (max-width: 100px) 100vw, 100px\" \/><\/a><a href=\"https:\/\/www.mojabochnia.pl\/?attachment_id=214795\" class=\"\"><img loading=\"lazy\" decoding=\"async\" width=\"100\" height=\"100\" src=\"https:\/\/www.mojabochnia.pl\/wp-content\/uploads\/2025\/04\/DSC_6216-100x100.jpg\" class=\"attachment-100x100 size-100x100\" alt=\"\" srcset=\"https:\/\/www.mojabochnia.pl\/wp-content\/uploads\/2025\/04\/DSC_6216-100x100.jpg 100w, https:\/\/www.mojabochnia.pl\/wp-content\/uploads\/2025\/04\/DSC_6216-96x96.jpg 96w, https:\/\/www.mojabochnia.pl\/wp-content\/uploads\/2025\/04\/DSC_6216-84x84.jpg 84w\" sizes=\"auto, (max-width: 100px) 100vw, 100px\" \/><\/a><a href=\"https:\/\/www.mojabochnia.pl\/?attachment_id=214796\" class=\"\"><img loading=\"lazy\" decoding=\"async\" width=\"100\" height=\"100\" src=\"https:\/\/www.mojabochnia.pl\/wp-content\/uploads\/2025\/04\/DSC_6065-100x100.jpg\" class=\"attachment-100x100 size-100x100\" alt=\"\" srcset=\"https:\/\/www.mojabochnia.pl\/wp-content\/uploads\/2025\/04\/DSC_6065-100x100.jpg 100w, https:\/\/www.mojabochnia.pl\/wp-content\/uploads\/2025\/04\/DSC_6065-96x96.jpg 96w, https:\/\/www.mojabochnia.pl\/wp-content\/uploads\/2025\/04\/DSC_6065-84x84.jpg 84w\" sizes=\"auto, (max-width: 100px) 100vw, 100px\" \/><\/a><a href=\"https:\/\/www.mojabochnia.pl\/?attachment_id=214797\" class=\"\"><img loading=\"lazy\" decoding=\"async\" width=\"100\" height=\"100\" src=\"https:\/\/www.mojabochnia.pl\/wp-content\/uploads\/2025\/04\/DSC_6137-100x100.jpg\" class=\"attachment-100x100 size-100x100\" alt=\"\" srcset=\"https:\/\/www.mojabochnia.pl\/wp-content\/uploads\/2025\/04\/DSC_6137-100x100.jpg 100w, https:\/\/www.mojabochnia.pl\/wp-content\/uploads\/2025\/04\/DSC_6137-96x96.jpg 96w, https:\/\/www.mojabochnia.pl\/wp-content\/uploads\/2025\/04\/DSC_6137-84x84.jpg 84w\" sizes=\"auto, (max-width: 100px) 100vw, 100px\" \/><\/a><a href=\"https:\/\/www.mojabochnia.pl\/?attachment_id=214798\" class=\"\"><img loading=\"lazy\" decoding=\"async\" width=\"100\" height=\"100\" src=\"https:\/\/www.mojabochnia.pl\/wp-content\/uploads\/2025\/04\/DSC_6250-100x100.jpg\" class=\"attachment-100x100 size-100x100\" alt=\"\" srcset=\"https:\/\/www.mojabochnia.pl\/wp-content\/uploads\/2025\/04\/DSC_6250-100x100.jpg 100w, https:\/\/www.mojabochnia.pl\/wp-content\/uploads\/2025\/04\/DSC_6250-96x96.jpg 96w, https:\/\/www.mojabochnia.pl\/wp-content\/uploads\/2025\/04\/DSC_6250-84x84.jpg 84w\" sizes=\"auto, (max-width: 100px) 100vw, 100px\" \/><\/a><a href=\"https:\/\/www.mojabochnia.pl\/?attachment_id=214799\" class=\"\"><img loading=\"lazy\" decoding=\"async\" width=\"100\" height=\"100\" src=\"https:\/\/www.mojabochnia.pl\/wp-content\/uploads\/2025\/04\/DSC_6072-100x100.jpg\" class=\"attachment-100x100 size-100x100\" alt=\"\" srcset=\"https:\/\/www.mojabochnia.pl\/wp-content\/uploads\/2025\/04\/DSC_6072-100x100.jpg 100w, https:\/\/www.mojabochnia.pl\/wp-content\/uploads\/2025\/04\/DSC_6072-96x96.jpg 96w, https:\/\/www.mojabochnia.pl\/wp-content\/uploads\/2025\/04\/DSC_6072-84x84.jpg 84w\" sizes=\"auto, (max-width: 100px) 100vw, 100px\" \/><\/a><a href=\"https:\/\/www.mojabochnia.pl\/?attachment_id=214800\" class=\"\"><img loading=\"lazy\" decoding=\"async\" width=\"100\" height=\"100\" src=\"https:\/\/www.mojabochnia.pl\/wp-content\/uploads\/2025\/04\/DSC_6224-100x100.jpg\" class=\"attachment-100x100 size-100x100\" alt=\"\" srcset=\"https:\/\/www.mojabochnia.pl\/wp-content\/uploads\/2025\/04\/DSC_6224-100x100.jpg 100w, https:\/\/www.mojabochnia.pl\/wp-content\/uploads\/2025\/04\/DSC_6224-96x96.jpg 96w, https:\/\/www.mojabochnia.pl\/wp-content\/uploads\/2025\/04\/DSC_6224-84x84.jpg 84w\" sizes=\"auto, (max-width: 100px) 100vw, 100px\" \/><\/a><a href=\"https:\/\/www.mojabochnia.pl\/?attachment_id=214801\" class=\"\"><img loading=\"lazy\" decoding=\"async\" width=\"100\" height=\"100\" src=\"https:\/\/www.mojabochnia.pl\/wp-content\/uploads\/2025\/04\/DSC_6157-100x100.jpg\" class=\"attachment-100x100 size-100x100\" alt=\"\" srcset=\"https:\/\/www.mojabochnia.pl\/wp-content\/uploads\/2025\/04\/DSC_6157-100x100.jpg 100w, https:\/\/www.mojabochnia.pl\/wp-content\/uploads\/2025\/04\/DSC_6157-96x96.jpg 96w, https:\/\/www.mojabochnia.pl\/wp-content\/uploads\/2025\/04\/DSC_6157-84x84.jpg 84w\" sizes=\"auto, (max-width: 100px) 100vw, 100px\" \/><\/a><a href=\"https:\/\/www.mojabochnia.pl\/?attachment_id=214802\" class=\"\"><img loading=\"lazy\" decoding=\"async\" width=\"100\" height=\"100\" src=\"https:\/\/www.mojabochnia.pl\/wp-content\/uploads\/2025\/04\/DSC_6113-100x100.jpg\" class=\"attachment-100x100 size-100x100\" alt=\"\" srcset=\"https:\/\/www.mojabochnia.pl\/wp-content\/uploads\/2025\/04\/DSC_6113-100x100.jpg 100w, https:\/\/www.mojabochnia.pl\/wp-content\/uploads\/2025\/04\/DSC_6113-96x96.jpg 96w, https:\/\/www.mojabochnia.pl\/wp-content\/uploads\/2025\/04\/DSC_6113-84x84.jpg 84w\" sizes=\"auto, (max-width: 100px) 100vw, 100px\" \/><\/a><a href=\"https:\/\/www.mojabochnia.pl\/?attachment_id=214803\" class=\"\"><img loading=\"lazy\" decoding=\"async\" width=\"100\" height=\"100\" src=\"https:\/\/www.mojabochnia.pl\/wp-content\/uploads\/2025\/04\/DSC_6193-100x100.jpg\" class=\"attachment-100x100 size-100x100\" alt=\"\" srcset=\"https:\/\/www.mojabochnia.pl\/wp-content\/uploads\/2025\/04\/DSC_6193-100x100.jpg 100w, https:\/\/www.mojabochnia.pl\/wp-content\/uploads\/2025\/04\/DSC_6193-96x96.jpg 96w, https:\/\/www.mojabochnia.pl\/wp-content\/uploads\/2025\/04\/DSC_6193-84x84.jpg 84w\" sizes=\"auto, (max-width: 100px) 100vw, 100px\" \/><\/a><a href=\"https:\/\/www.mojabochnia.pl\/?attachment_id=214804\" class=\"\"><img loading=\"lazy\" decoding=\"async\" width=\"100\" height=\"100\" src=\"https:\/\/www.mojabochnia.pl\/wp-content\/uploads\/2025\/04\/DSC_6101-100x100.jpg\" class=\"attachment-100x100 size-100x100\" alt=\"\" srcset=\"https:\/\/www.mojabochnia.pl\/wp-content\/uploads\/2025\/04\/DSC_6101-100x100.jpg 100w, https:\/\/www.mojabochnia.pl\/wp-content\/uploads\/2025\/04\/DSC_6101-96x96.jpg 96w, https:\/\/www.mojabochnia.pl\/wp-content\/uploads\/2025\/04\/DSC_6101-84x84.jpg 84w\" sizes=\"auto, (max-width: 100px) 100vw, 100px\" \/><\/a><a href=\"https:\/\/www.mojabochnia.pl\/?attachment_id=214805\" class=\"\"><img loading=\"lazy\" decoding=\"async\" width=\"100\" height=\"100\" src=\"https:\/\/www.mojabochnia.pl\/wp-content\/uploads\/2025\/04\/DSC_6093-100x100.jpg\" class=\"attachment-100x100 size-100x100\" alt=\"\" srcset=\"https:\/\/www.mojabochnia.pl\/wp-content\/uploads\/2025\/04\/DSC_6093-100x100.jpg 100w, https:\/\/www.mojabochnia.pl\/wp-content\/uploads\/2025\/04\/DSC_6093-96x96.jpg 96w, https:\/\/www.mojabochnia.pl\/wp-content\/uploads\/2025\/04\/DSC_6093-84x84.jpg 84w\" sizes=\"auto, (max-width: 100px) 100vw, 100px\" \/><\/a><a href=\"https:\/\/www.mojabochnia.pl\/?attachment_id=214806\" class=\"\"><img loading=\"lazy\" decoding=\"async\" width=\"100\" height=\"100\" src=\"https:\/\/www.mojabochnia.pl\/wp-content\/uploads\/2025\/04\/DSC_6135-100x100.jpg\" class=\"attachment-100x100 size-100x100\" alt=\"\" srcset=\"https:\/\/www.mojabochnia.pl\/wp-content\/uploads\/2025\/04\/DSC_6135-100x100.jpg 100w, https:\/\/www.mojabochnia.pl\/wp-content\/uploads\/2025\/04\/DSC_6135-96x96.jpg 96w, https:\/\/www.mojabochnia.pl\/wp-content\/uploads\/2025\/04\/DSC_6135-84x84.jpg 84w\" sizes=\"auto, (max-width: 100px) 100vw, 100px\" \/><\/a><a href=\"https:\/\/www.mojabochnia.pl\/?attachment_id=214807\" class=\"\"><img loading=\"lazy\" decoding=\"async\" width=\"100\" height=\"100\" src=\"https:\/\/www.mojabochnia.pl\/wp-content\/uploads\/2025\/04\/DSC_6163-100x100.jpg\" class=\"attachment-100x100 size-100x100\" alt=\"\" srcset=\"https:\/\/www.mojabochnia.pl\/wp-content\/uploads\/2025\/04\/DSC_6163-100x100.jpg 100w, https:\/\/www.mojabochnia.pl\/wp-content\/uploads\/2025\/04\/DSC_6163-96x96.jpg 96w, https:\/\/www.mojabochnia.pl\/wp-content\/uploads\/2025\/04\/DSC_6163-84x84.jpg 84w\" sizes=\"auto, (max-width: 100px) 100vw, 100px\" \/><\/a><a href=\"https:\/\/www.mojabochnia.pl\/?attachment_id=214808\" class=\"\"><img loading=\"lazy\" decoding=\"async\" width=\"100\" height=\"100\" src=\"https:\/\/www.mojabochnia.pl\/wp-content\/uploads\/2025\/04\/DSC_6161-100x100.jpg\" class=\"attachment-100x100 size-100x100\" alt=\"\" srcset=\"https:\/\/www.mojabochnia.pl\/wp-content\/uploads\/2025\/04\/DSC_6161-100x100.jpg 100w, https:\/\/www.mojabochnia.pl\/wp-content\/uploads\/2025\/04\/DSC_6161-96x96.jpg 96w, https:\/\/www.mojabochnia.pl\/wp-content\/uploads\/2025\/04\/DSC_6161-84x84.jpg 84w\" sizes=\"auto, (max-width: 100px) 100vw, 100px\" \/><\/a><a href=\"https:\/\/www.mojabochnia.pl\/?attachment_id=214809\" class=\"\"><img loading=\"lazy\" decoding=\"async\" width=\"100\" height=\"100\" src=\"https:\/\/www.mojabochnia.pl\/wp-content\/uploads\/2025\/04\/DSC_6083-100x100.jpg\" class=\"attachment-100x100 size-100x100\" alt=\"\" srcset=\"https:\/\/www.mojabochnia.pl\/wp-content\/uploads\/2025\/04\/DSC_6083-100x100.jpg 100w, https:\/\/www.mojabochnia.pl\/wp-content\/uploads\/2025\/04\/DSC_6083-96x96.jpg 96w, https:\/\/www.mojabochnia.pl\/wp-content\/uploads\/2025\/04\/DSC_6083-84x84.jpg 84w\" sizes=\"auto, (max-width: 100px) 100vw, 100px\" \/><\/a><a href=\"https:\/\/www.mojabochnia.pl\/?attachment_id=214810\" class=\"\"><img loading=\"lazy\" decoding=\"async\" width=\"100\" height=\"100\" src=\"https:\/\/www.mojabochnia.pl\/wp-content\/uploads\/2025\/04\/DSC_6095-100x100.jpg\" class=\"attachment-100x100 size-100x100\" alt=\"\" srcset=\"https:\/\/www.mojabochnia.pl\/wp-content\/uploads\/2025\/04\/DSC_6095-100x100.jpg 100w, https:\/\/www.mojabochnia.pl\/wp-content\/uploads\/2025\/04\/DSC_6095-96x96.jpg 96w, https:\/\/www.mojabochnia.pl\/wp-content\/uploads\/2025\/04\/DSC_6095-84x84.jpg 84w\" sizes=\"auto, (max-width: 100px) 100vw, 100px\" \/><\/a><a href=\"https:\/\/www.mojabochnia.pl\/?attachment_id=214811\" class=\"\"><img loading=\"lazy\" decoding=\"async\" width=\"100\" height=\"100\" src=\"https:\/\/www.mojabochnia.pl\/wp-content\/uploads\/2025\/04\/DSC_6210-100x100.jpg\" class=\"attachment-100x100 size-100x100\" alt=\"\" srcset=\"https:\/\/www.mojabochnia.pl\/wp-content\/uploads\/2025\/04\/DSC_6210-100x100.jpg 100w, https:\/\/www.mojabochnia.pl\/wp-content\/uploads\/2025\/04\/DSC_6210-96x96.jpg 96w, https:\/\/www.mojabochnia.pl\/wp-content\/uploads\/2025\/04\/DSC_6210-84x84.jpg 84w\" sizes=\"auto, (max-width: 100px) 100vw, 100px\" \/><\/a><a href=\"https:\/\/www.mojabochnia.pl\/?attachment_id=214812\" class=\"\"><img loading=\"lazy\" decoding=\"async\" width=\"100\" height=\"100\" src=\"https:\/\/www.mojabochnia.pl\/wp-content\/uploads\/2025\/04\/DSC_6103-100x100.jpg\" class=\"attachment-100x100 size-100x100\" alt=\"\" srcset=\"https:\/\/www.mojabochnia.pl\/wp-content\/uploads\/2025\/04\/DSC_6103-100x100.jpg 100w, https:\/\/www.mojabochnia.pl\/wp-content\/uploads\/2025\/04\/DSC_6103-96x96.jpg 96w, https:\/\/www.mojabochnia.pl\/wp-content\/uploads\/2025\/04\/DSC_6103-84x84.jpg 84w\" sizes=\"auto, (max-width: 100px) 100vw, 100px\" \/><\/a><a href=\"https:\/\/www.mojabochnia.pl\/?attachment_id=214813\" class=\"\"><img loading=\"lazy\" decoding=\"async\" width=\"100\" height=\"100\" src=\"https:\/\/www.mojabochnia.pl\/wp-content\/uploads\/2025\/04\/DSC_6150-100x100.jpg\" class=\"attachment-100x100 size-100x100\" alt=\"\" srcset=\"https:\/\/www.mojabochnia.pl\/wp-content\/uploads\/2025\/04\/DSC_6150-100x100.jpg 100w, https:\/\/www.mojabochnia.pl\/wp-content\/uploads\/2025\/04\/DSC_6150-96x96.jpg 96w, https:\/\/www.mojabochnia.pl\/wp-content\/uploads\/2025\/04\/DSC_6150-84x84.jpg 84w\" sizes=\"auto, (max-width: 100px) 100vw, 100px\" \/><\/a><a href=\"https:\/\/www.mojabochnia.pl\/?attachment_id=214814\" class=\"\"><img loading=\"lazy\" decoding=\"async\" width=\"100\" height=\"100\" src=\"https:\/\/www.mojabochnia.pl\/wp-content\/uploads\/2025\/04\/DSC_6124-100x100.jpg\" class=\"attachment-100x100 size-100x100\" alt=\"\" srcset=\"https:\/\/www.mojabochnia.pl\/wp-content\/uploads\/2025\/04\/DSC_6124-100x100.jpg 100w, https:\/\/www.mojabochnia.pl\/wp-content\/uploads\/2025\/04\/DSC_6124-96x96.jpg 96w, https:\/\/www.mojabochnia.pl\/wp-content\/uploads\/2025\/04\/DSC_6124-84x84.jpg 84w\" sizes=\"auto, (max-width: 100px) 100vw, 100px\" \/><\/a><a href=\"https:\/\/www.mojabochnia.pl\/?attachment_id=214815\" class=\"\"><img loading=\"lazy\" decoding=\"async\" width=\"100\" height=\"100\" src=\"https:\/\/www.mojabochnia.pl\/wp-content\/uploads\/2025\/04\/DSC_6084-100x100.jpg\" class=\"attachment-100x100 size-100x100\" alt=\"\" srcset=\"https:\/\/www.mojabochnia.pl\/wp-content\/uploads\/2025\/04\/DSC_6084-100x100.jpg 100w, https:\/\/www.mojabochnia.pl\/wp-content\/uploads\/2025\/04\/DSC_6084-96x96.jpg 96w, https:\/\/www.mojabochnia.pl\/wp-content\/uploads\/2025\/04\/DSC_6084-84x84.jpg 84w\" sizes=\"auto, (max-width: 100px) 100vw, 100px\" \/><\/a><a href=\"https:\/\/www.mojabochnia.pl\/?attachment_id=214816\" class=\"\"><img loading=\"lazy\" decoding=\"async\" width=\"100\" height=\"100\" src=\"https:\/\/www.mojabochnia.pl\/wp-content\/uploads\/2025\/04\/DSC_6164-100x100.jpg\" class=\"attachment-100x100 size-100x100\" alt=\"\" srcset=\"https:\/\/www.mojabochnia.pl\/wp-content\/uploads\/2025\/04\/DSC_6164-100x100.jpg 100w, https:\/\/www.mojabochnia.pl\/wp-content\/uploads\/2025\/04\/DSC_6164-96x96.jpg 96w, https:\/\/www.mojabochnia.pl\/wp-content\/uploads\/2025\/04\/DSC_6164-84x84.jpg 84w\" sizes=\"auto, (max-width: 100px) 100vw, 100px\" \/><\/a><a href=\"https:\/\/www.mojabochnia.pl\/?attachment_id=214817\" class=\"\"><img loading=\"lazy\" decoding=\"async\" width=\"100\" height=\"100\" src=\"https:\/\/www.mojabochnia.pl\/wp-content\/uploads\/2025\/04\/DSC_6140-100x100.jpg\" class=\"attachment-100x100 size-100x100\" alt=\"\" srcset=\"https:\/\/www.mojabochnia.pl\/wp-content\/uploads\/2025\/04\/DSC_6140-100x100.jpg 100w, https:\/\/www.mojabochnia.pl\/wp-content\/uploads\/2025\/04\/DSC_6140-96x96.jpg 96w, https:\/\/www.mojabochnia.pl\/wp-content\/uploads\/2025\/04\/DSC_6140-84x84.jpg 84w\" sizes=\"auto, (max-width: 100px) 100vw, 100px\" \/><\/a><a href=\"https:\/\/www.mojabochnia.pl\/?attachment_id=214818\" class=\"\"><img loading=\"lazy\" decoding=\"async\" width=\"100\" height=\"100\" src=\"https:\/\/www.mojabochnia.pl\/wp-content\/uploads\/2025\/04\/DSC_6098-100x100.jpg\" class=\"attachment-100x100 size-100x100\" alt=\"\" srcset=\"https:\/\/www.mojabochnia.pl\/wp-content\/uploads\/2025\/04\/DSC_6098-100x100.jpg 100w, https:\/\/www.mojabochnia.pl\/wp-content\/uploads\/2025\/04\/DSC_6098-96x96.jpg 96w, https:\/\/www.mojabochnia.pl\/wp-content\/uploads\/2025\/04\/DSC_6098-84x84.jpg 84w\" sizes=\"auto, (max-width: 100px) 100vw, 100px\" \/><\/a><a href=\"https:\/\/www.mojabochnia.pl\/?attachment_id=214819\" class=\"\"><img loading=\"lazy\" decoding=\"async\" width=\"100\" height=\"100\" src=\"https:\/\/www.mojabochnia.pl\/wp-content\/uploads\/2025\/04\/DSC_6136-100x100.jpg\" class=\"attachment-100x100 size-100x100\" alt=\"\" srcset=\"https:\/\/www.mojabochnia.pl\/wp-content\/uploads\/2025\/04\/DSC_6136-100x100.jpg 100w, https:\/\/www.mojabochnia.pl\/wp-content\/uploads\/2025\/04\/DSC_6136-96x96.jpg 96w, https:\/\/www.mojabochnia.pl\/wp-content\/uploads\/2025\/04\/DSC_6136-84x84.jpg 84w\" sizes=\"auto, (max-width: 100px) 100vw, 100px\" \/><\/a><a href=\"https:\/\/www.mojabochnia.pl\/?attachment_id=214820\" class=\"\"><img loading=\"lazy\" decoding=\"async\" width=\"100\" height=\"100\" src=\"https:\/\/www.mojabochnia.pl\/wp-content\/uploads\/2025\/04\/DSC_6207-100x100.jpg\" class=\"attachment-100x100 size-100x100\" alt=\"\" srcset=\"https:\/\/www.mojabochnia.pl\/wp-content\/uploads\/2025\/04\/DSC_6207-100x100.jpg 100w, https:\/\/www.mojabochnia.pl\/wp-content\/uploads\/2025\/04\/DSC_6207-96x96.jpg 96w, https:\/\/www.mojabochnia.pl\/wp-content\/uploads\/2025\/04\/DSC_6207-84x84.jpg 84w\" sizes=\"auto, (max-width: 100px) 100vw, 100px\" \/><\/a><a href=\"https:\/\/www.mojabochnia.pl\/?attachment_id=214821\" class=\"\"><img loading=\"lazy\" decoding=\"async\" width=\"100\" height=\"100\" src=\"https:\/\/www.mojabochnia.pl\/wp-content\/uploads\/2025\/04\/DSC_6085-100x100.jpg\" class=\"attachment-100x100 size-100x100\" alt=\"\" srcset=\"https:\/\/www.mojabochnia.pl\/wp-content\/uploads\/2025\/04\/DSC_6085-100x100.jpg 100w, https:\/\/www.mojabochnia.pl\/wp-content\/uploads\/2025\/04\/DSC_6085-96x96.jpg 96w, https:\/\/www.mojabochnia.pl\/wp-content\/uploads\/2025\/04\/DSC_6085-84x84.jpg 84w\" sizes=\"auto, (max-width: 100px) 100vw, 100px\" \/><\/a><a href=\"https:\/\/www.mojabochnia.pl\/?attachment_id=214822\" class=\"\"><img loading=\"lazy\" decoding=\"async\" width=\"100\" height=\"100\" src=\"https:\/\/www.mojabochnia.pl\/wp-content\/uploads\/2025\/04\/DSC_6112-100x100.jpg\" class=\"attachment-100x100 size-100x100\" alt=\"\" srcset=\"https:\/\/www.mojabochnia.pl\/wp-content\/uploads\/2025\/04\/DSC_6112-100x100.jpg 100w, https:\/\/www.mojabochnia.pl\/wp-content\/uploads\/2025\/04\/DSC_6112-96x96.jpg 96w, https:\/\/www.mojabochnia.pl\/wp-content\/uploads\/2025\/04\/DSC_6112-84x84.jpg 84w\" sizes=\"auto, (max-width: 100px) 100vw, 100px\" \/><\/a><a href=\"https:\/\/www.mojabochnia.pl\/?attachment_id=214823\" class=\"\"><img loading=\"lazy\" decoding=\"async\" width=\"100\" height=\"100\" src=\"https:\/\/www.mojabochnia.pl\/wp-content\/uploads\/2025\/04\/DSC_6190-100x100.jpg\" class=\"attachment-100x100 size-100x100\" alt=\"\" srcset=\"https:\/\/www.mojabochnia.pl\/wp-content\/uploads\/2025\/04\/DSC_6190-100x100.jpg 100w, https:\/\/www.mojabochnia.pl\/wp-content\/uploads\/2025\/04\/DSC_6190-96x96.jpg 96w, https:\/\/www.mojabochnia.pl\/wp-content\/uploads\/2025\/04\/DSC_6190-84x84.jpg 84w\" sizes=\"auto, (max-width: 100px) 100vw, 100px\" \/><\/a><a href=\"https:\/\/www.mojabochnia.pl\/?attachment_id=214824\" class=\"\"><img loading=\"lazy\" decoding=\"async\" width=\"100\" height=\"100\" src=\"https:\/\/www.mojabochnia.pl\/wp-content\/uploads\/2025\/04\/DSC_6168-100x100.jpg\" class=\"attachment-100x100 size-100x100\" alt=\"\" srcset=\"https:\/\/www.mojabochnia.pl\/wp-content\/uploads\/2025\/04\/DSC_6168-100x100.jpg 100w, https:\/\/www.mojabochnia.pl\/wp-content\/uploads\/2025\/04\/DSC_6168-96x96.jpg 96w, https:\/\/www.mojabochnia.pl\/wp-content\/uploads\/2025\/04\/DSC_6168-84x84.jpg 84w\" sizes=\"auto, (max-width: 100px) 100vw, 100px\" \/><\/a><a href=\"https:\/\/www.mojabochnia.pl\/?attachment_id=214825\" class=\"\"><img loading=\"lazy\" decoding=\"async\" width=\"100\" height=\"100\" src=\"https:\/\/www.mojabochnia.pl\/wp-content\/uploads\/2025\/04\/DSC_6202-100x100.jpg\" class=\"attachment-100x100 size-100x100\" alt=\"\" srcset=\"https:\/\/www.mojabochnia.pl\/wp-content\/uploads\/2025\/04\/DSC_6202-100x100.jpg 100w, https:\/\/www.mojabochnia.pl\/wp-content\/uploads\/2025\/04\/DSC_6202-96x96.jpg 96w, https:\/\/www.mojabochnia.pl\/wp-content\/uploads\/2025\/04\/DSC_6202-84x84.jpg 84w\" sizes=\"auto, (max-width: 100px) 100vw, 100px\" \/><\/a><a href=\"https:\/\/www.mojabochnia.pl\/?attachment_id=214826\" class=\"\"><img loading=\"lazy\" decoding=\"async\" width=\"100\" height=\"100\" src=\"https:\/\/www.mojabochnia.pl\/wp-content\/uploads\/2025\/04\/DSC_6149-100x100.jpg\" class=\"attachment-100x100 size-100x100\" alt=\"\" srcset=\"https:\/\/www.mojabochnia.pl\/wp-content\/uploads\/2025\/04\/DSC_6149-100x100.jpg 100w, https:\/\/www.mojabochnia.pl\/wp-content\/uploads\/2025\/04\/DSC_6149-96x96.jpg 96w, https:\/\/www.mojabochnia.pl\/wp-content\/uploads\/2025\/04\/DSC_6149-84x84.jpg 84w\" sizes=\"auto, (max-width: 100px) 100vw, 100px\" \/><\/a><a href=\"https:\/\/www.mojabochnia.pl\/?attachment_id=214827\" class=\"\"><img loading=\"lazy\" decoding=\"async\" width=\"100\" height=\"100\" src=\"https:\/\/www.mojabochnia.pl\/wp-content\/uploads\/2025\/04\/DSC_6169-100x100.jpg\" class=\"attachment-100x100 size-100x100\" alt=\"\" srcset=\"https:\/\/www.mojabochnia.pl\/wp-content\/uploads\/2025\/04\/DSC_6169-100x100.jpg 100w, https:\/\/www.mojabochnia.pl\/wp-content\/uploads\/2025\/04\/DSC_6169-96x96.jpg 96w, https:\/\/www.mojabochnia.pl\/wp-content\/uploads\/2025\/04\/DSC_6169-84x84.jpg 84w\" sizes=\"auto, (max-width: 100px) 100vw, 100px\" \/><\/a><a href=\"https:\/\/www.mojabochnia.pl\/?attachment_id=214828\" class=\"\"><img loading=\"lazy\" decoding=\"async\" width=\"100\" height=\"100\" src=\"https:\/\/www.mojabochnia.pl\/wp-content\/uploads\/2025\/04\/DSC_6200-100x100.jpg\" class=\"attachment-100x100 size-100x100\" alt=\"\" srcset=\"https:\/\/www.mojabochnia.pl\/wp-content\/uploads\/2025\/04\/DSC_6200-100x100.jpg 100w, https:\/\/www.mojabochnia.pl\/wp-content\/uploads\/2025\/04\/DSC_6200-96x96.jpg 96w, https:\/\/www.mojabochnia.pl\/wp-content\/uploads\/2025\/04\/DSC_6200-84x84.jpg 84w\" sizes=\"auto, (max-width: 100px) 100vw, 100px\" \/><\/a><a href=\"https:\/\/www.mojabochnia.pl\/?attachment_id=214829\" class=\"\"><img loading=\"lazy\" decoding=\"async\" width=\"100\" height=\"100\" src=\"https:\/\/www.mojabochnia.pl\/wp-content\/uploads\/2025\/04\/DSC_6141-100x100.jpg\" class=\"attachment-100x100 size-100x100\" alt=\"\" srcset=\"https:\/\/www.mojabochnia.pl\/wp-content\/uploads\/2025\/04\/DSC_6141-100x100.jpg 100w, https:\/\/www.mojabochnia.pl\/wp-content\/uploads\/2025\/04\/DSC_6141-96x96.jpg 96w, https:\/\/www.mojabochnia.pl\/wp-content\/uploads\/2025\/04\/DSC_6141-84x84.jpg 84w\" sizes=\"auto, (max-width: 100px) 100vw, 100px\" \/><\/a><a href=\"https:\/\/www.mojabochnia.pl\/?attachment_id=214830\" class=\"\"><img loading=\"lazy\" decoding=\"async\" width=\"100\" height=\"100\" src=\"https:\/\/www.mojabochnia.pl\/wp-content\/uploads\/2025\/04\/DSC_6116-100x100.jpg\" class=\"attachment-100x100 size-100x100\" alt=\"\" srcset=\"https:\/\/www.mojabochnia.pl\/wp-content\/uploads\/2025\/04\/DSC_6116-100x100.jpg 100w, https:\/\/www.mojabochnia.pl\/wp-content\/uploads\/2025\/04\/DSC_6116-96x96.jpg 96w, https:\/\/www.mojabochnia.pl\/wp-content\/uploads\/2025\/04\/DSC_6116-84x84.jpg 84w\" sizes=\"auto, (max-width: 100px) 100vw, 100px\" \/><\/a><a href=\"https:\/\/www.mojabochnia.pl\/?attachment_id=214831\" class=\"\"><img loading=\"lazy\" decoding=\"async\" width=\"100\" height=\"100\" src=\"https:\/\/www.mojabochnia.pl\/wp-content\/uploads\/2025\/04\/DSC_6080-100x100.jpg\" class=\"attachment-100x100 size-100x100\" alt=\"\" srcset=\"https:\/\/www.mojabochnia.pl\/wp-content\/uploads\/2025\/04\/DSC_6080-100x100.jpg 100w, https:\/\/www.mojabochnia.pl\/wp-content\/uploads\/2025\/04\/DSC_6080-96x96.jpg 96w, https:\/\/www.mojabochnia.pl\/wp-content\/uploads\/2025\/04\/DSC_6080-84x84.jpg 84w\" sizes=\"auto, (max-width: 100px) 100vw, 100px\" \/><\/a><a href=\"https:\/\/www.mojabochnia.pl\/?attachment_id=214832\" class=\"\"><img loading=\"lazy\" decoding=\"async\" width=\"100\" height=\"100\" src=\"https:\/\/www.mojabochnia.pl\/wp-content\/uploads\/2025\/04\/DSC_6181-100x100.jpg\" class=\"attachment-100x100 size-100x100\" alt=\"\" srcset=\"https:\/\/www.mojabochnia.pl\/wp-content\/uploads\/2025\/04\/DSC_6181-100x100.jpg 100w, https:\/\/www.mojabochnia.pl\/wp-content\/uploads\/2025\/04\/DSC_6181-96x96.jpg 96w, https:\/\/www.mojabochnia.pl\/wp-content\/uploads\/2025\/04\/DSC_6181-84x84.jpg 84w\" sizes=\"auto, (max-width: 100px) 100vw, 100px\" \/><\/a><a href=\"https:\/\/www.mojabochnia.pl\/?attachment_id=214833\" class=\"\"><img loading=\"lazy\" decoding=\"async\" width=\"100\" height=\"100\" src=\"https:\/\/www.mojabochnia.pl\/wp-content\/uploads\/2025\/04\/DSC_6249-100x100.jpg\" class=\"attachment-100x100 size-100x100\" alt=\"\" srcset=\"https:\/\/www.mojabochnia.pl\/wp-content\/uploads\/2025\/04\/DSC_6249-100x100.jpg 100w, https:\/\/www.mojabochnia.pl\/wp-content\/uploads\/2025\/04\/DSC_6249-96x96.jpg 96w, https:\/\/www.mojabochnia.pl\/wp-content\/uploads\/2025\/04\/DSC_6249-84x84.jpg 84w\" sizes=\"auto, (max-width: 100px) 100vw, 100px\" \/><\/a>\t    <\/div>\r\n\t    ","protected":false},"excerpt":{"rendered":"<p>Po wygranej 54-68 w pierwszym, wyjazdowym meczu p\u00f3\u0142fina\u0142owym z MKS Pruszk\u00f3w, bochnianki stan\u0119\u0142y dzisiaj przed olbrzymi\u0105 szans\u0105 na rozstrzygni\u0119cie rywalizacji z pruszkowiankami na w\u0142asnym parkiecie. Podopieczne trenera Artura W\u0142odarczyka nie zaprzepa\u015bci\u0142y jej i po kapitalnym meczu wygra\u0142y 72-59. Wygra\u0142y nie tylko awans do fina\u0142u bara\u017cy, ale co najwa\u017cniejsze zapewni\u0142y sobie i Bochni historyczny awans do<\/p>\n","protected":false},"author":29,"featured_media":214808,"comment_status":"open","ping_status":"closed","sticky":false,"template":"","format":"standard","meta":{"_acf_changed":false,"footnotes":""},"categories":[29,6250],"tags":[21566,17341,17805,19720],"class_list":["post-214790","post","type-post","status-publish","format-standard","has-post-thumbnail","hentry","category-sport","category-tematyka","tag-i-liga-koszykowki","tag-koszykowka","tag-mosir-bochnia","tag-top-temat","main_tag-koszykowka"],"acf":[],"yoast_head":"<!-- This site is optimized with the Yoast SEO plugin v26.9 - https:\/\/yoast.com\/product\/yoast-seo-wordpress\/ -->\n<title>Koszykarki Mosir Bochnia awansowa\u0142y do koszykarskiej ekstraklasy - mojabochnia.pl - portal informacyjny<\/title>\n<meta name=\"robots\" content=\"index, follow, max-snippet:-1, max-image-preview:large, max-video-preview:-1\" \/>\n<link rel=\"canonical\" href=\"https:\/\/www.mojabochnia.pl\/?p=214790\" \/>\n<meta property=\"og:locale\" content=\"pl_PL\" \/>\n<meta property=\"og:type\" content=\"article\" \/>\n<meta property=\"og:title\" content=\"Koszykarki Mosir Bochnia awansowa\u0142y do koszykarskiej ekstraklasy - mojabochnia.pl - portal informacyjny\" \/>\n<meta property=\"og:description\" content=\"Po wygranej 54-68 w pierwszym, wyjazdowym meczu p\u00f3\u0142fina\u0142owym z MKS Pruszk\u00f3w, bochnianki stan\u0119\u0142y dzisiaj przed olbrzymi\u0105 szans\u0105 na rozstrzygni\u0119cie rywalizacji z pruszkowiankami na w\u0142asnym parkiecie. Podopieczne trenera Artura W\u0142odarczyka nie zaprzepa\u015bci\u0142y jej i po kapitalnym meczu wygra\u0142y 72-59. Wygra\u0142y nie tylko awans do fina\u0142u bara\u017cy, ale co najwa\u017cniejsze zapewni\u0142y sobie i Bochni historyczny awans do\" \/>\n<meta property=\"og:url\" content=\"https:\/\/www.mojabochnia.pl\/?p=214790\" \/>\n<meta property=\"og:site_name\" content=\"mojabochnia.pl - portal informacyjny\" \/>\n<meta property=\"article:publisher\" content=\"https:\/\/www.facebook.com\/mojabochnia\" \/>\n<meta property=\"article:published_time\" content=\"2025-04-16T20:39:50+00:00\" \/>\n<meta property=\"article:modified_time\" content=\"2025-04-17T12:55:04+00:00\" \/>\n<meta property=\"og:image\" content=\"https:\/\/www.mojabochnia.pl\/wp-content\/uploads\/2025\/04\/DSC_6161.jpg\" \/>\n\t<meta property=\"og:image:width\" content=\"1500\" \/>\n\t<meta property=\"og:image:height\" content=\"1000\" \/>\n\t<meta property=\"og:image:type\" content=\"image\/jpeg\" \/>\n<meta name=\"author\" content=\"Marcin Kalinowski\" \/>\n<meta name=\"twitter:card\" content=\"summary_large_image\" \/>\n<meta name=\"twitter:label1\" content=\"Written by\" \/>\n\t<meta name=\"twitter:data1\" content=\"Marcin Kalinowski\" \/>\n\t<meta name=\"twitter:label2\" content=\"Est. reading time\" \/>\n\t<meta name=\"twitter:data2\" content=\"1 minuta\" \/>\n<script type=\"application\/ld+json\" class=\"yoast-schema-graph\">{\"@context\":\"https:\/\/schema.org\",\"@graph\":[{\"@type\":\"Article\",\"@id\":\"https:\/\/www.mojabochnia.pl\/?p=214790#article\",\"isPartOf\":{\"@id\":\"https:\/\/www.mojabochnia.pl\/?p=214790\"},\"author\":{\"name\":\"Marcin Kalinowski\",\"@id\":\"https:\/\/www.mojabochnia.pl\/#\/schema\/person\/d4c758656c81ae00e6496831fe7b0792\"},\"headline\":\"Koszykarki Mosir Bochnia awansowa\u0142y do koszykarskiej ekstraklasy\",\"datePublished\":\"2025-04-16T20:39:50+00:00\",\"dateModified\":\"2025-04-17T12:55:04+00:00\",\"mainEntityOfPage\":{\"@id\":\"https:\/\/www.mojabochnia.pl\/?p=214790\"},\"wordCount\":294,\"commentCount\":0,\"publisher\":{\"@id\":\"https:\/\/www.mojabochnia.pl\/#organization\"},\"image\":{\"@id\":\"https:\/\/www.mojabochnia.pl\/?p=214790#primaryimage\"},\"thumbnailUrl\":\"https:\/\/www.mojabochnia.pl\/wp-content\/uploads\/2025\/04\/DSC_6161.jpg\",\"keywords\":[\"I liga koszyk\u00f3wki\",\"koszyk\u00f3wka\",\"MOSiR Bochnia\",\"top temat\"],\"articleSection\":[\"sport\",\"tematyka\"],\"inLanguage\":\"pl-PL\",\"potentialAction\":[{\"@type\":\"CommentAction\",\"name\":\"Comment\",\"target\":[\"https:\/\/www.mojabochnia.pl\/?p=214790#respond\"]}]},{\"@type\":\"WebPage\",\"@id\":\"https:\/\/www.mojabochnia.pl\/?p=214790\",\"url\":\"https:\/\/www.mojabochnia.pl\/?p=214790\",\"name\":\"Koszykarki Mosir Bochnia awansowa\u0142y do koszykarskiej ekstraklasy - mojabochnia.pl - portal informacyjny\",\"isPartOf\":{\"@id\":\"https:\/\/www.mojabochnia.pl\/#website\"},\"primaryImageOfPage\":{\"@id\":\"https:\/\/www.mojabochnia.pl\/?p=214790#primaryimage\"},\"image\":{\"@id\":\"https:\/\/www.mojabochnia.pl\/?p=214790#primaryimage\"},\"thumbnailUrl\":\"https:\/\/www.mojabochnia.pl\/wp-content\/uploads\/2025\/04\/DSC_6161.jpg\",\"datePublished\":\"2025-04-16T20:39:50+00:00\",\"dateModified\":\"2025-04-17T12:55:04+00:00\",\"breadcrumb\":{\"@id\":\"https:\/\/www.mojabochnia.pl\/?p=214790#breadcrumb\"},\"inLanguage\":\"pl-PL\",\"potentialAction\":[{\"@type\":\"ReadAction\",\"target\":[\"https:\/\/www.mojabochnia.pl\/?p=214790\"]}]},{\"@type\":\"ImageObject\",\"inLanguage\":\"pl-PL\",\"@id\":\"https:\/\/www.mojabochnia.pl\/?p=214790#primaryimage\",\"url\":\"https:\/\/www.mojabochnia.pl\/wp-content\/uploads\/2025\/04\/DSC_6161.jpg\",\"contentUrl\":\"https:\/\/www.mojabochnia.pl\/wp-content\/uploads\/2025\/04\/DSC_6161.jpg\",\"width\":1500,\"height\":1000,\"caption\":\"M.Kalinowski\"},{\"@type\":\"BreadcrumbList\",\"@id\":\"https:\/\/www.mojabochnia.pl\/?p=214790#breadcrumb\",\"itemListElement\":[{\"@type\":\"ListItem\",\"position\":1,\"name\":\"Home\",\"item\":\"https:\/\/www.mojabochnia.pl\/\"},{\"@type\":\"ListItem\",\"position\":2,\"name\":\"Koszykarki Mosir Bochnia awansowa\u0142y do koszykarskiej ekstraklasy\"}]},{\"@type\":\"WebSite\",\"@id\":\"https:\/\/www.mojabochnia.pl\/#website\",\"url\":\"https:\/\/www.mojabochnia.pl\/\",\"name\":\"mojabochnia.pl - portal informacyjny\",\"description\":\"mojaBochnia to portal informacyjny o Bochni. Codziennie o Bochni piszemy i pokazujemy najwa\u017cniejsze wydarzenia\",\"publisher\":{\"@id\":\"https:\/\/www.mojabochnia.pl\/#organization\"},\"potentialAction\":[{\"@type\":\"SearchAction\",\"target\":{\"@type\":\"EntryPoint\",\"urlTemplate\":\"https:\/\/www.mojabochnia.pl\/?s={search_term_string}\"},\"query-input\":{\"@type\":\"PropertyValueSpecification\",\"valueRequired\":true,\"valueName\":\"search_term_string\"}}],\"inLanguage\":\"pl-PL\"},{\"@type\":\"Organization\",\"@id\":\"https:\/\/www.mojabochnia.pl\/#organization\",\"name\":\"mojabochnia.pl - portal informacyjny\",\"url\":\"https:\/\/www.mojabochnia.pl\/\",\"logo\":{\"@type\":\"ImageObject\",\"inLanguage\":\"pl-PL\",\"@id\":\"https:\/\/www.mojabochnia.pl\/#\/schema\/logo\/image\/\",\"url\":\"https:\/\/www.mojabochnia.pl\/wp-content\/uploads\/2017\/08\/logo-mb-opt.png\",\"contentUrl\":\"https:\/\/www.mojabochnia.pl\/wp-content\/uploads\/2017\/08\/logo-mb-opt.png\",\"width\":250,\"height\":48,\"caption\":\"mojabochnia.pl - portal informacyjny\"},\"image\":{\"@id\":\"https:\/\/www.mojabochnia.pl\/#\/schema\/logo\/image\/\"},\"sameAs\":[\"https:\/\/www.facebook.com\/mojabochnia\"]},{\"@type\":\"Person\",\"@id\":\"https:\/\/www.mojabochnia.pl\/#\/schema\/person\/d4c758656c81ae00e6496831fe7b0792\",\"name\":\"Marcin Kalinowski\",\"url\":\"https:\/\/www.mojabochnia.pl\/?author=29\"}]}<\/script>\n<!-- \/ Yoast SEO plugin. -->","yoast_head_json":{"title":"Koszykarki Mosir Bochnia awansowa\u0142y do koszykarskiej ekstraklasy - mojabochnia.pl - portal informacyjny","robots":{"index":"index","follow":"follow","max-snippet":"max-snippet:-1","max-image-preview":"max-image-preview:large","max-video-preview":"max-video-preview:-1"},"canonical":"https:\/\/www.mojabochnia.pl\/?p=214790","og_locale":"pl_PL","og_type":"article","og_title":"Koszykarki Mosir Bochnia awansowa\u0142y do koszykarskiej ekstraklasy - mojabochnia.pl - portal informacyjny","og_description":"Po wygranej 54-68 w pierwszym, wyjazdowym meczu p\u00f3\u0142fina\u0142owym z MKS Pruszk\u00f3w, bochnianki stan\u0119\u0142y dzisiaj przed olbrzymi\u0105 szans\u0105 na rozstrzygni\u0119cie rywalizacji z pruszkowiankami na w\u0142asnym parkiecie. Podopieczne trenera Artura W\u0142odarczyka nie zaprzepa\u015bci\u0142y jej i po kapitalnym meczu wygra\u0142y 72-59. Wygra\u0142y nie tylko awans do fina\u0142u bara\u017cy, ale co najwa\u017cniejsze zapewni\u0142y sobie i Bochni historyczny awans do","og_url":"https:\/\/www.mojabochnia.pl\/?p=214790","og_site_name":"mojabochnia.pl - portal informacyjny","article_publisher":"https:\/\/www.facebook.com\/mojabochnia","article_published_time":"2025-04-16T20:39:50+00:00","article_modified_time":"2025-04-17T12:55:04+00:00","og_image":[{"width":1500,"height":1000,"url":"https:\/\/www.mojabochnia.pl\/wp-content\/uploads\/2025\/04\/DSC_6161.jpg","type":"image\/jpeg"}],"author":"Marcin Kalinowski","twitter_card":"summary_large_image","twitter_misc":{"Written by":"Marcin Kalinowski","Est. reading time":"1 minuta"},"schema":{"@context":"https:\/\/schema.org","@graph":[{"@type":"Article","@id":"https:\/\/www.mojabochnia.pl\/?p=214790#article","isPartOf":{"@id":"https:\/\/www.mojabochnia.pl\/?p=214790"},"author":{"name":"Marcin Kalinowski","@id":"https:\/\/www.mojabochnia.pl\/#\/schema\/person\/d4c758656c81ae00e6496831fe7b0792"},"headline":"Koszykarki Mosir Bochnia awansowa\u0142y do koszykarskiej ekstraklasy","datePublished":"2025-04-16T20:39:50+00:00","dateModified":"2025-04-17T12:55:04+00:00","mainEntityOfPage":{"@id":"https:\/\/www.mojabochnia.pl\/?p=214790"},"wordCount":294,"commentCount":0,"publisher":{"@id":"https:\/\/www.mojabochnia.pl\/#organization"},"image":{"@id":"https:\/\/www.mojabochnia.pl\/?p=214790#primaryimage"},"thumbnailUrl":"https:\/\/www.mojabochnia.pl\/wp-content\/uploads\/2025\/04\/DSC_6161.jpg","keywords":["I liga koszyk\u00f3wki","koszyk\u00f3wka","MOSiR Bochnia","top temat"],"articleSection":["sport","tematyka"],"inLanguage":"pl-PL","potentialAction":[{"@type":"CommentAction","name":"Comment","target":["https:\/\/www.mojabochnia.pl\/?p=214790#respond"]}]},{"@type":"WebPage","@id":"https:\/\/www.mojabochnia.pl\/?p=214790","url":"https:\/\/www.mojabochnia.pl\/?p=214790","name":"Koszykarki Mosir Bochnia awansowa\u0142y do koszykarskiej ekstraklasy - mojabochnia.pl - portal informacyjny","isPartOf":{"@id":"https:\/\/www.mojabochnia.pl\/#website"},"primaryImageOfPage":{"@id":"https:\/\/www.mojabochnia.pl\/?p=214790#primaryimage"},"image":{"@id":"https:\/\/www.mojabochnia.pl\/?p=214790#primaryimage"},"thumbnailUrl":"https:\/\/www.mojabochnia.pl\/wp-content\/uploads\/2025\/04\/DSC_6161.jpg","datePublished":"2025-04-16T20:39:50+00:00","dateModified":"2025-04-17T12:55:04+00:00","breadcrumb":{"@id":"https:\/\/www.mojabochnia.pl\/?p=214790#breadcrumb"},"inLanguage":"pl-PL","potentialAction":[{"@type":"ReadAction","target":["https:\/\/www.mojabochnia.pl\/?p=214790"]}]},{"@type":"ImageObject","inLanguage":"pl-PL","@id":"https:\/\/www.mojabochnia.pl\/?p=214790#primaryimage","url":"https:\/\/www.mojabochnia.pl\/wp-content\/uploads\/2025\/04\/DSC_6161.jpg","contentUrl":"https:\/\/www.mojabochnia.pl\/wp-content\/uploads\/2025\/04\/DSC_6161.jpg","width":1500,"height":1000,"caption":"M.Kalinowski"},{"@type":"BreadcrumbList","@id":"https:\/\/www.mojabochnia.pl\/?p=214790#breadcrumb","itemListElement":[{"@type":"ListItem","position":1,"name":"Home","item":"https:\/\/www.mojabochnia.pl\/"},{"@type":"ListItem","position":2,"name":"Koszykarki Mosir Bochnia awansowa\u0142y do koszykarskiej ekstraklasy"}]},{"@type":"WebSite","@id":"https:\/\/www.mojabochnia.pl\/#website","url":"https:\/\/www.mojabochnia.pl\/","name":"mojabochnia.pl - portal informacyjny","description":"mojaBochnia to portal informacyjny o Bochni. Codziennie o Bochni piszemy i pokazujemy najwa\u017cniejsze wydarzenia","publisher":{"@id":"https:\/\/www.mojabochnia.pl\/#organization"},"potentialAction":[{"@type":"SearchAction","target":{"@type":"EntryPoint","urlTemplate":"https:\/\/www.mojabochnia.pl\/?s={search_term_string}"},"query-input":{"@type":"PropertyValueSpecification","valueRequired":true,"valueName":"search_term_string"}}],"inLanguage":"pl-PL"},{"@type":"Organization","@id":"https:\/\/www.mojabochnia.pl\/#organization","name":"mojabochnia.pl - portal informacyjny","url":"https:\/\/www.mojabochnia.pl\/","logo":{"@type":"ImageObject","inLanguage":"pl-PL","@id":"https:\/\/www.mojabochnia.pl\/#\/schema\/logo\/image\/","url":"https:\/\/www.mojabochnia.pl\/wp-content\/uploads\/2017\/08\/logo-mb-opt.png","contentUrl":"https:\/\/www.mojabochnia.pl\/wp-content\/uploads\/2017\/08\/logo-mb-opt.png","width":250,"height":48,"caption":"mojabochnia.pl - portal informacyjny"},"image":{"@id":"https:\/\/www.mojabochnia.pl\/#\/schema\/logo\/image\/"},"sameAs":["https:\/\/www.facebook.com\/mojabochnia"]},{"@type":"Person","@id":"https:\/\/www.mojabochnia.pl\/#\/schema\/person\/d4c758656c81ae00e6496831fe7b0792","name":"Marcin Kalinowski","url":"https:\/\/www.mojabochnia.pl\/?author=29"}]}},"_links":{"self":[{"href":"https:\/\/www.mojabochnia.pl\/index.php?rest_route=\/wp\/v2\/posts\/214790","targetHints":{"allow":["GET"]}}],"collection":[{"href":"https:\/\/www.mojabochnia.pl\/index.php?rest_route=\/wp\/v2\/posts"}],"about":[{"href":"https:\/\/www.mojabochnia.pl\/index.php?rest_route=\/wp\/v2\/types\/post"}],"author":[{"embeddable":true,"href":"https:\/\/www.mojabochnia.pl\/index.php?rest_route=\/wp\/v2\/users\/29"}],"replies":[{"embeddable":true,"href":"https:\/\/www.mojabochnia.pl\/index.php?rest_route=%2Fwp%2Fv2%2Fcomments&post=214790"}],"version-history":[{"count":3,"href":"https:\/\/www.mojabochnia.pl\/index.php?rest_route=\/wp\/v2\/posts\/214790\/revisions"}],"predecessor-version":[{"id":214836,"href":"https:\/\/www.mojabochnia.pl\/index.php?rest_route=\/wp\/v2\/posts\/214790\/revisions\/214836"}],"wp:featuredmedia":[{"embeddable":true,"href":"https:\/\/www.mojabochnia.pl\/index.php?rest_route=\/wp\/v2\/media\/214808"}],"wp:attachment":[{"href":"https:\/\/www.mojabochnia.pl\/index.php?rest_route=%2Fwp%2Fv2%2Fmedia&parent=214790"}],"wp:term":[{"taxonomy":"category","embeddable":true,"href":"https:\/\/www.mojabochnia.pl\/index.php?rest_route=%2Fwp%2Fv2%2Fcategories&post=214790"},{"taxonomy":"post_tag","embeddable":true,"href":"https:\/\/www.mojabochnia.pl\/index.php?rest_route=%2Fwp%2Fv2%2Ftags&post=214790"}],"curies":[{"name":"wp","href":"https:\/\/api.w.org\/{rel}","templated":true}]}}