{"id":214126,"date":"2025-03-26T09:44:48","date_gmt":"2025-03-26T08:44:48","guid":{"rendered":"https:\/\/www.mojabochnia.pl\/?p=214126"},"modified":"2025-03-27T06:24:46","modified_gmt":"2025-03-27T05:24:46","slug":"skrzyzowanie-krzeczowskiej-io-karoliny-teraz-bezpieczniejsze-i-wygodniejsze","status":"publish","type":"post","link":"https:\/\/www.mojabochnia.pl\/?p=214126","title":{"rendered":"Skrzy\u017cowanie Krzeczowskiej i Karoliny &#8211; teraz bezpieczniejsze i wygodniejsze"},"content":{"rendered":"<p><strong>Starostwo Powiatowe w Bochni zrealizowa\u0142o kolejn\u0105 wa\u017cn\u0105 inwestycj\u0119 drogow\u0105, kt\u00f3ra znacz\u0105co poprawia bezpiecze\u0144stwo i komfort jazdy. Przebudowa skrzy\u017cowania ulic Karolina i Krzeczowskiej to zmiana, na kt\u00f3r\u0105 czekali zar\u00f3wno mieszka\u0144cy Bochni, jak i kierowcy korzystaj\u0105cy z tej trasy.<\/strong><\/p>\n<p><iframe loading=\"lazy\" title=\"Rondo ul. Krzeczowska\" width=\"640\" height=\"360\" src=\"https:\/\/www.youtube.com\/embed\/0UwQvh--ny0?feature=oembed\" frameborder=\"0\" allow=\"accelerometer; autoplay; clipboard-write; encrypted-media; gyroscope; picture-in-picture; web-share\" referrerpolicy=\"strict-origin-when-cross-origin\" allowfullscreen><\/iframe><\/p>\n<p>Nowo powsta\u0142e rondo, usprawnia ruch, zwi\u0119ksza p\u0142ynno\u015b\u0107 komunikacyjn\u0105 i zmniejsza ryzyko kolizji. Opr\u00f3cz nowej jezdni, kierowcy zyskali wygodniejszy dojazd do posesji, a piesi i rowerzy\u015bci mog\u0105 korzysta\u0107 z nowoczesnej \u015bcie\u017cki pieszo-rowerowej, zapewniaj\u0105cej im bezpieczne poruszanie si\u0119 po okolicy.<\/p>\n<p class=\"\" data-start=\"793\" data-end=\"1081\">Modernizacja obj\u0119\u0142a tak\u017ce infrastruktur\u0119 podziemn\u0105 \u2013 przebudowano sieci gazowe, wodoci\u0105gowe, kanalizacyjne i teletechniczne. Dodatkowo zamontowano nowe o\u015bwietlenie uliczne oraz ekrany akustyczne, co nie tylko podnosi komfort \u017cycia mieszka\u0144c\u00f3w, ale te\u017c zwi\u0119ksza bezpiecze\u0144stwo na drodze.<\/p>\n<p class=\"\" data-start=\"1083\" data-end=\"1288\">Koszt inwestycji wyni\u00f3s\u0142 blisko 5 milion\u00f3w z\u0142otych. Przedsi\u0119wzi\u0119cie zosta\u0142o dofinansowane z rezerwy subwencji og\u00f3lnej Ministerstwa Infrastruktury oraz \u015brodk\u00f3w Gminy Miasta Bochnia i Powiatu Boche\u0144skiego.<\/p>\n<p class=\"\" data-start=\"1290\" data-end=\"1493\">Nowe rondo to nie tylko poprawa infrastruktury, ale przede wszystkim lepsza jako\u015b\u0107 codziennego \u017cycia \u2013 bezpieczniejsze skrzy\u017cowanie, p\u0142ynniejszy ruch i wi\u0119kszy komfort dla wszystkich uczestnik\u00f3w drogi.<\/p>\n","protected":false},"excerpt":{"rendered":"<p>Starostwo Powiatowe w Bochni zrealizowa\u0142o kolejn\u0105 wa\u017cn\u0105 inwestycj\u0119 drogow\u0105, kt\u00f3ra znacz\u0105co poprawia bezpiecze\u0144stwo i komfort jazdy. Przebudowa skrzy\u017cowania ulic Karolina i Krzeczowskiej to zmiana, na kt\u00f3r\u0105 czekali zar\u00f3wno mieszka\u0144cy Bochni, jak i kierowcy korzystaj\u0105cy z tej trasy. Nowo powsta\u0142e rondo, usprawnia ruch, zwi\u0119ksza p\u0142ynno\u015b\u0107 komunikacyjn\u0105 i zmniejsza ryzyko kolizji. Opr\u00f3cz nowej jezdni, kierowcy zyskali wygodniejszy<\/p>\n","protected":false},"author":13,"featured_media":214128,"comment_status":"open","ping_status":"closed","sticky":false,"template":"","format":"standard","meta":{"_acf_changed":false,"footnotes":""},"categories":[6251,6250],"tags":[22497,3559,17127,19720,22496,21615],"class_list":["post-214126","post","type-post","status-publish","format-standard","has-post-thumbnail","hentry","category-polityka-i-wydarzenia","category-tematyka","tag-bnochnia","tag-inwestycje-drogowe","tag-powiat-bochenski","tag-top-temat","tag-ulica-kariolina","tag-ulica-krzeczowska","main_tag-powiat-bochenski"],"acf":[],"yoast_head":"<!-- This site is optimized with the Yoast SEO plugin v26.9 - https:\/\/yoast.com\/product\/yoast-seo-wordpress\/ -->\n<title>Skrzy\u017cowanie Krzeczowskiej i Karoliny - teraz bezpieczniejsze i wygodniejsze - mojabochnia.pl - portal informacyjny<\/title>\n<meta name=\"robots\" content=\"index, follow, max-snippet:-1, max-image-preview:large, max-video-preview:-1\" \/>\n<link rel=\"canonical\" href=\"https:\/\/www.mojabochnia.pl\/?p=214126\" \/>\n<meta property=\"og:locale\" content=\"pl_PL\" \/>\n<meta property=\"og:type\" content=\"article\" \/>\n<meta property=\"og:title\" content=\"Skrzy\u017cowanie Krzeczowskiej i Karoliny - teraz bezpieczniejsze i wygodniejsze - mojabochnia.pl - portal informacyjny\" \/>\n<meta property=\"og:description\" content=\"Starostwo Powiatowe w Bochni zrealizowa\u0142o kolejn\u0105 wa\u017cn\u0105 inwestycj\u0119 drogow\u0105, kt\u00f3ra znacz\u0105co poprawia bezpiecze\u0144stwo i komfort jazdy. Przebudowa skrzy\u017cowania ulic Karolina i Krzeczowskiej to zmiana, na kt\u00f3r\u0105 czekali zar\u00f3wno mieszka\u0144cy Bochni, jak i kierowcy korzystaj\u0105cy z tej trasy. Nowo powsta\u0142e rondo, usprawnia ruch, zwi\u0119ksza p\u0142ynno\u015b\u0107 komunikacyjn\u0105 i zmniejsza ryzyko kolizji. Opr\u00f3cz nowej jezdni, kierowcy zyskali wygodniejszy\" \/>\n<meta property=\"og:url\" content=\"https:\/\/www.mojabochnia.pl\/?p=214126\" \/>\n<meta property=\"og:site_name\" content=\"mojabochnia.pl - portal informacyjny\" \/>\n<meta property=\"article:publisher\" content=\"https:\/\/www.facebook.com\/mojabochnia\" \/>\n<meta property=\"article:published_time\" content=\"2025-03-26T08:44:48+00:00\" \/>\n<meta property=\"article:modified_time\" content=\"2025-03-27T05:24:46+00:00\" \/>\n<meta property=\"og:image\" content=\"https:\/\/www.mojabochnia.pl\/wp-content\/uploads\/2025\/03\/krzeczowska_6-scaled-e1742978563282.jpg\" \/>\n\t<meta property=\"og:image:width\" content=\"1500\" \/>\n\t<meta property=\"og:image:height\" content=\"844\" \/>\n\t<meta property=\"og:image:type\" content=\"image\/jpeg\" \/>\n<meta name=\"author\" content=\"redakcja\" \/>\n<meta name=\"twitter:card\" content=\"summary_large_image\" \/>\n<meta name=\"twitter:label1\" content=\"Written by\" \/>\n\t<meta name=\"twitter:data1\" content=\"redakcja\" \/>\n\t<meta name=\"twitter:label2\" content=\"Est. reading time\" \/>\n\t<meta name=\"twitter:data2\" content=\"1 minuta\" \/>\n<script type=\"application\/ld+json\" class=\"yoast-schema-graph\">{\"@context\":\"https:\/\/schema.org\",\"@graph\":[{\"@type\":\"Article\",\"@id\":\"https:\/\/www.mojabochnia.pl\/?p=214126#article\",\"isPartOf\":{\"@id\":\"https:\/\/www.mojabochnia.pl\/?p=214126\"},\"author\":{\"name\":\"redakcja\",\"@id\":\"https:\/\/www.mojabochnia.pl\/#\/schema\/person\/7e2f20ead9902216a3384f13606c0ab7\"},\"headline\":\"Skrzy\u017cowanie Krzeczowskiej i Karoliny &#8211; teraz bezpieczniejsze i wygodniejsze\",\"datePublished\":\"2025-03-26T08:44:48+00:00\",\"dateModified\":\"2025-03-27T05:24:46+00:00\",\"mainEntityOfPage\":{\"@id\":\"https:\/\/www.mojabochnia.pl\/?p=214126\"},\"wordCount\":211,\"commentCount\":0,\"publisher\":{\"@id\":\"https:\/\/www.mojabochnia.pl\/#organization\"},\"image\":{\"@id\":\"https:\/\/www.mojabochnia.pl\/?p=214126#primaryimage\"},\"thumbnailUrl\":\"https:\/\/www.mojabochnia.pl\/wp-content\/uploads\/2025\/03\/krzeczowska_6-scaled-e1742978563282.jpg\",\"keywords\":[\"bnochnia\",\"inwestycje drogowe\",\"powiat boche\u0144ski\",\"top temat\",\"ulica kariolina\",\"ulica krzeczowska\"],\"articleSection\":[\"polityka i wydarzenia\",\"tematyka\"],\"inLanguage\":\"pl-PL\",\"potentialAction\":[{\"@type\":\"CommentAction\",\"name\":\"Comment\",\"target\":[\"https:\/\/www.mojabochnia.pl\/?p=214126#respond\"]}]},{\"@type\":\"WebPage\",\"@id\":\"https:\/\/www.mojabochnia.pl\/?p=214126\",\"url\":\"https:\/\/www.mojabochnia.pl\/?p=214126\",\"name\":\"Skrzy\u017cowanie Krzeczowskiej i Karoliny - teraz bezpieczniejsze i wygodniejsze - mojabochnia.pl - portal informacyjny\",\"isPartOf\":{\"@id\":\"https:\/\/www.mojabochnia.pl\/#website\"},\"primaryImageOfPage\":{\"@id\":\"https:\/\/www.mojabochnia.pl\/?p=214126#primaryimage\"},\"image\":{\"@id\":\"https:\/\/www.mojabochnia.pl\/?p=214126#primaryimage\"},\"thumbnailUrl\":\"https:\/\/www.mojabochnia.pl\/wp-content\/uploads\/2025\/03\/krzeczowska_6-scaled-e1742978563282.jpg\",\"datePublished\":\"2025-03-26T08:44:48+00:00\",\"dateModified\":\"2025-03-27T05:24:46+00:00\",\"breadcrumb\":{\"@id\":\"https:\/\/www.mojabochnia.pl\/?p=214126#breadcrumb\"},\"inLanguage\":\"pl-PL\",\"potentialAction\":[{\"@type\":\"ReadAction\",\"target\":[\"https:\/\/www.mojabochnia.pl\/?p=214126\"]}]},{\"@type\":\"ImageObject\",\"inLanguage\":\"pl-PL\",\"@id\":\"https:\/\/www.mojabochnia.pl\/?p=214126#primaryimage\",\"url\":\"https:\/\/www.mojabochnia.pl\/wp-content\/uploads\/2025\/03\/krzeczowska_6-scaled-e1742978563282.jpg\",\"contentUrl\":\"https:\/\/www.mojabochnia.pl\/wp-content\/uploads\/2025\/03\/krzeczowska_6-scaled-e1742978563282.jpg\",\"width\":1500,\"height\":844},{\"@type\":\"BreadcrumbList\",\"@id\":\"https:\/\/www.mojabochnia.pl\/?p=214126#breadcrumb\",\"itemListElement\":[{\"@type\":\"ListItem\",\"position\":1,\"name\":\"Home\",\"item\":\"https:\/\/www.mojabochnia.pl\/\"},{\"@type\":\"ListItem\",\"position\":2,\"name\":\"Skrzy\u017cowanie Krzeczowskiej i Karoliny &#8211; teraz bezpieczniejsze i wygodniejsze\"}]},{\"@type\":\"WebSite\",\"@id\":\"https:\/\/www.mojabochnia.pl\/#website\",\"url\":\"https:\/\/www.mojabochnia.pl\/\",\"name\":\"mojabochnia.pl - portal informacyjny\",\"description\":\"mojaBochnia to portal informacyjny o Bochni. Codziennie o Bochni piszemy i pokazujemy najwa\u017cniejsze wydarzenia\",\"publisher\":{\"@id\":\"https:\/\/www.mojabochnia.pl\/#organization\"},\"potentialAction\":[{\"@type\":\"SearchAction\",\"target\":{\"@type\":\"EntryPoint\",\"urlTemplate\":\"https:\/\/www.mojabochnia.pl\/?s={search_term_string}\"},\"query-input\":{\"@type\":\"PropertyValueSpecification\",\"valueRequired\":true,\"valueName\":\"search_term_string\"}}],\"inLanguage\":\"pl-PL\"},{\"@type\":\"Organization\",\"@id\":\"https:\/\/www.mojabochnia.pl\/#organization\",\"name\":\"mojabochnia.pl - portal informacyjny\",\"url\":\"https:\/\/www.mojabochnia.pl\/\",\"logo\":{\"@type\":\"ImageObject\",\"inLanguage\":\"pl-PL\",\"@id\":\"https:\/\/www.mojabochnia.pl\/#\/schema\/logo\/image\/\",\"url\":\"https:\/\/www.mojabochnia.pl\/wp-content\/uploads\/2017\/08\/logo-mb-opt.png\",\"contentUrl\":\"https:\/\/www.mojabochnia.pl\/wp-content\/uploads\/2017\/08\/logo-mb-opt.png\",\"width\":250,\"height\":48,\"caption\":\"mojabochnia.pl - portal informacyjny\"},\"image\":{\"@id\":\"https:\/\/www.mojabochnia.pl\/#\/schema\/logo\/image\/\"},\"sameAs\":[\"https:\/\/www.facebook.com\/mojabochnia\"]},{\"@type\":\"Person\",\"@id\":\"https:\/\/www.mojabochnia.pl\/#\/schema\/person\/7e2f20ead9902216a3384f13606c0ab7\",\"name\":\"redakcja\",\"sameAs\":[\"http:\/\/\"],\"url\":\"https:\/\/www.mojabochnia.pl\/?author=13\"}]}<\/script>\n<!-- \/ Yoast SEO plugin. -->","yoast_head_json":{"title":"Skrzy\u017cowanie Krzeczowskiej i Karoliny - teraz bezpieczniejsze i wygodniejsze - mojabochnia.pl - portal informacyjny","robots":{"index":"index","follow":"follow","max-snippet":"max-snippet:-1","max-image-preview":"max-image-preview:large","max-video-preview":"max-video-preview:-1"},"canonical":"https:\/\/www.mojabochnia.pl\/?p=214126","og_locale":"pl_PL","og_type":"article","og_title":"Skrzy\u017cowanie Krzeczowskiej i Karoliny - teraz bezpieczniejsze i wygodniejsze - mojabochnia.pl - portal informacyjny","og_description":"Starostwo Powiatowe w Bochni zrealizowa\u0142o kolejn\u0105 wa\u017cn\u0105 inwestycj\u0119 drogow\u0105, kt\u00f3ra znacz\u0105co poprawia bezpiecze\u0144stwo i komfort jazdy. Przebudowa skrzy\u017cowania ulic Karolina i Krzeczowskiej to zmiana, na kt\u00f3r\u0105 czekali zar\u00f3wno mieszka\u0144cy Bochni, jak i kierowcy korzystaj\u0105cy z tej trasy. Nowo powsta\u0142e rondo, usprawnia ruch, zwi\u0119ksza p\u0142ynno\u015b\u0107 komunikacyjn\u0105 i zmniejsza ryzyko kolizji. Opr\u00f3cz nowej jezdni, kierowcy zyskali wygodniejszy","og_url":"https:\/\/www.mojabochnia.pl\/?p=214126","og_site_name":"mojabochnia.pl - portal informacyjny","article_publisher":"https:\/\/www.facebook.com\/mojabochnia","article_published_time":"2025-03-26T08:44:48+00:00","article_modified_time":"2025-03-27T05:24:46+00:00","og_image":[{"width":1500,"height":844,"url":"https:\/\/www.mojabochnia.pl\/wp-content\/uploads\/2025\/03\/krzeczowska_6-scaled-e1742978563282.jpg","type":"image\/jpeg"}],"author":"redakcja","twitter_card":"summary_large_image","twitter_misc":{"Written by":"redakcja","Est. reading time":"1 minuta"},"schema":{"@context":"https:\/\/schema.org","@graph":[{"@type":"Article","@id":"https:\/\/www.mojabochnia.pl\/?p=214126#article","isPartOf":{"@id":"https:\/\/www.mojabochnia.pl\/?p=214126"},"author":{"name":"redakcja","@id":"https:\/\/www.mojabochnia.pl\/#\/schema\/person\/7e2f20ead9902216a3384f13606c0ab7"},"headline":"Skrzy\u017cowanie Krzeczowskiej i Karoliny &#8211; teraz bezpieczniejsze i wygodniejsze","datePublished":"2025-03-26T08:44:48+00:00","dateModified":"2025-03-27T05:24:46+00:00","mainEntityOfPage":{"@id":"https:\/\/www.mojabochnia.pl\/?p=214126"},"wordCount":211,"commentCount":0,"publisher":{"@id":"https:\/\/www.mojabochnia.pl\/#organization"},"image":{"@id":"https:\/\/www.mojabochnia.pl\/?p=214126#primaryimage"},"thumbnailUrl":"https:\/\/www.mojabochnia.pl\/wp-content\/uploads\/2025\/03\/krzeczowska_6-scaled-e1742978563282.jpg","keywords":["bnochnia","inwestycje drogowe","powiat boche\u0144ski","top temat","ulica kariolina","ulica krzeczowska"],"articleSection":["polityka i wydarzenia","tematyka"],"inLanguage":"pl-PL","potentialAction":[{"@type":"CommentAction","name":"Comment","target":["https:\/\/www.mojabochnia.pl\/?p=214126#respond"]}]},{"@type":"WebPage","@id":"https:\/\/www.mojabochnia.pl\/?p=214126","url":"https:\/\/www.mojabochnia.pl\/?p=214126","name":"Skrzy\u017cowanie Krzeczowskiej i Karoliny - teraz bezpieczniejsze i wygodniejsze - mojabochnia.pl - portal informacyjny","isPartOf":{"@id":"https:\/\/www.mojabochnia.pl\/#website"},"primaryImageOfPage":{"@id":"https:\/\/www.mojabochnia.pl\/?p=214126#primaryimage"},"image":{"@id":"https:\/\/www.mojabochnia.pl\/?p=214126#primaryimage"},"thumbnailUrl":"https:\/\/www.mojabochnia.pl\/wp-content\/uploads\/2025\/03\/krzeczowska_6-scaled-e1742978563282.jpg","datePublished":"2025-03-26T08:44:48+00:00","dateModified":"2025-03-27T05:24:46+00:00","breadcrumb":{"@id":"https:\/\/www.mojabochnia.pl\/?p=214126#breadcrumb"},"inLanguage":"pl-PL","potentialAction":[{"@type":"ReadAction","target":["https:\/\/www.mojabochnia.pl\/?p=214126"]}]},{"@type":"ImageObject","inLanguage":"pl-PL","@id":"https:\/\/www.mojabochnia.pl\/?p=214126#primaryimage","url":"https:\/\/www.mojabochnia.pl\/wp-content\/uploads\/2025\/03\/krzeczowska_6-scaled-e1742978563282.jpg","contentUrl":"https:\/\/www.mojabochnia.pl\/wp-content\/uploads\/2025\/03\/krzeczowska_6-scaled-e1742978563282.jpg","width":1500,"height":844},{"@type":"BreadcrumbList","@id":"https:\/\/www.mojabochnia.pl\/?p=214126#breadcrumb","itemListElement":[{"@type":"ListItem","position":1,"name":"Home","item":"https:\/\/www.mojabochnia.pl\/"},{"@type":"ListItem","position":2,"name":"Skrzy\u017cowanie Krzeczowskiej i Karoliny &#8211; teraz bezpieczniejsze i wygodniejsze"}]},{"@type":"WebSite","@id":"https:\/\/www.mojabochnia.pl\/#website","url":"https:\/\/www.mojabochnia.pl\/","name":"mojabochnia.pl - portal informacyjny","description":"mojaBochnia to portal informacyjny o Bochni. Codziennie o Bochni piszemy i pokazujemy najwa\u017cniejsze wydarzenia","publisher":{"@id":"https:\/\/www.mojabochnia.pl\/#organization"},"potentialAction":[{"@type":"SearchAction","target":{"@type":"EntryPoint","urlTemplate":"https:\/\/www.mojabochnia.pl\/?s={search_term_string}"},"query-input":{"@type":"PropertyValueSpecification","valueRequired":true,"valueName":"search_term_string"}}],"inLanguage":"pl-PL"},{"@type":"Organization","@id":"https:\/\/www.mojabochnia.pl\/#organization","name":"mojabochnia.pl - portal informacyjny","url":"https:\/\/www.mojabochnia.pl\/","logo":{"@type":"ImageObject","inLanguage":"pl-PL","@id":"https:\/\/www.mojabochnia.pl\/#\/schema\/logo\/image\/","url":"https:\/\/www.mojabochnia.pl\/wp-content\/uploads\/2017\/08\/logo-mb-opt.png","contentUrl":"https:\/\/www.mojabochnia.pl\/wp-content\/uploads\/2017\/08\/logo-mb-opt.png","width":250,"height":48,"caption":"mojabochnia.pl - portal informacyjny"},"image":{"@id":"https:\/\/www.mojabochnia.pl\/#\/schema\/logo\/image\/"},"sameAs":["https:\/\/www.facebook.com\/mojabochnia"]},{"@type":"Person","@id":"https:\/\/www.mojabochnia.pl\/#\/schema\/person\/7e2f20ead9902216a3384f13606c0ab7","name":"redakcja","sameAs":["http:\/\/"],"url":"https:\/\/www.mojabochnia.pl\/?author=13"}]}},"_links":{"self":[{"href":"https:\/\/www.mojabochnia.pl\/index.php?rest_route=\/wp\/v2\/posts\/214126","targetHints":{"allow":["GET"]}}],"collection":[{"href":"https:\/\/www.mojabochnia.pl\/index.php?rest_route=\/wp\/v2\/posts"}],"about":[{"href":"https:\/\/www.mojabochnia.pl\/index.php?rest_route=\/wp\/v2\/types\/post"}],"author":[{"embeddable":true,"href":"https:\/\/www.mojabochnia.pl\/index.php?rest_route=\/wp\/v2\/users\/13"}],"replies":[{"embeddable":true,"href":"https:\/\/www.mojabochnia.pl\/index.php?rest_route=%2Fwp%2Fv2%2Fcomments&post=214126"}],"version-history":[{"count":2,"href":"https:\/\/www.mojabochnia.pl\/index.php?rest_route=\/wp\/v2\/posts\/214126\/revisions"}],"predecessor-version":[{"id":214303,"href":"https:\/\/www.mojabochnia.pl\/index.php?rest_route=\/wp\/v2\/posts\/214126\/revisions\/214303"}],"wp:featuredmedia":[{"embeddable":true,"href":"https:\/\/www.mojabochnia.pl\/index.php?rest_route=\/wp\/v2\/media\/214128"}],"wp:attachment":[{"href":"https:\/\/www.mojabochnia.pl\/index.php?rest_route=%2Fwp%2Fv2%2Fmedia&parent=214126"}],"wp:term":[{"taxonomy":"category","embeddable":true,"href":"https:\/\/www.mojabochnia.pl\/index.php?rest_route=%2Fwp%2Fv2%2Fcategories&post=214126"},{"taxonomy":"post_tag","embeddable":true,"href":"https:\/\/www.mojabochnia.pl\/index.php?rest_route=%2Fwp%2Fv2%2Ftags&post=214126"}],"curies":[{"name":"wp","href":"https:\/\/api.w.org\/{rel}","templated":true}]}}