{"id":2136,"date":"2008-10-16T12:57:32","date_gmt":"2008-10-16T10:57:32","guid":{"rendered":"http:\/\/www.mojabochnia.pl\/?p=2136"},"modified":"2009-04-16T12:56:51","modified_gmt":"2009-04-16T10:56:51","slug":"dla-papieza-ktory-patrzy-na-nas-z-nieba","status":"publish","type":"post","link":"https:\/\/www.mojabochnia.pl\/?p=2136","title":{"rendered":"Dla Papie\u017ca, kt\u00f3ry patrzy na nas z nieba"},"content":{"rendered":"<p>&#8211; <em>Ta flaga to nasz dar dla ojca \u015awi\u0119tego. Skierowali\u015bmy j\u0105 do nieba, \u017ceby pokaza\u0107 Papie\u017cowi, kt\u00f3ry stamt\u0105d na nas patrzy, jak bardzo Go kochamy <\/em>\u2013 m\u00f3wi\u0142y dzieci ze Szko\u0142y Podstawowej nr 7 im. Jana Paw\u0142a II, bior\u0105ce udzia\u0142 w tworzeniu \u017c\u00f3\u0142to \u2013 bia\u0142ego znaku. <\/p>\n<p>\u017bywa flaga zosta\u0142a utworzona z dzieci, kt\u00f3re trzyma\u0142y \u017c\u00f3\u0142te i bia\u0142e kartki nad g\u0142ow\u0105. \u2013 <em>Teraz bol\u0105 nas r\u0119ce, wi\u0119c odpoczywamy<\/em> \u2013 m\u00f3wili najm\u0142odsi uczestnicy przedsi\u0119wzi\u0119cia po jego zako\u0144czeniu. <\/p>\n<p>Sfotografowanie papieskiej flagi w ca\u0142o\u015bci by\u0142o mo\u017cliwe dzi\u0119ki u\u017cyciu stra\u017cackiego podno\u015bnika, kt\u00f3rym dziennikarze mogli wyjecha\u0107 na odpowiednia wysoko\u015b\u0107. <\/p>\n<p>Na rynku zaprezentowano tak\u017ce powi\u0119kszone reprodukcje trzech zdj\u0119\u0107 pochodz\u0105cych ze zbior\u00f3w boche\u0144skiego muzeum. Na jednym kardyna\u0142 Karol Wojty\u0142a przemawia do t\u0142umu wiernych w Lipnicy Murowanej podczas uroczysto\u015bci pobeatyfikacyjnych ku czci b\u0142. Marii Teresy Led\u00f3chowskiej w 1976 roku, na kolejnym w towarzystwie kardyna\u0142a Stefana Wyszy\u0144skiego idzie lipnickimi ulicami, a na ostatnia fotografia przedstawia Karola Wojty\u0142\u0119 w Okulicach na uroczysto\u015bci koronacji cudownego obrazu Matki Bo\u017cej z Dzieci\u0105tkiem, zwanej Okulick\u0105 w 1962 roku. <\/p>\n<p>Na wystawie mo\u017cna by\u0142o tak\u017ce zobaczy\u0107 telegram, kt\u00f3ry przes\u0142a\u0142 Jan Pawe\u0142 II do biskupa tarnowskiego Jerzego Ablewicza z okazji 50-tej rocznicy koronacji cudownego obrazu Matki Bo\u017cej R\u00f3\u017ca\u0144cowej w 1985 roku. Zaprezentowano tak\u017ce dokumenty z boche\u0144skiego oddzia\u0142u Archiwum Pa\u0144stwowego w Krakowie. Prezentowane dokumenty pochodz\u0105 z sierpnia 1949 roku i zosta\u0142y wytworzone przez boche\u0144skie Starostwo Powiatowe a zawieraj\u0105 wykaz ksi\u0119\u017cy z terenu powiatu, kt\u00f3rzy zostali usystematyzowani pod wzgl\u0119dem stosunku \u201edo w\u0142adzy ludowej\u201d. W\u015br\u00f3d nich jest tak\u017ce ksi\u0105dz Karol Wojty\u0142a, kt\u00f3ry w tym czasie pracowa\u0142 jako wikary w Niegowici.  <\/p>\n<p><img decoding=\"async\" src=\"\/f\/2008\/10\/081016_at_zywa_flaga_papieska1.jpg\" alt=\"null\" \/><br \/>\n<img decoding=\"async\" src=\"\/f\/2008\/10\/081016_at_zywa_flaga_papieska2.jpg\" alt=\"null\" \/><br \/>\n<img decoding=\"async\" src=\"\/f\/2008\/10\/081016_at_zywa_flaga_papieska3.jpg\" alt=\"null\" \/><br \/>\n<img decoding=\"async\" src=\"\/f\/2008\/10\/081016_at_zywa_flaga_papieska4.jpg\" alt=\"null\" \/><br \/>\n<img decoding=\"async\" src=\"\/f\/2008\/10\/081016_at_zywa_flaga_papieska5.jpg\" alt=\"null\" \/><br \/>\n<img decoding=\"async\" src=\"\/f\/2008\/10\/081016_at_zywa_flaga_papieska6.jpg\" alt=\"null\" \/><br \/>\n<img decoding=\"async\" src=\"\/f\/2008\/10\/081016_at_zywa_flaga_papieska7.jpg\" alt=\"null\" \/><\/p>\n","protected":false},"excerpt":{"rendered":"<p>W ramach obchod\u00f3w Dnia Papieskiego dzieci ze Szko\u0142y Podstawowej nr 7 na boche\u0144skim rynku utworzy\u0142y \u017cyw\u0105 papiesk\u0105 flag\u0119. Zaprezentowano tak\u017ce zdj\u0119cia Karola Wojty\u0142y, z wizyt na boche\u0144skiej ziemi. <\/p>\n","protected":false},"author":1,"featured_media":0,"comment_status":"open","ping_status":"closed","sticky":false,"template":"","format":"standard","meta":{"_acf_changed":false,"footnotes":""},"categories":[5,11],"tags":[17313,1118,17316,17283,281,1217,17125,17207,17424,17208,17348,17174,17141,387,17157,1216],"class_list":["post-2136","post","type-post","status-publish","format-standard","hentry","category-biezace-wydarzenia","category-top-temat","tag-archiwum-panstwowe","tag-dzien-papieski","tag-dziennikarze","tag-fotografia","tag-jan-pawel-ii","tag-kardynal-stefan-wyszynski","tag-lipnica","tag-niegowic","tag-obchody","tag-okulice","tag-rynek","tag-starostwo-powiatowe","tag-straz-pozarna","tag-szkola-podstawowa-nr-7","tag-wystawa","tag-zywa-flaga"],"acf":[],"yoast_head":"<!-- This site is optimized with the Yoast SEO plugin v26.9 - https:\/\/yoast.com\/product\/yoast-seo-wordpress\/ -->\n<title>Dla Papie\u017ca, kt\u00f3ry patrzy na nas z nieba - mojabochnia.pl - portal informacyjny<\/title>\n<meta name=\"robots\" content=\"index, follow, max-snippet:-1, max-image-preview:large, max-video-preview:-1\" \/>\n<link rel=\"canonical\" href=\"https:\/\/www.mojabochnia.pl\/?p=2136\" \/>\n<meta property=\"og:locale\" content=\"pl_PL\" \/>\n<meta property=\"og:type\" content=\"article\" \/>\n<meta property=\"og:title\" content=\"Dla Papie\u017ca, kt\u00f3ry patrzy na nas z nieba - mojabochnia.pl - portal informacyjny\" \/>\n<meta property=\"og:description\" content=\"W ramach obchod\u00f3w Dnia Papieskiego dzieci ze Szko\u0142y Podstawowej nr 7 na boche\u0144skim rynku utworzy\u0142y \u017cyw\u0105 papiesk\u0105 flag\u0119. Zaprezentowano tak\u017ce zdj\u0119cia Karola Wojty\u0142y, z wizyt na boche\u0144skiej ziemi.\" \/>\n<meta property=\"og:url\" content=\"https:\/\/www.mojabochnia.pl\/?p=2136\" \/>\n<meta property=\"og:site_name\" content=\"mojabochnia.pl - portal informacyjny\" \/>\n<meta property=\"article:publisher\" content=\"https:\/\/www.facebook.com\/mojabochnia\" \/>\n<meta property=\"article:published_time\" content=\"2008-10-16T10:57:32+00:00\" \/>\n<meta property=\"article:modified_time\" content=\"2009-04-16T10:56:51+00:00\" \/>\n<meta name=\"author\" content=\"administrator\" \/>\n<meta name=\"twitter:card\" content=\"summary_large_image\" \/>\n<meta name=\"twitter:label1\" content=\"Written by\" \/>\n\t<meta name=\"twitter:data1\" content=\"administrator\" \/>\n\t<meta name=\"twitter:label2\" content=\"Est. reading time\" \/>\n\t<meta name=\"twitter:data2\" content=\"2 minuty\" \/>\n<script type=\"application\/ld+json\" class=\"yoast-schema-graph\">{\"@context\":\"https:\/\/schema.org\",\"@graph\":[{\"@type\":\"Article\",\"@id\":\"https:\/\/www.mojabochnia.pl\/?p=2136#article\",\"isPartOf\":{\"@id\":\"https:\/\/www.mojabochnia.pl\/?p=2136\"},\"author\":{\"name\":\"administrator\",\"@id\":\"https:\/\/www.mojabochnia.pl\/#\/schema\/person\/c00e1f64e6fa0e6de6d410f2c340017f\"},\"headline\":\"Dla Papie\u017ca, kt\u00f3ry patrzy na nas z nieba\",\"datePublished\":\"2008-10-16T10:57:32+00:00\",\"dateModified\":\"2009-04-16T10:56:51+00:00\",\"mainEntityOfPage\":{\"@id\":\"https:\/\/www.mojabochnia.pl\/?p=2136\"},\"wordCount\":319,\"commentCount\":0,\"publisher\":{\"@id\":\"https:\/\/www.mojabochnia.pl\/#organization\"},\"keywords\":[\"archiwum pa\u0144stwowe\",\"dzie\u0144 papieski\",\"dziennikarze\",\"fotografia\",\"jan pawe\u0142 II\",\"kardyna\u0142 stefan wyszy\u0144ski\",\"Lipnica Murowana\",\"niegowi\u0107\",\"obchody\",\"okulice\",\"rynek\",\"starostwo powiatowe\",\"stra\u017c po\u017carna\",\"szko\u0142a podstawowa nr 7\",\"wystawa\",\"\u017cywa flaga\"],\"articleSection\":[\"2_ostatnie\",\"3_w centrum uwagi\"],\"inLanguage\":\"pl-PL\",\"potentialAction\":[{\"@type\":\"CommentAction\",\"name\":\"Comment\",\"target\":[\"https:\/\/www.mojabochnia.pl\/?p=2136#respond\"]}]},{\"@type\":\"WebPage\",\"@id\":\"https:\/\/www.mojabochnia.pl\/?p=2136\",\"url\":\"https:\/\/www.mojabochnia.pl\/?p=2136\",\"name\":\"Dla Papie\u017ca, kt\u00f3ry patrzy na nas z nieba - mojabochnia.pl - portal informacyjny\",\"isPartOf\":{\"@id\":\"https:\/\/www.mojabochnia.pl\/#website\"},\"datePublished\":\"2008-10-16T10:57:32+00:00\",\"dateModified\":\"2009-04-16T10:56:51+00:00\",\"breadcrumb\":{\"@id\":\"https:\/\/www.mojabochnia.pl\/?p=2136#breadcrumb\"},\"inLanguage\":\"pl-PL\",\"potentialAction\":[{\"@type\":\"ReadAction\",\"target\":[\"https:\/\/www.mojabochnia.pl\/?p=2136\"]}]},{\"@type\":\"BreadcrumbList\",\"@id\":\"https:\/\/www.mojabochnia.pl\/?p=2136#breadcrumb\",\"itemListElement\":[{\"@type\":\"ListItem\",\"position\":1,\"name\":\"Home\",\"item\":\"https:\/\/www.mojabochnia.pl\/\"},{\"@type\":\"ListItem\",\"position\":2,\"name\":\"Dla Papie\u017ca, kt\u00f3ry patrzy na nas z nieba\"}]},{\"@type\":\"WebSite\",\"@id\":\"https:\/\/www.mojabochnia.pl\/#website\",\"url\":\"https:\/\/www.mojabochnia.pl\/\",\"name\":\"mojabochnia.pl - portal informacyjny\",\"description\":\"mojaBochnia to portal informacyjny o Bochni. Codziennie o Bochni piszemy i pokazujemy najwa\u017cniejsze wydarzenia\",\"publisher\":{\"@id\":\"https:\/\/www.mojabochnia.pl\/#organization\"},\"potentialAction\":[{\"@type\":\"SearchAction\",\"target\":{\"@type\":\"EntryPoint\",\"urlTemplate\":\"https:\/\/www.mojabochnia.pl\/?s={search_term_string}\"},\"query-input\":{\"@type\":\"PropertyValueSpecification\",\"valueRequired\":true,\"valueName\":\"search_term_string\"}}],\"inLanguage\":\"pl-PL\"},{\"@type\":\"Organization\",\"@id\":\"https:\/\/www.mojabochnia.pl\/#organization\",\"name\":\"mojabochnia.pl - portal informacyjny\",\"url\":\"https:\/\/www.mojabochnia.pl\/\",\"logo\":{\"@type\":\"ImageObject\",\"inLanguage\":\"pl-PL\",\"@id\":\"https:\/\/www.mojabochnia.pl\/#\/schema\/logo\/image\/\",\"url\":\"https:\/\/www.mojabochnia.pl\/wp-content\/uploads\/2017\/08\/logo-mb-opt.png\",\"contentUrl\":\"https:\/\/www.mojabochnia.pl\/wp-content\/uploads\/2017\/08\/logo-mb-opt.png\",\"width\":250,\"height\":48,\"caption\":\"mojabochnia.pl - portal informacyjny\"},\"image\":{\"@id\":\"https:\/\/www.mojabochnia.pl\/#\/schema\/logo\/image\/\"},\"sameAs\":[\"https:\/\/www.facebook.com\/mojabochnia\"]},{\"@type\":\"Person\",\"@id\":\"https:\/\/www.mojabochnia.pl\/#\/schema\/person\/c00e1f64e6fa0e6de6d410f2c340017f\",\"name\":\"administrator\",\"url\":\"https:\/\/www.mojabochnia.pl\/?author=1\"}]}<\/script>\n<!-- \/ Yoast SEO plugin. -->","yoast_head_json":{"title":"Dla Papie\u017ca, kt\u00f3ry patrzy na nas z nieba - mojabochnia.pl - portal informacyjny","robots":{"index":"index","follow":"follow","max-snippet":"max-snippet:-1","max-image-preview":"max-image-preview:large","max-video-preview":"max-video-preview:-1"},"canonical":"https:\/\/www.mojabochnia.pl\/?p=2136","og_locale":"pl_PL","og_type":"article","og_title":"Dla Papie\u017ca, kt\u00f3ry patrzy na nas z nieba - mojabochnia.pl - portal informacyjny","og_description":"W ramach obchod\u00f3w Dnia Papieskiego dzieci ze Szko\u0142y Podstawowej nr 7 na boche\u0144skim rynku utworzy\u0142y \u017cyw\u0105 papiesk\u0105 flag\u0119. Zaprezentowano tak\u017ce zdj\u0119cia Karola Wojty\u0142y, z wizyt na boche\u0144skiej ziemi.","og_url":"https:\/\/www.mojabochnia.pl\/?p=2136","og_site_name":"mojabochnia.pl - portal informacyjny","article_publisher":"https:\/\/www.facebook.com\/mojabochnia","article_published_time":"2008-10-16T10:57:32+00:00","article_modified_time":"2009-04-16T10:56:51+00:00","author":"administrator","twitter_card":"summary_large_image","twitter_misc":{"Written by":"administrator","Est. reading time":"2 minuty"},"schema":{"@context":"https:\/\/schema.org","@graph":[{"@type":"Article","@id":"https:\/\/www.mojabochnia.pl\/?p=2136#article","isPartOf":{"@id":"https:\/\/www.mojabochnia.pl\/?p=2136"},"author":{"name":"administrator","@id":"https:\/\/www.mojabochnia.pl\/#\/schema\/person\/c00e1f64e6fa0e6de6d410f2c340017f"},"headline":"Dla Papie\u017ca, kt\u00f3ry patrzy na nas z nieba","datePublished":"2008-10-16T10:57:32+00:00","dateModified":"2009-04-16T10:56:51+00:00","mainEntityOfPage":{"@id":"https:\/\/www.mojabochnia.pl\/?p=2136"},"wordCount":319,"commentCount":0,"publisher":{"@id":"https:\/\/www.mojabochnia.pl\/#organization"},"keywords":["archiwum pa\u0144stwowe","dzie\u0144 papieski","dziennikarze","fotografia","jan pawe\u0142 II","kardyna\u0142 stefan wyszy\u0144ski","Lipnica Murowana","niegowi\u0107","obchody","okulice","rynek","starostwo powiatowe","stra\u017c po\u017carna","szko\u0142a podstawowa nr 7","wystawa","\u017cywa flaga"],"articleSection":["2_ostatnie","3_w centrum uwagi"],"inLanguage":"pl-PL","potentialAction":[{"@type":"CommentAction","name":"Comment","target":["https:\/\/www.mojabochnia.pl\/?p=2136#respond"]}]},{"@type":"WebPage","@id":"https:\/\/www.mojabochnia.pl\/?p=2136","url":"https:\/\/www.mojabochnia.pl\/?p=2136","name":"Dla Papie\u017ca, kt\u00f3ry patrzy na nas z nieba - mojabochnia.pl - portal informacyjny","isPartOf":{"@id":"https:\/\/www.mojabochnia.pl\/#website"},"datePublished":"2008-10-16T10:57:32+00:00","dateModified":"2009-04-16T10:56:51+00:00","breadcrumb":{"@id":"https:\/\/www.mojabochnia.pl\/?p=2136#breadcrumb"},"inLanguage":"pl-PL","potentialAction":[{"@type":"ReadAction","target":["https:\/\/www.mojabochnia.pl\/?p=2136"]}]},{"@type":"BreadcrumbList","@id":"https:\/\/www.mojabochnia.pl\/?p=2136#breadcrumb","itemListElement":[{"@type":"ListItem","position":1,"name":"Home","item":"https:\/\/www.mojabochnia.pl\/"},{"@type":"ListItem","position":2,"name":"Dla Papie\u017ca, kt\u00f3ry patrzy na nas z nieba"}]},{"@type":"WebSite","@id":"https:\/\/www.mojabochnia.pl\/#website","url":"https:\/\/www.mojabochnia.pl\/","name":"mojabochnia.pl - portal informacyjny","description":"mojaBochnia to portal informacyjny o Bochni. Codziennie o Bochni piszemy i pokazujemy najwa\u017cniejsze wydarzenia","publisher":{"@id":"https:\/\/www.mojabochnia.pl\/#organization"},"potentialAction":[{"@type":"SearchAction","target":{"@type":"EntryPoint","urlTemplate":"https:\/\/www.mojabochnia.pl\/?s={search_term_string}"},"query-input":{"@type":"PropertyValueSpecification","valueRequired":true,"valueName":"search_term_string"}}],"inLanguage":"pl-PL"},{"@type":"Organization","@id":"https:\/\/www.mojabochnia.pl\/#organization","name":"mojabochnia.pl - portal informacyjny","url":"https:\/\/www.mojabochnia.pl\/","logo":{"@type":"ImageObject","inLanguage":"pl-PL","@id":"https:\/\/www.mojabochnia.pl\/#\/schema\/logo\/image\/","url":"https:\/\/www.mojabochnia.pl\/wp-content\/uploads\/2017\/08\/logo-mb-opt.png","contentUrl":"https:\/\/www.mojabochnia.pl\/wp-content\/uploads\/2017\/08\/logo-mb-opt.png","width":250,"height":48,"caption":"mojabochnia.pl - portal informacyjny"},"image":{"@id":"https:\/\/www.mojabochnia.pl\/#\/schema\/logo\/image\/"},"sameAs":["https:\/\/www.facebook.com\/mojabochnia"]},{"@type":"Person","@id":"https:\/\/www.mojabochnia.pl\/#\/schema\/person\/c00e1f64e6fa0e6de6d410f2c340017f","name":"administrator","url":"https:\/\/www.mojabochnia.pl\/?author=1"}]}},"_links":{"self":[{"href":"https:\/\/www.mojabochnia.pl\/index.php?rest_route=\/wp\/v2\/posts\/2136","targetHints":{"allow":["GET"]}}],"collection":[{"href":"https:\/\/www.mojabochnia.pl\/index.php?rest_route=\/wp\/v2\/posts"}],"about":[{"href":"https:\/\/www.mojabochnia.pl\/index.php?rest_route=\/wp\/v2\/types\/post"}],"author":[{"embeddable":true,"href":"https:\/\/www.mojabochnia.pl\/index.php?rest_route=\/wp\/v2\/users\/1"}],"replies":[{"embeddable":true,"href":"https:\/\/www.mojabochnia.pl\/index.php?rest_route=%2Fwp%2Fv2%2Fcomments&post=2136"}],"version-history":[{"count":0,"href":"https:\/\/www.mojabochnia.pl\/index.php?rest_route=\/wp\/v2\/posts\/2136\/revisions"}],"wp:attachment":[{"href":"https:\/\/www.mojabochnia.pl\/index.php?rest_route=%2Fwp%2Fv2%2Fmedia&parent=2136"}],"wp:term":[{"taxonomy":"category","embeddable":true,"href":"https:\/\/www.mojabochnia.pl\/index.php?rest_route=%2Fwp%2Fv2%2Fcategories&post=2136"},{"taxonomy":"post_tag","embeddable":true,"href":"https:\/\/www.mojabochnia.pl\/index.php?rest_route=%2Fwp%2Fv2%2Ftags&post=2136"}],"curies":[{"name":"wp","href":"https:\/\/api.w.org\/{rel}","templated":true}]}}