{"id":2131,"date":"2008-10-16T12:15:46","date_gmt":"2008-10-16T10:15:46","guid":{"rendered":"http:\/\/www.mojabochnia.pl\/?p=2131"},"modified":"2008-10-16T12:15:46","modified_gmt":"2008-10-16T10:15:46","slug":"jan-pawel-ii-lourdes-%e2%80%93-cierpienie-i-nadzieja","status":"publish","type":"post","link":"https:\/\/www.mojabochnia.pl\/?p=2131","title":{"rendered":"Jan Pawe\u0142 II. Lourdes \u2013 cierpienie i nadzieja"},"content":{"rendered":"<p><em>W ostatnich latach jego \u017cycia widzieli\u015bmy jak cierpia\u0142 fizycznie. Kiedy\u015b z niesamowit\u0105 energi\u0105 dociera\u0142 do wszystkich zak\u0105tk\u00f3w \u015bwiata, wyg\u0142asza\u0142 przem\u00f3wienia, pisa\u0142 encykliki, b\u0142ogos\u0142awi\u0142, przyci\u0105ga\u0142 do siebie miliony ludzi. W cierpieniu nic si\u0119 nie zmieni\u0142, bo uzna\u0142, \u201c\u017ce cho\u0107 ono samo w sobie jest z\u0142em i pr\u00f3b\u0105, zawsze mo\u017ce sta\u0107 si\u0119 \u017ar\u00f3d\u0142em dobra\u201d (Evangelium Vitae, 67). Cierpia\u0142 z powodu w\u0142asnej s\u0142abo\u015bci, bezsilno\u015bci, nawet utraty g\u0142osu. W Lourdes w miejscu cierpienia i nadziei, kiedy m\u00f3wi\u0142 z najwi\u0119kszym trudem, westchn\u0105\u0142 po polsku: \u201cpom\u00f3\u017ccie mi\u201d. Do\u015bwiadczony, cierpia\u0142 a\u017c do ostatniej pro\u015bby: \u201cpozw\u00f3lcie mi odej\u015b\u0107 do domu Ojca\u201d. Kiedy\u015b pisa\u0142, \u017ce umrze\u0107 dla Pana oznacza prze\u017cywa\u0107 w\u0142asn\u0105 \u015bmier\u0107 jako najwy\u017cszy akt pos\u0142usze\u0144stwu Ojcu godz\u0105c si\u0119 przyj\u0105\u0107 j\u0105 w \u201cgodzinie\u201d okre\u015blonej i wybranej przez Tego, kt\u00f3ry sam tylko mo\u017ce uzna\u0107, kiedy ziemska w\u0119dr\u00f3wka cz\u0142owieka winna si\u0119 zako\u0144czy\u0107. Jego cierpienie, widoczny b\u00f3l, by\u0142y najpi\u0119kniejszym przes\u0142aniem i przypiecz\u0119towaniem tego, co naucza\u0142 <\/em>\u2013 czytamy w zaproszeniu na spotkanie. <\/p>\n<p>Pocz\u0105tek dzisiaj o godz. 16 w Muzeum Ziemi Wi\u015bnickiej. <\/p>\n","protected":false},"excerpt":{"rendered":"<p>Dzisiaj w Muzeum Ziemi Wi\u015bnickiej odb\u0119dzie si\u0119 wernisa\u017c ekspozycji po\u015bwi\u0119conej cierpieniu Papie\u017ca Polaka. Fotografie i inne eksponaty b\u0119d\u0105 ukazywa\u0107 g\u0142\u00f3wnie ostatnie lata \u017cycia Jana Paw\u0142a II.<\/p>\n","protected":false},"author":4,"featured_media":0,"comment_status":"open","ping_status":"closed","sticky":false,"template":"","format":"standard","meta":{"_acf_changed":false,"footnotes":""},"categories":[4],"tags":[1206,1118,281,98,17118,99,17138,17157],"class_list":["post-2131","post","type-post","status-publish","format-standard","hentry","category-krotko-i-szybko","tag-cierpienie","tag-dzien-papieski","tag-jan-pawel-ii","tag-muzeum-ziemi-wisnickiej","tag-wisnicz","tag-renata-jonak","tag-stanislaw-gaworczyk","tag-wystawa"],"acf":[],"yoast_head":"<!-- This site is optimized with the Yoast SEO plugin v26.9 - https:\/\/yoast.com\/product\/yoast-seo-wordpress\/ -->\n<title>Jan Pawe\u0142 II. Lourdes \u2013 cierpienie i nadzieja - mojabochnia.pl - portal informacyjny<\/title>\n<meta name=\"robots\" content=\"index, follow, max-snippet:-1, max-image-preview:large, max-video-preview:-1\" \/>\n<link rel=\"canonical\" href=\"https:\/\/www.mojabochnia.pl\/?p=2131\" \/>\n<meta property=\"og:locale\" content=\"pl_PL\" \/>\n<meta property=\"og:type\" content=\"article\" \/>\n<meta property=\"og:title\" content=\"Jan Pawe\u0142 II. Lourdes \u2013 cierpienie i nadzieja - mojabochnia.pl - portal informacyjny\" \/>\n<meta property=\"og:description\" content=\"Dzisiaj w Muzeum Ziemi Wi\u015bnickiej odb\u0119dzie si\u0119 wernisa\u017c ekspozycji po\u015bwi\u0119conej cierpieniu Papie\u017ca Polaka. Fotografie i inne eksponaty b\u0119d\u0105 ukazywa\u0107 g\u0142\u00f3wnie ostatnie lata \u017cycia Jana Paw\u0142a II.\" \/>\n<meta property=\"og:url\" content=\"https:\/\/www.mojabochnia.pl\/?p=2131\" \/>\n<meta property=\"og:site_name\" content=\"mojabochnia.pl - portal informacyjny\" \/>\n<meta property=\"article:publisher\" content=\"https:\/\/www.facebook.com\/mojabochnia\" \/>\n<meta property=\"article:published_time\" content=\"2008-10-16T10:15:46+00:00\" \/>\n<meta name=\"author\" content=\"Pawe\u0142 Michalczyk\" \/>\n<meta name=\"twitter:card\" content=\"summary_large_image\" \/>\n<meta name=\"twitter:label1\" content=\"Written by\" \/>\n\t<meta name=\"twitter:data1\" content=\"Pawe\u0142 Michalczyk\" \/>\n\t<meta name=\"twitter:label2\" content=\"Est. reading time\" \/>\n\t<meta name=\"twitter:data2\" content=\"1 minuta\" \/>\n<script type=\"application\/ld+json\" class=\"yoast-schema-graph\">{\"@context\":\"https:\/\/schema.org\",\"@graph\":[{\"@type\":\"Article\",\"@id\":\"https:\/\/www.mojabochnia.pl\/?p=2131#article\",\"isPartOf\":{\"@id\":\"https:\/\/www.mojabochnia.pl\/?p=2131\"},\"author\":{\"name\":\"Pawe\u0142 Michalczyk\",\"@id\":\"https:\/\/www.mojabochnia.pl\/#\/schema\/person\/ea042e4724a77627963f02166828ead4\"},\"headline\":\"Jan Pawe\u0142 II. Lourdes \u2013 cierpienie i nadzieja\",\"datePublished\":\"2008-10-16T10:15:46+00:00\",\"mainEntityOfPage\":{\"@id\":\"https:\/\/www.mojabochnia.pl\/?p=2131\"},\"wordCount\":206,\"commentCount\":0,\"publisher\":{\"@id\":\"https:\/\/www.mojabochnia.pl\/#organization\"},\"keywords\":[\"cierpienie\",\"dzie\u0144 papieski\",\"jan pawe\u0142 II\",\"muzeum ziemi wi\u015bnickiej\",\"Nowy Wi\u015bnicz\",\"renata jonak\",\"stanis\u0142aw gaworczyk\",\"wystawa\"],\"articleSection\":[\"Kr\u00f3tko i szybko\"],\"inLanguage\":\"pl-PL\",\"potentialAction\":[{\"@type\":\"CommentAction\",\"name\":\"Comment\",\"target\":[\"https:\/\/www.mojabochnia.pl\/?p=2131#respond\"]}]},{\"@type\":\"WebPage\",\"@id\":\"https:\/\/www.mojabochnia.pl\/?p=2131\",\"url\":\"https:\/\/www.mojabochnia.pl\/?p=2131\",\"name\":\"Jan Pawe\u0142 II. Lourdes \u2013 cierpienie i nadzieja - mojabochnia.pl - portal informacyjny\",\"isPartOf\":{\"@id\":\"https:\/\/www.mojabochnia.pl\/#website\"},\"datePublished\":\"2008-10-16T10:15:46+00:00\",\"breadcrumb\":{\"@id\":\"https:\/\/www.mojabochnia.pl\/?p=2131#breadcrumb\"},\"inLanguage\":\"pl-PL\",\"potentialAction\":[{\"@type\":\"ReadAction\",\"target\":[\"https:\/\/www.mojabochnia.pl\/?p=2131\"]}]},{\"@type\":\"BreadcrumbList\",\"@id\":\"https:\/\/www.mojabochnia.pl\/?p=2131#breadcrumb\",\"itemListElement\":[{\"@type\":\"ListItem\",\"position\":1,\"name\":\"Home\",\"item\":\"https:\/\/www.mojabochnia.pl\/\"},{\"@type\":\"ListItem\",\"position\":2,\"name\":\"Jan Pawe\u0142 II. Lourdes \u2013 cierpienie i nadzieja\"}]},{\"@type\":\"WebSite\",\"@id\":\"https:\/\/www.mojabochnia.pl\/#website\",\"url\":\"https:\/\/www.mojabochnia.pl\/\",\"name\":\"mojabochnia.pl - portal informacyjny\",\"description\":\"mojaBochnia to portal informacyjny o Bochni. Codziennie o Bochni piszemy i pokazujemy najwa\u017cniejsze wydarzenia\",\"publisher\":{\"@id\":\"https:\/\/www.mojabochnia.pl\/#organization\"},\"potentialAction\":[{\"@type\":\"SearchAction\",\"target\":{\"@type\":\"EntryPoint\",\"urlTemplate\":\"https:\/\/www.mojabochnia.pl\/?s={search_term_string}\"},\"query-input\":{\"@type\":\"PropertyValueSpecification\",\"valueRequired\":true,\"valueName\":\"search_term_string\"}}],\"inLanguage\":\"pl-PL\"},{\"@type\":\"Organization\",\"@id\":\"https:\/\/www.mojabochnia.pl\/#organization\",\"name\":\"mojabochnia.pl - portal informacyjny\",\"url\":\"https:\/\/www.mojabochnia.pl\/\",\"logo\":{\"@type\":\"ImageObject\",\"inLanguage\":\"pl-PL\",\"@id\":\"https:\/\/www.mojabochnia.pl\/#\/schema\/logo\/image\/\",\"url\":\"https:\/\/www.mojabochnia.pl\/wp-content\/uploads\/2017\/08\/logo-mb-opt.png\",\"contentUrl\":\"https:\/\/www.mojabochnia.pl\/wp-content\/uploads\/2017\/08\/logo-mb-opt.png\",\"width\":250,\"height\":48,\"caption\":\"mojabochnia.pl - portal informacyjny\"},\"image\":{\"@id\":\"https:\/\/www.mojabochnia.pl\/#\/schema\/logo\/image\/\"},\"sameAs\":[\"https:\/\/www.facebook.com\/mojabochnia\"]},{\"@type\":\"Person\",\"@id\":\"https:\/\/www.mojabochnia.pl\/#\/schema\/person\/ea042e4724a77627963f02166828ead4\",\"name\":\"Pawe\u0142 Michalczyk\",\"url\":\"https:\/\/www.mojabochnia.pl\/?author=4\"}]}<\/script>\n<!-- \/ Yoast SEO plugin. -->","yoast_head_json":{"title":"Jan Pawe\u0142 II. Lourdes \u2013 cierpienie i nadzieja - mojabochnia.pl - portal informacyjny","robots":{"index":"index","follow":"follow","max-snippet":"max-snippet:-1","max-image-preview":"max-image-preview:large","max-video-preview":"max-video-preview:-1"},"canonical":"https:\/\/www.mojabochnia.pl\/?p=2131","og_locale":"pl_PL","og_type":"article","og_title":"Jan Pawe\u0142 II. Lourdes \u2013 cierpienie i nadzieja - mojabochnia.pl - portal informacyjny","og_description":"Dzisiaj w Muzeum Ziemi Wi\u015bnickiej odb\u0119dzie si\u0119 wernisa\u017c ekspozycji po\u015bwi\u0119conej cierpieniu Papie\u017ca Polaka. Fotografie i inne eksponaty b\u0119d\u0105 ukazywa\u0107 g\u0142\u00f3wnie ostatnie lata \u017cycia Jana Paw\u0142a II.","og_url":"https:\/\/www.mojabochnia.pl\/?p=2131","og_site_name":"mojabochnia.pl - portal informacyjny","article_publisher":"https:\/\/www.facebook.com\/mojabochnia","article_published_time":"2008-10-16T10:15:46+00:00","author":"Pawe\u0142 Michalczyk","twitter_card":"summary_large_image","twitter_misc":{"Written by":"Pawe\u0142 Michalczyk","Est. reading time":"1 minuta"},"schema":{"@context":"https:\/\/schema.org","@graph":[{"@type":"Article","@id":"https:\/\/www.mojabochnia.pl\/?p=2131#article","isPartOf":{"@id":"https:\/\/www.mojabochnia.pl\/?p=2131"},"author":{"name":"Pawe\u0142 Michalczyk","@id":"https:\/\/www.mojabochnia.pl\/#\/schema\/person\/ea042e4724a77627963f02166828ead4"},"headline":"Jan Pawe\u0142 II. Lourdes \u2013 cierpienie i nadzieja","datePublished":"2008-10-16T10:15:46+00:00","mainEntityOfPage":{"@id":"https:\/\/www.mojabochnia.pl\/?p=2131"},"wordCount":206,"commentCount":0,"publisher":{"@id":"https:\/\/www.mojabochnia.pl\/#organization"},"keywords":["cierpienie","dzie\u0144 papieski","jan pawe\u0142 II","muzeum ziemi wi\u015bnickiej","Nowy Wi\u015bnicz","renata jonak","stanis\u0142aw gaworczyk","wystawa"],"articleSection":["Kr\u00f3tko i szybko"],"inLanguage":"pl-PL","potentialAction":[{"@type":"CommentAction","name":"Comment","target":["https:\/\/www.mojabochnia.pl\/?p=2131#respond"]}]},{"@type":"WebPage","@id":"https:\/\/www.mojabochnia.pl\/?p=2131","url":"https:\/\/www.mojabochnia.pl\/?p=2131","name":"Jan Pawe\u0142 II. Lourdes \u2013 cierpienie i nadzieja - mojabochnia.pl - portal informacyjny","isPartOf":{"@id":"https:\/\/www.mojabochnia.pl\/#website"},"datePublished":"2008-10-16T10:15:46+00:00","breadcrumb":{"@id":"https:\/\/www.mojabochnia.pl\/?p=2131#breadcrumb"},"inLanguage":"pl-PL","potentialAction":[{"@type":"ReadAction","target":["https:\/\/www.mojabochnia.pl\/?p=2131"]}]},{"@type":"BreadcrumbList","@id":"https:\/\/www.mojabochnia.pl\/?p=2131#breadcrumb","itemListElement":[{"@type":"ListItem","position":1,"name":"Home","item":"https:\/\/www.mojabochnia.pl\/"},{"@type":"ListItem","position":2,"name":"Jan Pawe\u0142 II. Lourdes \u2013 cierpienie i nadzieja"}]},{"@type":"WebSite","@id":"https:\/\/www.mojabochnia.pl\/#website","url":"https:\/\/www.mojabochnia.pl\/","name":"mojabochnia.pl - portal informacyjny","description":"mojaBochnia to portal informacyjny o Bochni. Codziennie o Bochni piszemy i pokazujemy najwa\u017cniejsze wydarzenia","publisher":{"@id":"https:\/\/www.mojabochnia.pl\/#organization"},"potentialAction":[{"@type":"SearchAction","target":{"@type":"EntryPoint","urlTemplate":"https:\/\/www.mojabochnia.pl\/?s={search_term_string}"},"query-input":{"@type":"PropertyValueSpecification","valueRequired":true,"valueName":"search_term_string"}}],"inLanguage":"pl-PL"},{"@type":"Organization","@id":"https:\/\/www.mojabochnia.pl\/#organization","name":"mojabochnia.pl - portal informacyjny","url":"https:\/\/www.mojabochnia.pl\/","logo":{"@type":"ImageObject","inLanguage":"pl-PL","@id":"https:\/\/www.mojabochnia.pl\/#\/schema\/logo\/image\/","url":"https:\/\/www.mojabochnia.pl\/wp-content\/uploads\/2017\/08\/logo-mb-opt.png","contentUrl":"https:\/\/www.mojabochnia.pl\/wp-content\/uploads\/2017\/08\/logo-mb-opt.png","width":250,"height":48,"caption":"mojabochnia.pl - portal informacyjny"},"image":{"@id":"https:\/\/www.mojabochnia.pl\/#\/schema\/logo\/image\/"},"sameAs":["https:\/\/www.facebook.com\/mojabochnia"]},{"@type":"Person","@id":"https:\/\/www.mojabochnia.pl\/#\/schema\/person\/ea042e4724a77627963f02166828ead4","name":"Pawe\u0142 Michalczyk","url":"https:\/\/www.mojabochnia.pl\/?author=4"}]}},"_links":{"self":[{"href":"https:\/\/www.mojabochnia.pl\/index.php?rest_route=\/wp\/v2\/posts\/2131","targetHints":{"allow":["GET"]}}],"collection":[{"href":"https:\/\/www.mojabochnia.pl\/index.php?rest_route=\/wp\/v2\/posts"}],"about":[{"href":"https:\/\/www.mojabochnia.pl\/index.php?rest_route=\/wp\/v2\/types\/post"}],"author":[{"embeddable":true,"href":"https:\/\/www.mojabochnia.pl\/index.php?rest_route=\/wp\/v2\/users\/4"}],"replies":[{"embeddable":true,"href":"https:\/\/www.mojabochnia.pl\/index.php?rest_route=%2Fwp%2Fv2%2Fcomments&post=2131"}],"version-history":[{"count":0,"href":"https:\/\/www.mojabochnia.pl\/index.php?rest_route=\/wp\/v2\/posts\/2131\/revisions"}],"wp:attachment":[{"href":"https:\/\/www.mojabochnia.pl\/index.php?rest_route=%2Fwp%2Fv2%2Fmedia&parent=2131"}],"wp:term":[{"taxonomy":"category","embeddable":true,"href":"https:\/\/www.mojabochnia.pl\/index.php?rest_route=%2Fwp%2Fv2%2Fcategories&post=2131"},{"taxonomy":"post_tag","embeddable":true,"href":"https:\/\/www.mojabochnia.pl\/index.php?rest_route=%2Fwp%2Fv2%2Ftags&post=2131"}],"curies":[{"name":"wp","href":"https:\/\/api.w.org\/{rel}","templated":true}]}}