{"id":211244,"date":"2024-12-31T07:52:47","date_gmt":"2024-12-31T06:52:47","guid":{"rendered":"https:\/\/www.mojabochnia.pl\/?p=211244"},"modified":"2024-12-31T07:52:56","modified_gmt":"2024-12-31T06:52:56","slug":"gmina-bochnia-juz-wkrotce-swiateczne-koledowanie-w-lapczycy-z-orkiestra-kopalni-soli","status":"publish","type":"post","link":"https:\/\/www.mojabochnia.pl\/?p=211244","title":{"rendered":"gmina Bochnia. Ju\u017c wkr\u00f3tce \u015bwi\u0105teczne kol\u0119dowanie w \u0141apczycy z Orkiestr\u0105 Kopalni Soli"},"content":{"rendered":"<p>W pierwsz\u0105 niedziele stycznia, 05.01.2025 roku, w ko\u015bcieleko\u015bci\u00f3\u0142 parafialnym \u015bw. Anny w \u0141apczycy odb\u0119dzie si\u0119 &#8222;Noworoczne Kol\u0119dowanie&#8221; z Orkiestr\u0105 D\u0119t\u0105 Kopalni Soli Bochnia. Zapraszamy.<\/p>\n<p>&nbsp;<\/p>\n<p><img loading=\"lazy\" decoding=\"async\" class=\"alignnone wp-image-211246 size-full\" src=\"https:\/\/www.mojabochnia.pl\/wp-content\/uploads\/2024\/12\/Koledowanie-Lapczyca-05.01.2025-1-scaled.jpg\" alt=\"\" width=\"1811\" height=\"2560\" srcset=\"https:\/\/www.mojabochnia.pl\/wp-content\/uploads\/2024\/12\/Koledowanie-Lapczyca-05.01.2025-1-scaled.jpg 1811w, https:\/\/www.mojabochnia.pl\/wp-content\/uploads\/2024\/12\/Koledowanie-Lapczyca-05.01.2025-1-468x662.jpg 468w, https:\/\/www.mojabochnia.pl\/wp-content\/uploads\/2024\/12\/Koledowanie-Lapczyca-05.01.2025-1-1050x1484.jpg 1050w, https:\/\/www.mojabochnia.pl\/wp-content\/uploads\/2024\/12\/Koledowanie-Lapczyca-05.01.2025-1-120x170.jpg 120w, https:\/\/www.mojabochnia.pl\/wp-content\/uploads\/2024\/12\/Koledowanie-Lapczyca-05.01.2025-1-768x1086.jpg 768w, https:\/\/www.mojabochnia.pl\/wp-content\/uploads\/2024\/12\/Koledowanie-Lapczyca-05.01.2025-1-1086x1536.jpg 1086w, https:\/\/www.mojabochnia.pl\/wp-content\/uploads\/2024\/12\/Koledowanie-Lapczyca-05.01.2025-1-1449x2048.jpg 1449w\" sizes=\"auto, (max-width: 1811px) 100vw, 1811px\" \/><\/p>\n","protected":false},"excerpt":{"rendered":"<p>W pierwsz\u0105 niedziele stycznia, 05.01.2025 roku, w ko\u015bcieleko\u015bci\u00f3\u0142 parafialnym \u015bw. Anny w \u0141apczycy odb\u0119dzie si\u0119 &#8222;Noworoczne Kol\u0119dowanie&#8221; z Orkiestr\u0105 D\u0119t\u0105 Kopalni Soli Bochnia. Zapraszamy. &nbsp;<\/p>\n","protected":false},"author":29,"featured_media":210830,"comment_status":"open","ping_status":"closed","sticky":false,"template":"","format":"standard","meta":{"_acf_changed":false,"footnotes":""},"categories":[92,6250,1342],"tags":[17269,17225,20994,22410],"class_list":["post-211244","post","type-post","status-publish","format-standard","has-post-thumbnail","hentry","category-kultura","category-tematyka","category-zycie-religijne","tag-bochnia","tag-gmina-bochnia","tag-kosciol-sw-anny-w-lapczycy","tag-orkiestra-kopalni-soli-bochnia","main_tag-gmina-bochnia"],"acf":[],"yoast_head":"<!-- This site is optimized with the Yoast SEO plugin v26.9 - https:\/\/yoast.com\/product\/yoast-seo-wordpress\/ -->\n<title>gmina Bochnia. Ju\u017c wkr\u00f3tce \u015bwi\u0105teczne kol\u0119dowanie w \u0141apczycy z Orkiestr\u0105 Kopalni Soli - mojabochnia.pl - portal informacyjny<\/title>\n<meta name=\"robots\" content=\"index, follow, max-snippet:-1, max-image-preview:large, max-video-preview:-1\" \/>\n<link rel=\"canonical\" href=\"https:\/\/www.mojabochnia.pl\/?p=211244\" \/>\n<meta property=\"og:locale\" content=\"pl_PL\" \/>\n<meta property=\"og:type\" content=\"article\" \/>\n<meta property=\"og:title\" content=\"gmina Bochnia. Ju\u017c wkr\u00f3tce \u015bwi\u0105teczne kol\u0119dowanie w \u0141apczycy z Orkiestr\u0105 Kopalni Soli - mojabochnia.pl - portal informacyjny\" \/>\n<meta property=\"og:description\" content=\"W pierwsz\u0105 niedziele stycznia, 05.01.2025 roku, w ko\u015bcieleko\u015bci\u00f3\u0142 parafialnym \u015bw. Anny w \u0141apczycy odb\u0119dzie si\u0119 &#8222;Noworoczne Kol\u0119dowanie&#8221; z Orkiestr\u0105 D\u0119t\u0105 Kopalni Soli Bochnia. Zapraszamy. &nbsp;\" \/>\n<meta property=\"og:url\" content=\"https:\/\/www.mojabochnia.pl\/?p=211244\" \/>\n<meta property=\"og:site_name\" content=\"mojabochnia.pl - portal informacyjny\" \/>\n<meta property=\"article:publisher\" content=\"https:\/\/www.facebook.com\/mojabochnia\" \/>\n<meta property=\"article:published_time\" content=\"2024-12-31T06:52:47+00:00\" \/>\n<meta property=\"article:modified_time\" content=\"2024-12-31T06:52:56+00:00\" \/>\n<meta property=\"og:image\" content=\"https:\/\/www.mojabochnia.pl\/wp-content\/uploads\/2024\/12\/DSC_8288.jpg\" \/>\n\t<meta property=\"og:image:width\" content=\"1500\" \/>\n\t<meta property=\"og:image:height\" content=\"1000\" \/>\n\t<meta property=\"og:image:type\" content=\"image\/jpeg\" \/>\n<meta name=\"author\" content=\"Marcin Kalinowski\" \/>\n<meta name=\"twitter:card\" content=\"summary_large_image\" \/>\n<meta name=\"twitter:label1\" content=\"Written by\" \/>\n\t<meta name=\"twitter:data1\" content=\"Marcin Kalinowski\" \/>\n<script type=\"application\/ld+json\" class=\"yoast-schema-graph\">{\"@context\":\"https:\/\/schema.org\",\"@graph\":[{\"@type\":\"Article\",\"@id\":\"https:\/\/www.mojabochnia.pl\/?p=211244#article\",\"isPartOf\":{\"@id\":\"https:\/\/www.mojabochnia.pl\/?p=211244\"},\"author\":{\"name\":\"Marcin Kalinowski\",\"@id\":\"https:\/\/www.mojabochnia.pl\/#\/schema\/person\/d4c758656c81ae00e6496831fe7b0792\"},\"headline\":\"gmina Bochnia. Ju\u017c wkr\u00f3tce \u015bwi\u0105teczne kol\u0119dowanie w \u0141apczycy z Orkiestr\u0105 Kopalni Soli\",\"datePublished\":\"2024-12-31T06:52:47+00:00\",\"dateModified\":\"2024-12-31T06:52:56+00:00\",\"mainEntityOfPage\":{\"@id\":\"https:\/\/www.mojabochnia.pl\/?p=211244\"},\"wordCount\":44,\"commentCount\":0,\"publisher\":{\"@id\":\"https:\/\/www.mojabochnia.pl\/#organization\"},\"image\":{\"@id\":\"https:\/\/www.mojabochnia.pl\/?p=211244#primaryimage\"},\"thumbnailUrl\":\"https:\/\/www.mojabochnia.pl\/wp-content\/uploads\/2024\/12\/DSC_8288.jpg\",\"keywords\":[\"bochnia\",\"gmina bochnia\",\"ko\u015bci\u00f3\u0142 \u015bw. Anny w \u0141apczycy\",\"orkiestra kopalni soli bochnia\"],\"articleSection\":[\"kultura\",\"tematyka\",\"\u017bycie religijne\"],\"inLanguage\":\"pl-PL\",\"potentialAction\":[{\"@type\":\"CommentAction\",\"name\":\"Comment\",\"target\":[\"https:\/\/www.mojabochnia.pl\/?p=211244#respond\"]}]},{\"@type\":\"WebPage\",\"@id\":\"https:\/\/www.mojabochnia.pl\/?p=211244\",\"url\":\"https:\/\/www.mojabochnia.pl\/?p=211244\",\"name\":\"gmina Bochnia. Ju\u017c wkr\u00f3tce \u015bwi\u0105teczne kol\u0119dowanie w \u0141apczycy z Orkiestr\u0105 Kopalni Soli - mojabochnia.pl - portal informacyjny\",\"isPartOf\":{\"@id\":\"https:\/\/www.mojabochnia.pl\/#website\"},\"primaryImageOfPage\":{\"@id\":\"https:\/\/www.mojabochnia.pl\/?p=211244#primaryimage\"},\"image\":{\"@id\":\"https:\/\/www.mojabochnia.pl\/?p=211244#primaryimage\"},\"thumbnailUrl\":\"https:\/\/www.mojabochnia.pl\/wp-content\/uploads\/2024\/12\/DSC_8288.jpg\",\"datePublished\":\"2024-12-31T06:52:47+00:00\",\"dateModified\":\"2024-12-31T06:52:56+00:00\",\"breadcrumb\":{\"@id\":\"https:\/\/www.mojabochnia.pl\/?p=211244#breadcrumb\"},\"inLanguage\":\"pl-PL\",\"potentialAction\":[{\"@type\":\"ReadAction\",\"target\":[\"https:\/\/www.mojabochnia.pl\/?p=211244\"]}]},{\"@type\":\"ImageObject\",\"inLanguage\":\"pl-PL\",\"@id\":\"https:\/\/www.mojabochnia.pl\/?p=211244#primaryimage\",\"url\":\"https:\/\/www.mojabochnia.pl\/wp-content\/uploads\/2024\/12\/DSC_8288.jpg\",\"contentUrl\":\"https:\/\/www.mojabochnia.pl\/wp-content\/uploads\/2024\/12\/DSC_8288.jpg\",\"width\":1500,\"height\":1000,\"caption\":\"M. Kalinowski\"},{\"@type\":\"BreadcrumbList\",\"@id\":\"https:\/\/www.mojabochnia.pl\/?p=211244#breadcrumb\",\"itemListElement\":[{\"@type\":\"ListItem\",\"position\":1,\"name\":\"Home\",\"item\":\"https:\/\/www.mojabochnia.pl\/\"},{\"@type\":\"ListItem\",\"position\":2,\"name\":\"gmina Bochnia. Ju\u017c wkr\u00f3tce \u015bwi\u0105teczne kol\u0119dowanie w \u0141apczycy z Orkiestr\u0105 Kopalni Soli\"}]},{\"@type\":\"WebSite\",\"@id\":\"https:\/\/www.mojabochnia.pl\/#website\",\"url\":\"https:\/\/www.mojabochnia.pl\/\",\"name\":\"mojabochnia.pl - portal informacyjny\",\"description\":\"mojaBochnia to portal informacyjny o Bochni. Codziennie o Bochni piszemy i pokazujemy najwa\u017cniejsze wydarzenia\",\"publisher\":{\"@id\":\"https:\/\/www.mojabochnia.pl\/#organization\"},\"potentialAction\":[{\"@type\":\"SearchAction\",\"target\":{\"@type\":\"EntryPoint\",\"urlTemplate\":\"https:\/\/www.mojabochnia.pl\/?s={search_term_string}\"},\"query-input\":{\"@type\":\"PropertyValueSpecification\",\"valueRequired\":true,\"valueName\":\"search_term_string\"}}],\"inLanguage\":\"pl-PL\"},{\"@type\":\"Organization\",\"@id\":\"https:\/\/www.mojabochnia.pl\/#organization\",\"name\":\"mojabochnia.pl - portal informacyjny\",\"url\":\"https:\/\/www.mojabochnia.pl\/\",\"logo\":{\"@type\":\"ImageObject\",\"inLanguage\":\"pl-PL\",\"@id\":\"https:\/\/www.mojabochnia.pl\/#\/schema\/logo\/image\/\",\"url\":\"https:\/\/www.mojabochnia.pl\/wp-content\/uploads\/2017\/08\/logo-mb-opt.png\",\"contentUrl\":\"https:\/\/www.mojabochnia.pl\/wp-content\/uploads\/2017\/08\/logo-mb-opt.png\",\"width\":250,\"height\":48,\"caption\":\"mojabochnia.pl - portal informacyjny\"},\"image\":{\"@id\":\"https:\/\/www.mojabochnia.pl\/#\/schema\/logo\/image\/\"},\"sameAs\":[\"https:\/\/www.facebook.com\/mojabochnia\"]},{\"@type\":\"Person\",\"@id\":\"https:\/\/www.mojabochnia.pl\/#\/schema\/person\/d4c758656c81ae00e6496831fe7b0792\",\"name\":\"Marcin Kalinowski\",\"url\":\"https:\/\/www.mojabochnia.pl\/?author=29\"}]}<\/script>\n<!-- \/ Yoast SEO plugin. -->","yoast_head_json":{"title":"gmina Bochnia. Ju\u017c wkr\u00f3tce \u015bwi\u0105teczne kol\u0119dowanie w \u0141apczycy z Orkiestr\u0105 Kopalni Soli - mojabochnia.pl - portal informacyjny","robots":{"index":"index","follow":"follow","max-snippet":"max-snippet:-1","max-image-preview":"max-image-preview:large","max-video-preview":"max-video-preview:-1"},"canonical":"https:\/\/www.mojabochnia.pl\/?p=211244","og_locale":"pl_PL","og_type":"article","og_title":"gmina Bochnia. Ju\u017c wkr\u00f3tce \u015bwi\u0105teczne kol\u0119dowanie w \u0141apczycy z Orkiestr\u0105 Kopalni Soli - mojabochnia.pl - portal informacyjny","og_description":"W pierwsz\u0105 niedziele stycznia, 05.01.2025 roku, w ko\u015bcieleko\u015bci\u00f3\u0142 parafialnym \u015bw. Anny w \u0141apczycy odb\u0119dzie si\u0119 &#8222;Noworoczne Kol\u0119dowanie&#8221; z Orkiestr\u0105 D\u0119t\u0105 Kopalni Soli Bochnia. Zapraszamy. &nbsp;","og_url":"https:\/\/www.mojabochnia.pl\/?p=211244","og_site_name":"mojabochnia.pl - portal informacyjny","article_publisher":"https:\/\/www.facebook.com\/mojabochnia","article_published_time":"2024-12-31T06:52:47+00:00","article_modified_time":"2024-12-31T06:52:56+00:00","og_image":[{"width":1500,"height":1000,"url":"https:\/\/www.mojabochnia.pl\/wp-content\/uploads\/2024\/12\/DSC_8288.jpg","type":"image\/jpeg"}],"author":"Marcin Kalinowski","twitter_card":"summary_large_image","twitter_misc":{"Written by":"Marcin Kalinowski"},"schema":{"@context":"https:\/\/schema.org","@graph":[{"@type":"Article","@id":"https:\/\/www.mojabochnia.pl\/?p=211244#article","isPartOf":{"@id":"https:\/\/www.mojabochnia.pl\/?p=211244"},"author":{"name":"Marcin Kalinowski","@id":"https:\/\/www.mojabochnia.pl\/#\/schema\/person\/d4c758656c81ae00e6496831fe7b0792"},"headline":"gmina Bochnia. Ju\u017c wkr\u00f3tce \u015bwi\u0105teczne kol\u0119dowanie w \u0141apczycy z Orkiestr\u0105 Kopalni Soli","datePublished":"2024-12-31T06:52:47+00:00","dateModified":"2024-12-31T06:52:56+00:00","mainEntityOfPage":{"@id":"https:\/\/www.mojabochnia.pl\/?p=211244"},"wordCount":44,"commentCount":0,"publisher":{"@id":"https:\/\/www.mojabochnia.pl\/#organization"},"image":{"@id":"https:\/\/www.mojabochnia.pl\/?p=211244#primaryimage"},"thumbnailUrl":"https:\/\/www.mojabochnia.pl\/wp-content\/uploads\/2024\/12\/DSC_8288.jpg","keywords":["bochnia","gmina bochnia","ko\u015bci\u00f3\u0142 \u015bw. Anny w \u0141apczycy","orkiestra kopalni soli bochnia"],"articleSection":["kultura","tematyka","\u017bycie religijne"],"inLanguage":"pl-PL","potentialAction":[{"@type":"CommentAction","name":"Comment","target":["https:\/\/www.mojabochnia.pl\/?p=211244#respond"]}]},{"@type":"WebPage","@id":"https:\/\/www.mojabochnia.pl\/?p=211244","url":"https:\/\/www.mojabochnia.pl\/?p=211244","name":"gmina Bochnia. Ju\u017c wkr\u00f3tce \u015bwi\u0105teczne kol\u0119dowanie w \u0141apczycy z Orkiestr\u0105 Kopalni Soli - mojabochnia.pl - portal informacyjny","isPartOf":{"@id":"https:\/\/www.mojabochnia.pl\/#website"},"primaryImageOfPage":{"@id":"https:\/\/www.mojabochnia.pl\/?p=211244#primaryimage"},"image":{"@id":"https:\/\/www.mojabochnia.pl\/?p=211244#primaryimage"},"thumbnailUrl":"https:\/\/www.mojabochnia.pl\/wp-content\/uploads\/2024\/12\/DSC_8288.jpg","datePublished":"2024-12-31T06:52:47+00:00","dateModified":"2024-12-31T06:52:56+00:00","breadcrumb":{"@id":"https:\/\/www.mojabochnia.pl\/?p=211244#breadcrumb"},"inLanguage":"pl-PL","potentialAction":[{"@type":"ReadAction","target":["https:\/\/www.mojabochnia.pl\/?p=211244"]}]},{"@type":"ImageObject","inLanguage":"pl-PL","@id":"https:\/\/www.mojabochnia.pl\/?p=211244#primaryimage","url":"https:\/\/www.mojabochnia.pl\/wp-content\/uploads\/2024\/12\/DSC_8288.jpg","contentUrl":"https:\/\/www.mojabochnia.pl\/wp-content\/uploads\/2024\/12\/DSC_8288.jpg","width":1500,"height":1000,"caption":"M. Kalinowski"},{"@type":"BreadcrumbList","@id":"https:\/\/www.mojabochnia.pl\/?p=211244#breadcrumb","itemListElement":[{"@type":"ListItem","position":1,"name":"Home","item":"https:\/\/www.mojabochnia.pl\/"},{"@type":"ListItem","position":2,"name":"gmina Bochnia. Ju\u017c wkr\u00f3tce \u015bwi\u0105teczne kol\u0119dowanie w \u0141apczycy z Orkiestr\u0105 Kopalni Soli"}]},{"@type":"WebSite","@id":"https:\/\/www.mojabochnia.pl\/#website","url":"https:\/\/www.mojabochnia.pl\/","name":"mojabochnia.pl - portal informacyjny","description":"mojaBochnia to portal informacyjny o Bochni. Codziennie o Bochni piszemy i pokazujemy najwa\u017cniejsze wydarzenia","publisher":{"@id":"https:\/\/www.mojabochnia.pl\/#organization"},"potentialAction":[{"@type":"SearchAction","target":{"@type":"EntryPoint","urlTemplate":"https:\/\/www.mojabochnia.pl\/?s={search_term_string}"},"query-input":{"@type":"PropertyValueSpecification","valueRequired":true,"valueName":"search_term_string"}}],"inLanguage":"pl-PL"},{"@type":"Organization","@id":"https:\/\/www.mojabochnia.pl\/#organization","name":"mojabochnia.pl - portal informacyjny","url":"https:\/\/www.mojabochnia.pl\/","logo":{"@type":"ImageObject","inLanguage":"pl-PL","@id":"https:\/\/www.mojabochnia.pl\/#\/schema\/logo\/image\/","url":"https:\/\/www.mojabochnia.pl\/wp-content\/uploads\/2017\/08\/logo-mb-opt.png","contentUrl":"https:\/\/www.mojabochnia.pl\/wp-content\/uploads\/2017\/08\/logo-mb-opt.png","width":250,"height":48,"caption":"mojabochnia.pl - portal informacyjny"},"image":{"@id":"https:\/\/www.mojabochnia.pl\/#\/schema\/logo\/image\/"},"sameAs":["https:\/\/www.facebook.com\/mojabochnia"]},{"@type":"Person","@id":"https:\/\/www.mojabochnia.pl\/#\/schema\/person\/d4c758656c81ae00e6496831fe7b0792","name":"Marcin Kalinowski","url":"https:\/\/www.mojabochnia.pl\/?author=29"}]}},"_links":{"self":[{"href":"https:\/\/www.mojabochnia.pl\/index.php?rest_route=\/wp\/v2\/posts\/211244","targetHints":{"allow":["GET"]}}],"collection":[{"href":"https:\/\/www.mojabochnia.pl\/index.php?rest_route=\/wp\/v2\/posts"}],"about":[{"href":"https:\/\/www.mojabochnia.pl\/index.php?rest_route=\/wp\/v2\/types\/post"}],"author":[{"embeddable":true,"href":"https:\/\/www.mojabochnia.pl\/index.php?rest_route=\/wp\/v2\/users\/29"}],"replies":[{"embeddable":true,"href":"https:\/\/www.mojabochnia.pl\/index.php?rest_route=%2Fwp%2Fv2%2Fcomments&post=211244"}],"version-history":[{"count":1,"href":"https:\/\/www.mojabochnia.pl\/index.php?rest_route=\/wp\/v2\/posts\/211244\/revisions"}],"predecessor-version":[{"id":211247,"href":"https:\/\/www.mojabochnia.pl\/index.php?rest_route=\/wp\/v2\/posts\/211244\/revisions\/211247"}],"wp:featuredmedia":[{"embeddable":true,"href":"https:\/\/www.mojabochnia.pl\/index.php?rest_route=\/wp\/v2\/media\/210830"}],"wp:attachment":[{"href":"https:\/\/www.mojabochnia.pl\/index.php?rest_route=%2Fwp%2Fv2%2Fmedia&parent=211244"}],"wp:term":[{"taxonomy":"category","embeddable":true,"href":"https:\/\/www.mojabochnia.pl\/index.php?rest_route=%2Fwp%2Fv2%2Fcategories&post=211244"},{"taxonomy":"post_tag","embeddable":true,"href":"https:\/\/www.mojabochnia.pl\/index.php?rest_route=%2Fwp%2Fv2%2Ftags&post=211244"}],"curies":[{"name":"wp","href":"https:\/\/api.w.org\/{rel}","templated":true}]}}