{"id":2106,"date":"2008-10-15T14:04:52","date_gmt":"2008-10-15T12:04:52","guid":{"rendered":"http:\/\/www.mojabochnia.pl\/?p=2106"},"modified":"2009-04-16T12:57:01","modified_gmt":"2009-04-16T10:57:01","slug":"termowrazliwe-swiatla-na-wisnickiej-dzialaja","status":"publish","type":"post","link":"https:\/\/www.mojabochnia.pl\/?p=2106","title":{"rendered":"Termowra\u017cliwe \u015bwiat\u0142a na Wi\u015bnickiej dzia\u0142aj\u0105"},"content":{"rendered":"<p>Zdaniem policji, \u015bwiat\u0142a na pewno udro\u017cni\u0105 ruch oraz poprawi\u0105 bezpiecze\u0144stwo w tym miejscu. \u2013 <em>Dotychczasowe statystyki s\u0105 bowiem jednoznaczne: 16 kolizji w ubieg\u0142ym roku i 9 kolizji oraz wypadek w tym roku<\/em> \u2013 zwraca uwag\u0119 Marek Rudnik, komendant powiatowy policji w Bochni. <\/p>\n<p>Problem skrzy\u017cowania na ul. Wi\u015bnickiej w Bochni to r\u00f3wnie\u017c du\u017ca pochy\u0142o\u015b\u0107 terenu w ci\u0105gu ul. Brodzi\u0144skiego. Jak m\u00f3wi wiceburmistrz Gustaw Korta, instalacja b\u0119dzie reagowa\u0107 na zmiany temperatury, aby nie dochodzi\u0142o do st\u0142uczek przy oblodzonej jezdni. \u2013 <em>Gdy temperatura jezdni b\u0119dzie wskazywa\u0142a na to, \u017ce mo\u017ce doj\u015b\u0107 do tego typu zjawisk, automatycznie nast\u0105pi wy\u0142\u0105czenie kierowania tutaj \u015bwiat\u0142ami, w\u0142\u0105cz\u0105 si\u0119 migaj\u0105ce \u015bwiat\u0142a pomara\u0144czowe, kt\u00f3re b\u0119d\u0105 regulowa\u0107 ruch zgodnie z istniej\u0105cym prawem drogowym<\/em> \u2013 m\u00f3wi wiceburmistrz. <\/p>\n<p>Tego typu rozwi\u0105zanie jest pierwszym w Ma\u0142opolsce na drodze wojew\u00f3dzkiej. Sygnalizacja w Bochni kosztowa\u0142a blisko p\u00f3\u0142 miliona z\u0142, zap\u0142aci\u0142 za ni\u0105 w po\u0142owie Zarz\u0105d Dr\u00f3g Wojew\u00f3dzkich oraz w \u00bc miasto i w \u00bc powiat boche\u0144ski.<\/p>\n<p><img decoding=\"async\" src=\"\/f\/2008\/10\/081016_pm_wisnicka_swiatla2.jpg\" alt=\"null\" \/><br \/>\n<img decoding=\"async\" src=\"\/f\/2008\/10\/081016_pm_wisnicka_swiatla3.jpg\" alt=\"null\" \/><\/p>\n","protected":false},"excerpt":{"rendered":"<p>W Bochni na jednym z najbardziej newralgicznych skrzy\u017cowa\u0144 ma by\u0107 bezpieczniej. Sygnalizacja \u015bwietlna na przeci\u0119ciu si\u0119 ulic Wi\u015bnickiej, Brodzi\u0144skiego, Kazimierza Wielkiego i Samlickiego zacz\u0119\u0142a dzia\u0142a\u0107. <\/p>\n","protected":false},"author":4,"featured_media":0,"comment_status":"open","ping_status":"closed","sticky":false,"template":"","format":"standard","meta":{"_acf_changed":false,"footnotes":""},"categories":[5,11],"tags":[232,17235,17441,17345,1188,1077,1189,734],"class_list":["post-2106","post","type-post","status-publish","format-standard","hentry","category-biezace-wydarzenia","category-top-temat","tag-gustaw-korta","tag-marek-rudnik","tag-swiatla","tag-sygnalizacja-swietlna","tag-ul-brodzinskiego","tag-ul-kazimierza-wielkiego","tag-ul-samlickiego","tag-ul-wisnicka"],"acf":[],"yoast_head":"<!-- This site is optimized with the Yoast SEO plugin v26.9 - https:\/\/yoast.com\/product\/yoast-seo-wordpress\/ -->\n<title>Termowra\u017cliwe \u015bwiat\u0142a na Wi\u015bnickiej dzia\u0142aj\u0105 - mojabochnia.pl - portal informacyjny<\/title>\n<meta name=\"robots\" content=\"index, follow, max-snippet:-1, max-image-preview:large, max-video-preview:-1\" \/>\n<link rel=\"canonical\" href=\"https:\/\/www.mojabochnia.pl\/?p=2106\" \/>\n<meta property=\"og:locale\" content=\"pl_PL\" \/>\n<meta property=\"og:type\" content=\"article\" \/>\n<meta property=\"og:title\" content=\"Termowra\u017cliwe \u015bwiat\u0142a na Wi\u015bnickiej dzia\u0142aj\u0105 - mojabochnia.pl - portal informacyjny\" \/>\n<meta property=\"og:description\" content=\"W Bochni na jednym z najbardziej newralgicznych skrzy\u017cowa\u0144 ma by\u0107 bezpieczniej. Sygnalizacja \u015bwietlna na przeci\u0119ciu si\u0119 ulic Wi\u015bnickiej, Brodzi\u0144skiego, Kazimierza Wielkiego i Samlickiego zacz\u0119\u0142a dzia\u0142a\u0107.\" \/>\n<meta property=\"og:url\" content=\"https:\/\/www.mojabochnia.pl\/?p=2106\" \/>\n<meta property=\"og:site_name\" content=\"mojabochnia.pl - portal informacyjny\" \/>\n<meta property=\"article:publisher\" content=\"https:\/\/www.facebook.com\/mojabochnia\" \/>\n<meta property=\"article:published_time\" content=\"2008-10-15T12:04:52+00:00\" \/>\n<meta property=\"article:modified_time\" content=\"2009-04-16T10:57:01+00:00\" \/>\n<meta name=\"author\" content=\"Pawe\u0142 Michalczyk\" \/>\n<meta name=\"twitter:card\" content=\"summary_large_image\" \/>\n<meta name=\"twitter:label1\" content=\"Written by\" \/>\n\t<meta name=\"twitter:data1\" content=\"Pawe\u0142 Michalczyk\" \/>\n\t<meta name=\"twitter:label2\" content=\"Est. reading time\" \/>\n\t<meta name=\"twitter:data2\" content=\"1 minuta\" \/>\n<script type=\"application\/ld+json\" class=\"yoast-schema-graph\">{\"@context\":\"https:\/\/schema.org\",\"@graph\":[{\"@type\":\"Article\",\"@id\":\"https:\/\/www.mojabochnia.pl\/?p=2106#article\",\"isPartOf\":{\"@id\":\"https:\/\/www.mojabochnia.pl\/?p=2106\"},\"author\":{\"name\":\"Pawe\u0142 Michalczyk\",\"@id\":\"https:\/\/www.mojabochnia.pl\/#\/schema\/person\/ea042e4724a77627963f02166828ead4\"},\"headline\":\"Termowra\u017cliwe \u015bwiat\u0142a na Wi\u015bnickiej dzia\u0142aj\u0105\",\"datePublished\":\"2008-10-15T12:04:52+00:00\",\"dateModified\":\"2009-04-16T10:57:01+00:00\",\"mainEntityOfPage\":{\"@id\":\"https:\/\/www.mojabochnia.pl\/?p=2106\"},\"wordCount\":190,\"commentCount\":0,\"publisher\":{\"@id\":\"https:\/\/www.mojabochnia.pl\/#organization\"},\"keywords\":[\"gustaw korta\",\"marek rudnik\",\"\u015bwiat\u0142a\",\"sygnalizacja \u015bwietlna\",\"ul. brodzi\u0144skiego\",\"ul. kazimierza wielkiego\",\"ul. samlickiego\",\"ul. wi\u015bnicka\"],\"articleSection\":[\"2_ostatnie\",\"3_w centrum uwagi\"],\"inLanguage\":\"pl-PL\",\"potentialAction\":[{\"@type\":\"CommentAction\",\"name\":\"Comment\",\"target\":[\"https:\/\/www.mojabochnia.pl\/?p=2106#respond\"]}]},{\"@type\":\"WebPage\",\"@id\":\"https:\/\/www.mojabochnia.pl\/?p=2106\",\"url\":\"https:\/\/www.mojabochnia.pl\/?p=2106\",\"name\":\"Termowra\u017cliwe \u015bwiat\u0142a na Wi\u015bnickiej dzia\u0142aj\u0105 - mojabochnia.pl - portal informacyjny\",\"isPartOf\":{\"@id\":\"https:\/\/www.mojabochnia.pl\/#website\"},\"datePublished\":\"2008-10-15T12:04:52+00:00\",\"dateModified\":\"2009-04-16T10:57:01+00:00\",\"breadcrumb\":{\"@id\":\"https:\/\/www.mojabochnia.pl\/?p=2106#breadcrumb\"},\"inLanguage\":\"pl-PL\",\"potentialAction\":[{\"@type\":\"ReadAction\",\"target\":[\"https:\/\/www.mojabochnia.pl\/?p=2106\"]}]},{\"@type\":\"BreadcrumbList\",\"@id\":\"https:\/\/www.mojabochnia.pl\/?p=2106#breadcrumb\",\"itemListElement\":[{\"@type\":\"ListItem\",\"position\":1,\"name\":\"Home\",\"item\":\"https:\/\/www.mojabochnia.pl\/\"},{\"@type\":\"ListItem\",\"position\":2,\"name\":\"Termowra\u017cliwe \u015bwiat\u0142a na Wi\u015bnickiej dzia\u0142aj\u0105\"}]},{\"@type\":\"WebSite\",\"@id\":\"https:\/\/www.mojabochnia.pl\/#website\",\"url\":\"https:\/\/www.mojabochnia.pl\/\",\"name\":\"mojabochnia.pl - portal informacyjny\",\"description\":\"mojaBochnia to portal informacyjny o Bochni. Codziennie o Bochni piszemy i pokazujemy najwa\u017cniejsze wydarzenia\",\"publisher\":{\"@id\":\"https:\/\/www.mojabochnia.pl\/#organization\"},\"potentialAction\":[{\"@type\":\"SearchAction\",\"target\":{\"@type\":\"EntryPoint\",\"urlTemplate\":\"https:\/\/www.mojabochnia.pl\/?s={search_term_string}\"},\"query-input\":{\"@type\":\"PropertyValueSpecification\",\"valueRequired\":true,\"valueName\":\"search_term_string\"}}],\"inLanguage\":\"pl-PL\"},{\"@type\":\"Organization\",\"@id\":\"https:\/\/www.mojabochnia.pl\/#organization\",\"name\":\"mojabochnia.pl - portal informacyjny\",\"url\":\"https:\/\/www.mojabochnia.pl\/\",\"logo\":{\"@type\":\"ImageObject\",\"inLanguage\":\"pl-PL\",\"@id\":\"https:\/\/www.mojabochnia.pl\/#\/schema\/logo\/image\/\",\"url\":\"https:\/\/www.mojabochnia.pl\/wp-content\/uploads\/2017\/08\/logo-mb-opt.png\",\"contentUrl\":\"https:\/\/www.mojabochnia.pl\/wp-content\/uploads\/2017\/08\/logo-mb-opt.png\",\"width\":250,\"height\":48,\"caption\":\"mojabochnia.pl - portal informacyjny\"},\"image\":{\"@id\":\"https:\/\/www.mojabochnia.pl\/#\/schema\/logo\/image\/\"},\"sameAs\":[\"https:\/\/www.facebook.com\/mojabochnia\"]},{\"@type\":\"Person\",\"@id\":\"https:\/\/www.mojabochnia.pl\/#\/schema\/person\/ea042e4724a77627963f02166828ead4\",\"name\":\"Pawe\u0142 Michalczyk\",\"url\":\"https:\/\/www.mojabochnia.pl\/?author=4\"}]}<\/script>\n<!-- \/ Yoast SEO plugin. -->","yoast_head_json":{"title":"Termowra\u017cliwe \u015bwiat\u0142a na Wi\u015bnickiej dzia\u0142aj\u0105 - mojabochnia.pl - portal informacyjny","robots":{"index":"index","follow":"follow","max-snippet":"max-snippet:-1","max-image-preview":"max-image-preview:large","max-video-preview":"max-video-preview:-1"},"canonical":"https:\/\/www.mojabochnia.pl\/?p=2106","og_locale":"pl_PL","og_type":"article","og_title":"Termowra\u017cliwe \u015bwiat\u0142a na Wi\u015bnickiej dzia\u0142aj\u0105 - mojabochnia.pl - portal informacyjny","og_description":"W Bochni na jednym z najbardziej newralgicznych skrzy\u017cowa\u0144 ma by\u0107 bezpieczniej. Sygnalizacja \u015bwietlna na przeci\u0119ciu si\u0119 ulic Wi\u015bnickiej, Brodzi\u0144skiego, Kazimierza Wielkiego i Samlickiego zacz\u0119\u0142a dzia\u0142a\u0107.","og_url":"https:\/\/www.mojabochnia.pl\/?p=2106","og_site_name":"mojabochnia.pl - portal informacyjny","article_publisher":"https:\/\/www.facebook.com\/mojabochnia","article_published_time":"2008-10-15T12:04:52+00:00","article_modified_time":"2009-04-16T10:57:01+00:00","author":"Pawe\u0142 Michalczyk","twitter_card":"summary_large_image","twitter_misc":{"Written by":"Pawe\u0142 Michalczyk","Est. reading time":"1 minuta"},"schema":{"@context":"https:\/\/schema.org","@graph":[{"@type":"Article","@id":"https:\/\/www.mojabochnia.pl\/?p=2106#article","isPartOf":{"@id":"https:\/\/www.mojabochnia.pl\/?p=2106"},"author":{"name":"Pawe\u0142 Michalczyk","@id":"https:\/\/www.mojabochnia.pl\/#\/schema\/person\/ea042e4724a77627963f02166828ead4"},"headline":"Termowra\u017cliwe \u015bwiat\u0142a na Wi\u015bnickiej dzia\u0142aj\u0105","datePublished":"2008-10-15T12:04:52+00:00","dateModified":"2009-04-16T10:57:01+00:00","mainEntityOfPage":{"@id":"https:\/\/www.mojabochnia.pl\/?p=2106"},"wordCount":190,"commentCount":0,"publisher":{"@id":"https:\/\/www.mojabochnia.pl\/#organization"},"keywords":["gustaw korta","marek rudnik","\u015bwiat\u0142a","sygnalizacja \u015bwietlna","ul. brodzi\u0144skiego","ul. kazimierza wielkiego","ul. samlickiego","ul. wi\u015bnicka"],"articleSection":["2_ostatnie","3_w centrum uwagi"],"inLanguage":"pl-PL","potentialAction":[{"@type":"CommentAction","name":"Comment","target":["https:\/\/www.mojabochnia.pl\/?p=2106#respond"]}]},{"@type":"WebPage","@id":"https:\/\/www.mojabochnia.pl\/?p=2106","url":"https:\/\/www.mojabochnia.pl\/?p=2106","name":"Termowra\u017cliwe \u015bwiat\u0142a na Wi\u015bnickiej dzia\u0142aj\u0105 - mojabochnia.pl - portal informacyjny","isPartOf":{"@id":"https:\/\/www.mojabochnia.pl\/#website"},"datePublished":"2008-10-15T12:04:52+00:00","dateModified":"2009-04-16T10:57:01+00:00","breadcrumb":{"@id":"https:\/\/www.mojabochnia.pl\/?p=2106#breadcrumb"},"inLanguage":"pl-PL","potentialAction":[{"@type":"ReadAction","target":["https:\/\/www.mojabochnia.pl\/?p=2106"]}]},{"@type":"BreadcrumbList","@id":"https:\/\/www.mojabochnia.pl\/?p=2106#breadcrumb","itemListElement":[{"@type":"ListItem","position":1,"name":"Home","item":"https:\/\/www.mojabochnia.pl\/"},{"@type":"ListItem","position":2,"name":"Termowra\u017cliwe \u015bwiat\u0142a na Wi\u015bnickiej dzia\u0142aj\u0105"}]},{"@type":"WebSite","@id":"https:\/\/www.mojabochnia.pl\/#website","url":"https:\/\/www.mojabochnia.pl\/","name":"mojabochnia.pl - portal informacyjny","description":"mojaBochnia to portal informacyjny o Bochni. Codziennie o Bochni piszemy i pokazujemy najwa\u017cniejsze wydarzenia","publisher":{"@id":"https:\/\/www.mojabochnia.pl\/#organization"},"potentialAction":[{"@type":"SearchAction","target":{"@type":"EntryPoint","urlTemplate":"https:\/\/www.mojabochnia.pl\/?s={search_term_string}"},"query-input":{"@type":"PropertyValueSpecification","valueRequired":true,"valueName":"search_term_string"}}],"inLanguage":"pl-PL"},{"@type":"Organization","@id":"https:\/\/www.mojabochnia.pl\/#organization","name":"mojabochnia.pl - portal informacyjny","url":"https:\/\/www.mojabochnia.pl\/","logo":{"@type":"ImageObject","inLanguage":"pl-PL","@id":"https:\/\/www.mojabochnia.pl\/#\/schema\/logo\/image\/","url":"https:\/\/www.mojabochnia.pl\/wp-content\/uploads\/2017\/08\/logo-mb-opt.png","contentUrl":"https:\/\/www.mojabochnia.pl\/wp-content\/uploads\/2017\/08\/logo-mb-opt.png","width":250,"height":48,"caption":"mojabochnia.pl - portal informacyjny"},"image":{"@id":"https:\/\/www.mojabochnia.pl\/#\/schema\/logo\/image\/"},"sameAs":["https:\/\/www.facebook.com\/mojabochnia"]},{"@type":"Person","@id":"https:\/\/www.mojabochnia.pl\/#\/schema\/person\/ea042e4724a77627963f02166828ead4","name":"Pawe\u0142 Michalczyk","url":"https:\/\/www.mojabochnia.pl\/?author=4"}]}},"_links":{"self":[{"href":"https:\/\/www.mojabochnia.pl\/index.php?rest_route=\/wp\/v2\/posts\/2106","targetHints":{"allow":["GET"]}}],"collection":[{"href":"https:\/\/www.mojabochnia.pl\/index.php?rest_route=\/wp\/v2\/posts"}],"about":[{"href":"https:\/\/www.mojabochnia.pl\/index.php?rest_route=\/wp\/v2\/types\/post"}],"author":[{"embeddable":true,"href":"https:\/\/www.mojabochnia.pl\/index.php?rest_route=\/wp\/v2\/users\/4"}],"replies":[{"embeddable":true,"href":"https:\/\/www.mojabochnia.pl\/index.php?rest_route=%2Fwp%2Fv2%2Fcomments&post=2106"}],"version-history":[{"count":0,"href":"https:\/\/www.mojabochnia.pl\/index.php?rest_route=\/wp\/v2\/posts\/2106\/revisions"}],"wp:attachment":[{"href":"https:\/\/www.mojabochnia.pl\/index.php?rest_route=%2Fwp%2Fv2%2Fmedia&parent=2106"}],"wp:term":[{"taxonomy":"category","embeddable":true,"href":"https:\/\/www.mojabochnia.pl\/index.php?rest_route=%2Fwp%2Fv2%2Fcategories&post=2106"},{"taxonomy":"post_tag","embeddable":true,"href":"https:\/\/www.mojabochnia.pl\/index.php?rest_route=%2Fwp%2Fv2%2Ftags&post=2106"}],"curies":[{"name":"wp","href":"https:\/\/api.w.org\/{rel}","templated":true}]}}