{"id":209737,"date":"2024-10-22T07:42:56","date_gmt":"2024-10-22T05:42:56","guid":{"rendered":"https:\/\/www.mojabochnia.pl\/?p=209737"},"modified":"2024-10-23T08:26:14","modified_gmt":"2024-10-23T06:26:14","slug":"powiat-bochenski-na-22-europejskim-tygodniu-miast-i-regionow","status":"publish","type":"post","link":"https:\/\/www.mojabochnia.pl\/?p=209737","title":{"rendered":"Powiat Boche\u0144ski na 22. Europejskim Tygodniu \u00a0Miast i Region\u00f3w"},"content":{"rendered":"<p><strong>Ponad 7000 uczestnik\u00f3w na miejscu, ponad 500 prelegent\u00f3w z ca\u0142ej Europy i spoza niej, 156 sesji, wystawa z 30 stoiskami i 9 degustacjami regionalnymi oraz ponad 180 dziennikarzy \u2013 tak wygl\u0105da\u0142 22. Europejski Tydzie\u0144 Miast i Region\u00f3w, w kt\u00f3rym to Powiat Boche\u0144ski mia\u0142 mo\u017cliwo\u015b\u0107 zaprezentowa\u0107 produkty od lokalnych producent\u00f3w. Wydarzenie zosta\u0142o zorganizowane przez Dyrekcj\u0119 Generaln\u0105 ds. Polityki Regionalnej i Miejskiej Komisji Europejskiej oraz Europejski Komitet Region\u00f3w.<\/strong><\/p>\n<p>Powiat Boche\u0144ski by\u0142 jednym z trzech powiat\u00f3w, kt\u00f3re w tej edycji wydarzenia mia\u0142y okazj\u0119 zaprezentowa\u0107 to co maj\u0105 najlepsze, czyli produkty pochodz\u0105ce od lokalnych producent\u00f3w \u017cywno\u015bci.<br \/>\nLeszczy\u0144ski Spichlerz, Planeta Kawy, Lawendowe Pole \u2013 Ostr\u00f3w, Bor\u00f3wkowy R\u00f3j i Gospodarstwo Pasieczne &#8222;Pasieka u Kiejd\u00f3w&#8221; to ich produkty zago\u015bci\u0142y na sto\u0142ach i zachwyci\u0142y go\u015bci z ca\u0142ej Unii Europejskiej. Dodatkowo uczestnicy mieli okazje zapozna\u0107 si\u0119 z albumami i folderami prezentuj\u0105cymi pi\u0119kno naszego regionu.<\/p>\n<p>Europejski Tydzie\u0144 Region\u00f3w i Miast to najwi\u0119ksze coroczne wydarzenie w Brukseli po\u015bwi\u0119cone kwestiom zwi\u0105zanym z polityk\u0105 regionaln\u0105. Jest to doskona\u0142a okazja do wymiany wiedzy i do\u015bwiadcze\u0144 mi\u0119dzy przedstawicielami w\u0142adz lokalnych, nauki, biznesu i organizacji pozarz\u0105dowych z ca\u0142ej Unii Europejskiej. 22. Europejski\u00a0 Tydzie\u0144 Region\u00f3w i Miast up\u0142yn\u0105 pod has\u0142em \u201e Wzmacnianie spo\u0142eczno\u015bci \u201d i skoncentrowa\u0142 si\u0119 na czterech tematach: \u00a0konkurencyjno\u015b\u0107 i konwergencja: dwie strony tej samej monety, regiony wzmacniaj\u0105ce europejsk\u0105 demokracj\u0119, inteligentny i zr\u00f3wnowa\u017cony wzrost dla region\u00f3w, regiony maj\u0105 talent.<\/p>\n\t  \r\n\t\r\n\t    <div class=\"mb-gallery\">\r\n\t    <a href=\"https:\/\/www.mojabochnia.pl\/?attachment_id=209739\" class=\"\"><img loading=\"lazy\" decoding=\"async\" width=\"100\" height=\"100\" src=\"https:\/\/www.mojabochnia.pl\/wp-content\/uploads\/2024\/10\/0c2e50f1-faed-4796-bc18-9d35d67d54d2-100x100.jpg\" class=\"attachment-100x100 size-100x100\" alt=\"\" srcset=\"https:\/\/www.mojabochnia.pl\/wp-content\/uploads\/2024\/10\/0c2e50f1-faed-4796-bc18-9d35d67d54d2-100x100.jpg 100w, https:\/\/www.mojabochnia.pl\/wp-content\/uploads\/2024\/10\/0c2e50f1-faed-4796-bc18-9d35d67d54d2-96x96.jpg 96w, https:\/\/www.mojabochnia.pl\/wp-content\/uploads\/2024\/10\/0c2e50f1-faed-4796-bc18-9d35d67d54d2-84x84.jpg 84w\" sizes=\"auto, (max-width: 100px) 100vw, 100px\" \/><\/a><a href=\"https:\/\/www.mojabochnia.pl\/?attachment_id=209740\" class=\"\"><img loading=\"lazy\" decoding=\"async\" width=\"100\" height=\"100\" src=\"https:\/\/www.mojabochnia.pl\/wp-content\/uploads\/2024\/10\/2e893988-97ac-4056-a8c3-c03abd407120-100x100.jpg\" class=\"attachment-100x100 size-100x100\" alt=\"\" srcset=\"https:\/\/www.mojabochnia.pl\/wp-content\/uploads\/2024\/10\/2e893988-97ac-4056-a8c3-c03abd407120-100x100.jpg 100w, https:\/\/www.mojabochnia.pl\/wp-content\/uploads\/2024\/10\/2e893988-97ac-4056-a8c3-c03abd407120-96x96.jpg 96w, https:\/\/www.mojabochnia.pl\/wp-content\/uploads\/2024\/10\/2e893988-97ac-4056-a8c3-c03abd407120-84x84.jpg 84w\" sizes=\"auto, (max-width: 100px) 100vw, 100px\" \/><\/a><a href=\"https:\/\/www.mojabochnia.pl\/?attachment_id=209741\" class=\"\"><img loading=\"lazy\" decoding=\"async\" width=\"100\" height=\"100\" src=\"https:\/\/www.mojabochnia.pl\/wp-content\/uploads\/2024\/10\/3f966890-bfd9-4269-88aa-50ae3f3762ec-100x100.jpg\" class=\"attachment-100x100 size-100x100\" alt=\"\" srcset=\"https:\/\/www.mojabochnia.pl\/wp-content\/uploads\/2024\/10\/3f966890-bfd9-4269-88aa-50ae3f3762ec-100x100.jpg 100w, https:\/\/www.mojabochnia.pl\/wp-content\/uploads\/2024\/10\/3f966890-bfd9-4269-88aa-50ae3f3762ec-96x96.jpg 96w, https:\/\/www.mojabochnia.pl\/wp-content\/uploads\/2024\/10\/3f966890-bfd9-4269-88aa-50ae3f3762ec-84x84.jpg 84w\" sizes=\"auto, (max-width: 100px) 100vw, 100px\" \/><\/a><a href=\"https:\/\/www.mojabochnia.pl\/?attachment_id=209742\" class=\"\"><img loading=\"lazy\" decoding=\"async\" width=\"100\" height=\"100\" src=\"https:\/\/www.mojabochnia.pl\/wp-content\/uploads\/2024\/10\/7e9c51c3-cb1b-4fab-b785-1d081ada9323-100x100.jpg\" class=\"attachment-100x100 size-100x100\" alt=\"\" srcset=\"https:\/\/www.mojabochnia.pl\/wp-content\/uploads\/2024\/10\/7e9c51c3-cb1b-4fab-b785-1d081ada9323-100x100.jpg 100w, https:\/\/www.mojabochnia.pl\/wp-content\/uploads\/2024\/10\/7e9c51c3-cb1b-4fab-b785-1d081ada9323-96x96.jpg 96w, https:\/\/www.mojabochnia.pl\/wp-content\/uploads\/2024\/10\/7e9c51c3-cb1b-4fab-b785-1d081ada9323-84x84.jpg 84w\" sizes=\"auto, (max-width: 100px) 100vw, 100px\" \/><\/a><a href=\"https:\/\/www.mojabochnia.pl\/?attachment_id=209743\" class=\"\"><img loading=\"lazy\" decoding=\"async\" width=\"100\" height=\"100\" src=\"https:\/\/www.mojabochnia.pl\/wp-content\/uploads\/2024\/10\/8b79280d-9789-4135-9c42-1975876d7fce-100x100.jpg\" class=\"attachment-100x100 size-100x100\" alt=\"\" srcset=\"https:\/\/www.mojabochnia.pl\/wp-content\/uploads\/2024\/10\/8b79280d-9789-4135-9c42-1975876d7fce-100x100.jpg 100w, https:\/\/www.mojabochnia.pl\/wp-content\/uploads\/2024\/10\/8b79280d-9789-4135-9c42-1975876d7fce-96x96.jpg 96w, https:\/\/www.mojabochnia.pl\/wp-content\/uploads\/2024\/10\/8b79280d-9789-4135-9c42-1975876d7fce-84x84.jpg 84w\" sizes=\"auto, (max-width: 100px) 100vw, 100px\" \/><\/a><a href=\"https:\/\/www.mojabochnia.pl\/?attachment_id=209744\" class=\"\"><img loading=\"lazy\" decoding=\"async\" width=\"100\" height=\"100\" src=\"https:\/\/www.mojabochnia.pl\/wp-content\/uploads\/2024\/10\/33937688-c8da-41e9-b006-a13ad019397f-100x100.jpg\" class=\"attachment-100x100 size-100x100\" alt=\"\" srcset=\"https:\/\/www.mojabochnia.pl\/wp-content\/uploads\/2024\/10\/33937688-c8da-41e9-b006-a13ad019397f-100x100.jpg 100w, https:\/\/www.mojabochnia.pl\/wp-content\/uploads\/2024\/10\/33937688-c8da-41e9-b006-a13ad019397f-96x96.jpg 96w, https:\/\/www.mojabochnia.pl\/wp-content\/uploads\/2024\/10\/33937688-c8da-41e9-b006-a13ad019397f-84x84.jpg 84w\" sizes=\"auto, (max-width: 100px) 100vw, 100px\" \/><\/a><a href=\"https:\/\/www.mojabochnia.pl\/?attachment_id=209745\" class=\"\"><img loading=\"lazy\" decoding=\"async\" width=\"100\" height=\"100\" src=\"https:\/\/www.mojabochnia.pl\/wp-content\/uploads\/2024\/10\/cad0a93d-8f4d-45af-8fe3-0a3c32d127e2-100x100.jpg\" class=\"attachment-100x100 size-100x100\" alt=\"\" srcset=\"https:\/\/www.mojabochnia.pl\/wp-content\/uploads\/2024\/10\/cad0a93d-8f4d-45af-8fe3-0a3c32d127e2-100x100.jpg 100w, https:\/\/www.mojabochnia.pl\/wp-content\/uploads\/2024\/10\/cad0a93d-8f4d-45af-8fe3-0a3c32d127e2-96x96.jpg 96w, https:\/\/www.mojabochnia.pl\/wp-content\/uploads\/2024\/10\/cad0a93d-8f4d-45af-8fe3-0a3c32d127e2-84x84.jpg 84w\" sizes=\"auto, (max-width: 100px) 100vw, 100px\" \/><\/a><a href=\"https:\/\/www.mojabochnia.pl\/?attachment_id=209746\" class=\"\"><img loading=\"lazy\" decoding=\"async\" width=\"100\" height=\"100\" src=\"https:\/\/www.mojabochnia.pl\/wp-content\/uploads\/2024\/10\/e67c4928-f794-471c-b8d8-4a72f40cbd06-100x100.jpg\" class=\"attachment-100x100 size-100x100\" alt=\"\" srcset=\"https:\/\/www.mojabochnia.pl\/wp-content\/uploads\/2024\/10\/e67c4928-f794-471c-b8d8-4a72f40cbd06-100x100.jpg 100w, https:\/\/www.mojabochnia.pl\/wp-content\/uploads\/2024\/10\/e67c4928-f794-471c-b8d8-4a72f40cbd06-96x96.jpg 96w, https:\/\/www.mojabochnia.pl\/wp-content\/uploads\/2024\/10\/e67c4928-f794-471c-b8d8-4a72f40cbd06-84x84.jpg 84w\" sizes=\"auto, (max-width: 100px) 100vw, 100px\" \/><\/a><a href=\"https:\/\/www.mojabochnia.pl\/?attachment_id=209747\" class=\"\"><img loading=\"lazy\" decoding=\"async\" width=\"100\" height=\"100\" src=\"https:\/\/www.mojabochnia.pl\/wp-content\/uploads\/2024\/10\/image001-100x100.jpg\" class=\"attachment-100x100 size-100x100\" alt=\"\" srcset=\"https:\/\/www.mojabochnia.pl\/wp-content\/uploads\/2024\/10\/image001-100x100.jpg 100w, https:\/\/www.mojabochnia.pl\/wp-content\/uploads\/2024\/10\/image001-96x96.jpg 96w, https:\/\/www.mojabochnia.pl\/wp-content\/uploads\/2024\/10\/image001-84x84.jpg 84w\" sizes=\"auto, (max-width: 100px) 100vw, 100px\" \/><\/a><a href=\"https:\/\/www.mojabochnia.pl\/?attachment_id=209748\" class=\"\"><img loading=\"lazy\" decoding=\"async\" width=\"100\" height=\"100\" src=\"https:\/\/www.mojabochnia.pl\/wp-content\/uploads\/2024\/10\/image002-100x100.jpg\" class=\"attachment-100x100 size-100x100\" alt=\"\" srcset=\"https:\/\/www.mojabochnia.pl\/wp-content\/uploads\/2024\/10\/image002-100x100.jpg 100w, https:\/\/www.mojabochnia.pl\/wp-content\/uploads\/2024\/10\/image002-96x96.jpg 96w, https:\/\/www.mojabochnia.pl\/wp-content\/uploads\/2024\/10\/image002-84x84.jpg 84w\" sizes=\"auto, (max-width: 100px) 100vw, 100px\" \/><\/a><a href=\"https:\/\/www.mojabochnia.pl\/?attachment_id=209749\" class=\"\"><img loading=\"lazy\" decoding=\"async\" width=\"100\" height=\"100\" src=\"https:\/\/www.mojabochnia.pl\/wp-content\/uploads\/2024\/10\/image003-100x100.jpg\" class=\"attachment-100x100 size-100x100\" alt=\"\" srcset=\"https:\/\/www.mojabochnia.pl\/wp-content\/uploads\/2024\/10\/image003-100x100.jpg 100w, https:\/\/www.mojabochnia.pl\/wp-content\/uploads\/2024\/10\/image003-96x96.jpg 96w, https:\/\/www.mojabochnia.pl\/wp-content\/uploads\/2024\/10\/image003-84x84.jpg 84w\" sizes=\"auto, (max-width: 100px) 100vw, 100px\" \/><\/a><a href=\"https:\/\/www.mojabochnia.pl\/?attachment_id=209750\" class=\"\"><img loading=\"lazy\" decoding=\"async\" width=\"100\" height=\"100\" src=\"https:\/\/www.mojabochnia.pl\/wp-content\/uploads\/2024\/10\/image004-100x100.jpg\" class=\"attachment-100x100 size-100x100\" alt=\"\" srcset=\"https:\/\/www.mojabochnia.pl\/wp-content\/uploads\/2024\/10\/image004-100x100.jpg 100w, https:\/\/www.mojabochnia.pl\/wp-content\/uploads\/2024\/10\/image004-96x96.jpg 96w, https:\/\/www.mojabochnia.pl\/wp-content\/uploads\/2024\/10\/image004-84x84.jpg 84w\" sizes=\"auto, (max-width: 100px) 100vw, 100px\" \/><\/a><a href=\"https:\/\/www.mojabochnia.pl\/?attachment_id=209751\" class=\"\"><img loading=\"lazy\" decoding=\"async\" width=\"100\" height=\"100\" src=\"https:\/\/www.mojabochnia.pl\/wp-content\/uploads\/2024\/10\/image005-100x100.jpg\" class=\"attachment-100x100 size-100x100\" alt=\"\" srcset=\"https:\/\/www.mojabochnia.pl\/wp-content\/uploads\/2024\/10\/image005-100x100.jpg 100w, https:\/\/www.mojabochnia.pl\/wp-content\/uploads\/2024\/10\/image005-96x96.jpg 96w, https:\/\/www.mojabochnia.pl\/wp-content\/uploads\/2024\/10\/image005-84x84.jpg 84w\" sizes=\"auto, (max-width: 100px) 100vw, 100px\" \/><\/a><a href=\"https:\/\/www.mojabochnia.pl\/?attachment_id=209752\" class=\"\"><img loading=\"lazy\" decoding=\"async\" width=\"100\" height=\"100\" src=\"https:\/\/www.mojabochnia.pl\/wp-content\/uploads\/2024\/10\/image006-100x100.jpg\" class=\"attachment-100x100 size-100x100\" alt=\"\" srcset=\"https:\/\/www.mojabochnia.pl\/wp-content\/uploads\/2024\/10\/image006-100x100.jpg 100w, https:\/\/www.mojabochnia.pl\/wp-content\/uploads\/2024\/10\/image006-96x96.jpg 96w, https:\/\/www.mojabochnia.pl\/wp-content\/uploads\/2024\/10\/image006-84x84.jpg 84w\" sizes=\"auto, (max-width: 100px) 100vw, 100px\" \/><\/a>\t    <\/div>\r\n\t    ","protected":false},"excerpt":{"rendered":"<p>Ponad 7000 uczestnik\u00f3w na miejscu, ponad 500 prelegent\u00f3w z ca\u0142ej Europy i spoza niej, 156 sesji, wystawa z 30 stoiskami i 9 degustacjami regionalnymi oraz ponad 180 dziennikarzy \u2013 tak wygl\u0105da\u0142 22. Europejski Tydzie\u0144 Miast i Region\u00f3w, w kt\u00f3rym to Powiat Boche\u0144ski mia\u0142 mo\u017cliwo\u015b\u0107 zaprezentowa\u0107 produkty od lokalnych producent\u00f3w. Wydarzenie zosta\u0142o zorganizowane przez Dyrekcj\u0119 Generaln\u0105<\/p>\n","protected":false},"author":29,"featured_media":209740,"comment_status":"open","ping_status":"closed","sticky":false,"template":"","format":"standard","meta":{"_acf_changed":false,"footnotes":""},"categories":[6251,6250],"tags":[22297,22295,22296,22294,22292,22291,22293,17127],"class_list":["post-209737","post","type-post","status-publish","format-standard","has-post-thumbnail","hentry","category-polityka-i-wydarzenia","category-tematyka","tag-22-europejski-tydzien-miast-i-regionow","tag-borowkowy-roj","tag-gospodarstwo-pasieczne-pasieka-u-kiejdow","tag-lawendowe-pole-ostrow","tag-leszczynski-spichlerz","tag-pasieka-u-kiejdow","tag-planeta-kawy","tag-powiat-bochenski","main_tag-powiat-bochenski"],"acf":[],"yoast_head":"<!-- This site is optimized with the Yoast SEO plugin v26.9 - https:\/\/yoast.com\/product\/yoast-seo-wordpress\/ -->\n<title>Powiat Boche\u0144ski na 22. Europejskim Tygodniu \u00a0Miast i Region\u00f3w - mojabochnia.pl - portal informacyjny<\/title>\n<meta name=\"robots\" content=\"index, follow, max-snippet:-1, max-image-preview:large, max-video-preview:-1\" \/>\n<link rel=\"canonical\" href=\"https:\/\/www.mojabochnia.pl\/?p=209737\" \/>\n<meta property=\"og:locale\" content=\"pl_PL\" \/>\n<meta property=\"og:type\" content=\"article\" \/>\n<meta property=\"og:title\" content=\"Powiat Boche\u0144ski na 22. Europejskim Tygodniu \u00a0Miast i Region\u00f3w - mojabochnia.pl - portal informacyjny\" \/>\n<meta property=\"og:description\" content=\"Ponad 7000 uczestnik\u00f3w na miejscu, ponad 500 prelegent\u00f3w z ca\u0142ej Europy i spoza niej, 156 sesji, wystawa z 30 stoiskami i 9 degustacjami regionalnymi oraz ponad 180 dziennikarzy \u2013 tak wygl\u0105da\u0142 22. Europejski Tydzie\u0144 Miast i Region\u00f3w, w kt\u00f3rym to Powiat Boche\u0144ski mia\u0142 mo\u017cliwo\u015b\u0107 zaprezentowa\u0107 produkty od lokalnych producent\u00f3w. Wydarzenie zosta\u0142o zorganizowane przez Dyrekcj\u0119 Generaln\u0105\" \/>\n<meta property=\"og:url\" content=\"https:\/\/www.mojabochnia.pl\/?p=209737\" \/>\n<meta property=\"og:site_name\" content=\"mojabochnia.pl - portal informacyjny\" \/>\n<meta property=\"article:publisher\" content=\"https:\/\/www.facebook.com\/mojabochnia\" \/>\n<meta property=\"article:published_time\" content=\"2024-10-22T05:42:56+00:00\" \/>\n<meta property=\"article:modified_time\" content=\"2024-10-23T06:26:14+00:00\" \/>\n<meta property=\"og:image\" content=\"https:\/\/www.mojabochnia.pl\/wp-content\/uploads\/2024\/10\/2e893988-97ac-4056-a8c3-c03abd407120.jpg\" \/>\n\t<meta property=\"og:image:width\" content=\"1200\" \/>\n\t<meta property=\"og:image:height\" content=\"1600\" \/>\n\t<meta property=\"og:image:type\" content=\"image\/jpeg\" \/>\n<meta name=\"author\" content=\"Marcin Kalinowski\" \/>\n<meta name=\"twitter:card\" content=\"summary_large_image\" \/>\n<meta name=\"twitter:label1\" content=\"Written by\" \/>\n\t<meta name=\"twitter:data1\" content=\"Marcin Kalinowski\" \/>\n\t<meta name=\"twitter:label2\" content=\"Est. reading time\" \/>\n\t<meta name=\"twitter:data2\" content=\"1 minuta\" \/>\n<script type=\"application\/ld+json\" class=\"yoast-schema-graph\">{\"@context\":\"https:\/\/schema.org\",\"@graph\":[{\"@type\":\"Article\",\"@id\":\"https:\/\/www.mojabochnia.pl\/?p=209737#article\",\"isPartOf\":{\"@id\":\"https:\/\/www.mojabochnia.pl\/?p=209737\"},\"author\":{\"name\":\"Marcin Kalinowski\",\"@id\":\"https:\/\/www.mojabochnia.pl\/#\/schema\/person\/d4c758656c81ae00e6496831fe7b0792\"},\"headline\":\"Powiat Boche\u0144ski na 22. Europejskim Tygodniu \u00a0Miast i Region\u00f3w\",\"datePublished\":\"2024-10-22T05:42:56+00:00\",\"dateModified\":\"2024-10-23T06:26:14+00:00\",\"mainEntityOfPage\":{\"@id\":\"https:\/\/www.mojabochnia.pl\/?p=209737\"},\"wordCount\":263,\"commentCount\":0,\"publisher\":{\"@id\":\"https:\/\/www.mojabochnia.pl\/#organization\"},\"image\":{\"@id\":\"https:\/\/www.mojabochnia.pl\/?p=209737#primaryimage\"},\"thumbnailUrl\":\"https:\/\/www.mojabochnia.pl\/wp-content\/uploads\/2024\/10\/2e893988-97ac-4056-a8c3-c03abd407120.jpg\",\"keywords\":[\"22. Europejski Tydzie\u0144 \u00a0Miast i Region\u00f3w\",\"Bor\u00f3wkowy R\u00f3j\",\"Gospodarstwo Pasieczne \\\"Pasieka u Kiejd\u00f3w\\\"\",\"Lawendowe Pole \u2013 Ostr\u00f3w\",\"Leszczy\u0144ski Spichlerz\",\"pasieka u kiejd\u00f3w\",\"Planeta Kawy\",\"powiat boche\u0144ski\"],\"articleSection\":[\"polityka i wydarzenia\",\"tematyka\"],\"inLanguage\":\"pl-PL\",\"potentialAction\":[{\"@type\":\"CommentAction\",\"name\":\"Comment\",\"target\":[\"https:\/\/www.mojabochnia.pl\/?p=209737#respond\"]}]},{\"@type\":\"WebPage\",\"@id\":\"https:\/\/www.mojabochnia.pl\/?p=209737\",\"url\":\"https:\/\/www.mojabochnia.pl\/?p=209737\",\"name\":\"Powiat Boche\u0144ski na 22. Europejskim Tygodniu \u00a0Miast i Region\u00f3w - mojabochnia.pl - portal informacyjny\",\"isPartOf\":{\"@id\":\"https:\/\/www.mojabochnia.pl\/#website\"},\"primaryImageOfPage\":{\"@id\":\"https:\/\/www.mojabochnia.pl\/?p=209737#primaryimage\"},\"image\":{\"@id\":\"https:\/\/www.mojabochnia.pl\/?p=209737#primaryimage\"},\"thumbnailUrl\":\"https:\/\/www.mojabochnia.pl\/wp-content\/uploads\/2024\/10\/2e893988-97ac-4056-a8c3-c03abd407120.jpg\",\"datePublished\":\"2024-10-22T05:42:56+00:00\",\"dateModified\":\"2024-10-23T06:26:14+00:00\",\"breadcrumb\":{\"@id\":\"https:\/\/www.mojabochnia.pl\/?p=209737#breadcrumb\"},\"inLanguage\":\"pl-PL\",\"potentialAction\":[{\"@type\":\"ReadAction\",\"target\":[\"https:\/\/www.mojabochnia.pl\/?p=209737\"]}]},{\"@type\":\"ImageObject\",\"inLanguage\":\"pl-PL\",\"@id\":\"https:\/\/www.mojabochnia.pl\/?p=209737#primaryimage\",\"url\":\"https:\/\/www.mojabochnia.pl\/wp-content\/uploads\/2024\/10\/2e893988-97ac-4056-a8c3-c03abd407120.jpg\",\"contentUrl\":\"https:\/\/www.mojabochnia.pl\/wp-content\/uploads\/2024\/10\/2e893988-97ac-4056-a8c3-c03abd407120.jpg\",\"width\":1200,\"height\":1600,\"caption\":\"nades\u0142ane\"},{\"@type\":\"BreadcrumbList\",\"@id\":\"https:\/\/www.mojabochnia.pl\/?p=209737#breadcrumb\",\"itemListElement\":[{\"@type\":\"ListItem\",\"position\":1,\"name\":\"Home\",\"item\":\"https:\/\/www.mojabochnia.pl\/\"},{\"@type\":\"ListItem\",\"position\":2,\"name\":\"Powiat Boche\u0144ski na 22. Europejskim Tygodniu \u00a0Miast i Region\u00f3w\"}]},{\"@type\":\"WebSite\",\"@id\":\"https:\/\/www.mojabochnia.pl\/#website\",\"url\":\"https:\/\/www.mojabochnia.pl\/\",\"name\":\"mojabochnia.pl - portal informacyjny\",\"description\":\"mojaBochnia to portal informacyjny o Bochni. Codziennie o Bochni piszemy i pokazujemy najwa\u017cniejsze wydarzenia\",\"publisher\":{\"@id\":\"https:\/\/www.mojabochnia.pl\/#organization\"},\"potentialAction\":[{\"@type\":\"SearchAction\",\"target\":{\"@type\":\"EntryPoint\",\"urlTemplate\":\"https:\/\/www.mojabochnia.pl\/?s={search_term_string}\"},\"query-input\":{\"@type\":\"PropertyValueSpecification\",\"valueRequired\":true,\"valueName\":\"search_term_string\"}}],\"inLanguage\":\"pl-PL\"},{\"@type\":\"Organization\",\"@id\":\"https:\/\/www.mojabochnia.pl\/#organization\",\"name\":\"mojabochnia.pl - portal informacyjny\",\"url\":\"https:\/\/www.mojabochnia.pl\/\",\"logo\":{\"@type\":\"ImageObject\",\"inLanguage\":\"pl-PL\",\"@id\":\"https:\/\/www.mojabochnia.pl\/#\/schema\/logo\/image\/\",\"url\":\"https:\/\/www.mojabochnia.pl\/wp-content\/uploads\/2017\/08\/logo-mb-opt.png\",\"contentUrl\":\"https:\/\/www.mojabochnia.pl\/wp-content\/uploads\/2017\/08\/logo-mb-opt.png\",\"width\":250,\"height\":48,\"caption\":\"mojabochnia.pl - portal informacyjny\"},\"image\":{\"@id\":\"https:\/\/www.mojabochnia.pl\/#\/schema\/logo\/image\/\"},\"sameAs\":[\"https:\/\/www.facebook.com\/mojabochnia\"]},{\"@type\":\"Person\",\"@id\":\"https:\/\/www.mojabochnia.pl\/#\/schema\/person\/d4c758656c81ae00e6496831fe7b0792\",\"name\":\"Marcin Kalinowski\",\"url\":\"https:\/\/www.mojabochnia.pl\/?author=29\"}]}<\/script>\n<!-- \/ Yoast SEO plugin. -->","yoast_head_json":{"title":"Powiat Boche\u0144ski na 22. Europejskim Tygodniu \u00a0Miast i Region\u00f3w - mojabochnia.pl - portal informacyjny","robots":{"index":"index","follow":"follow","max-snippet":"max-snippet:-1","max-image-preview":"max-image-preview:large","max-video-preview":"max-video-preview:-1"},"canonical":"https:\/\/www.mojabochnia.pl\/?p=209737","og_locale":"pl_PL","og_type":"article","og_title":"Powiat Boche\u0144ski na 22. Europejskim Tygodniu \u00a0Miast i Region\u00f3w - mojabochnia.pl - portal informacyjny","og_description":"Ponad 7000 uczestnik\u00f3w na miejscu, ponad 500 prelegent\u00f3w z ca\u0142ej Europy i spoza niej, 156 sesji, wystawa z 30 stoiskami i 9 degustacjami regionalnymi oraz ponad 180 dziennikarzy \u2013 tak wygl\u0105da\u0142 22. Europejski Tydzie\u0144 Miast i Region\u00f3w, w kt\u00f3rym to Powiat Boche\u0144ski mia\u0142 mo\u017cliwo\u015b\u0107 zaprezentowa\u0107 produkty od lokalnych producent\u00f3w. Wydarzenie zosta\u0142o zorganizowane przez Dyrekcj\u0119 Generaln\u0105","og_url":"https:\/\/www.mojabochnia.pl\/?p=209737","og_site_name":"mojabochnia.pl - portal informacyjny","article_publisher":"https:\/\/www.facebook.com\/mojabochnia","article_published_time":"2024-10-22T05:42:56+00:00","article_modified_time":"2024-10-23T06:26:14+00:00","og_image":[{"width":1200,"height":1600,"url":"https:\/\/www.mojabochnia.pl\/wp-content\/uploads\/2024\/10\/2e893988-97ac-4056-a8c3-c03abd407120.jpg","type":"image\/jpeg"}],"author":"Marcin Kalinowski","twitter_card":"summary_large_image","twitter_misc":{"Written by":"Marcin Kalinowski","Est. reading time":"1 minuta"},"schema":{"@context":"https:\/\/schema.org","@graph":[{"@type":"Article","@id":"https:\/\/www.mojabochnia.pl\/?p=209737#article","isPartOf":{"@id":"https:\/\/www.mojabochnia.pl\/?p=209737"},"author":{"name":"Marcin Kalinowski","@id":"https:\/\/www.mojabochnia.pl\/#\/schema\/person\/d4c758656c81ae00e6496831fe7b0792"},"headline":"Powiat Boche\u0144ski na 22. Europejskim Tygodniu \u00a0Miast i Region\u00f3w","datePublished":"2024-10-22T05:42:56+00:00","dateModified":"2024-10-23T06:26:14+00:00","mainEntityOfPage":{"@id":"https:\/\/www.mojabochnia.pl\/?p=209737"},"wordCount":263,"commentCount":0,"publisher":{"@id":"https:\/\/www.mojabochnia.pl\/#organization"},"image":{"@id":"https:\/\/www.mojabochnia.pl\/?p=209737#primaryimage"},"thumbnailUrl":"https:\/\/www.mojabochnia.pl\/wp-content\/uploads\/2024\/10\/2e893988-97ac-4056-a8c3-c03abd407120.jpg","keywords":["22. Europejski Tydzie\u0144 \u00a0Miast i Region\u00f3w","Bor\u00f3wkowy R\u00f3j","Gospodarstwo Pasieczne \"Pasieka u Kiejd\u00f3w\"","Lawendowe Pole \u2013 Ostr\u00f3w","Leszczy\u0144ski Spichlerz","pasieka u kiejd\u00f3w","Planeta Kawy","powiat boche\u0144ski"],"articleSection":["polityka i wydarzenia","tematyka"],"inLanguage":"pl-PL","potentialAction":[{"@type":"CommentAction","name":"Comment","target":["https:\/\/www.mojabochnia.pl\/?p=209737#respond"]}]},{"@type":"WebPage","@id":"https:\/\/www.mojabochnia.pl\/?p=209737","url":"https:\/\/www.mojabochnia.pl\/?p=209737","name":"Powiat Boche\u0144ski na 22. Europejskim Tygodniu \u00a0Miast i Region\u00f3w - mojabochnia.pl - portal informacyjny","isPartOf":{"@id":"https:\/\/www.mojabochnia.pl\/#website"},"primaryImageOfPage":{"@id":"https:\/\/www.mojabochnia.pl\/?p=209737#primaryimage"},"image":{"@id":"https:\/\/www.mojabochnia.pl\/?p=209737#primaryimage"},"thumbnailUrl":"https:\/\/www.mojabochnia.pl\/wp-content\/uploads\/2024\/10\/2e893988-97ac-4056-a8c3-c03abd407120.jpg","datePublished":"2024-10-22T05:42:56+00:00","dateModified":"2024-10-23T06:26:14+00:00","breadcrumb":{"@id":"https:\/\/www.mojabochnia.pl\/?p=209737#breadcrumb"},"inLanguage":"pl-PL","potentialAction":[{"@type":"ReadAction","target":["https:\/\/www.mojabochnia.pl\/?p=209737"]}]},{"@type":"ImageObject","inLanguage":"pl-PL","@id":"https:\/\/www.mojabochnia.pl\/?p=209737#primaryimage","url":"https:\/\/www.mojabochnia.pl\/wp-content\/uploads\/2024\/10\/2e893988-97ac-4056-a8c3-c03abd407120.jpg","contentUrl":"https:\/\/www.mojabochnia.pl\/wp-content\/uploads\/2024\/10\/2e893988-97ac-4056-a8c3-c03abd407120.jpg","width":1200,"height":1600,"caption":"nades\u0142ane"},{"@type":"BreadcrumbList","@id":"https:\/\/www.mojabochnia.pl\/?p=209737#breadcrumb","itemListElement":[{"@type":"ListItem","position":1,"name":"Home","item":"https:\/\/www.mojabochnia.pl\/"},{"@type":"ListItem","position":2,"name":"Powiat Boche\u0144ski na 22. Europejskim Tygodniu \u00a0Miast i Region\u00f3w"}]},{"@type":"WebSite","@id":"https:\/\/www.mojabochnia.pl\/#website","url":"https:\/\/www.mojabochnia.pl\/","name":"mojabochnia.pl - portal informacyjny","description":"mojaBochnia to portal informacyjny o Bochni. Codziennie o Bochni piszemy i pokazujemy najwa\u017cniejsze wydarzenia","publisher":{"@id":"https:\/\/www.mojabochnia.pl\/#organization"},"potentialAction":[{"@type":"SearchAction","target":{"@type":"EntryPoint","urlTemplate":"https:\/\/www.mojabochnia.pl\/?s={search_term_string}"},"query-input":{"@type":"PropertyValueSpecification","valueRequired":true,"valueName":"search_term_string"}}],"inLanguage":"pl-PL"},{"@type":"Organization","@id":"https:\/\/www.mojabochnia.pl\/#organization","name":"mojabochnia.pl - portal informacyjny","url":"https:\/\/www.mojabochnia.pl\/","logo":{"@type":"ImageObject","inLanguage":"pl-PL","@id":"https:\/\/www.mojabochnia.pl\/#\/schema\/logo\/image\/","url":"https:\/\/www.mojabochnia.pl\/wp-content\/uploads\/2017\/08\/logo-mb-opt.png","contentUrl":"https:\/\/www.mojabochnia.pl\/wp-content\/uploads\/2017\/08\/logo-mb-opt.png","width":250,"height":48,"caption":"mojabochnia.pl - portal informacyjny"},"image":{"@id":"https:\/\/www.mojabochnia.pl\/#\/schema\/logo\/image\/"},"sameAs":["https:\/\/www.facebook.com\/mojabochnia"]},{"@type":"Person","@id":"https:\/\/www.mojabochnia.pl\/#\/schema\/person\/d4c758656c81ae00e6496831fe7b0792","name":"Marcin Kalinowski","url":"https:\/\/www.mojabochnia.pl\/?author=29"}]}},"_links":{"self":[{"href":"https:\/\/www.mojabochnia.pl\/index.php?rest_route=\/wp\/v2\/posts\/209737","targetHints":{"allow":["GET"]}}],"collection":[{"href":"https:\/\/www.mojabochnia.pl\/index.php?rest_route=\/wp\/v2\/posts"}],"about":[{"href":"https:\/\/www.mojabochnia.pl\/index.php?rest_route=\/wp\/v2\/types\/post"}],"author":[{"embeddable":true,"href":"https:\/\/www.mojabochnia.pl\/index.php?rest_route=\/wp\/v2\/users\/29"}],"replies":[{"embeddable":true,"href":"https:\/\/www.mojabochnia.pl\/index.php?rest_route=%2Fwp%2Fv2%2Fcomments&post=209737"}],"version-history":[{"count":1,"href":"https:\/\/www.mojabochnia.pl\/index.php?rest_route=\/wp\/v2\/posts\/209737\/revisions"}],"predecessor-version":[{"id":209753,"href":"https:\/\/www.mojabochnia.pl\/index.php?rest_route=\/wp\/v2\/posts\/209737\/revisions\/209753"}],"wp:featuredmedia":[{"embeddable":true,"href":"https:\/\/www.mojabochnia.pl\/index.php?rest_route=\/wp\/v2\/media\/209740"}],"wp:attachment":[{"href":"https:\/\/www.mojabochnia.pl\/index.php?rest_route=%2Fwp%2Fv2%2Fmedia&parent=209737"}],"wp:term":[{"taxonomy":"category","embeddable":true,"href":"https:\/\/www.mojabochnia.pl\/index.php?rest_route=%2Fwp%2Fv2%2Fcategories&post=209737"},{"taxonomy":"post_tag","embeddable":true,"href":"https:\/\/www.mojabochnia.pl\/index.php?rest_route=%2Fwp%2Fv2%2Ftags&post=209737"}],"curies":[{"name":"wp","href":"https:\/\/api.w.org\/{rel}","templated":true}]}}