{"id":209734,"date":"2024-10-22T07:26:44","date_gmt":"2024-10-22T05:26:44","guid":{"rendered":"https:\/\/www.mojabochnia.pl\/?p=209734"},"modified":"2024-10-22T07:26:44","modified_gmt":"2024-10-22T05:26:44","slug":"nowy-wisnicz-35-latek-z-kopalin-sprofanowal-msze-swieta","status":"publish","type":"post","link":"https:\/\/www.mojabochnia.pl\/?p=209734","title":{"rendered":"Nowy Wi\u015bnicz. 35-latek z Kopalin sprofanowa\u0142 msz\u0119 \u015bwi\u0119t\u0105"},"content":{"rendered":"<div class=\"head\">\n<p><strong>W minion\u0105 niedziel\u0119 w ko\u015bciele parafialnym w Nowym Wi\u015bniczu, pochodz\u0105cy z Kopalin m\u0119\u017cczyzna sprofanowa\u0142 msz\u0119 \u015bwi\u0119t\u0105. 35-latek by\u0142 pod wp\u0142ywem narkotyk\u00f3w. Zosta\u0142 uj\u0119ty przez uczestnik\u00f3w mszy, a nast\u0119pnie przekazany Policji.<\/strong><\/p>\n<p>Podczas niedzielnej, porannej mszy \u015bwi\u0119tej (godzina 7.00) do prezbiterium od strony zakrystii wszed\u0142 35-letni m\u0119\u017cczyzna. Stan\u0105\u0142 za odprawiaj\u0105cym msz\u0119 ksi\u0119dzem i zacz\u0105\u0142 wymachiwa\u0107 za nim r\u0119kami, a nast\u0119pnie pchn\u0105\u0142 i uszkodzi\u0142 krzy\u017c znajduj\u0105cy si\u0119 na o\u0142tarzu. M\u0119\u017cczyzna zosta\u0142 uj\u0119ty przez parafian bior\u0105cych udzia\u0142 w eucharystii, wyprowadzony poza \u015bwi\u0105tyni\u0119 i przekazany przyby\u0142ym na miejsce policjantom. Funkcjonariusze, z uwagi na trudno\u015b\u0107 w komunikowaniu si\u0119 z m\u0119\u017cczyzn\u0105, przetransportowali go do szpitala. W wyniku przeprowadzonych tam bada\u0144 krwi uzyskano informacj\u0119, \u017ce znajdowa\u0142 si\u0119 pod wp\u0142ywem amfetaminy i katyny. Dalsze czynno\u015bci w tej sprawie b\u0119d\u0105 prowadzi\u0107 policjanci z Komisariatu Policji w Nowym Wi\u015bniczu.<\/p>\n<\/div>\n","protected":false},"excerpt":{"rendered":"<p>W minion\u0105 niedziel\u0119 w ko\u015bciele parafialnym w Nowym Wi\u015bniczu, pochodz\u0105cy z Kopalin m\u0119\u017cczyzna sprofanowa\u0142 msz\u0119 \u015bwi\u0119t\u0105. 35-latek by\u0142 pod wp\u0142ywem narkotyk\u00f3w. Zosta\u0142 uj\u0119ty przez uczestnik\u00f3w mszy, a nast\u0119pnie przekazany Policji. Podczas niedzielnej, porannej mszy \u015bwi\u0119tej (godzina 7.00) do prezbiterium od strony zakrystii wszed\u0142 35-letni m\u0119\u017cczyzna. Stan\u0105\u0142 za odprawiaj\u0105cym msz\u0119 ksi\u0119dzem i zacz\u0105\u0142 wymachiwa\u0107 za nim<\/p>\n","protected":false},"author":29,"featured_media":133430,"comment_status":"open","ping_status":"closed","sticky":false,"template":"","format":"standard","meta":{"_acf_changed":false,"footnotes":""},"categories":[6252,6251,6250],"tags":[17986,22290,20100,19720],"class_list":["post-209734","post","type-post","status-publish","format-standard","has-post-thumbnail","hentry","category-kronika-policyjna-tematyka","category-polityka-i-wydarzenia","category-tematyka","tag-gmina-nowy-wisnicz1","tag-parafia-nowy-wisnicz","tag-policja-bochnia","tag-top-temat","main_tag-policja-bochnia"],"acf":[],"yoast_head":"<!-- This site is optimized with the Yoast SEO plugin v26.9 - https:\/\/yoast.com\/product\/yoast-seo-wordpress\/ -->\n<title>Nowy Wi\u015bnicz. 35-latek z Kopalin sprofanowa\u0142 msz\u0119 \u015bwi\u0119t\u0105 - mojabochnia.pl - portal informacyjny<\/title>\n<meta name=\"robots\" content=\"index, follow, max-snippet:-1, max-image-preview:large, max-video-preview:-1\" \/>\n<link rel=\"canonical\" href=\"https:\/\/www.mojabochnia.pl\/?p=209734\" \/>\n<meta property=\"og:locale\" content=\"pl_PL\" \/>\n<meta property=\"og:type\" content=\"article\" \/>\n<meta property=\"og:title\" content=\"Nowy Wi\u015bnicz. 35-latek z Kopalin sprofanowa\u0142 msz\u0119 \u015bwi\u0119t\u0105 - mojabochnia.pl - portal informacyjny\" \/>\n<meta property=\"og:description\" content=\"W minion\u0105 niedziel\u0119 w ko\u015bciele parafialnym w Nowym Wi\u015bniczu, pochodz\u0105cy z Kopalin m\u0119\u017cczyzna sprofanowa\u0142 msz\u0119 \u015bwi\u0119t\u0105. 35-latek by\u0142 pod wp\u0142ywem narkotyk\u00f3w. Zosta\u0142 uj\u0119ty przez uczestnik\u00f3w mszy, a nast\u0119pnie przekazany Policji. Podczas niedzielnej, porannej mszy \u015bwi\u0119tej (godzina 7.00) do prezbiterium od strony zakrystii wszed\u0142 35-letni m\u0119\u017cczyzna. Stan\u0105\u0142 za odprawiaj\u0105cym msz\u0119 ksi\u0119dzem i zacz\u0105\u0142 wymachiwa\u0107 za nim\" \/>\n<meta property=\"og:url\" content=\"https:\/\/www.mojabochnia.pl\/?p=209734\" \/>\n<meta property=\"og:site_name\" content=\"mojabochnia.pl - portal informacyjny\" \/>\n<meta property=\"article:publisher\" content=\"https:\/\/www.facebook.com\/mojabochnia\" \/>\n<meta property=\"article:published_time\" content=\"2024-10-22T05:26:44+00:00\" \/>\n<meta property=\"og:image\" content=\"https:\/\/www.mojabochnia.pl\/wp-content\/uploads\/2015\/07\/IMG_2622.jpg\" \/>\n\t<meta property=\"og:image:width\" content=\"660\" \/>\n\t<meta property=\"og:image:height\" content=\"440\" \/>\n\t<meta property=\"og:image:type\" content=\"image\/jpeg\" \/>\n<meta name=\"author\" content=\"Marcin Kalinowski\" \/>\n<meta name=\"twitter:card\" content=\"summary_large_image\" \/>\n<meta name=\"twitter:label1\" content=\"Written by\" \/>\n\t<meta name=\"twitter:data1\" content=\"Marcin Kalinowski\" \/>\n\t<meta name=\"twitter:label2\" content=\"Est. reading time\" \/>\n\t<meta name=\"twitter:data2\" content=\"1 minuta\" \/>\n<script type=\"application\/ld+json\" class=\"yoast-schema-graph\">{\"@context\":\"https:\/\/schema.org\",\"@graph\":[{\"@type\":\"Article\",\"@id\":\"https:\/\/www.mojabochnia.pl\/?p=209734#article\",\"isPartOf\":{\"@id\":\"https:\/\/www.mojabochnia.pl\/?p=209734\"},\"author\":{\"name\":\"Marcin Kalinowski\",\"@id\":\"https:\/\/www.mojabochnia.pl\/#\/schema\/person\/d4c758656c81ae00e6496831fe7b0792\"},\"headline\":\"Nowy Wi\u015bnicz. 35-latek z Kopalin sprofanowa\u0142 msz\u0119 \u015bwi\u0119t\u0105\",\"datePublished\":\"2024-10-22T05:26:44+00:00\",\"mainEntityOfPage\":{\"@id\":\"https:\/\/www.mojabochnia.pl\/?p=209734\"},\"wordCount\":165,\"commentCount\":0,\"publisher\":{\"@id\":\"https:\/\/www.mojabochnia.pl\/#organization\"},\"image\":{\"@id\":\"https:\/\/www.mojabochnia.pl\/?p=209734#primaryimage\"},\"thumbnailUrl\":\"https:\/\/www.mojabochnia.pl\/wp-content\/uploads\/2015\/07\/IMG_2622.jpg\",\"keywords\":[\"gmina nowy wi\u015bnicz\",\"parafia nowy wi\u015bnicz\",\"policja bochnia\",\"top temat\"],\"articleSection\":[\"Kronika policyjna\",\"polityka i wydarzenia\",\"tematyka\"],\"inLanguage\":\"pl-PL\",\"potentialAction\":[{\"@type\":\"CommentAction\",\"name\":\"Comment\",\"target\":[\"https:\/\/www.mojabochnia.pl\/?p=209734#respond\"]}]},{\"@type\":\"WebPage\",\"@id\":\"https:\/\/www.mojabochnia.pl\/?p=209734\",\"url\":\"https:\/\/www.mojabochnia.pl\/?p=209734\",\"name\":\"Nowy Wi\u015bnicz. 35-latek z Kopalin sprofanowa\u0142 msz\u0119 \u015bwi\u0119t\u0105 - mojabochnia.pl - portal informacyjny\",\"isPartOf\":{\"@id\":\"https:\/\/www.mojabochnia.pl\/#website\"},\"primaryImageOfPage\":{\"@id\":\"https:\/\/www.mojabochnia.pl\/?p=209734#primaryimage\"},\"image\":{\"@id\":\"https:\/\/www.mojabochnia.pl\/?p=209734#primaryimage\"},\"thumbnailUrl\":\"https:\/\/www.mojabochnia.pl\/wp-content\/uploads\/2015\/07\/IMG_2622.jpg\",\"datePublished\":\"2024-10-22T05:26:44+00:00\",\"breadcrumb\":{\"@id\":\"https:\/\/www.mojabochnia.pl\/?p=209734#breadcrumb\"},\"inLanguage\":\"pl-PL\",\"potentialAction\":[{\"@type\":\"ReadAction\",\"target\":[\"https:\/\/www.mojabochnia.pl\/?p=209734\"]}]},{\"@type\":\"ImageObject\",\"inLanguage\":\"pl-PL\",\"@id\":\"https:\/\/www.mojabochnia.pl\/?p=209734#primaryimage\",\"url\":\"https:\/\/www.mojabochnia.pl\/wp-content\/uploads\/2015\/07\/IMG_2622.jpg\",\"contentUrl\":\"https:\/\/www.mojabochnia.pl\/wp-content\/uploads\/2015\/07\/IMG_2622.jpg\",\"width\":660,\"height\":440,\"caption\":\"Pawe\u0142 Michalczyk\"},{\"@type\":\"BreadcrumbList\",\"@id\":\"https:\/\/www.mojabochnia.pl\/?p=209734#breadcrumb\",\"itemListElement\":[{\"@type\":\"ListItem\",\"position\":1,\"name\":\"Home\",\"item\":\"https:\/\/www.mojabochnia.pl\/\"},{\"@type\":\"ListItem\",\"position\":2,\"name\":\"Nowy Wi\u015bnicz. 35-latek z Kopalin sprofanowa\u0142 msz\u0119 \u015bwi\u0119t\u0105\"}]},{\"@type\":\"WebSite\",\"@id\":\"https:\/\/www.mojabochnia.pl\/#website\",\"url\":\"https:\/\/www.mojabochnia.pl\/\",\"name\":\"mojabochnia.pl - portal informacyjny\",\"description\":\"mojaBochnia to portal informacyjny o Bochni. Codziennie o Bochni piszemy i pokazujemy najwa\u017cniejsze wydarzenia\",\"publisher\":{\"@id\":\"https:\/\/www.mojabochnia.pl\/#organization\"},\"potentialAction\":[{\"@type\":\"SearchAction\",\"target\":{\"@type\":\"EntryPoint\",\"urlTemplate\":\"https:\/\/www.mojabochnia.pl\/?s={search_term_string}\"},\"query-input\":{\"@type\":\"PropertyValueSpecification\",\"valueRequired\":true,\"valueName\":\"search_term_string\"}}],\"inLanguage\":\"pl-PL\"},{\"@type\":\"Organization\",\"@id\":\"https:\/\/www.mojabochnia.pl\/#organization\",\"name\":\"mojabochnia.pl - portal informacyjny\",\"url\":\"https:\/\/www.mojabochnia.pl\/\",\"logo\":{\"@type\":\"ImageObject\",\"inLanguage\":\"pl-PL\",\"@id\":\"https:\/\/www.mojabochnia.pl\/#\/schema\/logo\/image\/\",\"url\":\"https:\/\/www.mojabochnia.pl\/wp-content\/uploads\/2017\/08\/logo-mb-opt.png\",\"contentUrl\":\"https:\/\/www.mojabochnia.pl\/wp-content\/uploads\/2017\/08\/logo-mb-opt.png\",\"width\":250,\"height\":48,\"caption\":\"mojabochnia.pl - portal informacyjny\"},\"image\":{\"@id\":\"https:\/\/www.mojabochnia.pl\/#\/schema\/logo\/image\/\"},\"sameAs\":[\"https:\/\/www.facebook.com\/mojabochnia\"]},{\"@type\":\"Person\",\"@id\":\"https:\/\/www.mojabochnia.pl\/#\/schema\/person\/d4c758656c81ae00e6496831fe7b0792\",\"name\":\"Marcin Kalinowski\",\"url\":\"https:\/\/www.mojabochnia.pl\/?author=29\"}]}<\/script>\n<!-- \/ Yoast SEO plugin. -->","yoast_head_json":{"title":"Nowy Wi\u015bnicz. 35-latek z Kopalin sprofanowa\u0142 msz\u0119 \u015bwi\u0119t\u0105 - mojabochnia.pl - portal informacyjny","robots":{"index":"index","follow":"follow","max-snippet":"max-snippet:-1","max-image-preview":"max-image-preview:large","max-video-preview":"max-video-preview:-1"},"canonical":"https:\/\/www.mojabochnia.pl\/?p=209734","og_locale":"pl_PL","og_type":"article","og_title":"Nowy Wi\u015bnicz. 35-latek z Kopalin sprofanowa\u0142 msz\u0119 \u015bwi\u0119t\u0105 - mojabochnia.pl - portal informacyjny","og_description":"W minion\u0105 niedziel\u0119 w ko\u015bciele parafialnym w Nowym Wi\u015bniczu, pochodz\u0105cy z Kopalin m\u0119\u017cczyzna sprofanowa\u0142 msz\u0119 \u015bwi\u0119t\u0105. 35-latek by\u0142 pod wp\u0142ywem narkotyk\u00f3w. Zosta\u0142 uj\u0119ty przez uczestnik\u00f3w mszy, a nast\u0119pnie przekazany Policji. Podczas niedzielnej, porannej mszy \u015bwi\u0119tej (godzina 7.00) do prezbiterium od strony zakrystii wszed\u0142 35-letni m\u0119\u017cczyzna. Stan\u0105\u0142 za odprawiaj\u0105cym msz\u0119 ksi\u0119dzem i zacz\u0105\u0142 wymachiwa\u0107 za nim","og_url":"https:\/\/www.mojabochnia.pl\/?p=209734","og_site_name":"mojabochnia.pl - portal informacyjny","article_publisher":"https:\/\/www.facebook.com\/mojabochnia","article_published_time":"2024-10-22T05:26:44+00:00","og_image":[{"width":660,"height":440,"url":"https:\/\/www.mojabochnia.pl\/wp-content\/uploads\/2015\/07\/IMG_2622.jpg","type":"image\/jpeg"}],"author":"Marcin Kalinowski","twitter_card":"summary_large_image","twitter_misc":{"Written by":"Marcin Kalinowski","Est. reading time":"1 minuta"},"schema":{"@context":"https:\/\/schema.org","@graph":[{"@type":"Article","@id":"https:\/\/www.mojabochnia.pl\/?p=209734#article","isPartOf":{"@id":"https:\/\/www.mojabochnia.pl\/?p=209734"},"author":{"name":"Marcin Kalinowski","@id":"https:\/\/www.mojabochnia.pl\/#\/schema\/person\/d4c758656c81ae00e6496831fe7b0792"},"headline":"Nowy Wi\u015bnicz. 35-latek z Kopalin sprofanowa\u0142 msz\u0119 \u015bwi\u0119t\u0105","datePublished":"2024-10-22T05:26:44+00:00","mainEntityOfPage":{"@id":"https:\/\/www.mojabochnia.pl\/?p=209734"},"wordCount":165,"commentCount":0,"publisher":{"@id":"https:\/\/www.mojabochnia.pl\/#organization"},"image":{"@id":"https:\/\/www.mojabochnia.pl\/?p=209734#primaryimage"},"thumbnailUrl":"https:\/\/www.mojabochnia.pl\/wp-content\/uploads\/2015\/07\/IMG_2622.jpg","keywords":["gmina nowy wi\u015bnicz","parafia nowy wi\u015bnicz","policja bochnia","top temat"],"articleSection":["Kronika policyjna","polityka i wydarzenia","tematyka"],"inLanguage":"pl-PL","potentialAction":[{"@type":"CommentAction","name":"Comment","target":["https:\/\/www.mojabochnia.pl\/?p=209734#respond"]}]},{"@type":"WebPage","@id":"https:\/\/www.mojabochnia.pl\/?p=209734","url":"https:\/\/www.mojabochnia.pl\/?p=209734","name":"Nowy Wi\u015bnicz. 35-latek z Kopalin sprofanowa\u0142 msz\u0119 \u015bwi\u0119t\u0105 - mojabochnia.pl - portal informacyjny","isPartOf":{"@id":"https:\/\/www.mojabochnia.pl\/#website"},"primaryImageOfPage":{"@id":"https:\/\/www.mojabochnia.pl\/?p=209734#primaryimage"},"image":{"@id":"https:\/\/www.mojabochnia.pl\/?p=209734#primaryimage"},"thumbnailUrl":"https:\/\/www.mojabochnia.pl\/wp-content\/uploads\/2015\/07\/IMG_2622.jpg","datePublished":"2024-10-22T05:26:44+00:00","breadcrumb":{"@id":"https:\/\/www.mojabochnia.pl\/?p=209734#breadcrumb"},"inLanguage":"pl-PL","potentialAction":[{"@type":"ReadAction","target":["https:\/\/www.mojabochnia.pl\/?p=209734"]}]},{"@type":"ImageObject","inLanguage":"pl-PL","@id":"https:\/\/www.mojabochnia.pl\/?p=209734#primaryimage","url":"https:\/\/www.mojabochnia.pl\/wp-content\/uploads\/2015\/07\/IMG_2622.jpg","contentUrl":"https:\/\/www.mojabochnia.pl\/wp-content\/uploads\/2015\/07\/IMG_2622.jpg","width":660,"height":440,"caption":"Pawe\u0142 Michalczyk"},{"@type":"BreadcrumbList","@id":"https:\/\/www.mojabochnia.pl\/?p=209734#breadcrumb","itemListElement":[{"@type":"ListItem","position":1,"name":"Home","item":"https:\/\/www.mojabochnia.pl\/"},{"@type":"ListItem","position":2,"name":"Nowy Wi\u015bnicz. 35-latek z Kopalin sprofanowa\u0142 msz\u0119 \u015bwi\u0119t\u0105"}]},{"@type":"WebSite","@id":"https:\/\/www.mojabochnia.pl\/#website","url":"https:\/\/www.mojabochnia.pl\/","name":"mojabochnia.pl - portal informacyjny","description":"mojaBochnia to portal informacyjny o Bochni. Codziennie o Bochni piszemy i pokazujemy najwa\u017cniejsze wydarzenia","publisher":{"@id":"https:\/\/www.mojabochnia.pl\/#organization"},"potentialAction":[{"@type":"SearchAction","target":{"@type":"EntryPoint","urlTemplate":"https:\/\/www.mojabochnia.pl\/?s={search_term_string}"},"query-input":{"@type":"PropertyValueSpecification","valueRequired":true,"valueName":"search_term_string"}}],"inLanguage":"pl-PL"},{"@type":"Organization","@id":"https:\/\/www.mojabochnia.pl\/#organization","name":"mojabochnia.pl - portal informacyjny","url":"https:\/\/www.mojabochnia.pl\/","logo":{"@type":"ImageObject","inLanguage":"pl-PL","@id":"https:\/\/www.mojabochnia.pl\/#\/schema\/logo\/image\/","url":"https:\/\/www.mojabochnia.pl\/wp-content\/uploads\/2017\/08\/logo-mb-opt.png","contentUrl":"https:\/\/www.mojabochnia.pl\/wp-content\/uploads\/2017\/08\/logo-mb-opt.png","width":250,"height":48,"caption":"mojabochnia.pl - portal informacyjny"},"image":{"@id":"https:\/\/www.mojabochnia.pl\/#\/schema\/logo\/image\/"},"sameAs":["https:\/\/www.facebook.com\/mojabochnia"]},{"@type":"Person","@id":"https:\/\/www.mojabochnia.pl\/#\/schema\/person\/d4c758656c81ae00e6496831fe7b0792","name":"Marcin Kalinowski","url":"https:\/\/www.mojabochnia.pl\/?author=29"}]}},"_links":{"self":[{"href":"https:\/\/www.mojabochnia.pl\/index.php?rest_route=\/wp\/v2\/posts\/209734","targetHints":{"allow":["GET"]}}],"collection":[{"href":"https:\/\/www.mojabochnia.pl\/index.php?rest_route=\/wp\/v2\/posts"}],"about":[{"href":"https:\/\/www.mojabochnia.pl\/index.php?rest_route=\/wp\/v2\/types\/post"}],"author":[{"embeddable":true,"href":"https:\/\/www.mojabochnia.pl\/index.php?rest_route=\/wp\/v2\/users\/29"}],"replies":[{"embeddable":true,"href":"https:\/\/www.mojabochnia.pl\/index.php?rest_route=%2Fwp%2Fv2%2Fcomments&post=209734"}],"version-history":[{"count":1,"href":"https:\/\/www.mojabochnia.pl\/index.php?rest_route=\/wp\/v2\/posts\/209734\/revisions"}],"predecessor-version":[{"id":209736,"href":"https:\/\/www.mojabochnia.pl\/index.php?rest_route=\/wp\/v2\/posts\/209734\/revisions\/209736"}],"wp:featuredmedia":[{"embeddable":true,"href":"https:\/\/www.mojabochnia.pl\/index.php?rest_route=\/wp\/v2\/media\/133430"}],"wp:attachment":[{"href":"https:\/\/www.mojabochnia.pl\/index.php?rest_route=%2Fwp%2Fv2%2Fmedia&parent=209734"}],"wp:term":[{"taxonomy":"category","embeddable":true,"href":"https:\/\/www.mojabochnia.pl\/index.php?rest_route=%2Fwp%2Fv2%2Fcategories&post=209734"},{"taxonomy":"post_tag","embeddable":true,"href":"https:\/\/www.mojabochnia.pl\/index.php?rest_route=%2Fwp%2Fv2%2Ftags&post=209734"}],"curies":[{"name":"wp","href":"https:\/\/api.w.org\/{rel}","templated":true}]}}