{"id":209494,"date":"2024-09-24T06:38:12","date_gmt":"2024-09-24T04:38:12","guid":{"rendered":"https:\/\/www.mojabochnia.pl\/?p=209494"},"modified":"2024-09-24T06:38:12","modified_gmt":"2024-09-24T04:38:12","slug":"powiat-bochenski-wesprze-powiat-nyski","status":"publish","type":"post","link":"https:\/\/www.mojabochnia.pl\/?p=209494","title":{"rendered":"Powiat Boche\u0144ski wesprze Powiat Nyski"},"content":{"rendered":"<p><strong>W obliczu katastrofalnej powodzi, kt\u00f3ra dotkn\u0119\u0142a Powiat Nyski, w\u0142adze Powiatu Boche\u0144skiego postanowi\u0142y wesprze\u0107 mieszka\u0144c\u00f3w Powiatu Nyskiego w tych trudnych chwilach. Na dzisiejszej sesji Rada Powiatu w Bochni jednog\u0142o\u015bnie zaakceptowa\u0142a decyzj\u0119 o przekazaniu 100 tysi\u0119cy z\u0142otych na pomoc dla Szpitala Powiatowego w Nysie, kt\u00f3ry zosta\u0142 powa\u017cnie uszkodzony przez \u017cywio\u0142.<\/strong><\/p>\n<p>\u015arodki zostan\u0105 przeznaczone na niezb\u0119dne prace naprawcze i odtworzeniowe, kt\u00f3re pomog\u0105 w jak najszybszym przywr\u00f3ceniu pe\u0142nej funkcjonalno\u015bci szpitala \u2013 kluczowej instytucji zdrowia publicznego dla mieszka\u0144c\u00f3w Powiatu Nyskiego.<\/p>\n<p><em>Jeste\u015bmy \u015bwiadomi, jak wa\u017cna jest solidarno\u015b\u0107 w trudnych chwilach. Niejednokrotnie otrzymali\u015bmy takie wsparcie podczas powodzi czy to w 2020 roku czy 2010. Pow\u00f3d\u017a nie zna granic, ale pomoc i wsp\u00f3\u0142praca r\u00f3wnie\u017c. Z dum\u0105 wspieramy Powiat Nyski w jego odbudowie<\/em> \u2014 podkre\u015bli\u0142 starosta Adam Korta.<\/p>\n<p>Ta inicjatywa pokazuje, \u017ce w obliczu nieszcz\u0119\u015bcia lokalne spo\u0142eczno\u015bci potrafi\u0105 zjednoczy\u0107 si\u0119 i dzia\u0142a\u0107 razem na rzecz odbudowy tego, co najcenniejsze \u2013 zdrowia i bezpiecze\u0144stwa mieszka\u0144c\u00f3w.<\/p>\n<p>Fot. Starostwo Powiatowe w Nysie<\/p>\n","protected":false},"excerpt":{"rendered":"<p>W obliczu katastrofalnej powodzi, kt\u00f3ra dotkn\u0119\u0142a Powiat Nyski, w\u0142adze Powiatu Boche\u0144skiego postanowi\u0142y wesprze\u0107 mieszka\u0144c\u00f3w Powiatu Nyskiego w tych trudnych chwilach. Na dzisiejszej sesji Rada Powiatu w Bochni jednog\u0142o\u015bnie zaakceptowa\u0142a decyzj\u0119 o przekazaniu 100 tysi\u0119cy z\u0142otych na pomoc dla Szpitala Powiatowego w Nysie, kt\u00f3ry zosta\u0142 powa\u017cnie uszkodzony przez \u017cywio\u0142. \u015arodki zostan\u0105 przeznaczone na niezb\u0119dne prace naprawcze<\/p>\n","protected":false},"author":29,"featured_media":209496,"comment_status":"open","ping_status":"closed","sticky":false,"template":"","format":"standard","meta":{"_acf_changed":false,"footnotes":""},"categories":[6251,6250],"tags":[17884,17127,22269,17774],"class_list":["post-209494","post","type-post","status-publish","format-standard","has-post-thumbnail","hentry","category-polityka-i-wydarzenia","category-tematyka","tag-adam-korta","tag-powiat-bochenski","tag-powiat-nyski","tag-powodz","main_tag-powiat-bochenski"],"acf":[],"yoast_head":"<!-- This site is optimized with the Yoast SEO plugin v26.9 - https:\/\/yoast.com\/product\/yoast-seo-wordpress\/ -->\n<title>Powiat Boche\u0144ski wesprze Powiat Nyski - mojabochnia.pl - portal informacyjny<\/title>\n<meta name=\"robots\" content=\"index, follow, max-snippet:-1, max-image-preview:large, max-video-preview:-1\" \/>\n<link rel=\"canonical\" href=\"https:\/\/www.mojabochnia.pl\/?p=209494\" \/>\n<meta property=\"og:locale\" content=\"pl_PL\" \/>\n<meta property=\"og:type\" content=\"article\" \/>\n<meta property=\"og:title\" content=\"Powiat Boche\u0144ski wesprze Powiat Nyski - mojabochnia.pl - portal informacyjny\" \/>\n<meta property=\"og:description\" content=\"W obliczu katastrofalnej powodzi, kt\u00f3ra dotkn\u0119\u0142a Powiat Nyski, w\u0142adze Powiatu Boche\u0144skiego postanowi\u0142y wesprze\u0107 mieszka\u0144c\u00f3w Powiatu Nyskiego w tych trudnych chwilach. Na dzisiejszej sesji Rada Powiatu w Bochni jednog\u0142o\u015bnie zaakceptowa\u0142a decyzj\u0119 o przekazaniu 100 tysi\u0119cy z\u0142otych na pomoc dla Szpitala Powiatowego w Nysie, kt\u00f3ry zosta\u0142 powa\u017cnie uszkodzony przez \u017cywio\u0142. \u015arodki zostan\u0105 przeznaczone na niezb\u0119dne prace naprawcze\" \/>\n<meta property=\"og:url\" content=\"https:\/\/www.mojabochnia.pl\/?p=209494\" \/>\n<meta property=\"og:site_name\" content=\"mojabochnia.pl - portal informacyjny\" \/>\n<meta property=\"article:publisher\" content=\"https:\/\/www.facebook.com\/mojabochnia\" \/>\n<meta property=\"article:published_time\" content=\"2024-09-24T04:38:12+00:00\" \/>\n<meta property=\"og:image\" content=\"https:\/\/www.mojabochnia.pl\/wp-content\/uploads\/2024\/09\/460399492_1104008777922441_5395183319867512477_n.jpg\" \/>\n\t<meta property=\"og:image:width\" content=\"2048\" \/>\n\t<meta property=\"og:image:height\" content=\"1536\" \/>\n\t<meta property=\"og:image:type\" content=\"image\/jpeg\" \/>\n<meta name=\"author\" content=\"Marcin Kalinowski\" \/>\n<meta name=\"twitter:card\" content=\"summary_large_image\" \/>\n<meta name=\"twitter:label1\" content=\"Written by\" \/>\n\t<meta name=\"twitter:data1\" content=\"Marcin Kalinowski\" \/>\n\t<meta name=\"twitter:label2\" content=\"Est. reading time\" \/>\n\t<meta name=\"twitter:data2\" content=\"1 minuta\" \/>\n<script type=\"application\/ld+json\" class=\"yoast-schema-graph\">{\"@context\":\"https:\/\/schema.org\",\"@graph\":[{\"@type\":\"Article\",\"@id\":\"https:\/\/www.mojabochnia.pl\/?p=209494#article\",\"isPartOf\":{\"@id\":\"https:\/\/www.mojabochnia.pl\/?p=209494\"},\"author\":{\"name\":\"Marcin Kalinowski\",\"@id\":\"https:\/\/www.mojabochnia.pl\/#\/schema\/person\/d4c758656c81ae00e6496831fe7b0792\"},\"headline\":\"Powiat Boche\u0144ski wesprze Powiat Nyski\",\"datePublished\":\"2024-09-24T04:38:12+00:00\",\"mainEntityOfPage\":{\"@id\":\"https:\/\/www.mojabochnia.pl\/?p=209494\"},\"wordCount\":185,\"commentCount\":0,\"publisher\":{\"@id\":\"https:\/\/www.mojabochnia.pl\/#organization\"},\"image\":{\"@id\":\"https:\/\/www.mojabochnia.pl\/?p=209494#primaryimage\"},\"thumbnailUrl\":\"https:\/\/www.mojabochnia.pl\/wp-content\/uploads\/2024\/09\/460399492_1104008777922441_5395183319867512477_n.jpg\",\"keywords\":[\"adam korta\",\"powiat boche\u0144ski\",\"powiat nyski\",\"pow\u00f3d\u017a\"],\"articleSection\":[\"polityka i wydarzenia\",\"tematyka\"],\"inLanguage\":\"pl-PL\",\"potentialAction\":[{\"@type\":\"CommentAction\",\"name\":\"Comment\",\"target\":[\"https:\/\/www.mojabochnia.pl\/?p=209494#respond\"]}]},{\"@type\":\"WebPage\",\"@id\":\"https:\/\/www.mojabochnia.pl\/?p=209494\",\"url\":\"https:\/\/www.mojabochnia.pl\/?p=209494\",\"name\":\"Powiat Boche\u0144ski wesprze Powiat Nyski - mojabochnia.pl - portal informacyjny\",\"isPartOf\":{\"@id\":\"https:\/\/www.mojabochnia.pl\/#website\"},\"primaryImageOfPage\":{\"@id\":\"https:\/\/www.mojabochnia.pl\/?p=209494#primaryimage\"},\"image\":{\"@id\":\"https:\/\/www.mojabochnia.pl\/?p=209494#primaryimage\"},\"thumbnailUrl\":\"https:\/\/www.mojabochnia.pl\/wp-content\/uploads\/2024\/09\/460399492_1104008777922441_5395183319867512477_n.jpg\",\"datePublished\":\"2024-09-24T04:38:12+00:00\",\"breadcrumb\":{\"@id\":\"https:\/\/www.mojabochnia.pl\/?p=209494#breadcrumb\"},\"inLanguage\":\"pl-PL\",\"potentialAction\":[{\"@type\":\"ReadAction\",\"target\":[\"https:\/\/www.mojabochnia.pl\/?p=209494\"]}]},{\"@type\":\"ImageObject\",\"inLanguage\":\"pl-PL\",\"@id\":\"https:\/\/www.mojabochnia.pl\/?p=209494#primaryimage\",\"url\":\"https:\/\/www.mojabochnia.pl\/wp-content\/uploads\/2024\/09\/460399492_1104008777922441_5395183319867512477_n.jpg\",\"contentUrl\":\"https:\/\/www.mojabochnia.pl\/wp-content\/uploads\/2024\/09\/460399492_1104008777922441_5395183319867512477_n.jpg\",\"width\":2048,\"height\":1536},{\"@type\":\"BreadcrumbList\",\"@id\":\"https:\/\/www.mojabochnia.pl\/?p=209494#breadcrumb\",\"itemListElement\":[{\"@type\":\"ListItem\",\"position\":1,\"name\":\"Home\",\"item\":\"https:\/\/www.mojabochnia.pl\/\"},{\"@type\":\"ListItem\",\"position\":2,\"name\":\"Powiat Boche\u0144ski wesprze Powiat Nyski\"}]},{\"@type\":\"WebSite\",\"@id\":\"https:\/\/www.mojabochnia.pl\/#website\",\"url\":\"https:\/\/www.mojabochnia.pl\/\",\"name\":\"mojabochnia.pl - portal informacyjny\",\"description\":\"mojaBochnia to portal informacyjny o Bochni. Codziennie o Bochni piszemy i pokazujemy najwa\u017cniejsze wydarzenia\",\"publisher\":{\"@id\":\"https:\/\/www.mojabochnia.pl\/#organization\"},\"potentialAction\":[{\"@type\":\"SearchAction\",\"target\":{\"@type\":\"EntryPoint\",\"urlTemplate\":\"https:\/\/www.mojabochnia.pl\/?s={search_term_string}\"},\"query-input\":{\"@type\":\"PropertyValueSpecification\",\"valueRequired\":true,\"valueName\":\"search_term_string\"}}],\"inLanguage\":\"pl-PL\"},{\"@type\":\"Organization\",\"@id\":\"https:\/\/www.mojabochnia.pl\/#organization\",\"name\":\"mojabochnia.pl - portal informacyjny\",\"url\":\"https:\/\/www.mojabochnia.pl\/\",\"logo\":{\"@type\":\"ImageObject\",\"inLanguage\":\"pl-PL\",\"@id\":\"https:\/\/www.mojabochnia.pl\/#\/schema\/logo\/image\/\",\"url\":\"https:\/\/www.mojabochnia.pl\/wp-content\/uploads\/2017\/08\/logo-mb-opt.png\",\"contentUrl\":\"https:\/\/www.mojabochnia.pl\/wp-content\/uploads\/2017\/08\/logo-mb-opt.png\",\"width\":250,\"height\":48,\"caption\":\"mojabochnia.pl - portal informacyjny\"},\"image\":{\"@id\":\"https:\/\/www.mojabochnia.pl\/#\/schema\/logo\/image\/\"},\"sameAs\":[\"https:\/\/www.facebook.com\/mojabochnia\"]},{\"@type\":\"Person\",\"@id\":\"https:\/\/www.mojabochnia.pl\/#\/schema\/person\/d4c758656c81ae00e6496831fe7b0792\",\"name\":\"Marcin Kalinowski\",\"url\":\"https:\/\/www.mojabochnia.pl\/?author=29\"}]}<\/script>\n<!-- \/ Yoast SEO plugin. -->","yoast_head_json":{"title":"Powiat Boche\u0144ski wesprze Powiat Nyski - mojabochnia.pl - portal informacyjny","robots":{"index":"index","follow":"follow","max-snippet":"max-snippet:-1","max-image-preview":"max-image-preview:large","max-video-preview":"max-video-preview:-1"},"canonical":"https:\/\/www.mojabochnia.pl\/?p=209494","og_locale":"pl_PL","og_type":"article","og_title":"Powiat Boche\u0144ski wesprze Powiat Nyski - mojabochnia.pl - portal informacyjny","og_description":"W obliczu katastrofalnej powodzi, kt\u00f3ra dotkn\u0119\u0142a Powiat Nyski, w\u0142adze Powiatu Boche\u0144skiego postanowi\u0142y wesprze\u0107 mieszka\u0144c\u00f3w Powiatu Nyskiego w tych trudnych chwilach. Na dzisiejszej sesji Rada Powiatu w Bochni jednog\u0142o\u015bnie zaakceptowa\u0142a decyzj\u0119 o przekazaniu 100 tysi\u0119cy z\u0142otych na pomoc dla Szpitala Powiatowego w Nysie, kt\u00f3ry zosta\u0142 powa\u017cnie uszkodzony przez \u017cywio\u0142. \u015arodki zostan\u0105 przeznaczone na niezb\u0119dne prace naprawcze","og_url":"https:\/\/www.mojabochnia.pl\/?p=209494","og_site_name":"mojabochnia.pl - portal informacyjny","article_publisher":"https:\/\/www.facebook.com\/mojabochnia","article_published_time":"2024-09-24T04:38:12+00:00","og_image":[{"width":2048,"height":1536,"url":"https:\/\/www.mojabochnia.pl\/wp-content\/uploads\/2024\/09\/460399492_1104008777922441_5395183319867512477_n.jpg","type":"image\/jpeg"}],"author":"Marcin Kalinowski","twitter_card":"summary_large_image","twitter_misc":{"Written by":"Marcin Kalinowski","Est. reading time":"1 minuta"},"schema":{"@context":"https:\/\/schema.org","@graph":[{"@type":"Article","@id":"https:\/\/www.mojabochnia.pl\/?p=209494#article","isPartOf":{"@id":"https:\/\/www.mojabochnia.pl\/?p=209494"},"author":{"name":"Marcin Kalinowski","@id":"https:\/\/www.mojabochnia.pl\/#\/schema\/person\/d4c758656c81ae00e6496831fe7b0792"},"headline":"Powiat Boche\u0144ski wesprze Powiat Nyski","datePublished":"2024-09-24T04:38:12+00:00","mainEntityOfPage":{"@id":"https:\/\/www.mojabochnia.pl\/?p=209494"},"wordCount":185,"commentCount":0,"publisher":{"@id":"https:\/\/www.mojabochnia.pl\/#organization"},"image":{"@id":"https:\/\/www.mojabochnia.pl\/?p=209494#primaryimage"},"thumbnailUrl":"https:\/\/www.mojabochnia.pl\/wp-content\/uploads\/2024\/09\/460399492_1104008777922441_5395183319867512477_n.jpg","keywords":["adam korta","powiat boche\u0144ski","powiat nyski","pow\u00f3d\u017a"],"articleSection":["polityka i wydarzenia","tematyka"],"inLanguage":"pl-PL","potentialAction":[{"@type":"CommentAction","name":"Comment","target":["https:\/\/www.mojabochnia.pl\/?p=209494#respond"]}]},{"@type":"WebPage","@id":"https:\/\/www.mojabochnia.pl\/?p=209494","url":"https:\/\/www.mojabochnia.pl\/?p=209494","name":"Powiat Boche\u0144ski wesprze Powiat Nyski - mojabochnia.pl - portal informacyjny","isPartOf":{"@id":"https:\/\/www.mojabochnia.pl\/#website"},"primaryImageOfPage":{"@id":"https:\/\/www.mojabochnia.pl\/?p=209494#primaryimage"},"image":{"@id":"https:\/\/www.mojabochnia.pl\/?p=209494#primaryimage"},"thumbnailUrl":"https:\/\/www.mojabochnia.pl\/wp-content\/uploads\/2024\/09\/460399492_1104008777922441_5395183319867512477_n.jpg","datePublished":"2024-09-24T04:38:12+00:00","breadcrumb":{"@id":"https:\/\/www.mojabochnia.pl\/?p=209494#breadcrumb"},"inLanguage":"pl-PL","potentialAction":[{"@type":"ReadAction","target":["https:\/\/www.mojabochnia.pl\/?p=209494"]}]},{"@type":"ImageObject","inLanguage":"pl-PL","@id":"https:\/\/www.mojabochnia.pl\/?p=209494#primaryimage","url":"https:\/\/www.mojabochnia.pl\/wp-content\/uploads\/2024\/09\/460399492_1104008777922441_5395183319867512477_n.jpg","contentUrl":"https:\/\/www.mojabochnia.pl\/wp-content\/uploads\/2024\/09\/460399492_1104008777922441_5395183319867512477_n.jpg","width":2048,"height":1536},{"@type":"BreadcrumbList","@id":"https:\/\/www.mojabochnia.pl\/?p=209494#breadcrumb","itemListElement":[{"@type":"ListItem","position":1,"name":"Home","item":"https:\/\/www.mojabochnia.pl\/"},{"@type":"ListItem","position":2,"name":"Powiat Boche\u0144ski wesprze Powiat Nyski"}]},{"@type":"WebSite","@id":"https:\/\/www.mojabochnia.pl\/#website","url":"https:\/\/www.mojabochnia.pl\/","name":"mojabochnia.pl - portal informacyjny","description":"mojaBochnia to portal informacyjny o Bochni. Codziennie o Bochni piszemy i pokazujemy najwa\u017cniejsze wydarzenia","publisher":{"@id":"https:\/\/www.mojabochnia.pl\/#organization"},"potentialAction":[{"@type":"SearchAction","target":{"@type":"EntryPoint","urlTemplate":"https:\/\/www.mojabochnia.pl\/?s={search_term_string}"},"query-input":{"@type":"PropertyValueSpecification","valueRequired":true,"valueName":"search_term_string"}}],"inLanguage":"pl-PL"},{"@type":"Organization","@id":"https:\/\/www.mojabochnia.pl\/#organization","name":"mojabochnia.pl - portal informacyjny","url":"https:\/\/www.mojabochnia.pl\/","logo":{"@type":"ImageObject","inLanguage":"pl-PL","@id":"https:\/\/www.mojabochnia.pl\/#\/schema\/logo\/image\/","url":"https:\/\/www.mojabochnia.pl\/wp-content\/uploads\/2017\/08\/logo-mb-opt.png","contentUrl":"https:\/\/www.mojabochnia.pl\/wp-content\/uploads\/2017\/08\/logo-mb-opt.png","width":250,"height":48,"caption":"mojabochnia.pl - portal informacyjny"},"image":{"@id":"https:\/\/www.mojabochnia.pl\/#\/schema\/logo\/image\/"},"sameAs":["https:\/\/www.facebook.com\/mojabochnia"]},{"@type":"Person","@id":"https:\/\/www.mojabochnia.pl\/#\/schema\/person\/d4c758656c81ae00e6496831fe7b0792","name":"Marcin Kalinowski","url":"https:\/\/www.mojabochnia.pl\/?author=29"}]}},"_links":{"self":[{"href":"https:\/\/www.mojabochnia.pl\/index.php?rest_route=\/wp\/v2\/posts\/209494","targetHints":{"allow":["GET"]}}],"collection":[{"href":"https:\/\/www.mojabochnia.pl\/index.php?rest_route=\/wp\/v2\/posts"}],"about":[{"href":"https:\/\/www.mojabochnia.pl\/index.php?rest_route=\/wp\/v2\/types\/post"}],"author":[{"embeddable":true,"href":"https:\/\/www.mojabochnia.pl\/index.php?rest_route=\/wp\/v2\/users\/29"}],"replies":[{"embeddable":true,"href":"https:\/\/www.mojabochnia.pl\/index.php?rest_route=%2Fwp%2Fv2%2Fcomments&post=209494"}],"version-history":[{"count":1,"href":"https:\/\/www.mojabochnia.pl\/index.php?rest_route=\/wp\/v2\/posts\/209494\/revisions"}],"predecessor-version":[{"id":209497,"href":"https:\/\/www.mojabochnia.pl\/index.php?rest_route=\/wp\/v2\/posts\/209494\/revisions\/209497"}],"wp:featuredmedia":[{"embeddable":true,"href":"https:\/\/www.mojabochnia.pl\/index.php?rest_route=\/wp\/v2\/media\/209496"}],"wp:attachment":[{"href":"https:\/\/www.mojabochnia.pl\/index.php?rest_route=%2Fwp%2Fv2%2Fmedia&parent=209494"}],"wp:term":[{"taxonomy":"category","embeddable":true,"href":"https:\/\/www.mojabochnia.pl\/index.php?rest_route=%2Fwp%2Fv2%2Fcategories&post=209494"},{"taxonomy":"post_tag","embeddable":true,"href":"https:\/\/www.mojabochnia.pl\/index.php?rest_route=%2Fwp%2Fv2%2Ftags&post=209494"}],"curies":[{"name":"wp","href":"https:\/\/api.w.org\/{rel}","templated":true}]}}