{"id":203691,"date":"2024-02-07T07:38:51","date_gmt":"2024-02-07T06:38:51","guid":{"rendered":"https:\/\/www.mojabochnia.pl\/?p=203691"},"modified":"2024-02-07T07:44:46","modified_gmt":"2024-02-07T06:44:46","slug":"gmina-zegocina-szczodroki-wyroznione-w-podegrodziu","status":"publish","type":"post","link":"https:\/\/www.mojabochnia.pl\/?p=203691","title":{"rendered":"Gmina \u017begocina. &#8222;Szczodroki&#8221; wyr\u00f3\u017cnione w Podegrodziu"},"content":{"rendered":"<p><strong>Dzieci\u0119ca grupa kol\u0119dnicza ,,Szczodroki\u201d ze Szko\u0142y Podstawowej w Rozdzielu\u00a0 zosta\u0142a wyr\u00f3\u017cniona podczas 27. Og\u00f3lnopolskich Spotka\u0144 Dzieci\u0119cych i M\u0142odzie\u017cowych Grup Kol\u0119dniczych ,,Pastuszkowe Kol\u0119dowanie&#8221;. W przegl\u0105dzie wzi\u0119\u0142o udzia\u0142 39 grup kol\u0119dniczych (w tym 24 dzieci\u0119cych i 15 m\u0142odzie\u017cowych) z 4 wojew\u00f3dztw: \u015bl\u0105skiego, \u015bwi\u0119tokrzyskiego, podkarpackiego oraz ma\u0142opolskiego<\/strong>.<\/p>\n<p>&nbsp;<\/p>\n<p>Wcze\u015bniej, bo 13. stycznia, w Lipnicy Murowanej &#8222;Szczodroki&#8221; zastali zakwalifikowani przez jury\u00a0 42. Ma\u0142opolskiego Przegl\u0105du Grup Kol\u0119dniczych do udzia\u0142u w 27. Og\u00f3lnopolskich Spotka\u0144 Dzieci\u0119cych i M\u0142odzie\u017cowych Grup Kol\u0119dniczych ,,Pastuszkowe Kol\u0119dowanie&#8221;, kt\u00f3re odby\u0142y si\u0119 w dniach 27 i 28 stycznia. A w nich, komisja konkursowa przyzna\u0142a grupie z gminy \u017begocina I miejsce w kategorii grup dzieci\u0119cych.<\/p>\n<p>Istniej\u0105ca od roku 1999 formacja prowadzona jest przez Ann\u0119 Zelek, a w jej sk\u0142ad wchodz\u0105 uczniowie klasy II: Dawid Tatkowski, Adam Wolak, Bart\u0142omiej P\u0142awecki.<\/p>\n<p>&nbsp;<\/p>\n<p><em>\u0179r\u00f3d\u0142o: gmina \u017begocina<\/em><\/p>\n<p><em>Zdj\u0119cia: gmina \u017begocina\u00a0<\/em><\/p>\n<p>&nbsp;<\/p>\n\t  \r\n\t\r\n\t    <div class=\"mb-gallery\">\r\n\t    <a href=\"https:\/\/www.mojabochnia.pl\/?attachment_id=203693\" class=\"\"><img loading=\"lazy\" decoding=\"async\" width=\"100\" height=\"100\" src=\"https:\/\/www.mojabochnia.pl\/wp-content\/uploads\/2024\/02\/421279298394387999629609386856404769468923n-100x100.jpg\" class=\"attachment-100x100 size-100x100\" alt=\"\" srcset=\"https:\/\/www.mojabochnia.pl\/wp-content\/uploads\/2024\/02\/421279298394387999629609386856404769468923n-100x100.jpg 100w, https:\/\/www.mojabochnia.pl\/wp-content\/uploads\/2024\/02\/421279298394387999629609386856404769468923n-96x96.jpg 96w, https:\/\/www.mojabochnia.pl\/wp-content\/uploads\/2024\/02\/421279298394387999629609386856404769468923n-84x84.jpg 84w\" sizes=\"auto, (max-width: 100px) 100vw, 100px\" \/><\/a><a href=\"https:\/\/www.mojabochnia.pl\/?attachment_id=203694\" class=\"\"><img loading=\"lazy\" decoding=\"async\" width=\"100\" height=\"100\" src=\"https:\/\/www.mojabochnia.pl\/wp-content\/uploads\/2024\/02\/41132412410606428918275924483494164205959273n-100x100.jpg\" class=\"attachment-100x100 size-100x100\" alt=\"\" srcset=\"https:\/\/www.mojabochnia.pl\/wp-content\/uploads\/2024\/02\/41132412410606428918275924483494164205959273n-100x100.jpg 100w, https:\/\/www.mojabochnia.pl\/wp-content\/uploads\/2024\/02\/41132412410606428918275924483494164205959273n-96x96.jpg 96w, https:\/\/www.mojabochnia.pl\/wp-content\/uploads\/2024\/02\/41132412410606428918275924483494164205959273n-84x84.jpg 84w\" sizes=\"auto, (max-width: 100px) 100vw, 100px\" \/><\/a><a href=\"https:\/\/www.mojabochnia.pl\/?attachment_id=203695\" class=\"\"><img loading=\"lazy\" decoding=\"async\" width=\"100\" height=\"100\" src=\"https:\/\/www.mojabochnia.pl\/wp-content\/uploads\/2024\/02\/4201970223931797064574102675798824710983801n-100x100.jpg\" class=\"attachment-100x100 size-100x100\" alt=\"\" srcset=\"https:\/\/www.mojabochnia.pl\/wp-content\/uploads\/2024\/02\/4201970223931797064574102675798824710983801n-100x100.jpg 100w, https:\/\/www.mojabochnia.pl\/wp-content\/uploads\/2024\/02\/4201970223931797064574102675798824710983801n-96x96.jpg 96w, https:\/\/www.mojabochnia.pl\/wp-content\/uploads\/2024\/02\/4201970223931797064574102675798824710983801n-84x84.jpg 84w\" sizes=\"auto, (max-width: 100px) 100vw, 100px\" \/><\/a>\t    <\/div>\r\n\t    ","protected":false},"excerpt":{"rendered":"<p>Dzieci\u0119ca grupa kol\u0119dnicza ,,Szczodroki\u201d ze Szko\u0142y Podstawowej w Rozdzielu\u00a0 zosta\u0142a wyr\u00f3\u017cniona podczas 27. Og\u00f3lnopolskich Spotka\u0144 Dzieci\u0119cych i M\u0142odzie\u017cowych Grup Kol\u0119dniczych ,,Pastuszkowe Kol\u0119dowanie&#8221;. W przegl\u0105dzie wzi\u0119\u0142o udzia\u0142 39 grup kol\u0119dniczych (w tym 24 dzieci\u0119cych i 15 m\u0142odzie\u017cowych) z 4 wojew\u00f3dztw: \u015bl\u0105skiego, \u015bwi\u0119tokrzyskiego, podkarpackiego oraz ma\u0142opolskiego. &nbsp; Wcze\u015bniej, bo 13. stycznia, w Lipnicy Murowanej &#8222;Szczodroki&#8221; zastali zakwalifikowani<\/p>\n","protected":false},"author":29,"featured_media":203694,"comment_status":"open","ping_status":"closed","sticky":false,"template":"","format":"standard","meta":{"_acf_changed":false,"footnotes":""},"categories":[92,6251,6250],"tags":[21772,21773,21771,20181],"class_list":["post-203691","post","type-post","status-publish","format-standard","has-post-thumbnail","hentry","category-kultura","category-polityka-i-wydarzenia","category-tematyka","tag-adam-wolak","tag-bartlomiej-plawecki","tag-dawid-tatkowski","tag-gmina-zegocina"],"acf":[],"yoast_head":"<!-- This site is optimized with the Yoast SEO plugin v26.9 - https:\/\/yoast.com\/product\/yoast-seo-wordpress\/ -->\n<title>Gmina \u017begocina. &quot;Szczodroki&quot; wyr\u00f3\u017cnione w Podegrodziu - mojabochnia.pl - portal informacyjny<\/title>\n<meta name=\"robots\" content=\"index, follow, max-snippet:-1, max-image-preview:large, max-video-preview:-1\" \/>\n<link rel=\"canonical\" href=\"https:\/\/www.mojabochnia.pl\/?p=203691\" \/>\n<meta property=\"og:locale\" content=\"pl_PL\" \/>\n<meta property=\"og:type\" content=\"article\" \/>\n<meta property=\"og:title\" content=\"Gmina \u017begocina. &quot;Szczodroki&quot; wyr\u00f3\u017cnione w Podegrodziu - mojabochnia.pl - portal informacyjny\" \/>\n<meta property=\"og:description\" content=\"Dzieci\u0119ca grupa kol\u0119dnicza ,,Szczodroki\u201d ze Szko\u0142y Podstawowej w Rozdzielu\u00a0 zosta\u0142a wyr\u00f3\u017cniona podczas 27. Og\u00f3lnopolskich Spotka\u0144 Dzieci\u0119cych i M\u0142odzie\u017cowych Grup Kol\u0119dniczych ,,Pastuszkowe Kol\u0119dowanie&#8221;. W przegl\u0105dzie wzi\u0119\u0142o udzia\u0142 39 grup kol\u0119dniczych (w tym 24 dzieci\u0119cych i 15 m\u0142odzie\u017cowych) z 4 wojew\u00f3dztw: \u015bl\u0105skiego, \u015bwi\u0119tokrzyskiego, podkarpackiego oraz ma\u0142opolskiego. &nbsp; Wcze\u015bniej, bo 13. stycznia, w Lipnicy Murowanej &#8222;Szczodroki&#8221; zastali zakwalifikowani\" \/>\n<meta property=\"og:url\" content=\"https:\/\/www.mojabochnia.pl\/?p=203691\" \/>\n<meta property=\"og:site_name\" content=\"mojabochnia.pl - portal informacyjny\" \/>\n<meta property=\"article:publisher\" content=\"https:\/\/www.facebook.com\/mojabochnia\" \/>\n<meta property=\"article:published_time\" content=\"2024-02-07T06:38:51+00:00\" \/>\n<meta property=\"article:modified_time\" content=\"2024-02-07T06:44:46+00:00\" \/>\n<meta property=\"og:image\" content=\"https:\/\/www.mojabochnia.pl\/wp-content\/uploads\/2024\/02\/41132412410606428918275924483494164205959273n.jpg\" \/>\n\t<meta property=\"og:image:width\" content=\"2000\" \/>\n\t<meta property=\"og:image:height\" content=\"1500\" \/>\n\t<meta property=\"og:image:type\" content=\"image\/jpeg\" \/>\n<meta name=\"author\" content=\"Marcin Kalinowski\" \/>\n<meta name=\"twitter:card\" content=\"summary_large_image\" \/>\n<meta name=\"twitter:label1\" content=\"Written by\" \/>\n\t<meta name=\"twitter:data1\" content=\"Marcin Kalinowski\" \/>\n\t<meta name=\"twitter:label2\" content=\"Est. reading time\" \/>\n\t<meta name=\"twitter:data2\" content=\"1 minuta\" \/>\n<script type=\"application\/ld+json\" class=\"yoast-schema-graph\">{\"@context\":\"https:\/\/schema.org\",\"@graph\":[{\"@type\":\"Article\",\"@id\":\"https:\/\/www.mojabochnia.pl\/?p=203691#article\",\"isPartOf\":{\"@id\":\"https:\/\/www.mojabochnia.pl\/?p=203691\"},\"author\":{\"name\":\"Marcin Kalinowski\",\"@id\":\"https:\/\/www.mojabochnia.pl\/#\/schema\/person\/d4c758656c81ae00e6496831fe7b0792\"},\"headline\":\"Gmina \u017begocina. &#8222;Szczodroki&#8221; wyr\u00f3\u017cnione w Podegrodziu\",\"datePublished\":\"2024-02-07T06:38:51+00:00\",\"dateModified\":\"2024-02-07T06:44:46+00:00\",\"mainEntityOfPage\":{\"@id\":\"https:\/\/www.mojabochnia.pl\/?p=203691\"},\"wordCount\":171,\"commentCount\":0,\"publisher\":{\"@id\":\"https:\/\/www.mojabochnia.pl\/#organization\"},\"image\":{\"@id\":\"https:\/\/www.mojabochnia.pl\/?p=203691#primaryimage\"},\"thumbnailUrl\":\"https:\/\/www.mojabochnia.pl\/wp-content\/uploads\/2024\/02\/41132412410606428918275924483494164205959273n.jpg\",\"keywords\":[\"Adam Wolak\",\"Bart\u0142omiej P\u0142awecki\",\"Dawid Tatkowski\",\"gmina \u017cegocina\"],\"articleSection\":[\"kultura\",\"polityka i wydarzenia\",\"tematyka\"],\"inLanguage\":\"pl-PL\",\"potentialAction\":[{\"@type\":\"CommentAction\",\"name\":\"Comment\",\"target\":[\"https:\/\/www.mojabochnia.pl\/?p=203691#respond\"]}]},{\"@type\":\"WebPage\",\"@id\":\"https:\/\/www.mojabochnia.pl\/?p=203691\",\"url\":\"https:\/\/www.mojabochnia.pl\/?p=203691\",\"name\":\"Gmina \u017begocina. \\\"Szczodroki\\\" wyr\u00f3\u017cnione w Podegrodziu - mojabochnia.pl - portal informacyjny\",\"isPartOf\":{\"@id\":\"https:\/\/www.mojabochnia.pl\/#website\"},\"primaryImageOfPage\":{\"@id\":\"https:\/\/www.mojabochnia.pl\/?p=203691#primaryimage\"},\"image\":{\"@id\":\"https:\/\/www.mojabochnia.pl\/?p=203691#primaryimage\"},\"thumbnailUrl\":\"https:\/\/www.mojabochnia.pl\/wp-content\/uploads\/2024\/02\/41132412410606428918275924483494164205959273n.jpg\",\"datePublished\":\"2024-02-07T06:38:51+00:00\",\"dateModified\":\"2024-02-07T06:44:46+00:00\",\"breadcrumb\":{\"@id\":\"https:\/\/www.mojabochnia.pl\/?p=203691#breadcrumb\"},\"inLanguage\":\"pl-PL\",\"potentialAction\":[{\"@type\":\"ReadAction\",\"target\":[\"https:\/\/www.mojabochnia.pl\/?p=203691\"]}]},{\"@type\":\"ImageObject\",\"inLanguage\":\"pl-PL\",\"@id\":\"https:\/\/www.mojabochnia.pl\/?p=203691#primaryimage\",\"url\":\"https:\/\/www.mojabochnia.pl\/wp-content\/uploads\/2024\/02\/41132412410606428918275924483494164205959273n.jpg\",\"contentUrl\":\"https:\/\/www.mojabochnia.pl\/wp-content\/uploads\/2024\/02\/41132412410606428918275924483494164205959273n.jpg\",\"width\":2000,\"height\":1500,\"caption\":\"gmina \u017begocina\"},{\"@type\":\"BreadcrumbList\",\"@id\":\"https:\/\/www.mojabochnia.pl\/?p=203691#breadcrumb\",\"itemListElement\":[{\"@type\":\"ListItem\",\"position\":1,\"name\":\"Home\",\"item\":\"https:\/\/www.mojabochnia.pl\/\"},{\"@type\":\"ListItem\",\"position\":2,\"name\":\"Gmina \u017begocina. &#8222;Szczodroki&#8221; wyr\u00f3\u017cnione w Podegrodziu\"}]},{\"@type\":\"WebSite\",\"@id\":\"https:\/\/www.mojabochnia.pl\/#website\",\"url\":\"https:\/\/www.mojabochnia.pl\/\",\"name\":\"mojabochnia.pl - portal informacyjny\",\"description\":\"mojaBochnia to portal informacyjny o Bochni. Codziennie o Bochni piszemy i pokazujemy najwa\u017cniejsze wydarzenia\",\"publisher\":{\"@id\":\"https:\/\/www.mojabochnia.pl\/#organization\"},\"potentialAction\":[{\"@type\":\"SearchAction\",\"target\":{\"@type\":\"EntryPoint\",\"urlTemplate\":\"https:\/\/www.mojabochnia.pl\/?s={search_term_string}\"},\"query-input\":{\"@type\":\"PropertyValueSpecification\",\"valueRequired\":true,\"valueName\":\"search_term_string\"}}],\"inLanguage\":\"pl-PL\"},{\"@type\":\"Organization\",\"@id\":\"https:\/\/www.mojabochnia.pl\/#organization\",\"name\":\"mojabochnia.pl - portal informacyjny\",\"url\":\"https:\/\/www.mojabochnia.pl\/\",\"logo\":{\"@type\":\"ImageObject\",\"inLanguage\":\"pl-PL\",\"@id\":\"https:\/\/www.mojabochnia.pl\/#\/schema\/logo\/image\/\",\"url\":\"https:\/\/www.mojabochnia.pl\/wp-content\/uploads\/2017\/08\/logo-mb-opt.png\",\"contentUrl\":\"https:\/\/www.mojabochnia.pl\/wp-content\/uploads\/2017\/08\/logo-mb-opt.png\",\"width\":250,\"height\":48,\"caption\":\"mojabochnia.pl - portal informacyjny\"},\"image\":{\"@id\":\"https:\/\/www.mojabochnia.pl\/#\/schema\/logo\/image\/\"},\"sameAs\":[\"https:\/\/www.facebook.com\/mojabochnia\"]},{\"@type\":\"Person\",\"@id\":\"https:\/\/www.mojabochnia.pl\/#\/schema\/person\/d4c758656c81ae00e6496831fe7b0792\",\"name\":\"Marcin Kalinowski\",\"url\":\"https:\/\/www.mojabochnia.pl\/?author=29\"}]}<\/script>\n<!-- \/ Yoast SEO plugin. -->","yoast_head_json":{"title":"Gmina \u017begocina. \"Szczodroki\" wyr\u00f3\u017cnione w Podegrodziu - mojabochnia.pl - portal informacyjny","robots":{"index":"index","follow":"follow","max-snippet":"max-snippet:-1","max-image-preview":"max-image-preview:large","max-video-preview":"max-video-preview:-1"},"canonical":"https:\/\/www.mojabochnia.pl\/?p=203691","og_locale":"pl_PL","og_type":"article","og_title":"Gmina \u017begocina. \"Szczodroki\" wyr\u00f3\u017cnione w Podegrodziu - mojabochnia.pl - portal informacyjny","og_description":"Dzieci\u0119ca grupa kol\u0119dnicza ,,Szczodroki\u201d ze Szko\u0142y Podstawowej w Rozdzielu\u00a0 zosta\u0142a wyr\u00f3\u017cniona podczas 27. Og\u00f3lnopolskich Spotka\u0144 Dzieci\u0119cych i M\u0142odzie\u017cowych Grup Kol\u0119dniczych ,,Pastuszkowe Kol\u0119dowanie&#8221;. W przegl\u0105dzie wzi\u0119\u0142o udzia\u0142 39 grup kol\u0119dniczych (w tym 24 dzieci\u0119cych i 15 m\u0142odzie\u017cowych) z 4 wojew\u00f3dztw: \u015bl\u0105skiego, \u015bwi\u0119tokrzyskiego, podkarpackiego oraz ma\u0142opolskiego. &nbsp; Wcze\u015bniej, bo 13. stycznia, w Lipnicy Murowanej &#8222;Szczodroki&#8221; zastali zakwalifikowani","og_url":"https:\/\/www.mojabochnia.pl\/?p=203691","og_site_name":"mojabochnia.pl - portal informacyjny","article_publisher":"https:\/\/www.facebook.com\/mojabochnia","article_published_time":"2024-02-07T06:38:51+00:00","article_modified_time":"2024-02-07T06:44:46+00:00","og_image":[{"width":2000,"height":1500,"url":"https:\/\/www.mojabochnia.pl\/wp-content\/uploads\/2024\/02\/41132412410606428918275924483494164205959273n.jpg","type":"image\/jpeg"}],"author":"Marcin Kalinowski","twitter_card":"summary_large_image","twitter_misc":{"Written by":"Marcin Kalinowski","Est. reading time":"1 minuta"},"schema":{"@context":"https:\/\/schema.org","@graph":[{"@type":"Article","@id":"https:\/\/www.mojabochnia.pl\/?p=203691#article","isPartOf":{"@id":"https:\/\/www.mojabochnia.pl\/?p=203691"},"author":{"name":"Marcin Kalinowski","@id":"https:\/\/www.mojabochnia.pl\/#\/schema\/person\/d4c758656c81ae00e6496831fe7b0792"},"headline":"Gmina \u017begocina. &#8222;Szczodroki&#8221; wyr\u00f3\u017cnione w Podegrodziu","datePublished":"2024-02-07T06:38:51+00:00","dateModified":"2024-02-07T06:44:46+00:00","mainEntityOfPage":{"@id":"https:\/\/www.mojabochnia.pl\/?p=203691"},"wordCount":171,"commentCount":0,"publisher":{"@id":"https:\/\/www.mojabochnia.pl\/#organization"},"image":{"@id":"https:\/\/www.mojabochnia.pl\/?p=203691#primaryimage"},"thumbnailUrl":"https:\/\/www.mojabochnia.pl\/wp-content\/uploads\/2024\/02\/41132412410606428918275924483494164205959273n.jpg","keywords":["Adam Wolak","Bart\u0142omiej P\u0142awecki","Dawid Tatkowski","gmina \u017cegocina"],"articleSection":["kultura","polityka i wydarzenia","tematyka"],"inLanguage":"pl-PL","potentialAction":[{"@type":"CommentAction","name":"Comment","target":["https:\/\/www.mojabochnia.pl\/?p=203691#respond"]}]},{"@type":"WebPage","@id":"https:\/\/www.mojabochnia.pl\/?p=203691","url":"https:\/\/www.mojabochnia.pl\/?p=203691","name":"Gmina \u017begocina. \"Szczodroki\" wyr\u00f3\u017cnione w Podegrodziu - mojabochnia.pl - portal informacyjny","isPartOf":{"@id":"https:\/\/www.mojabochnia.pl\/#website"},"primaryImageOfPage":{"@id":"https:\/\/www.mojabochnia.pl\/?p=203691#primaryimage"},"image":{"@id":"https:\/\/www.mojabochnia.pl\/?p=203691#primaryimage"},"thumbnailUrl":"https:\/\/www.mojabochnia.pl\/wp-content\/uploads\/2024\/02\/41132412410606428918275924483494164205959273n.jpg","datePublished":"2024-02-07T06:38:51+00:00","dateModified":"2024-02-07T06:44:46+00:00","breadcrumb":{"@id":"https:\/\/www.mojabochnia.pl\/?p=203691#breadcrumb"},"inLanguage":"pl-PL","potentialAction":[{"@type":"ReadAction","target":["https:\/\/www.mojabochnia.pl\/?p=203691"]}]},{"@type":"ImageObject","inLanguage":"pl-PL","@id":"https:\/\/www.mojabochnia.pl\/?p=203691#primaryimage","url":"https:\/\/www.mojabochnia.pl\/wp-content\/uploads\/2024\/02\/41132412410606428918275924483494164205959273n.jpg","contentUrl":"https:\/\/www.mojabochnia.pl\/wp-content\/uploads\/2024\/02\/41132412410606428918275924483494164205959273n.jpg","width":2000,"height":1500,"caption":"gmina \u017begocina"},{"@type":"BreadcrumbList","@id":"https:\/\/www.mojabochnia.pl\/?p=203691#breadcrumb","itemListElement":[{"@type":"ListItem","position":1,"name":"Home","item":"https:\/\/www.mojabochnia.pl\/"},{"@type":"ListItem","position":2,"name":"Gmina \u017begocina. &#8222;Szczodroki&#8221; wyr\u00f3\u017cnione w Podegrodziu"}]},{"@type":"WebSite","@id":"https:\/\/www.mojabochnia.pl\/#website","url":"https:\/\/www.mojabochnia.pl\/","name":"mojabochnia.pl - portal informacyjny","description":"mojaBochnia to portal informacyjny o Bochni. Codziennie o Bochni piszemy i pokazujemy najwa\u017cniejsze wydarzenia","publisher":{"@id":"https:\/\/www.mojabochnia.pl\/#organization"},"potentialAction":[{"@type":"SearchAction","target":{"@type":"EntryPoint","urlTemplate":"https:\/\/www.mojabochnia.pl\/?s={search_term_string}"},"query-input":{"@type":"PropertyValueSpecification","valueRequired":true,"valueName":"search_term_string"}}],"inLanguage":"pl-PL"},{"@type":"Organization","@id":"https:\/\/www.mojabochnia.pl\/#organization","name":"mojabochnia.pl - portal informacyjny","url":"https:\/\/www.mojabochnia.pl\/","logo":{"@type":"ImageObject","inLanguage":"pl-PL","@id":"https:\/\/www.mojabochnia.pl\/#\/schema\/logo\/image\/","url":"https:\/\/www.mojabochnia.pl\/wp-content\/uploads\/2017\/08\/logo-mb-opt.png","contentUrl":"https:\/\/www.mojabochnia.pl\/wp-content\/uploads\/2017\/08\/logo-mb-opt.png","width":250,"height":48,"caption":"mojabochnia.pl - portal informacyjny"},"image":{"@id":"https:\/\/www.mojabochnia.pl\/#\/schema\/logo\/image\/"},"sameAs":["https:\/\/www.facebook.com\/mojabochnia"]},{"@type":"Person","@id":"https:\/\/www.mojabochnia.pl\/#\/schema\/person\/d4c758656c81ae00e6496831fe7b0792","name":"Marcin Kalinowski","url":"https:\/\/www.mojabochnia.pl\/?author=29"}]}},"_links":{"self":[{"href":"https:\/\/www.mojabochnia.pl\/index.php?rest_route=\/wp\/v2\/posts\/203691","targetHints":{"allow":["GET"]}}],"collection":[{"href":"https:\/\/www.mojabochnia.pl\/index.php?rest_route=\/wp\/v2\/posts"}],"about":[{"href":"https:\/\/www.mojabochnia.pl\/index.php?rest_route=\/wp\/v2\/types\/post"}],"author":[{"embeddable":true,"href":"https:\/\/www.mojabochnia.pl\/index.php?rest_route=\/wp\/v2\/users\/29"}],"replies":[{"embeddable":true,"href":"https:\/\/www.mojabochnia.pl\/index.php?rest_route=%2Fwp%2Fv2%2Fcomments&post=203691"}],"version-history":[{"count":1,"href":"https:\/\/www.mojabochnia.pl\/index.php?rest_route=\/wp\/v2\/posts\/203691\/revisions"}],"predecessor-version":[{"id":203696,"href":"https:\/\/www.mojabochnia.pl\/index.php?rest_route=\/wp\/v2\/posts\/203691\/revisions\/203696"}],"wp:featuredmedia":[{"embeddable":true,"href":"https:\/\/www.mojabochnia.pl\/index.php?rest_route=\/wp\/v2\/media\/203694"}],"wp:attachment":[{"href":"https:\/\/www.mojabochnia.pl\/index.php?rest_route=%2Fwp%2Fv2%2Fmedia&parent=203691"}],"wp:term":[{"taxonomy":"category","embeddable":true,"href":"https:\/\/www.mojabochnia.pl\/index.php?rest_route=%2Fwp%2Fv2%2Fcategories&post=203691"},{"taxonomy":"post_tag","embeddable":true,"href":"https:\/\/www.mojabochnia.pl\/index.php?rest_route=%2Fwp%2Fv2%2Ftags&post=203691"}],"curies":[{"name":"wp","href":"https:\/\/api.w.org\/{rel}","templated":true}]}}