{"id":200554,"date":"2023-10-08T09:50:47","date_gmt":"2023-10-08T07:50:47","guid":{"rendered":"https:\/\/www.mojabochnia.pl\/?p=200554"},"modified":"2023-10-08T09:50:49","modified_gmt":"2023-10-08T07:50:49","slug":"powiat-bochnia-warto-sie-badac","status":"publish","type":"post","link":"https:\/\/www.mojabochnia.pl\/?p=200554","title":{"rendered":"Powiat Bochnia. Warto si\u0119 bada\u0107!!!"},"content":{"rendered":"<div class=\"short_desc\">Pa\u0144stwowy Powiatowy Inspektor Sanitarny w Bochni wsp\u00f3lnie ze Starost\u0105 Boche\u0144skim zorganizowali\u00a0\u00a0 konferencj\u0119 &#8222;Dotykam, badam, \u017cyj\u0119!&#8221;, dotycz\u0105c\u0105 profilaktyki raka piersi. Konferencja odby\u0142a si\u0119 6 pa\u017adziernika w sali narad w Starostwie Powiatowym w Bochni. Konferencja zorganizowana zosta\u0142a w ramach III edycji kampanii edukacyjnej &#8222;Ja ju\u017c. A Ty?&#8221; zainicjowanej przez Wojew\u00f3dzk\u0105 Stacj\u0119 Sanitarno-Epidemiologiczn\u0105 w Krakowie.<\/div>\n<div><\/div>\n<div class=\"short_desc\">Wydarzenie skierowane by\u0142o do uczni\u00f3w szk\u00f3\u0142 \u015brednich z terenu powiatu boche\u0144skiego. Go\u015bciem specjalnym konferencji by\u0142\u00a0 prof.dr.hab.n.med. Wojciech Wysocki z 5 Wojskowego Szpitala Klinicznego z Poliklinik\u0105 SPZOZ w Krakowie &#8211; m\u00f3wi starosta Adam Korta.<\/div>\n<div><\/div>\n<div><span class=\"ILfuVd\" lang=\"pl\"><span class=\"hgKElc\"><b>Samokontrola piersi jest \u0142atwym sposobem na wykrycie zmian nowotworowych ju\u017c we wczesnym stadium rozwoju choroby<\/b>. Dlatego ka\u017cda doros\u0142a kobieta powinna raz w miesi\u0105cu przeprowadzi\u0107 takie badanie samodzielnie. Najodpowiedniejszy czas to 2-3 dni po ustaniu miesi\u0105czki, kiedy piersi nie s\u0105 jeszcze obrz\u0119kni\u0119te i bol\u0105ce.<\/span><\/span><\/div>\n<div><\/div>\n<div><\/div>\n","protected":false},"excerpt":{"rendered":"<p>Pa\u0144stwowy Powiatowy Inspektor Sanitarny w Bochni wsp\u00f3lnie ze Starost\u0105 Boche\u0144skim zorganizowali\u00a0\u00a0 konferencj\u0119 &#8222;Dotykam, badam, \u017cyj\u0119!&#8221;, dotycz\u0105c\u0105 profilaktyki raka piersi. Konferencja odby\u0142a si\u0119 6 pa\u017adziernika w sali narad w Starostwie Powiatowym w Bochni. Konferencja zorganizowana zosta\u0142a w ramach III edycji kampanii edukacyjnej &#8222;Ja ju\u017c. A Ty?&#8221; zainicjowanej przez Wojew\u00f3dzk\u0105 Stacj\u0119 Sanitarno-Epidemiologiczn\u0105 w Krakowie. Wydarzenie skierowane by\u0142o<\/p>\n","protected":false},"author":29,"featured_media":200556,"comment_status":"open","ping_status":"closed","sticky":false,"template":"","format":"standard","meta":{"_acf_changed":false,"footnotes":""},"categories":[6251],"tags":[19720],"class_list":["post-200554","post","type-post","status-publish","format-standard","has-post-thumbnail","hentry","category-polityka-i-wydarzenia","tag-top-temat"],"acf":[],"yoast_head":"<!-- This site is optimized with the Yoast SEO plugin v26.9 - https:\/\/yoast.com\/product\/yoast-seo-wordpress\/ -->\n<title>Powiat Bochnia. Warto si\u0119 bada\u0107!!! - mojabochnia.pl - portal informacyjny<\/title>\n<meta name=\"robots\" content=\"index, follow, max-snippet:-1, max-image-preview:large, max-video-preview:-1\" \/>\n<link rel=\"canonical\" href=\"https:\/\/www.mojabochnia.pl\/?p=200554\" \/>\n<meta property=\"og:locale\" content=\"pl_PL\" \/>\n<meta property=\"og:type\" content=\"article\" \/>\n<meta property=\"og:title\" content=\"Powiat Bochnia. Warto si\u0119 bada\u0107!!! - mojabochnia.pl - portal informacyjny\" \/>\n<meta property=\"og:description\" content=\"Pa\u0144stwowy Powiatowy Inspektor Sanitarny w Bochni wsp\u00f3lnie ze Starost\u0105 Boche\u0144skim zorganizowali\u00a0\u00a0 konferencj\u0119 &#8222;Dotykam, badam, \u017cyj\u0119!&#8221;, dotycz\u0105c\u0105 profilaktyki raka piersi. Konferencja odby\u0142a si\u0119 6 pa\u017adziernika w sali narad w Starostwie Powiatowym w Bochni. Konferencja zorganizowana zosta\u0142a w ramach III edycji kampanii edukacyjnej &#8222;Ja ju\u017c. A Ty?&#8221; zainicjowanej przez Wojew\u00f3dzk\u0105 Stacj\u0119 Sanitarno-Epidemiologiczn\u0105 w Krakowie. Wydarzenie skierowane by\u0142o\" \/>\n<meta property=\"og:url\" content=\"https:\/\/www.mojabochnia.pl\/?p=200554\" \/>\n<meta property=\"og:site_name\" content=\"mojabochnia.pl - portal informacyjny\" \/>\n<meta property=\"article:publisher\" content=\"https:\/\/www.facebook.com\/mojabochnia\" \/>\n<meta property=\"article:published_time\" content=\"2023-10-08T07:50:47+00:00\" \/>\n<meta property=\"article:modified_time\" content=\"2023-10-08T07:50:49+00:00\" \/>\n<meta property=\"og:image\" content=\"https:\/\/www.mojabochnia.pl\/wp-content\/uploads\/2023\/10\/na-bochnie--scaled.jpg\" \/>\n\t<meta property=\"og:image:width\" content=\"2560\" \/>\n\t<meta property=\"og:image:height\" content=\"1670\" \/>\n\t<meta property=\"og:image:type\" content=\"image\/jpeg\" \/>\n<meta name=\"author\" content=\"Marcin Kalinowski\" \/>\n<meta name=\"twitter:card\" content=\"summary_large_image\" \/>\n<meta name=\"twitter:label1\" content=\"Written by\" \/>\n\t<meta name=\"twitter:data1\" content=\"Marcin Kalinowski\" \/>\n\t<meta name=\"twitter:label2\" content=\"Est. reading time\" \/>\n\t<meta name=\"twitter:data2\" content=\"1 minuta\" \/>\n<script type=\"application\/ld+json\" class=\"yoast-schema-graph\">{\"@context\":\"https:\/\/schema.org\",\"@graph\":[{\"@type\":\"Article\",\"@id\":\"https:\/\/www.mojabochnia.pl\/?p=200554#article\",\"isPartOf\":{\"@id\":\"https:\/\/www.mojabochnia.pl\/?p=200554\"},\"author\":{\"name\":\"Marcin Kalinowski\",\"@id\":\"https:\/\/www.mojabochnia.pl\/#\/schema\/person\/d4c758656c81ae00e6496831fe7b0792\"},\"headline\":\"Powiat Bochnia. Warto si\u0119 bada\u0107!!!\",\"datePublished\":\"2023-10-08T07:50:47+00:00\",\"dateModified\":\"2023-10-08T07:50:49+00:00\",\"mainEntityOfPage\":{\"@id\":\"https:\/\/www.mojabochnia.pl\/?p=200554\"},\"wordCount\":155,\"commentCount\":0,\"publisher\":{\"@id\":\"https:\/\/www.mojabochnia.pl\/#organization\"},\"image\":{\"@id\":\"https:\/\/www.mojabochnia.pl\/?p=200554#primaryimage\"},\"thumbnailUrl\":\"https:\/\/www.mojabochnia.pl\/wp-content\/uploads\/2023\/10\/na-bochnie--scaled.jpg\",\"keywords\":[\"top temat\"],\"articleSection\":[\"polityka i wydarzenia\"],\"inLanguage\":\"pl-PL\",\"potentialAction\":[{\"@type\":\"CommentAction\",\"name\":\"Comment\",\"target\":[\"https:\/\/www.mojabochnia.pl\/?p=200554#respond\"]}]},{\"@type\":\"WebPage\",\"@id\":\"https:\/\/www.mojabochnia.pl\/?p=200554\",\"url\":\"https:\/\/www.mojabochnia.pl\/?p=200554\",\"name\":\"Powiat Bochnia. Warto si\u0119 bada\u0107!!! - mojabochnia.pl - portal informacyjny\",\"isPartOf\":{\"@id\":\"https:\/\/www.mojabochnia.pl\/#website\"},\"primaryImageOfPage\":{\"@id\":\"https:\/\/www.mojabochnia.pl\/?p=200554#primaryimage\"},\"image\":{\"@id\":\"https:\/\/www.mojabochnia.pl\/?p=200554#primaryimage\"},\"thumbnailUrl\":\"https:\/\/www.mojabochnia.pl\/wp-content\/uploads\/2023\/10\/na-bochnie--scaled.jpg\",\"datePublished\":\"2023-10-08T07:50:47+00:00\",\"dateModified\":\"2023-10-08T07:50:49+00:00\",\"breadcrumb\":{\"@id\":\"https:\/\/www.mojabochnia.pl\/?p=200554#breadcrumb\"},\"inLanguage\":\"pl-PL\",\"potentialAction\":[{\"@type\":\"ReadAction\",\"target\":[\"https:\/\/www.mojabochnia.pl\/?p=200554\"]}]},{\"@type\":\"ImageObject\",\"inLanguage\":\"pl-PL\",\"@id\":\"https:\/\/www.mojabochnia.pl\/?p=200554#primaryimage\",\"url\":\"https:\/\/www.mojabochnia.pl\/wp-content\/uploads\/2023\/10\/na-bochnie--scaled.jpg\",\"contentUrl\":\"https:\/\/www.mojabochnia.pl\/wp-content\/uploads\/2023\/10\/na-bochnie--scaled.jpg\",\"width\":2560,\"height\":1670},{\"@type\":\"BreadcrumbList\",\"@id\":\"https:\/\/www.mojabochnia.pl\/?p=200554#breadcrumb\",\"itemListElement\":[{\"@type\":\"ListItem\",\"position\":1,\"name\":\"Home\",\"item\":\"https:\/\/www.mojabochnia.pl\/\"},{\"@type\":\"ListItem\",\"position\":2,\"name\":\"Powiat Bochnia. Warto si\u0119 bada\u0107!!!\"}]},{\"@type\":\"WebSite\",\"@id\":\"https:\/\/www.mojabochnia.pl\/#website\",\"url\":\"https:\/\/www.mojabochnia.pl\/\",\"name\":\"mojabochnia.pl - portal informacyjny\",\"description\":\"mojaBochnia to portal informacyjny o Bochni. Codziennie o Bochni piszemy i pokazujemy najwa\u017cniejsze wydarzenia\",\"publisher\":{\"@id\":\"https:\/\/www.mojabochnia.pl\/#organization\"},\"potentialAction\":[{\"@type\":\"SearchAction\",\"target\":{\"@type\":\"EntryPoint\",\"urlTemplate\":\"https:\/\/www.mojabochnia.pl\/?s={search_term_string}\"},\"query-input\":{\"@type\":\"PropertyValueSpecification\",\"valueRequired\":true,\"valueName\":\"search_term_string\"}}],\"inLanguage\":\"pl-PL\"},{\"@type\":\"Organization\",\"@id\":\"https:\/\/www.mojabochnia.pl\/#organization\",\"name\":\"mojabochnia.pl - portal informacyjny\",\"url\":\"https:\/\/www.mojabochnia.pl\/\",\"logo\":{\"@type\":\"ImageObject\",\"inLanguage\":\"pl-PL\",\"@id\":\"https:\/\/www.mojabochnia.pl\/#\/schema\/logo\/image\/\",\"url\":\"https:\/\/www.mojabochnia.pl\/wp-content\/uploads\/2017\/08\/logo-mb-opt.png\",\"contentUrl\":\"https:\/\/www.mojabochnia.pl\/wp-content\/uploads\/2017\/08\/logo-mb-opt.png\",\"width\":250,\"height\":48,\"caption\":\"mojabochnia.pl - portal informacyjny\"},\"image\":{\"@id\":\"https:\/\/www.mojabochnia.pl\/#\/schema\/logo\/image\/\"},\"sameAs\":[\"https:\/\/www.facebook.com\/mojabochnia\"]},{\"@type\":\"Person\",\"@id\":\"https:\/\/www.mojabochnia.pl\/#\/schema\/person\/d4c758656c81ae00e6496831fe7b0792\",\"name\":\"Marcin Kalinowski\",\"url\":\"https:\/\/www.mojabochnia.pl\/?author=29\"}]}<\/script>\n<!-- \/ Yoast SEO plugin. -->","yoast_head_json":{"title":"Powiat Bochnia. Warto si\u0119 bada\u0107!!! - mojabochnia.pl - portal informacyjny","robots":{"index":"index","follow":"follow","max-snippet":"max-snippet:-1","max-image-preview":"max-image-preview:large","max-video-preview":"max-video-preview:-1"},"canonical":"https:\/\/www.mojabochnia.pl\/?p=200554","og_locale":"pl_PL","og_type":"article","og_title":"Powiat Bochnia. Warto si\u0119 bada\u0107!!! - mojabochnia.pl - portal informacyjny","og_description":"Pa\u0144stwowy Powiatowy Inspektor Sanitarny w Bochni wsp\u00f3lnie ze Starost\u0105 Boche\u0144skim zorganizowali\u00a0\u00a0 konferencj\u0119 &#8222;Dotykam, badam, \u017cyj\u0119!&#8221;, dotycz\u0105c\u0105 profilaktyki raka piersi. Konferencja odby\u0142a si\u0119 6 pa\u017adziernika w sali narad w Starostwie Powiatowym w Bochni. Konferencja zorganizowana zosta\u0142a w ramach III edycji kampanii edukacyjnej &#8222;Ja ju\u017c. A Ty?&#8221; zainicjowanej przez Wojew\u00f3dzk\u0105 Stacj\u0119 Sanitarno-Epidemiologiczn\u0105 w Krakowie. Wydarzenie skierowane by\u0142o","og_url":"https:\/\/www.mojabochnia.pl\/?p=200554","og_site_name":"mojabochnia.pl - portal informacyjny","article_publisher":"https:\/\/www.facebook.com\/mojabochnia","article_published_time":"2023-10-08T07:50:47+00:00","article_modified_time":"2023-10-08T07:50:49+00:00","og_image":[{"width":2560,"height":1670,"url":"https:\/\/www.mojabochnia.pl\/wp-content\/uploads\/2023\/10\/na-bochnie--scaled.jpg","type":"image\/jpeg"}],"author":"Marcin Kalinowski","twitter_card":"summary_large_image","twitter_misc":{"Written by":"Marcin Kalinowski","Est. reading time":"1 minuta"},"schema":{"@context":"https:\/\/schema.org","@graph":[{"@type":"Article","@id":"https:\/\/www.mojabochnia.pl\/?p=200554#article","isPartOf":{"@id":"https:\/\/www.mojabochnia.pl\/?p=200554"},"author":{"name":"Marcin Kalinowski","@id":"https:\/\/www.mojabochnia.pl\/#\/schema\/person\/d4c758656c81ae00e6496831fe7b0792"},"headline":"Powiat Bochnia. Warto si\u0119 bada\u0107!!!","datePublished":"2023-10-08T07:50:47+00:00","dateModified":"2023-10-08T07:50:49+00:00","mainEntityOfPage":{"@id":"https:\/\/www.mojabochnia.pl\/?p=200554"},"wordCount":155,"commentCount":0,"publisher":{"@id":"https:\/\/www.mojabochnia.pl\/#organization"},"image":{"@id":"https:\/\/www.mojabochnia.pl\/?p=200554#primaryimage"},"thumbnailUrl":"https:\/\/www.mojabochnia.pl\/wp-content\/uploads\/2023\/10\/na-bochnie--scaled.jpg","keywords":["top temat"],"articleSection":["polityka i wydarzenia"],"inLanguage":"pl-PL","potentialAction":[{"@type":"CommentAction","name":"Comment","target":["https:\/\/www.mojabochnia.pl\/?p=200554#respond"]}]},{"@type":"WebPage","@id":"https:\/\/www.mojabochnia.pl\/?p=200554","url":"https:\/\/www.mojabochnia.pl\/?p=200554","name":"Powiat Bochnia. Warto si\u0119 bada\u0107!!! - mojabochnia.pl - portal informacyjny","isPartOf":{"@id":"https:\/\/www.mojabochnia.pl\/#website"},"primaryImageOfPage":{"@id":"https:\/\/www.mojabochnia.pl\/?p=200554#primaryimage"},"image":{"@id":"https:\/\/www.mojabochnia.pl\/?p=200554#primaryimage"},"thumbnailUrl":"https:\/\/www.mojabochnia.pl\/wp-content\/uploads\/2023\/10\/na-bochnie--scaled.jpg","datePublished":"2023-10-08T07:50:47+00:00","dateModified":"2023-10-08T07:50:49+00:00","breadcrumb":{"@id":"https:\/\/www.mojabochnia.pl\/?p=200554#breadcrumb"},"inLanguage":"pl-PL","potentialAction":[{"@type":"ReadAction","target":["https:\/\/www.mojabochnia.pl\/?p=200554"]}]},{"@type":"ImageObject","inLanguage":"pl-PL","@id":"https:\/\/www.mojabochnia.pl\/?p=200554#primaryimage","url":"https:\/\/www.mojabochnia.pl\/wp-content\/uploads\/2023\/10\/na-bochnie--scaled.jpg","contentUrl":"https:\/\/www.mojabochnia.pl\/wp-content\/uploads\/2023\/10\/na-bochnie--scaled.jpg","width":2560,"height":1670},{"@type":"BreadcrumbList","@id":"https:\/\/www.mojabochnia.pl\/?p=200554#breadcrumb","itemListElement":[{"@type":"ListItem","position":1,"name":"Home","item":"https:\/\/www.mojabochnia.pl\/"},{"@type":"ListItem","position":2,"name":"Powiat Bochnia. Warto si\u0119 bada\u0107!!!"}]},{"@type":"WebSite","@id":"https:\/\/www.mojabochnia.pl\/#website","url":"https:\/\/www.mojabochnia.pl\/","name":"mojabochnia.pl - portal informacyjny","description":"mojaBochnia to portal informacyjny o Bochni. Codziennie o Bochni piszemy i pokazujemy najwa\u017cniejsze wydarzenia","publisher":{"@id":"https:\/\/www.mojabochnia.pl\/#organization"},"potentialAction":[{"@type":"SearchAction","target":{"@type":"EntryPoint","urlTemplate":"https:\/\/www.mojabochnia.pl\/?s={search_term_string}"},"query-input":{"@type":"PropertyValueSpecification","valueRequired":true,"valueName":"search_term_string"}}],"inLanguage":"pl-PL"},{"@type":"Organization","@id":"https:\/\/www.mojabochnia.pl\/#organization","name":"mojabochnia.pl - portal informacyjny","url":"https:\/\/www.mojabochnia.pl\/","logo":{"@type":"ImageObject","inLanguage":"pl-PL","@id":"https:\/\/www.mojabochnia.pl\/#\/schema\/logo\/image\/","url":"https:\/\/www.mojabochnia.pl\/wp-content\/uploads\/2017\/08\/logo-mb-opt.png","contentUrl":"https:\/\/www.mojabochnia.pl\/wp-content\/uploads\/2017\/08\/logo-mb-opt.png","width":250,"height":48,"caption":"mojabochnia.pl - portal informacyjny"},"image":{"@id":"https:\/\/www.mojabochnia.pl\/#\/schema\/logo\/image\/"},"sameAs":["https:\/\/www.facebook.com\/mojabochnia"]},{"@type":"Person","@id":"https:\/\/www.mojabochnia.pl\/#\/schema\/person\/d4c758656c81ae00e6496831fe7b0792","name":"Marcin Kalinowski","url":"https:\/\/www.mojabochnia.pl\/?author=29"}]}},"_links":{"self":[{"href":"https:\/\/www.mojabochnia.pl\/index.php?rest_route=\/wp\/v2\/posts\/200554","targetHints":{"allow":["GET"]}}],"collection":[{"href":"https:\/\/www.mojabochnia.pl\/index.php?rest_route=\/wp\/v2\/posts"}],"about":[{"href":"https:\/\/www.mojabochnia.pl\/index.php?rest_route=\/wp\/v2\/types\/post"}],"author":[{"embeddable":true,"href":"https:\/\/www.mojabochnia.pl\/index.php?rest_route=\/wp\/v2\/users\/29"}],"replies":[{"embeddable":true,"href":"https:\/\/www.mojabochnia.pl\/index.php?rest_route=%2Fwp%2Fv2%2Fcomments&post=200554"}],"version-history":[{"count":1,"href":"https:\/\/www.mojabochnia.pl\/index.php?rest_route=\/wp\/v2\/posts\/200554\/revisions"}],"predecessor-version":[{"id":200557,"href":"https:\/\/www.mojabochnia.pl\/index.php?rest_route=\/wp\/v2\/posts\/200554\/revisions\/200557"}],"wp:featuredmedia":[{"embeddable":true,"href":"https:\/\/www.mojabochnia.pl\/index.php?rest_route=\/wp\/v2\/media\/200556"}],"wp:attachment":[{"href":"https:\/\/www.mojabochnia.pl\/index.php?rest_route=%2Fwp%2Fv2%2Fmedia&parent=200554"}],"wp:term":[{"taxonomy":"category","embeddable":true,"href":"https:\/\/www.mojabochnia.pl\/index.php?rest_route=%2Fwp%2Fv2%2Fcategories&post=200554"},{"taxonomy":"post_tag","embeddable":true,"href":"https:\/\/www.mojabochnia.pl\/index.php?rest_route=%2Fwp%2Fv2%2Ftags&post=200554"}],"curies":[{"name":"wp","href":"https:\/\/api.w.org\/{rel}","templated":true}]}}