{"id":200550,"date":"2023-10-08T09:37:05","date_gmt":"2023-10-08T07:37:05","guid":{"rendered":"https:\/\/www.mojabochnia.pl\/?p=200550"},"modified":"2023-10-08T09:37:07","modified_gmt":"2023-10-08T07:37:07","slug":"rekordowe-naklady-na-inwestycje-w-powiecie-bochenskim-mowi-posel-jozefa-szczurek-zelazko","status":"publish","type":"post","link":"https:\/\/www.mojabochnia.pl\/?p=200550","title":{"rendered":"Rekordowe nak\u0142ady na inwestycje w Powiecie Boche\u0144skim &#8211; m\u00f3wi pose\u0142 J\u00f3zefa Szczurek &#8211; \u017belazko."},"content":{"rendered":"<p>Nie mam cienia w\u0105tpliwo\u015bci, \u017ce wsparcie rz\u0105du polskiego dla samorz\u0105d\u00f3w spowodowa\u0142o taki boom inwestycyjny w gminach powiatu boche\u0144skiego, ale tak\u017ce w ca\u0142ym regionie tarnowskim. Nie ma gminy, nie ma powiatu w Polsce, kt\u00f3ry nie otrzyma\u0142by rz\u0105dowego wsparcia. O wi\u0119cej. Nasza dotacje finansuj\u0105 niekt\u00f3re inwestycje w 95 procentach, tymczasem za naszych poprzednik\u00f3w \u015brodk\u00f3w rz\u0105dowych by\u0142o jak na lekarstwo \u2013 m\u00f3wi pose\u0142 J\u00f3zefa Szczurek \u2013 \u017belazko. \u2013 Chocia\u017cby ich program Moje Boisko Orlik 20212 rz\u0105d premiera Donalda Tuska wspiera\u0142 w 33 procentach.<\/p>\n<p>Dzi\u0119ki naszemu wsparciu powstaj\u0105 nowe inwestycje zwi\u0105zane z drogownictwem, budow\u0105 sieci wodno \u2013 kanalizacyjnej, szko\u0142ami, obiektami sportowymi i kulturalnymi. Tylko na tren powiatu boche\u0144skiego uda\u0142o si\u0119 nam pozyska\u0107 wielomilionowe dotacje. M\u00f3wi\u0119 tylko o Polskim \u0141adzie, bo przecie\u017c wcze\u015bniej by\u0142\u00a0 Rz\u0105dowy Funduszu Inwestycji Strategicznych, dotacje na drogi z Ministerstwa Infrastruktury, wsparcie inwestycji z Ministerstwa Sportu czy sfinansowanie dzia\u0142a\u0144 zwi\u0105zanych\u00a0 z opiek\u0105 spo\u0142eczn\u0105 &#8211; dodaje pose\u0142 J\u00f3zefa Szczurek &#8211; \u017belazko.<strong><br \/>\n<\/strong><\/p>\n<p><strong>\u00a0\u00a0\u00a0\u00a0\u00a0\u00a0\u00a0\u00a0\u00a0\u00a0\u00a0\u00a0\u00a0\u00a0\u00a0\u00a0\u00a0\u00a0\u00a0\u00a0\u00a0\u00a0\u00a0\u00a0\u00a0\u00a0\u00a0\u00a0\u00a0\u00a0\u00a0\u00a0\u00a0\u00a0\u00a0\u00a0\u00a0\u00a0\u00a0\u00a0\u00a0\u00a0\u00a0\u00a0\u00a0 POLSKI \u0141AD &#8211; Powiat Bochnia i Gminy Powiatu<\/strong><\/p>\n<p><strong>\u00a0<\/strong><\/p>\n<p><strong>POWIAT BOCHE\u0143SKI &#8211; Rozbudowa i przebudowa odcink\u00f3w dr\u00f3g powiatowych: nr 2095K w miejscowo\u015bci Trzciana i nr 2072K w miejscowo\u015bci Kamionna &#8211; 7 932 500,00 z\u0142 <\/strong><\/p>\n<p><strong>Gmina Bochnia &#8211; Budowa kanalizacji sanitarnej na terenie Gminy Bochnia 1 &#8211; 2 000 000,00 z\u0142 <\/strong><\/p>\n<p><strong>Gmina Bochnia &#8211; Modernizacja Infrastruktury drogowej na terenie Gminy Bochnia &#8211; 7 000 000,00 z\u0142 <\/strong><\/p>\n<p><strong>Gmina Bochnia &#8211; Budowa kanalizacji sanitarnej na terenie Gminy Bochnia 2 &#8211; 8 000 000,00 z\u0142 <\/strong><\/p>\n<p><strong>GMINA MIASTA BOCHNIA &#8211; Budowa wielofunkcyjnego budynku us\u0142ug spo\u0142ecznych na terenie osiedla Niepodleg\u0142o\u015bci &#8211; 8 000 000,00 z\u0142 <\/strong><\/p>\n<p><strong>GMINA MIASTA BOCHNIA &#8211; Poprawa efektywno\u015bci energetycznej budynk\u00f3w nale\u017c\u0105cych do Gminy Miasta Bochnia i znajduj\u0105cych si\u0119 na terenie obj\u0119tym Gminnym Programem Rewitalizacji &#8211; 2 000 000,00 z\u0142 <\/strong><\/p>\n<p><strong>Gmina Drwinia &#8211; Modernizacja infrastruktury drogowej na terenie Gminy Drwinia &#8211; 2 000 000,00 z\u0142 <\/strong><\/p>\n<p><strong>Gmina Drwinia &#8211; Poprawa infrastruktury spo\u0142ecznej i sportowej na terenie Gminy Drwinia &#8211; 6 000 000,00 z\u0142<\/strong><\/p>\n<p><strong>Gmina Lipnica Murowana &#8211; Rozbudowa sieci wodoci\u0105gowej w m. Rajbrot &#8211; 2 000 000,00 z\u0142 <\/strong><\/p>\n<p><strong>Gmina Lipnica Murowana &#8211; Modernizacja i rozbudowa infrastruktury spo\u0142ecznej i edukacyjnej na terenie gminy Lipnica Murowana &#8211; 1 000 000,00 z\u0142 <\/strong><\/p>\n<p><strong>Gmina Lipnica Murowana &#8211; Modernizacja infrastruktury drogowej wraz z rozbudow\u0105 o\u015bwietlenia ulicznego na terenie gminy Lipnica Murowana &#8211; 6 000 000,00 z\u0142 <\/strong><\/p>\n<p><strong>Gmina \u0141apan\u00f3w &#8211; Budowa i modernizacja infrastruktury edukacyjnej na terenie Szko\u0142y Podstawowej w \u0141apanowie &#8211; 16 575 000,00 z\u0142 <\/strong><\/p>\n<p><strong>GMINA NOWY WI\u015aNICZ &#8211; Zakup 2 pojazd\u00f3w ratowniczo-ga\u015bniczych dla OSP z terenu Gminy Nowy Wi\u015bnicz &#8211; 1 000 000,00 z\u0142 <\/strong><\/p>\n<p><strong>GMINA NOWY WI\u015aNICZ &#8211; Budowa przedszkola w Starym Wi\u015bniczu &#8211; 6 470 000,00 z\u0142<\/strong><\/p>\n<p><strong>GMINA NOWY WI\u015aNICZ &#8211; Zagospodarowanie terenu przy Szkole Podstawowej im. Stanis\u0142awa Lubomirskiego w Nowym Wi\u015bniczu &#8211; 1 530 000,00 z\u0142 <\/strong><\/p>\n<p><strong>GMINA RZEZAWA &#8211; Zr\u00f3wnowa\u017cony rozw\u00f3j Gminy Rzezawa poprzez rozbudow\u0119 infrastruktury edukacyjnej i drogowej &#8211; 8 000 000,00 z\u0142 \u00a0<\/strong><\/p>\n<p><strong>Gmina Trzciana &#8211; Budowa Budynku Publicznego Przedszkola i \u017b\u0142obka w miejscowo\u015bci Trzciana &#8211; etap 2 &#8211; 6 300 000,00 z\u0142 <\/strong><\/p>\n<p><strong>Gmina Trzciana &#8211; Rozbudowa infrastruktury sportowej na terenie Gminy Trzciana\u00a0 2 300 000,00 z\u0142 <\/strong><\/p>\n<p><strong>Gmina Trzciana &#8211; Przebudowa i rozbudowa budynku filii Centrum Kultury i Turystyki, Remizy Ochotniczej Stra\u017cy Po\u017carnej i Orkiestry D\u0119tej w Leszczynie &#8211; etap 1 &#8211; 1 800 000,00 z\u0142 <\/strong><\/p>\n<p><strong>GMINA \u017bEGOCINA &#8211; Modernizacja infrastruktury drogowej, edukacyjnej oraz rekreacyjno-turystycznej wraz z popraw\u0105 efektywno\u015bci energetycznej budynk\u00f3w gminnych &#8211; 5 400 000,00 z\u0142 <\/strong><\/p>\n<p><strong>GMINA \u017bEGOCINA &#8211; Modernizacja infrastruktury edukacyjnej na terenie gminy \u017begocina &#8211; 1 530 000,00 z\u0142 <\/strong><\/p>\n","protected":false},"excerpt":{"rendered":"<p>Nie mam cienia w\u0105tpliwo\u015bci, \u017ce wsparcie rz\u0105du polskiego dla samorz\u0105d\u00f3w spowodowa\u0142o taki boom inwestycyjny w gminach powiatu boche\u0144skiego, ale tak\u017ce w ca\u0142ym regionie tarnowskim. Nie ma gminy, nie ma powiatu w Polsce, kt\u00f3ry nie otrzyma\u0142by rz\u0105dowego wsparcia. O wi\u0119cej. Nasza dotacje finansuj\u0105 niekt\u00f3re inwestycje w 95 procentach, tymczasem za naszych poprzednik\u00f3w \u015brodk\u00f3w rz\u0105dowych by\u0142o jak<\/p>\n","protected":false},"author":29,"featured_media":200552,"comment_status":"open","ping_status":"closed","sticky":false,"template":"","format":"standard","meta":{"_acf_changed":false,"footnotes":""},"categories":[6251],"tags":[19720],"class_list":["post-200550","post","type-post","status-publish","format-standard","has-post-thumbnail","hentry","category-polityka-i-wydarzenia","tag-top-temat"],"acf":[],"yoast_head":"<!-- This site is optimized with the Yoast SEO plugin v26.9 - https:\/\/yoast.com\/product\/yoast-seo-wordpress\/ -->\n<title>Rekordowe nak\u0142ady na inwestycje w Powiecie Boche\u0144skim - m\u00f3wi pose\u0142 J\u00f3zefa Szczurek - \u017belazko. - mojabochnia.pl - portal informacyjny<\/title>\n<meta name=\"robots\" content=\"index, follow, max-snippet:-1, max-image-preview:large, max-video-preview:-1\" \/>\n<link rel=\"canonical\" href=\"https:\/\/www.mojabochnia.pl\/?p=200550\" \/>\n<meta property=\"og:locale\" content=\"pl_PL\" \/>\n<meta property=\"og:type\" content=\"article\" \/>\n<meta property=\"og:title\" content=\"Rekordowe nak\u0142ady na inwestycje w Powiecie Boche\u0144skim - m\u00f3wi pose\u0142 J\u00f3zefa Szczurek - \u017belazko. - mojabochnia.pl - portal informacyjny\" \/>\n<meta property=\"og:description\" content=\"Nie mam cienia w\u0105tpliwo\u015bci, \u017ce wsparcie rz\u0105du polskiego dla samorz\u0105d\u00f3w spowodowa\u0142o taki boom inwestycyjny w gminach powiatu boche\u0144skiego, ale tak\u017ce w ca\u0142ym regionie tarnowskim. Nie ma gminy, nie ma powiatu w Polsce, kt\u00f3ry nie otrzyma\u0142by rz\u0105dowego wsparcia. O wi\u0119cej. Nasza dotacje finansuj\u0105 niekt\u00f3re inwestycje w 95 procentach, tymczasem za naszych poprzednik\u00f3w \u015brodk\u00f3w rz\u0105dowych by\u0142o jak\" \/>\n<meta property=\"og:url\" content=\"https:\/\/www.mojabochnia.pl\/?p=200550\" \/>\n<meta property=\"og:site_name\" content=\"mojabochnia.pl - portal informacyjny\" \/>\n<meta property=\"article:publisher\" content=\"https:\/\/www.facebook.com\/mojabochnia\" \/>\n<meta property=\"article:published_time\" content=\"2023-10-08T07:37:05+00:00\" \/>\n<meta property=\"article:modified_time\" content=\"2023-10-08T07:37:07+00:00\" \/>\n<meta property=\"og:image\" content=\"https:\/\/www.mojabochnia.pl\/wp-content\/uploads\/2023\/10\/ORLIK-2.jpg\" \/>\n\t<meta property=\"og:image:width\" content=\"572\" \/>\n\t<meta property=\"og:image:height\" content=\"527\" \/>\n\t<meta property=\"og:image:type\" content=\"image\/jpeg\" \/>\n<meta name=\"author\" content=\"Marcin Kalinowski\" \/>\n<meta name=\"twitter:card\" content=\"summary_large_image\" \/>\n<meta name=\"twitter:label1\" content=\"Written by\" \/>\n\t<meta name=\"twitter:data1\" content=\"Marcin Kalinowski\" \/>\n\t<meta name=\"twitter:label2\" content=\"Est. reading time\" \/>\n\t<meta name=\"twitter:data2\" content=\"3 minuty\" \/>\n<script type=\"application\/ld+json\" class=\"yoast-schema-graph\">{\"@context\":\"https:\/\/schema.org\",\"@graph\":[{\"@type\":\"Article\",\"@id\":\"https:\/\/www.mojabochnia.pl\/?p=200550#article\",\"isPartOf\":{\"@id\":\"https:\/\/www.mojabochnia.pl\/?p=200550\"},\"author\":{\"name\":\"Marcin Kalinowski\",\"@id\":\"https:\/\/www.mojabochnia.pl\/#\/schema\/person\/d4c758656c81ae00e6496831fe7b0792\"},\"headline\":\"Rekordowe nak\u0142ady na inwestycje w Powiecie Boche\u0144skim &#8211; m\u00f3wi pose\u0142 J\u00f3zefa Szczurek &#8211; \u017belazko.\",\"datePublished\":\"2023-10-08T07:37:05+00:00\",\"dateModified\":\"2023-10-08T07:37:07+00:00\",\"mainEntityOfPage\":{\"@id\":\"https:\/\/www.mojabochnia.pl\/?p=200550\"},\"wordCount\":568,\"commentCount\":0,\"publisher\":{\"@id\":\"https:\/\/www.mojabochnia.pl\/#organization\"},\"image\":{\"@id\":\"https:\/\/www.mojabochnia.pl\/?p=200550#primaryimage\"},\"thumbnailUrl\":\"https:\/\/www.mojabochnia.pl\/wp-content\/uploads\/2023\/10\/ORLIK-2.jpg\",\"keywords\":[\"top temat\"],\"articleSection\":[\"polityka i wydarzenia\"],\"inLanguage\":\"pl-PL\",\"potentialAction\":[{\"@type\":\"CommentAction\",\"name\":\"Comment\",\"target\":[\"https:\/\/www.mojabochnia.pl\/?p=200550#respond\"]}]},{\"@type\":\"WebPage\",\"@id\":\"https:\/\/www.mojabochnia.pl\/?p=200550\",\"url\":\"https:\/\/www.mojabochnia.pl\/?p=200550\",\"name\":\"Rekordowe nak\u0142ady na inwestycje w Powiecie Boche\u0144skim - m\u00f3wi pose\u0142 J\u00f3zefa Szczurek - \u017belazko. - mojabochnia.pl - portal informacyjny\",\"isPartOf\":{\"@id\":\"https:\/\/www.mojabochnia.pl\/#website\"},\"primaryImageOfPage\":{\"@id\":\"https:\/\/www.mojabochnia.pl\/?p=200550#primaryimage\"},\"image\":{\"@id\":\"https:\/\/www.mojabochnia.pl\/?p=200550#primaryimage\"},\"thumbnailUrl\":\"https:\/\/www.mojabochnia.pl\/wp-content\/uploads\/2023\/10\/ORLIK-2.jpg\",\"datePublished\":\"2023-10-08T07:37:05+00:00\",\"dateModified\":\"2023-10-08T07:37:07+00:00\",\"breadcrumb\":{\"@id\":\"https:\/\/www.mojabochnia.pl\/?p=200550#breadcrumb\"},\"inLanguage\":\"pl-PL\",\"potentialAction\":[{\"@type\":\"ReadAction\",\"target\":[\"https:\/\/www.mojabochnia.pl\/?p=200550\"]}]},{\"@type\":\"ImageObject\",\"inLanguage\":\"pl-PL\",\"@id\":\"https:\/\/www.mojabochnia.pl\/?p=200550#primaryimage\",\"url\":\"https:\/\/www.mojabochnia.pl\/wp-content\/uploads\/2023\/10\/ORLIK-2.jpg\",\"contentUrl\":\"https:\/\/www.mojabochnia.pl\/wp-content\/uploads\/2023\/10\/ORLIK-2.jpg\",\"width\":572,\"height\":527},{\"@type\":\"BreadcrumbList\",\"@id\":\"https:\/\/www.mojabochnia.pl\/?p=200550#breadcrumb\",\"itemListElement\":[{\"@type\":\"ListItem\",\"position\":1,\"name\":\"Home\",\"item\":\"https:\/\/www.mojabochnia.pl\/\"},{\"@type\":\"ListItem\",\"position\":2,\"name\":\"Rekordowe nak\u0142ady na inwestycje w Powiecie Boche\u0144skim &#8211; m\u00f3wi pose\u0142 J\u00f3zefa Szczurek &#8211; \u017belazko.\"}]},{\"@type\":\"WebSite\",\"@id\":\"https:\/\/www.mojabochnia.pl\/#website\",\"url\":\"https:\/\/www.mojabochnia.pl\/\",\"name\":\"mojabochnia.pl - portal informacyjny\",\"description\":\"mojaBochnia to portal informacyjny o Bochni. Codziennie o Bochni piszemy i pokazujemy najwa\u017cniejsze wydarzenia\",\"publisher\":{\"@id\":\"https:\/\/www.mojabochnia.pl\/#organization\"},\"potentialAction\":[{\"@type\":\"SearchAction\",\"target\":{\"@type\":\"EntryPoint\",\"urlTemplate\":\"https:\/\/www.mojabochnia.pl\/?s={search_term_string}\"},\"query-input\":{\"@type\":\"PropertyValueSpecification\",\"valueRequired\":true,\"valueName\":\"search_term_string\"}}],\"inLanguage\":\"pl-PL\"},{\"@type\":\"Organization\",\"@id\":\"https:\/\/www.mojabochnia.pl\/#organization\",\"name\":\"mojabochnia.pl - portal informacyjny\",\"url\":\"https:\/\/www.mojabochnia.pl\/\",\"logo\":{\"@type\":\"ImageObject\",\"inLanguage\":\"pl-PL\",\"@id\":\"https:\/\/www.mojabochnia.pl\/#\/schema\/logo\/image\/\",\"url\":\"https:\/\/www.mojabochnia.pl\/wp-content\/uploads\/2017\/08\/logo-mb-opt.png\",\"contentUrl\":\"https:\/\/www.mojabochnia.pl\/wp-content\/uploads\/2017\/08\/logo-mb-opt.png\",\"width\":250,\"height\":48,\"caption\":\"mojabochnia.pl - portal informacyjny\"},\"image\":{\"@id\":\"https:\/\/www.mojabochnia.pl\/#\/schema\/logo\/image\/\"},\"sameAs\":[\"https:\/\/www.facebook.com\/mojabochnia\"]},{\"@type\":\"Person\",\"@id\":\"https:\/\/www.mojabochnia.pl\/#\/schema\/person\/d4c758656c81ae00e6496831fe7b0792\",\"name\":\"Marcin Kalinowski\",\"url\":\"https:\/\/www.mojabochnia.pl\/?author=29\"}]}<\/script>\n<!-- \/ Yoast SEO plugin. -->","yoast_head_json":{"title":"Rekordowe nak\u0142ady na inwestycje w Powiecie Boche\u0144skim - m\u00f3wi pose\u0142 J\u00f3zefa Szczurek - \u017belazko. - mojabochnia.pl - portal informacyjny","robots":{"index":"index","follow":"follow","max-snippet":"max-snippet:-1","max-image-preview":"max-image-preview:large","max-video-preview":"max-video-preview:-1"},"canonical":"https:\/\/www.mojabochnia.pl\/?p=200550","og_locale":"pl_PL","og_type":"article","og_title":"Rekordowe nak\u0142ady na inwestycje w Powiecie Boche\u0144skim - m\u00f3wi pose\u0142 J\u00f3zefa Szczurek - \u017belazko. - mojabochnia.pl - portal informacyjny","og_description":"Nie mam cienia w\u0105tpliwo\u015bci, \u017ce wsparcie rz\u0105du polskiego dla samorz\u0105d\u00f3w spowodowa\u0142o taki boom inwestycyjny w gminach powiatu boche\u0144skiego, ale tak\u017ce w ca\u0142ym regionie tarnowskim. Nie ma gminy, nie ma powiatu w Polsce, kt\u00f3ry nie otrzyma\u0142by rz\u0105dowego wsparcia. O wi\u0119cej. Nasza dotacje finansuj\u0105 niekt\u00f3re inwestycje w 95 procentach, tymczasem za naszych poprzednik\u00f3w \u015brodk\u00f3w rz\u0105dowych by\u0142o jak","og_url":"https:\/\/www.mojabochnia.pl\/?p=200550","og_site_name":"mojabochnia.pl - portal informacyjny","article_publisher":"https:\/\/www.facebook.com\/mojabochnia","article_published_time":"2023-10-08T07:37:05+00:00","article_modified_time":"2023-10-08T07:37:07+00:00","og_image":[{"width":572,"height":527,"url":"https:\/\/www.mojabochnia.pl\/wp-content\/uploads\/2023\/10\/ORLIK-2.jpg","type":"image\/jpeg"}],"author":"Marcin Kalinowski","twitter_card":"summary_large_image","twitter_misc":{"Written by":"Marcin Kalinowski","Est. reading time":"3 minuty"},"schema":{"@context":"https:\/\/schema.org","@graph":[{"@type":"Article","@id":"https:\/\/www.mojabochnia.pl\/?p=200550#article","isPartOf":{"@id":"https:\/\/www.mojabochnia.pl\/?p=200550"},"author":{"name":"Marcin Kalinowski","@id":"https:\/\/www.mojabochnia.pl\/#\/schema\/person\/d4c758656c81ae00e6496831fe7b0792"},"headline":"Rekordowe nak\u0142ady na inwestycje w Powiecie Boche\u0144skim &#8211; m\u00f3wi pose\u0142 J\u00f3zefa Szczurek &#8211; \u017belazko.","datePublished":"2023-10-08T07:37:05+00:00","dateModified":"2023-10-08T07:37:07+00:00","mainEntityOfPage":{"@id":"https:\/\/www.mojabochnia.pl\/?p=200550"},"wordCount":568,"commentCount":0,"publisher":{"@id":"https:\/\/www.mojabochnia.pl\/#organization"},"image":{"@id":"https:\/\/www.mojabochnia.pl\/?p=200550#primaryimage"},"thumbnailUrl":"https:\/\/www.mojabochnia.pl\/wp-content\/uploads\/2023\/10\/ORLIK-2.jpg","keywords":["top temat"],"articleSection":["polityka i wydarzenia"],"inLanguage":"pl-PL","potentialAction":[{"@type":"CommentAction","name":"Comment","target":["https:\/\/www.mojabochnia.pl\/?p=200550#respond"]}]},{"@type":"WebPage","@id":"https:\/\/www.mojabochnia.pl\/?p=200550","url":"https:\/\/www.mojabochnia.pl\/?p=200550","name":"Rekordowe nak\u0142ady na inwestycje w Powiecie Boche\u0144skim - m\u00f3wi pose\u0142 J\u00f3zefa Szczurek - \u017belazko. - mojabochnia.pl - portal informacyjny","isPartOf":{"@id":"https:\/\/www.mojabochnia.pl\/#website"},"primaryImageOfPage":{"@id":"https:\/\/www.mojabochnia.pl\/?p=200550#primaryimage"},"image":{"@id":"https:\/\/www.mojabochnia.pl\/?p=200550#primaryimage"},"thumbnailUrl":"https:\/\/www.mojabochnia.pl\/wp-content\/uploads\/2023\/10\/ORLIK-2.jpg","datePublished":"2023-10-08T07:37:05+00:00","dateModified":"2023-10-08T07:37:07+00:00","breadcrumb":{"@id":"https:\/\/www.mojabochnia.pl\/?p=200550#breadcrumb"},"inLanguage":"pl-PL","potentialAction":[{"@type":"ReadAction","target":["https:\/\/www.mojabochnia.pl\/?p=200550"]}]},{"@type":"ImageObject","inLanguage":"pl-PL","@id":"https:\/\/www.mojabochnia.pl\/?p=200550#primaryimage","url":"https:\/\/www.mojabochnia.pl\/wp-content\/uploads\/2023\/10\/ORLIK-2.jpg","contentUrl":"https:\/\/www.mojabochnia.pl\/wp-content\/uploads\/2023\/10\/ORLIK-2.jpg","width":572,"height":527},{"@type":"BreadcrumbList","@id":"https:\/\/www.mojabochnia.pl\/?p=200550#breadcrumb","itemListElement":[{"@type":"ListItem","position":1,"name":"Home","item":"https:\/\/www.mojabochnia.pl\/"},{"@type":"ListItem","position":2,"name":"Rekordowe nak\u0142ady na inwestycje w Powiecie Boche\u0144skim &#8211; m\u00f3wi pose\u0142 J\u00f3zefa Szczurek &#8211; \u017belazko."}]},{"@type":"WebSite","@id":"https:\/\/www.mojabochnia.pl\/#website","url":"https:\/\/www.mojabochnia.pl\/","name":"mojabochnia.pl - portal informacyjny","description":"mojaBochnia to portal informacyjny o Bochni. Codziennie o Bochni piszemy i pokazujemy najwa\u017cniejsze wydarzenia","publisher":{"@id":"https:\/\/www.mojabochnia.pl\/#organization"},"potentialAction":[{"@type":"SearchAction","target":{"@type":"EntryPoint","urlTemplate":"https:\/\/www.mojabochnia.pl\/?s={search_term_string}"},"query-input":{"@type":"PropertyValueSpecification","valueRequired":true,"valueName":"search_term_string"}}],"inLanguage":"pl-PL"},{"@type":"Organization","@id":"https:\/\/www.mojabochnia.pl\/#organization","name":"mojabochnia.pl - portal informacyjny","url":"https:\/\/www.mojabochnia.pl\/","logo":{"@type":"ImageObject","inLanguage":"pl-PL","@id":"https:\/\/www.mojabochnia.pl\/#\/schema\/logo\/image\/","url":"https:\/\/www.mojabochnia.pl\/wp-content\/uploads\/2017\/08\/logo-mb-opt.png","contentUrl":"https:\/\/www.mojabochnia.pl\/wp-content\/uploads\/2017\/08\/logo-mb-opt.png","width":250,"height":48,"caption":"mojabochnia.pl - portal informacyjny"},"image":{"@id":"https:\/\/www.mojabochnia.pl\/#\/schema\/logo\/image\/"},"sameAs":["https:\/\/www.facebook.com\/mojabochnia"]},{"@type":"Person","@id":"https:\/\/www.mojabochnia.pl\/#\/schema\/person\/d4c758656c81ae00e6496831fe7b0792","name":"Marcin Kalinowski","url":"https:\/\/www.mojabochnia.pl\/?author=29"}]}},"_links":{"self":[{"href":"https:\/\/www.mojabochnia.pl\/index.php?rest_route=\/wp\/v2\/posts\/200550","targetHints":{"allow":["GET"]}}],"collection":[{"href":"https:\/\/www.mojabochnia.pl\/index.php?rest_route=\/wp\/v2\/posts"}],"about":[{"href":"https:\/\/www.mojabochnia.pl\/index.php?rest_route=\/wp\/v2\/types\/post"}],"author":[{"embeddable":true,"href":"https:\/\/www.mojabochnia.pl\/index.php?rest_route=\/wp\/v2\/users\/29"}],"replies":[{"embeddable":true,"href":"https:\/\/www.mojabochnia.pl\/index.php?rest_route=%2Fwp%2Fv2%2Fcomments&post=200550"}],"version-history":[{"count":1,"href":"https:\/\/www.mojabochnia.pl\/index.php?rest_route=\/wp\/v2\/posts\/200550\/revisions"}],"predecessor-version":[{"id":200553,"href":"https:\/\/www.mojabochnia.pl\/index.php?rest_route=\/wp\/v2\/posts\/200550\/revisions\/200553"}],"wp:featuredmedia":[{"embeddable":true,"href":"https:\/\/www.mojabochnia.pl\/index.php?rest_route=\/wp\/v2\/media\/200552"}],"wp:attachment":[{"href":"https:\/\/www.mojabochnia.pl\/index.php?rest_route=%2Fwp%2Fv2%2Fmedia&parent=200550"}],"wp:term":[{"taxonomy":"category","embeddable":true,"href":"https:\/\/www.mojabochnia.pl\/index.php?rest_route=%2Fwp%2Fv2%2Fcategories&post=200550"},{"taxonomy":"post_tag","embeddable":true,"href":"https:\/\/www.mojabochnia.pl\/index.php?rest_route=%2Fwp%2Fv2%2Ftags&post=200550"}],"curies":[{"name":"wp","href":"https:\/\/api.w.org\/{rel}","templated":true}]}}