{"id":200542,"date":"2023-10-08T08:49:05","date_gmt":"2023-10-08T06:49:05","guid":{"rendered":"https:\/\/www.mojabochnia.pl\/?p=200542"},"modified":"2023-10-08T08:49:07","modified_gmt":"2023-10-08T06:49:07","slug":"lipnica-murowana-strazacki-apel","status":"publish","type":"post","link":"https:\/\/www.mojabochnia.pl\/?p=200542","title":{"rendered":"Lipnica Murowana. Stra\u017cacki apel"},"content":{"rendered":"<p><strong>Prezes OSP Lipnica Dolna oraz Kapelmistrz Stra\u017cackiej Orkiestry D\u0119tej w Lipnicy Dolnej z dum\u0105 informuj\u0105, \u017ce w przysz\u0142ym roku Orkiestra D\u0119ta b\u0119dzie \u015bwi\u0119towa\u0107 jubileusz 100-lecia dzia\u0142alno\u015bci. W zwi\u0105zku z tym zrodzi\u0142 si\u0119 pomys\u0142, by na t\u0105 donios\u0142\u0105 okoliczno\u015b\u0107, zosta\u0142o opracowane WYDAWNICTWO, obrazuj\u0105ce wydarzenia z tej wiekowej dzia\u0142alno\u015bci.<\/strong><\/p>\n<p>Zwracamy si\u0119 wi\u0119c z pro\u015bb\u0105 do mieszka\u0144c\u00f3w o udost\u0119pnienie wszelkich materia\u0142\u00f3w w tym zdj\u0119\u0107, kt\u00f3re mo\u017cna by by\u0142o wykorzysta\u0107 przy opracowywaniu wspomnianego wydawnictwa.<\/p>\n<p>Materia\u0142y prosimy dostarcza\u0107 w terminie do 30 listopada 2023 r., do Urz\u0119du Gminy w Lipnicy Murowanej, pok\u00f3j nr 2, gdzie po wykonaniu kopii i przyj\u0119ciu o\u015bwiadczenia od w\u0142a\u015bciciela, wyra\u017caj\u0105cego zgod\u0119 na ich publikacj\u0119 zostaj\u0105 od razu zwr\u00f3cone.<\/p>\n","protected":false},"excerpt":{"rendered":"<p>Prezes OSP Lipnica Dolna oraz Kapelmistrz Stra\u017cackiej Orkiestry D\u0119tej w Lipnicy Dolnej z dum\u0105 informuj\u0105, \u017ce w przysz\u0142ym roku Orkiestra D\u0119ta b\u0119dzie \u015bwi\u0119towa\u0107 jubileusz 100-lecia dzia\u0142alno\u015bci. W zwi\u0105zku z tym zrodzi\u0142 si\u0119 pomys\u0142, by na t\u0105 donios\u0142\u0105 okoliczno\u015b\u0107, zosta\u0142o opracowane WYDAWNICTWO, obrazuj\u0105ce wydarzenia z tej wiekowej dzia\u0142alno\u015bci. Zwracamy si\u0119 wi\u0119c z pro\u015bb\u0105 do mieszka\u0144c\u00f3w o<\/p>\n","protected":false},"author":29,"featured_media":200544,"comment_status":"open","ping_status":"closed","sticky":false,"template":"","format":"standard","meta":{"_acf_changed":false,"footnotes":""},"categories":[6251],"tags":[19720],"class_list":["post-200542","post","type-post","status-publish","format-standard","has-post-thumbnail","hentry","category-polityka-i-wydarzenia","tag-top-temat"],"acf":[],"yoast_head":"<!-- This site is optimized with the Yoast SEO plugin v26.9 - https:\/\/yoast.com\/product\/yoast-seo-wordpress\/ -->\n<title>Lipnica Murowana. Stra\u017cacki apel - mojabochnia.pl - portal informacyjny<\/title>\n<meta name=\"robots\" content=\"index, follow, max-snippet:-1, max-image-preview:large, max-video-preview:-1\" \/>\n<link rel=\"canonical\" href=\"https:\/\/www.mojabochnia.pl\/?p=200542\" \/>\n<meta property=\"og:locale\" content=\"pl_PL\" \/>\n<meta property=\"og:type\" content=\"article\" \/>\n<meta property=\"og:title\" content=\"Lipnica Murowana. Stra\u017cacki apel - mojabochnia.pl - portal informacyjny\" \/>\n<meta property=\"og:description\" content=\"Prezes OSP Lipnica Dolna oraz Kapelmistrz Stra\u017cackiej Orkiestry D\u0119tej w Lipnicy Dolnej z dum\u0105 informuj\u0105, \u017ce w przysz\u0142ym roku Orkiestra D\u0119ta b\u0119dzie \u015bwi\u0119towa\u0107 jubileusz 100-lecia dzia\u0142alno\u015bci. W zwi\u0105zku z tym zrodzi\u0142 si\u0119 pomys\u0142, by na t\u0105 donios\u0142\u0105 okoliczno\u015b\u0107, zosta\u0142o opracowane WYDAWNICTWO, obrazuj\u0105ce wydarzenia z tej wiekowej dzia\u0142alno\u015bci. Zwracamy si\u0119 wi\u0119c z pro\u015bb\u0105 do mieszka\u0144c\u00f3w o\" \/>\n<meta property=\"og:url\" content=\"https:\/\/www.mojabochnia.pl\/?p=200542\" \/>\n<meta property=\"og:site_name\" content=\"mojabochnia.pl - portal informacyjny\" \/>\n<meta property=\"article:publisher\" content=\"https:\/\/www.facebook.com\/mojabochnia\" \/>\n<meta property=\"article:published_time\" content=\"2023-10-08T06:49:05+00:00\" \/>\n<meta property=\"article:modified_time\" content=\"2023-10-08T06:49:07+00:00\" \/>\n<meta property=\"og:image\" content=\"https:\/\/www.mojabochnia.pl\/wp-content\/uploads\/2023\/10\/orkiestra.jpg\" \/>\n\t<meta property=\"og:image:width\" content=\"510\" \/>\n\t<meta property=\"og:image:height\" content=\"368\" \/>\n\t<meta property=\"og:image:type\" content=\"image\/jpeg\" \/>\n<meta name=\"author\" content=\"Marcin Kalinowski\" \/>\n<meta name=\"twitter:card\" content=\"summary_large_image\" \/>\n<meta name=\"twitter:label1\" content=\"Written by\" \/>\n\t<meta name=\"twitter:data1\" content=\"Marcin Kalinowski\" \/>\n\t<meta name=\"twitter:label2\" content=\"Est. reading time\" \/>\n\t<meta name=\"twitter:data2\" content=\"1 minuta\" \/>\n<script type=\"application\/ld+json\" class=\"yoast-schema-graph\">{\"@context\":\"https:\/\/schema.org\",\"@graph\":[{\"@type\":\"Article\",\"@id\":\"https:\/\/www.mojabochnia.pl\/?p=200542#article\",\"isPartOf\":{\"@id\":\"https:\/\/www.mojabochnia.pl\/?p=200542\"},\"author\":{\"name\":\"Marcin Kalinowski\",\"@id\":\"https:\/\/www.mojabochnia.pl\/#\/schema\/person\/d4c758656c81ae00e6496831fe7b0792\"},\"headline\":\"Lipnica Murowana. Stra\u017cacki apel\",\"datePublished\":\"2023-10-08T06:49:05+00:00\",\"dateModified\":\"2023-10-08T06:49:07+00:00\",\"mainEntityOfPage\":{\"@id\":\"https:\/\/www.mojabochnia.pl\/?p=200542\"},\"wordCount\":141,\"commentCount\":0,\"publisher\":{\"@id\":\"https:\/\/www.mojabochnia.pl\/#organization\"},\"image\":{\"@id\":\"https:\/\/www.mojabochnia.pl\/?p=200542#primaryimage\"},\"thumbnailUrl\":\"https:\/\/www.mojabochnia.pl\/wp-content\/uploads\/2023\/10\/orkiestra.jpg\",\"keywords\":[\"top temat\"],\"articleSection\":[\"polityka i wydarzenia\"],\"inLanguage\":\"pl-PL\",\"potentialAction\":[{\"@type\":\"CommentAction\",\"name\":\"Comment\",\"target\":[\"https:\/\/www.mojabochnia.pl\/?p=200542#respond\"]}]},{\"@type\":\"WebPage\",\"@id\":\"https:\/\/www.mojabochnia.pl\/?p=200542\",\"url\":\"https:\/\/www.mojabochnia.pl\/?p=200542\",\"name\":\"Lipnica Murowana. Stra\u017cacki apel - mojabochnia.pl - portal informacyjny\",\"isPartOf\":{\"@id\":\"https:\/\/www.mojabochnia.pl\/#website\"},\"primaryImageOfPage\":{\"@id\":\"https:\/\/www.mojabochnia.pl\/?p=200542#primaryimage\"},\"image\":{\"@id\":\"https:\/\/www.mojabochnia.pl\/?p=200542#primaryimage\"},\"thumbnailUrl\":\"https:\/\/www.mojabochnia.pl\/wp-content\/uploads\/2023\/10\/orkiestra.jpg\",\"datePublished\":\"2023-10-08T06:49:05+00:00\",\"dateModified\":\"2023-10-08T06:49:07+00:00\",\"breadcrumb\":{\"@id\":\"https:\/\/www.mojabochnia.pl\/?p=200542#breadcrumb\"},\"inLanguage\":\"pl-PL\",\"potentialAction\":[{\"@type\":\"ReadAction\",\"target\":[\"https:\/\/www.mojabochnia.pl\/?p=200542\"]}]},{\"@type\":\"ImageObject\",\"inLanguage\":\"pl-PL\",\"@id\":\"https:\/\/www.mojabochnia.pl\/?p=200542#primaryimage\",\"url\":\"https:\/\/www.mojabochnia.pl\/wp-content\/uploads\/2023\/10\/orkiestra.jpg\",\"contentUrl\":\"https:\/\/www.mojabochnia.pl\/wp-content\/uploads\/2023\/10\/orkiestra.jpg\",\"width\":510,\"height\":368},{\"@type\":\"BreadcrumbList\",\"@id\":\"https:\/\/www.mojabochnia.pl\/?p=200542#breadcrumb\",\"itemListElement\":[{\"@type\":\"ListItem\",\"position\":1,\"name\":\"Home\",\"item\":\"https:\/\/www.mojabochnia.pl\/\"},{\"@type\":\"ListItem\",\"position\":2,\"name\":\"Lipnica Murowana. Stra\u017cacki apel\"}]},{\"@type\":\"WebSite\",\"@id\":\"https:\/\/www.mojabochnia.pl\/#website\",\"url\":\"https:\/\/www.mojabochnia.pl\/\",\"name\":\"mojabochnia.pl - portal informacyjny\",\"description\":\"mojaBochnia to portal informacyjny o Bochni. Codziennie o Bochni piszemy i pokazujemy najwa\u017cniejsze wydarzenia\",\"publisher\":{\"@id\":\"https:\/\/www.mojabochnia.pl\/#organization\"},\"potentialAction\":[{\"@type\":\"SearchAction\",\"target\":{\"@type\":\"EntryPoint\",\"urlTemplate\":\"https:\/\/www.mojabochnia.pl\/?s={search_term_string}\"},\"query-input\":{\"@type\":\"PropertyValueSpecification\",\"valueRequired\":true,\"valueName\":\"search_term_string\"}}],\"inLanguage\":\"pl-PL\"},{\"@type\":\"Organization\",\"@id\":\"https:\/\/www.mojabochnia.pl\/#organization\",\"name\":\"mojabochnia.pl - portal informacyjny\",\"url\":\"https:\/\/www.mojabochnia.pl\/\",\"logo\":{\"@type\":\"ImageObject\",\"inLanguage\":\"pl-PL\",\"@id\":\"https:\/\/www.mojabochnia.pl\/#\/schema\/logo\/image\/\",\"url\":\"https:\/\/www.mojabochnia.pl\/wp-content\/uploads\/2017\/08\/logo-mb-opt.png\",\"contentUrl\":\"https:\/\/www.mojabochnia.pl\/wp-content\/uploads\/2017\/08\/logo-mb-opt.png\",\"width\":250,\"height\":48,\"caption\":\"mojabochnia.pl - portal informacyjny\"},\"image\":{\"@id\":\"https:\/\/www.mojabochnia.pl\/#\/schema\/logo\/image\/\"},\"sameAs\":[\"https:\/\/www.facebook.com\/mojabochnia\"]},{\"@type\":\"Person\",\"@id\":\"https:\/\/www.mojabochnia.pl\/#\/schema\/person\/d4c758656c81ae00e6496831fe7b0792\",\"name\":\"Marcin Kalinowski\",\"url\":\"https:\/\/www.mojabochnia.pl\/?author=29\"}]}<\/script>\n<!-- \/ Yoast SEO plugin. -->","yoast_head_json":{"title":"Lipnica Murowana. Stra\u017cacki apel - mojabochnia.pl - portal informacyjny","robots":{"index":"index","follow":"follow","max-snippet":"max-snippet:-1","max-image-preview":"max-image-preview:large","max-video-preview":"max-video-preview:-1"},"canonical":"https:\/\/www.mojabochnia.pl\/?p=200542","og_locale":"pl_PL","og_type":"article","og_title":"Lipnica Murowana. Stra\u017cacki apel - mojabochnia.pl - portal informacyjny","og_description":"Prezes OSP Lipnica Dolna oraz Kapelmistrz Stra\u017cackiej Orkiestry D\u0119tej w Lipnicy Dolnej z dum\u0105 informuj\u0105, \u017ce w przysz\u0142ym roku Orkiestra D\u0119ta b\u0119dzie \u015bwi\u0119towa\u0107 jubileusz 100-lecia dzia\u0142alno\u015bci. W zwi\u0105zku z tym zrodzi\u0142 si\u0119 pomys\u0142, by na t\u0105 donios\u0142\u0105 okoliczno\u015b\u0107, zosta\u0142o opracowane WYDAWNICTWO, obrazuj\u0105ce wydarzenia z tej wiekowej dzia\u0142alno\u015bci. Zwracamy si\u0119 wi\u0119c z pro\u015bb\u0105 do mieszka\u0144c\u00f3w o","og_url":"https:\/\/www.mojabochnia.pl\/?p=200542","og_site_name":"mojabochnia.pl - portal informacyjny","article_publisher":"https:\/\/www.facebook.com\/mojabochnia","article_published_time":"2023-10-08T06:49:05+00:00","article_modified_time":"2023-10-08T06:49:07+00:00","og_image":[{"width":510,"height":368,"url":"https:\/\/www.mojabochnia.pl\/wp-content\/uploads\/2023\/10\/orkiestra.jpg","type":"image\/jpeg"}],"author":"Marcin Kalinowski","twitter_card":"summary_large_image","twitter_misc":{"Written by":"Marcin Kalinowski","Est. reading time":"1 minuta"},"schema":{"@context":"https:\/\/schema.org","@graph":[{"@type":"Article","@id":"https:\/\/www.mojabochnia.pl\/?p=200542#article","isPartOf":{"@id":"https:\/\/www.mojabochnia.pl\/?p=200542"},"author":{"name":"Marcin Kalinowski","@id":"https:\/\/www.mojabochnia.pl\/#\/schema\/person\/d4c758656c81ae00e6496831fe7b0792"},"headline":"Lipnica Murowana. Stra\u017cacki apel","datePublished":"2023-10-08T06:49:05+00:00","dateModified":"2023-10-08T06:49:07+00:00","mainEntityOfPage":{"@id":"https:\/\/www.mojabochnia.pl\/?p=200542"},"wordCount":141,"commentCount":0,"publisher":{"@id":"https:\/\/www.mojabochnia.pl\/#organization"},"image":{"@id":"https:\/\/www.mojabochnia.pl\/?p=200542#primaryimage"},"thumbnailUrl":"https:\/\/www.mojabochnia.pl\/wp-content\/uploads\/2023\/10\/orkiestra.jpg","keywords":["top temat"],"articleSection":["polityka i wydarzenia"],"inLanguage":"pl-PL","potentialAction":[{"@type":"CommentAction","name":"Comment","target":["https:\/\/www.mojabochnia.pl\/?p=200542#respond"]}]},{"@type":"WebPage","@id":"https:\/\/www.mojabochnia.pl\/?p=200542","url":"https:\/\/www.mojabochnia.pl\/?p=200542","name":"Lipnica Murowana. Stra\u017cacki apel - mojabochnia.pl - portal informacyjny","isPartOf":{"@id":"https:\/\/www.mojabochnia.pl\/#website"},"primaryImageOfPage":{"@id":"https:\/\/www.mojabochnia.pl\/?p=200542#primaryimage"},"image":{"@id":"https:\/\/www.mojabochnia.pl\/?p=200542#primaryimage"},"thumbnailUrl":"https:\/\/www.mojabochnia.pl\/wp-content\/uploads\/2023\/10\/orkiestra.jpg","datePublished":"2023-10-08T06:49:05+00:00","dateModified":"2023-10-08T06:49:07+00:00","breadcrumb":{"@id":"https:\/\/www.mojabochnia.pl\/?p=200542#breadcrumb"},"inLanguage":"pl-PL","potentialAction":[{"@type":"ReadAction","target":["https:\/\/www.mojabochnia.pl\/?p=200542"]}]},{"@type":"ImageObject","inLanguage":"pl-PL","@id":"https:\/\/www.mojabochnia.pl\/?p=200542#primaryimage","url":"https:\/\/www.mojabochnia.pl\/wp-content\/uploads\/2023\/10\/orkiestra.jpg","contentUrl":"https:\/\/www.mojabochnia.pl\/wp-content\/uploads\/2023\/10\/orkiestra.jpg","width":510,"height":368},{"@type":"BreadcrumbList","@id":"https:\/\/www.mojabochnia.pl\/?p=200542#breadcrumb","itemListElement":[{"@type":"ListItem","position":1,"name":"Home","item":"https:\/\/www.mojabochnia.pl\/"},{"@type":"ListItem","position":2,"name":"Lipnica Murowana. Stra\u017cacki apel"}]},{"@type":"WebSite","@id":"https:\/\/www.mojabochnia.pl\/#website","url":"https:\/\/www.mojabochnia.pl\/","name":"mojabochnia.pl - portal informacyjny","description":"mojaBochnia to portal informacyjny o Bochni. Codziennie o Bochni piszemy i pokazujemy najwa\u017cniejsze wydarzenia","publisher":{"@id":"https:\/\/www.mojabochnia.pl\/#organization"},"potentialAction":[{"@type":"SearchAction","target":{"@type":"EntryPoint","urlTemplate":"https:\/\/www.mojabochnia.pl\/?s={search_term_string}"},"query-input":{"@type":"PropertyValueSpecification","valueRequired":true,"valueName":"search_term_string"}}],"inLanguage":"pl-PL"},{"@type":"Organization","@id":"https:\/\/www.mojabochnia.pl\/#organization","name":"mojabochnia.pl - portal informacyjny","url":"https:\/\/www.mojabochnia.pl\/","logo":{"@type":"ImageObject","inLanguage":"pl-PL","@id":"https:\/\/www.mojabochnia.pl\/#\/schema\/logo\/image\/","url":"https:\/\/www.mojabochnia.pl\/wp-content\/uploads\/2017\/08\/logo-mb-opt.png","contentUrl":"https:\/\/www.mojabochnia.pl\/wp-content\/uploads\/2017\/08\/logo-mb-opt.png","width":250,"height":48,"caption":"mojabochnia.pl - portal informacyjny"},"image":{"@id":"https:\/\/www.mojabochnia.pl\/#\/schema\/logo\/image\/"},"sameAs":["https:\/\/www.facebook.com\/mojabochnia"]},{"@type":"Person","@id":"https:\/\/www.mojabochnia.pl\/#\/schema\/person\/d4c758656c81ae00e6496831fe7b0792","name":"Marcin Kalinowski","url":"https:\/\/www.mojabochnia.pl\/?author=29"}]}},"_links":{"self":[{"href":"https:\/\/www.mojabochnia.pl\/index.php?rest_route=\/wp\/v2\/posts\/200542","targetHints":{"allow":["GET"]}}],"collection":[{"href":"https:\/\/www.mojabochnia.pl\/index.php?rest_route=\/wp\/v2\/posts"}],"about":[{"href":"https:\/\/www.mojabochnia.pl\/index.php?rest_route=\/wp\/v2\/types\/post"}],"author":[{"embeddable":true,"href":"https:\/\/www.mojabochnia.pl\/index.php?rest_route=\/wp\/v2\/users\/29"}],"replies":[{"embeddable":true,"href":"https:\/\/www.mojabochnia.pl\/index.php?rest_route=%2Fwp%2Fv2%2Fcomments&post=200542"}],"version-history":[{"count":1,"href":"https:\/\/www.mojabochnia.pl\/index.php?rest_route=\/wp\/v2\/posts\/200542\/revisions"}],"predecessor-version":[{"id":200545,"href":"https:\/\/www.mojabochnia.pl\/index.php?rest_route=\/wp\/v2\/posts\/200542\/revisions\/200545"}],"wp:featuredmedia":[{"embeddable":true,"href":"https:\/\/www.mojabochnia.pl\/index.php?rest_route=\/wp\/v2\/media\/200544"}],"wp:attachment":[{"href":"https:\/\/www.mojabochnia.pl\/index.php?rest_route=%2Fwp%2Fv2%2Fmedia&parent=200542"}],"wp:term":[{"taxonomy":"category","embeddable":true,"href":"https:\/\/www.mojabochnia.pl\/index.php?rest_route=%2Fwp%2Fv2%2Fcategories&post=200542"},{"taxonomy":"post_tag","embeddable":true,"href":"https:\/\/www.mojabochnia.pl\/index.php?rest_route=%2Fwp%2Fv2%2Ftags&post=200542"}],"curies":[{"name":"wp","href":"https:\/\/api.w.org\/{rel}","templated":true}]}}