{"id":200536,"date":"2023-10-05T19:00:24","date_gmt":"2023-10-05T17:00:24","guid":{"rendered":"https:\/\/www.mojabochnia.pl\/?p=200536"},"modified":"2023-10-05T19:00:26","modified_gmt":"2023-10-05T17:00:26","slug":"po-latach-sa-pieniadze-na-brakujacy-fragment-drogi-z-a4-bedzie-latwiej-dojechac-do-warszawy-zapewnia-posel-jozefa-szczurek-zelazko","status":"publish","type":"post","link":"https:\/\/www.mojabochnia.pl\/?p=200536","title":{"rendered":"Po latach s\u0105 pieni\u0105dze na brakuj\u0105cy fragment drogi z A4 &#8211; b\u0119dzie \u0142atwiej dojecha\u0107 do Warszawy &#8211; zapewnia pose\u0142 J\u00f3zefa Szczurek &#8211; \u017belazko"},"content":{"rendered":"<p><strong>Za kilkana\u015bcie miesi\u0119cy znacznie szybciej dojedziemy z Bochni i Brzeska o Warszawy. \u2013 Po wielu latach oczekiwa\u0144 zostanie wybudowany kolejny odcinek drogi w kierunku Szczurowej i Koszyc \u2013 t\u0142umaczy pose\u0142 J\u00f3zefa Szczurek \u2013 \u017belazko, kt\u00f3ra pilotowa\u0142a pozyskanie pieni\u0119dzy na ten cel. Uda\u0142o si\u0119. Ale po kolei. Przypomnijmy, \u017ce pierwszy fragment nowej drogi z w\u0119z\u0142a autostrady A4 w Brzesku oddano do u\u017cytku 8 lat temu. Samochody wci\u0105\u017c jednak musz\u0105 przeje\u017cd\u017ca\u0107 przez centrum miejscowo\u015bci Przybor\u00f3w i Rudy Rysie. W ramach Rz\u0105dowego Funduszu Inwestycji Strategicznych wojew\u00f3dztwo ma\u0142opolskie otrzyma\u0142o prawie 100 milion\u00f3w z\u0142otych na budow\u0119 brakuj\u0105cego 6,5. kilometrowego odcinka drogi wojew\u00f3dzkiej. \u00a0Podczas konferencji pose\u0142 skierowa\u0142a podzi\u0119kowania. \u2013 S\u0142owa uznania nale\u017c\u0105 si\u0119 premierowi Matuszowi Morawieckiemu. Podzi\u0119kowania kieruj\u0119 na r\u0119ce <\/strong><strong>ministra infrastruktury Andrzeja Adamczyka, zarz\u0105du wojew\u00f3d<\/strong><strong>ztwa ma\u0142opolskiego, marsza\u0142ka \u0141ukasza Sm\u00f3\u0142ki i J\u00f3zefa Gawrona, la by\u0142ego wicemarsza\u0142ka Edwarda Czesaka.<\/strong><\/p>\n<p><strong>\u00a0Na li\u015bcie rz\u0105du<\/strong><\/p>\n<p><strong>\u00a0<\/strong><strong>Budowa po\u0142\u0105czenia w\u0119z\u0142a A4 Brzesko z drog\u0105 wojew\u00f3dzk\u0105 nr 768 \u2013 etap II to jedna z 79 inwestycji, kt\u00f3ra otrzyma\u0142a wsparcie w ramach Rz\u0105dowego Programu Inwestycji Strategicznych<\/strong>. II etap budowy po\u0142\u0105czenia w\u0119z\u0142a autostrady A4 Brzesko z droga wojew\u00f3dzk\u0105 nr 768 b\u0119dzie mia\u0142 6,5 km. Inwestycja jest wsp\u00f3lnym zadaniem Wojew\u00f3dztwa Ma\u0142opolskiego, Powiatu Brzeskiego oraz gmin Brzesko, Szczurowa i Borz\u0119cin Planowany odcinek trasy rozpocznie rondo u\u00a0zbiegu istniej\u0105cej DW768 i\u00a0ul. Zagrodzkiej w\u00a0miejscowo\u015bci Bucze, a\u00a0jej koniec wyznaczono na istniej\u0105cej drodze wojew\u00f3dzkiej nr 768. Ponadto w\u00a0ramach zadania planowana jest m.in. budowa dr\u00f3g dojazdowych oraz obiekt\u00f3w in\u017cynierskich na ciekach i\u00a0rowach z\u00a0funkcj\u0105 przej\u015b\u0107 dla zwierz\u0105t tj. mosty, wiadukty, estakady czy przepusty. Powstan\u0105 te\u017c chodniki oraz o\u015bwietlenie drogi \u2013 zapowiada wicemarsza\u0142ek Adam Sm\u00f3\u0142ka. Ponadto w ramach zadania planowana jest m.in. budowa dr\u00f3g dojazdowych oraz obiekt\u00f3w in\u017cynierskich na ciekach i rowach z funkcj\u0105 przej\u015b\u0107 dla zwierz\u0105t tj. mosty, wiadukty, estakady czy przepusty. Powstan\u0105 te\u017c chodniki oraz o\u015bwietlenie drogi.<\/p>\n<p><strong>Bardzo dobra informacja <\/strong><\/p>\n<p>Jest to bardzo dla Mieszka\u0144c\u00f3w Przyborowa w Gminie Borz\u0119cin oraz Ryye Rysie w gminie Szczurowa. W lipcu 2023 roku Zarz\u0105d Wojew\u00f3dztwa Ma\u0142opolskiego z\u0142o\u017cy\u0142 wniosk do Rz\u0105dowego Funduszu Polski \u0141ad: Program Inwestycji Strategicznych &#8211; edycja si\u00f3dma, Wojew\u00f3dztwo Ma\u0142opolskie pozyska\u0142o dofinansowanie w wysoko\u015bci 99 milion\u00f3w 999 tysi\u0119cy 984 z\u0142ote. W grudniu 2022 roku w Urz\u0119dzie Marsza\u0142kowskim Wojew\u00f3dztwa Ma\u0142opolskiego podpisano umow\u0119 dotycz\u0105c\u0105 wsp\u00f3\u0142finansowania zadania inwestycyjnego pn. \u201eBudowa po\u0142\u0105czenia w\u0119z\u0142a A4 Brzesko z DW 768 &#8211; Etap II &#8211; opracowanie dokumentacji projektowej, pe\u0142nienie nadzoru autorskiego&#8221;. Inwestycja jest wsp\u00f3lnym zadaniem Wojew\u00f3dztwa Ma\u0142opolskiego, Powiatu Brzeskiego oraz gmin: Borz\u0119cin, Brzesko i Szczurowa. W tej chwili ta trasa przebiega po starej trasie drogi wojew\u00f3dzkiej. Wi\u0105za\u0142o si\u0119 to z wieloma zagro\u017ceniami, wypadkami, kt\u00f3re tutaj mia\u0142y miejsce. By\u0142a to d\u0142ugo wyczekiwana inwestycja, kt\u00f3ra na pewno znacznie poprawi bezpiecze\u0144stwo mieszka\u0144c\u00f3w. Dla nas, dla spo\u0142eczno\u015bci lokalnej jest ona niezwykle wa\u017cna, czekali\u015bmy na ni\u0105 wiele lat, ci\u0105gle by\u0142y jakie\u015b problemy, kt\u00f3re nie pozwala\u0142y tego zrealizowa\u0107, ale przede wszystkim brakowa\u0142o \u015brodk\u00f3w i teraz te \u015brodki si\u0119 pojawi\u0142y \u2013 m\u00f3wi\u0142a pos\u0142anka PiS J\u00f3zefa Szczurek-\u017belazko. Po \u00a0raz trzeci temat jest procedowany. Uda\u0142o si\u0119 pozyska\u0107 finansowanie. Ten brakuj\u0105cy odcinek poch\u0142on\u0105\u0142 8 ofiar \u015bmiertelnych. Praktycznie nie ma miesi\u0105ca, \u017ceby nie zdarzy\u0142 si\u0119 wypadek z r\u00f3\u017cnym skutkiem. Wed\u0142ug danych z 2021 roku na dob\u0119 odbywa si\u0119 ruch w wysoko\u015bci ponad 5 600 pojazd\u00f3w w tym 1 050 tir\u00f3w, jest to ogromna ilo\u015b\u0107.<\/p>\n","protected":false},"excerpt":{"rendered":"<p>Za kilkana\u015bcie miesi\u0119cy znacznie szybciej dojedziemy z Bochni i Brzeska o Warszawy. \u2013 Po wielu latach oczekiwa\u0144 zostanie wybudowany kolejny odcinek drogi w kierunku Szczurowej i Koszyc \u2013 t\u0142umaczy pose\u0142 J\u00f3zefa Szczurek \u2013 \u017belazko, kt\u00f3ra pilotowa\u0142a pozyskanie pieni\u0119dzy na ten cel. Uda\u0142o si\u0119. Ale po kolei. Przypomnijmy, \u017ce pierwszy fragment nowej drogi z w\u0119z\u0142a autostrady<\/p>\n","protected":false},"author":29,"featured_media":200538,"comment_status":"open","ping_status":"closed","sticky":false,"template":"","format":"standard","meta":{"_acf_changed":false,"footnotes":""},"categories":[6251],"tags":[19720],"class_list":["post-200536","post","type-post","status-publish","format-standard","has-post-thumbnail","hentry","category-polityka-i-wydarzenia","tag-top-temat"],"acf":[],"yoast_head":"<!-- This site is optimized with the Yoast SEO plugin v26.9 - https:\/\/yoast.com\/product\/yoast-seo-wordpress\/ -->\n<title>Po latach s\u0105 pieni\u0105dze na brakuj\u0105cy fragment drogi z A4 - b\u0119dzie \u0142atwiej dojecha\u0107 do Warszawy - zapewnia pose\u0142 J\u00f3zefa Szczurek - \u017belazko - mojabochnia.pl - portal informacyjny<\/title>\n<meta name=\"robots\" content=\"index, follow, max-snippet:-1, max-image-preview:large, max-video-preview:-1\" \/>\n<link rel=\"canonical\" href=\"https:\/\/www.mojabochnia.pl\/?p=200536\" \/>\n<meta property=\"og:locale\" content=\"pl_PL\" \/>\n<meta property=\"og:type\" content=\"article\" \/>\n<meta property=\"og:title\" content=\"Po latach s\u0105 pieni\u0105dze na brakuj\u0105cy fragment drogi z A4 - b\u0119dzie \u0142atwiej dojecha\u0107 do Warszawy - zapewnia pose\u0142 J\u00f3zefa Szczurek - \u017belazko - mojabochnia.pl - portal informacyjny\" \/>\n<meta property=\"og:description\" content=\"Za kilkana\u015bcie miesi\u0119cy znacznie szybciej dojedziemy z Bochni i Brzeska o Warszawy. \u2013 Po wielu latach oczekiwa\u0144 zostanie wybudowany kolejny odcinek drogi w kierunku Szczurowej i Koszyc \u2013 t\u0142umaczy pose\u0142 J\u00f3zefa Szczurek \u2013 \u017belazko, kt\u00f3ra pilotowa\u0142a pozyskanie pieni\u0119dzy na ten cel. Uda\u0142o si\u0119. Ale po kolei. Przypomnijmy, \u017ce pierwszy fragment nowej drogi z w\u0119z\u0142a autostrady\" \/>\n<meta property=\"og:url\" content=\"https:\/\/www.mojabochnia.pl\/?p=200536\" \/>\n<meta property=\"og:site_name\" content=\"mojabochnia.pl - portal informacyjny\" \/>\n<meta property=\"article:publisher\" content=\"https:\/\/www.facebook.com\/mojabochnia\" \/>\n<meta property=\"article:published_time\" content=\"2023-10-05T17:00:24+00:00\" \/>\n<meta property=\"article:modified_time\" content=\"2023-10-05T17:00:26+00:00\" \/>\n<meta property=\"og:image\" content=\"https:\/\/www.mojabochnia.pl\/wp-content\/uploads\/2023\/10\/a-portal.jpg\" \/>\n\t<meta property=\"og:image:width\" content=\"749\" \/>\n\t<meta property=\"og:image:height\" content=\"442\" \/>\n\t<meta property=\"og:image:type\" content=\"image\/jpeg\" \/>\n<meta name=\"author\" content=\"Marcin Kalinowski\" \/>\n<meta name=\"twitter:card\" content=\"summary_large_image\" \/>\n<meta name=\"twitter:label1\" content=\"Written by\" \/>\n\t<meta name=\"twitter:data1\" content=\"Marcin Kalinowski\" \/>\n\t<meta name=\"twitter:label2\" content=\"Est. reading time\" \/>\n\t<meta name=\"twitter:data2\" content=\"3 minuty\" \/>\n<script type=\"application\/ld+json\" class=\"yoast-schema-graph\">{\"@context\":\"https:\/\/schema.org\",\"@graph\":[{\"@type\":\"Article\",\"@id\":\"https:\/\/www.mojabochnia.pl\/?p=200536#article\",\"isPartOf\":{\"@id\":\"https:\/\/www.mojabochnia.pl\/?p=200536\"},\"author\":{\"name\":\"Marcin Kalinowski\",\"@id\":\"https:\/\/www.mojabochnia.pl\/#\/schema\/person\/d4c758656c81ae00e6496831fe7b0792\"},\"headline\":\"Po latach s\u0105 pieni\u0105dze na brakuj\u0105cy fragment drogi z A4 &#8211; b\u0119dzie \u0142atwiej dojecha\u0107 do Warszawy &#8211; zapewnia pose\u0142 J\u00f3zefa Szczurek &#8211; \u017belazko\",\"datePublished\":\"2023-10-05T17:00:24+00:00\",\"dateModified\":\"2023-10-05T17:00:26+00:00\",\"mainEntityOfPage\":{\"@id\":\"https:\/\/www.mojabochnia.pl\/?p=200536\"},\"wordCount\":658,\"commentCount\":0,\"publisher\":{\"@id\":\"https:\/\/www.mojabochnia.pl\/#organization\"},\"image\":{\"@id\":\"https:\/\/www.mojabochnia.pl\/?p=200536#primaryimage\"},\"thumbnailUrl\":\"https:\/\/www.mojabochnia.pl\/wp-content\/uploads\/2023\/10\/a-portal.jpg\",\"keywords\":[\"top temat\"],\"articleSection\":[\"polityka i wydarzenia\"],\"inLanguage\":\"pl-PL\",\"potentialAction\":[{\"@type\":\"CommentAction\",\"name\":\"Comment\",\"target\":[\"https:\/\/www.mojabochnia.pl\/?p=200536#respond\"]}]},{\"@type\":\"WebPage\",\"@id\":\"https:\/\/www.mojabochnia.pl\/?p=200536\",\"url\":\"https:\/\/www.mojabochnia.pl\/?p=200536\",\"name\":\"Po latach s\u0105 pieni\u0105dze na brakuj\u0105cy fragment drogi z A4 - b\u0119dzie \u0142atwiej dojecha\u0107 do Warszawy - zapewnia pose\u0142 J\u00f3zefa Szczurek - \u017belazko - mojabochnia.pl - portal informacyjny\",\"isPartOf\":{\"@id\":\"https:\/\/www.mojabochnia.pl\/#website\"},\"primaryImageOfPage\":{\"@id\":\"https:\/\/www.mojabochnia.pl\/?p=200536#primaryimage\"},\"image\":{\"@id\":\"https:\/\/www.mojabochnia.pl\/?p=200536#primaryimage\"},\"thumbnailUrl\":\"https:\/\/www.mojabochnia.pl\/wp-content\/uploads\/2023\/10\/a-portal.jpg\",\"datePublished\":\"2023-10-05T17:00:24+00:00\",\"dateModified\":\"2023-10-05T17:00:26+00:00\",\"breadcrumb\":{\"@id\":\"https:\/\/www.mojabochnia.pl\/?p=200536#breadcrumb\"},\"inLanguage\":\"pl-PL\",\"potentialAction\":[{\"@type\":\"ReadAction\",\"target\":[\"https:\/\/www.mojabochnia.pl\/?p=200536\"]}]},{\"@type\":\"ImageObject\",\"inLanguage\":\"pl-PL\",\"@id\":\"https:\/\/www.mojabochnia.pl\/?p=200536#primaryimage\",\"url\":\"https:\/\/www.mojabochnia.pl\/wp-content\/uploads\/2023\/10\/a-portal.jpg\",\"contentUrl\":\"https:\/\/www.mojabochnia.pl\/wp-content\/uploads\/2023\/10\/a-portal.jpg\",\"width\":749,\"height\":442},{\"@type\":\"BreadcrumbList\",\"@id\":\"https:\/\/www.mojabochnia.pl\/?p=200536#breadcrumb\",\"itemListElement\":[{\"@type\":\"ListItem\",\"position\":1,\"name\":\"Home\",\"item\":\"https:\/\/www.mojabochnia.pl\/\"},{\"@type\":\"ListItem\",\"position\":2,\"name\":\"Po latach s\u0105 pieni\u0105dze na brakuj\u0105cy fragment drogi z A4 &#8211; b\u0119dzie \u0142atwiej dojecha\u0107 do Warszawy &#8211; zapewnia pose\u0142 J\u00f3zefa Szczurek &#8211; \u017belazko\"}]},{\"@type\":\"WebSite\",\"@id\":\"https:\/\/www.mojabochnia.pl\/#website\",\"url\":\"https:\/\/www.mojabochnia.pl\/\",\"name\":\"mojabochnia.pl - portal informacyjny\",\"description\":\"mojaBochnia to portal informacyjny o Bochni. Codziennie o Bochni piszemy i pokazujemy najwa\u017cniejsze wydarzenia\",\"publisher\":{\"@id\":\"https:\/\/www.mojabochnia.pl\/#organization\"},\"potentialAction\":[{\"@type\":\"SearchAction\",\"target\":{\"@type\":\"EntryPoint\",\"urlTemplate\":\"https:\/\/www.mojabochnia.pl\/?s={search_term_string}\"},\"query-input\":{\"@type\":\"PropertyValueSpecification\",\"valueRequired\":true,\"valueName\":\"search_term_string\"}}],\"inLanguage\":\"pl-PL\"},{\"@type\":\"Organization\",\"@id\":\"https:\/\/www.mojabochnia.pl\/#organization\",\"name\":\"mojabochnia.pl - portal informacyjny\",\"url\":\"https:\/\/www.mojabochnia.pl\/\",\"logo\":{\"@type\":\"ImageObject\",\"inLanguage\":\"pl-PL\",\"@id\":\"https:\/\/www.mojabochnia.pl\/#\/schema\/logo\/image\/\",\"url\":\"https:\/\/www.mojabochnia.pl\/wp-content\/uploads\/2017\/08\/logo-mb-opt.png\",\"contentUrl\":\"https:\/\/www.mojabochnia.pl\/wp-content\/uploads\/2017\/08\/logo-mb-opt.png\",\"width\":250,\"height\":48,\"caption\":\"mojabochnia.pl - portal informacyjny\"},\"image\":{\"@id\":\"https:\/\/www.mojabochnia.pl\/#\/schema\/logo\/image\/\"},\"sameAs\":[\"https:\/\/www.facebook.com\/mojabochnia\"]},{\"@type\":\"Person\",\"@id\":\"https:\/\/www.mojabochnia.pl\/#\/schema\/person\/d4c758656c81ae00e6496831fe7b0792\",\"name\":\"Marcin Kalinowski\",\"url\":\"https:\/\/www.mojabochnia.pl\/?author=29\"}]}<\/script>\n<!-- \/ Yoast SEO plugin. -->","yoast_head_json":{"title":"Po latach s\u0105 pieni\u0105dze na brakuj\u0105cy fragment drogi z A4 - b\u0119dzie \u0142atwiej dojecha\u0107 do Warszawy - zapewnia pose\u0142 J\u00f3zefa Szczurek - \u017belazko - mojabochnia.pl - portal informacyjny","robots":{"index":"index","follow":"follow","max-snippet":"max-snippet:-1","max-image-preview":"max-image-preview:large","max-video-preview":"max-video-preview:-1"},"canonical":"https:\/\/www.mojabochnia.pl\/?p=200536","og_locale":"pl_PL","og_type":"article","og_title":"Po latach s\u0105 pieni\u0105dze na brakuj\u0105cy fragment drogi z A4 - b\u0119dzie \u0142atwiej dojecha\u0107 do Warszawy - zapewnia pose\u0142 J\u00f3zefa Szczurek - \u017belazko - mojabochnia.pl - portal informacyjny","og_description":"Za kilkana\u015bcie miesi\u0119cy znacznie szybciej dojedziemy z Bochni i Brzeska o Warszawy. \u2013 Po wielu latach oczekiwa\u0144 zostanie wybudowany kolejny odcinek drogi w kierunku Szczurowej i Koszyc \u2013 t\u0142umaczy pose\u0142 J\u00f3zefa Szczurek \u2013 \u017belazko, kt\u00f3ra pilotowa\u0142a pozyskanie pieni\u0119dzy na ten cel. Uda\u0142o si\u0119. Ale po kolei. Przypomnijmy, \u017ce pierwszy fragment nowej drogi z w\u0119z\u0142a autostrady","og_url":"https:\/\/www.mojabochnia.pl\/?p=200536","og_site_name":"mojabochnia.pl - portal informacyjny","article_publisher":"https:\/\/www.facebook.com\/mojabochnia","article_published_time":"2023-10-05T17:00:24+00:00","article_modified_time":"2023-10-05T17:00:26+00:00","og_image":[{"width":749,"height":442,"url":"https:\/\/www.mojabochnia.pl\/wp-content\/uploads\/2023\/10\/a-portal.jpg","type":"image\/jpeg"}],"author":"Marcin Kalinowski","twitter_card":"summary_large_image","twitter_misc":{"Written by":"Marcin Kalinowski","Est. reading time":"3 minuty"},"schema":{"@context":"https:\/\/schema.org","@graph":[{"@type":"Article","@id":"https:\/\/www.mojabochnia.pl\/?p=200536#article","isPartOf":{"@id":"https:\/\/www.mojabochnia.pl\/?p=200536"},"author":{"name":"Marcin Kalinowski","@id":"https:\/\/www.mojabochnia.pl\/#\/schema\/person\/d4c758656c81ae00e6496831fe7b0792"},"headline":"Po latach s\u0105 pieni\u0105dze na brakuj\u0105cy fragment drogi z A4 &#8211; b\u0119dzie \u0142atwiej dojecha\u0107 do Warszawy &#8211; zapewnia pose\u0142 J\u00f3zefa Szczurek &#8211; \u017belazko","datePublished":"2023-10-05T17:00:24+00:00","dateModified":"2023-10-05T17:00:26+00:00","mainEntityOfPage":{"@id":"https:\/\/www.mojabochnia.pl\/?p=200536"},"wordCount":658,"commentCount":0,"publisher":{"@id":"https:\/\/www.mojabochnia.pl\/#organization"},"image":{"@id":"https:\/\/www.mojabochnia.pl\/?p=200536#primaryimage"},"thumbnailUrl":"https:\/\/www.mojabochnia.pl\/wp-content\/uploads\/2023\/10\/a-portal.jpg","keywords":["top temat"],"articleSection":["polityka i wydarzenia"],"inLanguage":"pl-PL","potentialAction":[{"@type":"CommentAction","name":"Comment","target":["https:\/\/www.mojabochnia.pl\/?p=200536#respond"]}]},{"@type":"WebPage","@id":"https:\/\/www.mojabochnia.pl\/?p=200536","url":"https:\/\/www.mojabochnia.pl\/?p=200536","name":"Po latach s\u0105 pieni\u0105dze na brakuj\u0105cy fragment drogi z A4 - b\u0119dzie \u0142atwiej dojecha\u0107 do Warszawy - zapewnia pose\u0142 J\u00f3zefa Szczurek - \u017belazko - mojabochnia.pl - portal informacyjny","isPartOf":{"@id":"https:\/\/www.mojabochnia.pl\/#website"},"primaryImageOfPage":{"@id":"https:\/\/www.mojabochnia.pl\/?p=200536#primaryimage"},"image":{"@id":"https:\/\/www.mojabochnia.pl\/?p=200536#primaryimage"},"thumbnailUrl":"https:\/\/www.mojabochnia.pl\/wp-content\/uploads\/2023\/10\/a-portal.jpg","datePublished":"2023-10-05T17:00:24+00:00","dateModified":"2023-10-05T17:00:26+00:00","breadcrumb":{"@id":"https:\/\/www.mojabochnia.pl\/?p=200536#breadcrumb"},"inLanguage":"pl-PL","potentialAction":[{"@type":"ReadAction","target":["https:\/\/www.mojabochnia.pl\/?p=200536"]}]},{"@type":"ImageObject","inLanguage":"pl-PL","@id":"https:\/\/www.mojabochnia.pl\/?p=200536#primaryimage","url":"https:\/\/www.mojabochnia.pl\/wp-content\/uploads\/2023\/10\/a-portal.jpg","contentUrl":"https:\/\/www.mojabochnia.pl\/wp-content\/uploads\/2023\/10\/a-portal.jpg","width":749,"height":442},{"@type":"BreadcrumbList","@id":"https:\/\/www.mojabochnia.pl\/?p=200536#breadcrumb","itemListElement":[{"@type":"ListItem","position":1,"name":"Home","item":"https:\/\/www.mojabochnia.pl\/"},{"@type":"ListItem","position":2,"name":"Po latach s\u0105 pieni\u0105dze na brakuj\u0105cy fragment drogi z A4 &#8211; b\u0119dzie \u0142atwiej dojecha\u0107 do Warszawy &#8211; zapewnia pose\u0142 J\u00f3zefa Szczurek &#8211; \u017belazko"}]},{"@type":"WebSite","@id":"https:\/\/www.mojabochnia.pl\/#website","url":"https:\/\/www.mojabochnia.pl\/","name":"mojabochnia.pl - portal informacyjny","description":"mojaBochnia to portal informacyjny o Bochni. Codziennie o Bochni piszemy i pokazujemy najwa\u017cniejsze wydarzenia","publisher":{"@id":"https:\/\/www.mojabochnia.pl\/#organization"},"potentialAction":[{"@type":"SearchAction","target":{"@type":"EntryPoint","urlTemplate":"https:\/\/www.mojabochnia.pl\/?s={search_term_string}"},"query-input":{"@type":"PropertyValueSpecification","valueRequired":true,"valueName":"search_term_string"}}],"inLanguage":"pl-PL"},{"@type":"Organization","@id":"https:\/\/www.mojabochnia.pl\/#organization","name":"mojabochnia.pl - portal informacyjny","url":"https:\/\/www.mojabochnia.pl\/","logo":{"@type":"ImageObject","inLanguage":"pl-PL","@id":"https:\/\/www.mojabochnia.pl\/#\/schema\/logo\/image\/","url":"https:\/\/www.mojabochnia.pl\/wp-content\/uploads\/2017\/08\/logo-mb-opt.png","contentUrl":"https:\/\/www.mojabochnia.pl\/wp-content\/uploads\/2017\/08\/logo-mb-opt.png","width":250,"height":48,"caption":"mojabochnia.pl - portal informacyjny"},"image":{"@id":"https:\/\/www.mojabochnia.pl\/#\/schema\/logo\/image\/"},"sameAs":["https:\/\/www.facebook.com\/mojabochnia"]},{"@type":"Person","@id":"https:\/\/www.mojabochnia.pl\/#\/schema\/person\/d4c758656c81ae00e6496831fe7b0792","name":"Marcin Kalinowski","url":"https:\/\/www.mojabochnia.pl\/?author=29"}]}},"_links":{"self":[{"href":"https:\/\/www.mojabochnia.pl\/index.php?rest_route=\/wp\/v2\/posts\/200536","targetHints":{"allow":["GET"]}}],"collection":[{"href":"https:\/\/www.mojabochnia.pl\/index.php?rest_route=\/wp\/v2\/posts"}],"about":[{"href":"https:\/\/www.mojabochnia.pl\/index.php?rest_route=\/wp\/v2\/types\/post"}],"author":[{"embeddable":true,"href":"https:\/\/www.mojabochnia.pl\/index.php?rest_route=\/wp\/v2\/users\/29"}],"replies":[{"embeddable":true,"href":"https:\/\/www.mojabochnia.pl\/index.php?rest_route=%2Fwp%2Fv2%2Fcomments&post=200536"}],"version-history":[{"count":1,"href":"https:\/\/www.mojabochnia.pl\/index.php?rest_route=\/wp\/v2\/posts\/200536\/revisions"}],"predecessor-version":[{"id":200539,"href":"https:\/\/www.mojabochnia.pl\/index.php?rest_route=\/wp\/v2\/posts\/200536\/revisions\/200539"}],"wp:featuredmedia":[{"embeddable":true,"href":"https:\/\/www.mojabochnia.pl\/index.php?rest_route=\/wp\/v2\/media\/200538"}],"wp:attachment":[{"href":"https:\/\/www.mojabochnia.pl\/index.php?rest_route=%2Fwp%2Fv2%2Fmedia&parent=200536"}],"wp:term":[{"taxonomy":"category","embeddable":true,"href":"https:\/\/www.mojabochnia.pl\/index.php?rest_route=%2Fwp%2Fv2%2Fcategories&post=200536"},{"taxonomy":"post_tag","embeddable":true,"href":"https:\/\/www.mojabochnia.pl\/index.php?rest_route=%2Fwp%2Fv2%2Ftags&post=200536"}],"curies":[{"name":"wp","href":"https:\/\/api.w.org\/{rel}","templated":true}]}}