{"id":200508,"date":"2023-10-04T04:34:14","date_gmt":"2023-10-04T02:34:14","guid":{"rendered":"https:\/\/www.mojabochnia.pl\/?p=200508"},"modified":"2023-10-04T04:35:59","modified_gmt":"2023-10-04T02:35:59","slug":"ziemia-bochenska-potrzebuje-pracowitych-ludzi-w-sejmie-mariusz-zajac-na-pikniku-w-parku-uzbornia","status":"publish","type":"post","link":"https:\/\/www.mojabochnia.pl\/?p=200508","title":{"rendered":"\u201eZiemia Boche\u0144ska potrzebuje pracowitych ludzi w Sejmie\u201d \u2013 Mariusz Zaj\u0105c na pikniku w Parku Uzbornia"},"content":{"rendered":"\n<p><strong>W niedzielne popo\u0142udnie w boche\u0144skim parku na Uzborni odby\u0142 si\u0119 piknik organizowany przez kandydata Prawa i Sprawiedliwo\u015bci do Sejmu RP Mariusza Zaj\u0105ca. Sprzyjaj\u0105ca pogoda i atrakcyjna forma wydarzenia przyci\u0105gn\u0119\u0142a rodziny z dzie\u0107mi, spacerowicz\u00f3w oraz potencjalnych wyborc\u00f3w, kt\u00f3rzy wyrazili ch\u0119\u0107 osobistego poznania kandydata na stanowisko pos\u0142a z Ziemi Boche\u0144skiej.<\/strong><\/p>\n\n\n\n<p>&nbsp;&nbsp;&nbsp;&nbsp;&nbsp;&nbsp;&nbsp;&nbsp;&nbsp;&nbsp;&nbsp; Podczas imprezy, ch\u0119tni mieli mo\u017cliwo\u015b\u0107 skorzystania z wielu atrakcji, m.in. grilla, malowania twarzy, czy dmucha\u0144c\u00f3w, kt\u00f3re cieszy\u0142y si\u0119 sporym zainteresowaniem w\u015br\u00f3d m\u0142odszych i starszych dzieci. Nie zabrak\u0142o r\u00f3wnie\u017c miejsca na kr\u00f3tkie przywitanie, w kt\u00f3rym startuj\u0105cy z listy PiS z nr 15 Mariusz Zaj\u0105c zach\u0119ca\u0142 uczestnik\u00f3w wydarzenia do wzi\u0119cia udzia\u0142u w wyborach i udzielenia mu poparcia poprzez skre\u015blenie X przy jego nazwisku na karcie wyborczej 15 pa\u017adziernika. Swojego wsparcia udzieli\u0142 r\u00f3wnie\u017c obecny na pikniku w\u00f3jt Gminy Bochnia Marek Bzdek, kt\u00f3ry wyrazi\u0142 nadziej\u0119, \u017ce \u201eMariusz b\u0119dzie pierwszym pos\u0142em, kt\u00f3ry naprawd\u0119 b\u0119dzie ci\u0119\u017cko pracowa\u0142 dla Bochni i Ziemi Boche\u0144skiej.\u201d<\/p>\n\n\n\n<p>Piknik na Uzborni to mocne rozpocz\u0119cie ostatniej prostej kampanii wyborczej, kt\u00f3ra zako\u0144czy si\u0119 z dniem 15 pa\u017adziernika.<\/p>\n","protected":false},"excerpt":{"rendered":"<p>W niedzielne popo\u0142udnie w boche\u0144skim parku na Uzborni odby\u0142 si\u0119 piknik organizowany przez kandydata Prawa i Sprawiedliwo\u015bci do Sejmu RP Mariusza Zaj\u0105ca. Sprzyjaj\u0105ca pogoda i atrakcyjna forma wydarzenia przyci\u0105gn\u0119\u0142a rodziny z dzie\u0107mi, spacerowicz\u00f3w oraz potencjalnych wyborc\u00f3w, kt\u00f3rzy wyrazili ch\u0119\u0107 osobistego poznania kandydata na stanowisko pos\u0142a z Ziemi Boche\u0144skiej. &nbsp;&nbsp;&nbsp;&nbsp;&nbsp;&nbsp;&nbsp;&nbsp;&nbsp;&nbsp;&nbsp; Podczas imprezy, ch\u0119tni mieli mo\u017cliwo\u015b\u0107 skorzystania<\/p>\n","protected":false},"author":29,"featured_media":200510,"comment_status":"open","ping_status":"closed","sticky":false,"template":"","format":"standard","meta":{"_acf_changed":false,"footnotes":""},"categories":[92,6251],"tags":[19720],"class_list":["post-200508","post","type-post","status-publish","format-standard","has-post-thumbnail","hentry","category-kultura","category-polityka-i-wydarzenia","tag-top-temat"],"acf":[],"yoast_head":"<!-- This site is optimized with the Yoast SEO plugin v26.9 - https:\/\/yoast.com\/product\/yoast-seo-wordpress\/ -->\n<title>\u201eZiemia Boche\u0144ska potrzebuje pracowitych ludzi w Sejmie\u201d \u2013 Mariusz Zaj\u0105c na pikniku w Parku Uzbornia - mojabochnia.pl - portal informacyjny<\/title>\n<meta name=\"robots\" content=\"index, follow, max-snippet:-1, max-image-preview:large, max-video-preview:-1\" \/>\n<link rel=\"canonical\" href=\"https:\/\/www.mojabochnia.pl\/?p=200508\" \/>\n<meta property=\"og:locale\" content=\"pl_PL\" \/>\n<meta property=\"og:type\" content=\"article\" \/>\n<meta property=\"og:title\" content=\"\u201eZiemia Boche\u0144ska potrzebuje pracowitych ludzi w Sejmie\u201d \u2013 Mariusz Zaj\u0105c na pikniku w Parku Uzbornia - mojabochnia.pl - portal informacyjny\" \/>\n<meta property=\"og:description\" content=\"W niedzielne popo\u0142udnie w boche\u0144skim parku na Uzborni odby\u0142 si\u0119 piknik organizowany przez kandydata Prawa i Sprawiedliwo\u015bci do Sejmu RP Mariusza Zaj\u0105ca. Sprzyjaj\u0105ca pogoda i atrakcyjna forma wydarzenia przyci\u0105gn\u0119\u0142a rodziny z dzie\u0107mi, spacerowicz\u00f3w oraz potencjalnych wyborc\u00f3w, kt\u00f3rzy wyrazili ch\u0119\u0107 osobistego poznania kandydata na stanowisko pos\u0142a z Ziemi Boche\u0144skiej. &nbsp;&nbsp;&nbsp;&nbsp;&nbsp;&nbsp;&nbsp;&nbsp;&nbsp;&nbsp;&nbsp; Podczas imprezy, ch\u0119tni mieli mo\u017cliwo\u015b\u0107 skorzystania\" \/>\n<meta property=\"og:url\" content=\"https:\/\/www.mojabochnia.pl\/?p=200508\" \/>\n<meta property=\"og:site_name\" content=\"mojabochnia.pl - portal informacyjny\" \/>\n<meta property=\"article:publisher\" content=\"https:\/\/www.facebook.com\/mojabochnia\" \/>\n<meta property=\"article:published_time\" content=\"2023-10-04T02:34:14+00:00\" \/>\n<meta property=\"article:modified_time\" content=\"2023-10-04T02:35:59+00:00\" \/>\n<meta property=\"og:image\" content=\"https:\/\/www.mojabochnia.pl\/wp-content\/uploads\/2023\/10\/uzbor-scaled.jpg\" \/>\n\t<meta property=\"og:image:width\" content=\"2560\" \/>\n\t<meta property=\"og:image:height\" content=\"1327\" \/>\n\t<meta property=\"og:image:type\" content=\"image\/jpeg\" \/>\n<meta name=\"author\" content=\"Marcin Kalinowski\" \/>\n<meta name=\"twitter:card\" content=\"summary_large_image\" \/>\n<meta name=\"twitter:label1\" content=\"Written by\" \/>\n\t<meta name=\"twitter:data1\" content=\"Marcin Kalinowski\" \/>\n\t<meta name=\"twitter:label2\" content=\"Est. reading time\" \/>\n\t<meta name=\"twitter:data2\" content=\"1 minuta\" \/>\n<script type=\"application\/ld+json\" class=\"yoast-schema-graph\">{\"@context\":\"https:\/\/schema.org\",\"@graph\":[{\"@type\":\"Article\",\"@id\":\"https:\/\/www.mojabochnia.pl\/?p=200508#article\",\"isPartOf\":{\"@id\":\"https:\/\/www.mojabochnia.pl\/?p=200508\"},\"author\":{\"name\":\"Marcin Kalinowski\",\"@id\":\"https:\/\/www.mojabochnia.pl\/#\/schema\/person\/d4c758656c81ae00e6496831fe7b0792\"},\"headline\":\"\u201eZiemia Boche\u0144ska potrzebuje pracowitych ludzi w Sejmie\u201d \u2013 Mariusz Zaj\u0105c na pikniku w Parku Uzbornia\",\"datePublished\":\"2023-10-04T02:34:14+00:00\",\"dateModified\":\"2023-10-04T02:35:59+00:00\",\"mainEntityOfPage\":{\"@id\":\"https:\/\/www.mojabochnia.pl\/?p=200508\"},\"wordCount\":233,\"commentCount\":0,\"publisher\":{\"@id\":\"https:\/\/www.mojabochnia.pl\/#organization\"},\"image\":{\"@id\":\"https:\/\/www.mojabochnia.pl\/?p=200508#primaryimage\"},\"thumbnailUrl\":\"https:\/\/www.mojabochnia.pl\/wp-content\/uploads\/2023\/10\/uzbor-scaled.jpg\",\"keywords\":[\"top temat\"],\"articleSection\":[\"kultura\",\"polityka i wydarzenia\"],\"inLanguage\":\"pl-PL\",\"potentialAction\":[{\"@type\":\"CommentAction\",\"name\":\"Comment\",\"target\":[\"https:\/\/www.mojabochnia.pl\/?p=200508#respond\"]}]},{\"@type\":\"WebPage\",\"@id\":\"https:\/\/www.mojabochnia.pl\/?p=200508\",\"url\":\"https:\/\/www.mojabochnia.pl\/?p=200508\",\"name\":\"\u201eZiemia Boche\u0144ska potrzebuje pracowitych ludzi w Sejmie\u201d \u2013 Mariusz Zaj\u0105c na pikniku w Parku Uzbornia - mojabochnia.pl - portal informacyjny\",\"isPartOf\":{\"@id\":\"https:\/\/www.mojabochnia.pl\/#website\"},\"primaryImageOfPage\":{\"@id\":\"https:\/\/www.mojabochnia.pl\/?p=200508#primaryimage\"},\"image\":{\"@id\":\"https:\/\/www.mojabochnia.pl\/?p=200508#primaryimage\"},\"thumbnailUrl\":\"https:\/\/www.mojabochnia.pl\/wp-content\/uploads\/2023\/10\/uzbor-scaled.jpg\",\"datePublished\":\"2023-10-04T02:34:14+00:00\",\"dateModified\":\"2023-10-04T02:35:59+00:00\",\"breadcrumb\":{\"@id\":\"https:\/\/www.mojabochnia.pl\/?p=200508#breadcrumb\"},\"inLanguage\":\"pl-PL\",\"potentialAction\":[{\"@type\":\"ReadAction\",\"target\":[\"https:\/\/www.mojabochnia.pl\/?p=200508\"]}]},{\"@type\":\"ImageObject\",\"inLanguage\":\"pl-PL\",\"@id\":\"https:\/\/www.mojabochnia.pl\/?p=200508#primaryimage\",\"url\":\"https:\/\/www.mojabochnia.pl\/wp-content\/uploads\/2023\/10\/uzbor-scaled.jpg\",\"contentUrl\":\"https:\/\/www.mojabochnia.pl\/wp-content\/uploads\/2023\/10\/uzbor-scaled.jpg\",\"width\":2560,\"height\":1327},{\"@type\":\"BreadcrumbList\",\"@id\":\"https:\/\/www.mojabochnia.pl\/?p=200508#breadcrumb\",\"itemListElement\":[{\"@type\":\"ListItem\",\"position\":1,\"name\":\"Home\",\"item\":\"https:\/\/www.mojabochnia.pl\/\"},{\"@type\":\"ListItem\",\"position\":2,\"name\":\"\u201eZiemia Boche\u0144ska potrzebuje pracowitych ludzi w Sejmie\u201d \u2013 Mariusz Zaj\u0105c na pikniku w Parku Uzbornia\"}]},{\"@type\":\"WebSite\",\"@id\":\"https:\/\/www.mojabochnia.pl\/#website\",\"url\":\"https:\/\/www.mojabochnia.pl\/\",\"name\":\"mojabochnia.pl - portal informacyjny\",\"description\":\"mojaBochnia to portal informacyjny o Bochni. Codziennie o Bochni piszemy i pokazujemy najwa\u017cniejsze wydarzenia\",\"publisher\":{\"@id\":\"https:\/\/www.mojabochnia.pl\/#organization\"},\"potentialAction\":[{\"@type\":\"SearchAction\",\"target\":{\"@type\":\"EntryPoint\",\"urlTemplate\":\"https:\/\/www.mojabochnia.pl\/?s={search_term_string}\"},\"query-input\":{\"@type\":\"PropertyValueSpecification\",\"valueRequired\":true,\"valueName\":\"search_term_string\"}}],\"inLanguage\":\"pl-PL\"},{\"@type\":\"Organization\",\"@id\":\"https:\/\/www.mojabochnia.pl\/#organization\",\"name\":\"mojabochnia.pl - portal informacyjny\",\"url\":\"https:\/\/www.mojabochnia.pl\/\",\"logo\":{\"@type\":\"ImageObject\",\"inLanguage\":\"pl-PL\",\"@id\":\"https:\/\/www.mojabochnia.pl\/#\/schema\/logo\/image\/\",\"url\":\"https:\/\/www.mojabochnia.pl\/wp-content\/uploads\/2017\/08\/logo-mb-opt.png\",\"contentUrl\":\"https:\/\/www.mojabochnia.pl\/wp-content\/uploads\/2017\/08\/logo-mb-opt.png\",\"width\":250,\"height\":48,\"caption\":\"mojabochnia.pl - portal informacyjny\"},\"image\":{\"@id\":\"https:\/\/www.mojabochnia.pl\/#\/schema\/logo\/image\/\"},\"sameAs\":[\"https:\/\/www.facebook.com\/mojabochnia\"]},{\"@type\":\"Person\",\"@id\":\"https:\/\/www.mojabochnia.pl\/#\/schema\/person\/d4c758656c81ae00e6496831fe7b0792\",\"name\":\"Marcin Kalinowski\",\"url\":\"https:\/\/www.mojabochnia.pl\/?author=29\"}]}<\/script>\n<!-- \/ Yoast SEO plugin. -->","yoast_head_json":{"title":"\u201eZiemia Boche\u0144ska potrzebuje pracowitych ludzi w Sejmie\u201d \u2013 Mariusz Zaj\u0105c na pikniku w Parku Uzbornia - mojabochnia.pl - portal informacyjny","robots":{"index":"index","follow":"follow","max-snippet":"max-snippet:-1","max-image-preview":"max-image-preview:large","max-video-preview":"max-video-preview:-1"},"canonical":"https:\/\/www.mojabochnia.pl\/?p=200508","og_locale":"pl_PL","og_type":"article","og_title":"\u201eZiemia Boche\u0144ska potrzebuje pracowitych ludzi w Sejmie\u201d \u2013 Mariusz Zaj\u0105c na pikniku w Parku Uzbornia - mojabochnia.pl - portal informacyjny","og_description":"W niedzielne popo\u0142udnie w boche\u0144skim parku na Uzborni odby\u0142 si\u0119 piknik organizowany przez kandydata Prawa i Sprawiedliwo\u015bci do Sejmu RP Mariusza Zaj\u0105ca. Sprzyjaj\u0105ca pogoda i atrakcyjna forma wydarzenia przyci\u0105gn\u0119\u0142a rodziny z dzie\u0107mi, spacerowicz\u00f3w oraz potencjalnych wyborc\u00f3w, kt\u00f3rzy wyrazili ch\u0119\u0107 osobistego poznania kandydata na stanowisko pos\u0142a z Ziemi Boche\u0144skiej. &nbsp;&nbsp;&nbsp;&nbsp;&nbsp;&nbsp;&nbsp;&nbsp;&nbsp;&nbsp;&nbsp; Podczas imprezy, ch\u0119tni mieli mo\u017cliwo\u015b\u0107 skorzystania","og_url":"https:\/\/www.mojabochnia.pl\/?p=200508","og_site_name":"mojabochnia.pl - portal informacyjny","article_publisher":"https:\/\/www.facebook.com\/mojabochnia","article_published_time":"2023-10-04T02:34:14+00:00","article_modified_time":"2023-10-04T02:35:59+00:00","og_image":[{"width":2560,"height":1327,"url":"https:\/\/www.mojabochnia.pl\/wp-content\/uploads\/2023\/10\/uzbor-scaled.jpg","type":"image\/jpeg"}],"author":"Marcin Kalinowski","twitter_card":"summary_large_image","twitter_misc":{"Written by":"Marcin Kalinowski","Est. reading time":"1 minuta"},"schema":{"@context":"https:\/\/schema.org","@graph":[{"@type":"Article","@id":"https:\/\/www.mojabochnia.pl\/?p=200508#article","isPartOf":{"@id":"https:\/\/www.mojabochnia.pl\/?p=200508"},"author":{"name":"Marcin Kalinowski","@id":"https:\/\/www.mojabochnia.pl\/#\/schema\/person\/d4c758656c81ae00e6496831fe7b0792"},"headline":"\u201eZiemia Boche\u0144ska potrzebuje pracowitych ludzi w Sejmie\u201d \u2013 Mariusz Zaj\u0105c na pikniku w Parku Uzbornia","datePublished":"2023-10-04T02:34:14+00:00","dateModified":"2023-10-04T02:35:59+00:00","mainEntityOfPage":{"@id":"https:\/\/www.mojabochnia.pl\/?p=200508"},"wordCount":233,"commentCount":0,"publisher":{"@id":"https:\/\/www.mojabochnia.pl\/#organization"},"image":{"@id":"https:\/\/www.mojabochnia.pl\/?p=200508#primaryimage"},"thumbnailUrl":"https:\/\/www.mojabochnia.pl\/wp-content\/uploads\/2023\/10\/uzbor-scaled.jpg","keywords":["top temat"],"articleSection":["kultura","polityka i wydarzenia"],"inLanguage":"pl-PL","potentialAction":[{"@type":"CommentAction","name":"Comment","target":["https:\/\/www.mojabochnia.pl\/?p=200508#respond"]}]},{"@type":"WebPage","@id":"https:\/\/www.mojabochnia.pl\/?p=200508","url":"https:\/\/www.mojabochnia.pl\/?p=200508","name":"\u201eZiemia Boche\u0144ska potrzebuje pracowitych ludzi w Sejmie\u201d \u2013 Mariusz Zaj\u0105c na pikniku w Parku Uzbornia - mojabochnia.pl - portal informacyjny","isPartOf":{"@id":"https:\/\/www.mojabochnia.pl\/#website"},"primaryImageOfPage":{"@id":"https:\/\/www.mojabochnia.pl\/?p=200508#primaryimage"},"image":{"@id":"https:\/\/www.mojabochnia.pl\/?p=200508#primaryimage"},"thumbnailUrl":"https:\/\/www.mojabochnia.pl\/wp-content\/uploads\/2023\/10\/uzbor-scaled.jpg","datePublished":"2023-10-04T02:34:14+00:00","dateModified":"2023-10-04T02:35:59+00:00","breadcrumb":{"@id":"https:\/\/www.mojabochnia.pl\/?p=200508#breadcrumb"},"inLanguage":"pl-PL","potentialAction":[{"@type":"ReadAction","target":["https:\/\/www.mojabochnia.pl\/?p=200508"]}]},{"@type":"ImageObject","inLanguage":"pl-PL","@id":"https:\/\/www.mojabochnia.pl\/?p=200508#primaryimage","url":"https:\/\/www.mojabochnia.pl\/wp-content\/uploads\/2023\/10\/uzbor-scaled.jpg","contentUrl":"https:\/\/www.mojabochnia.pl\/wp-content\/uploads\/2023\/10\/uzbor-scaled.jpg","width":2560,"height":1327},{"@type":"BreadcrumbList","@id":"https:\/\/www.mojabochnia.pl\/?p=200508#breadcrumb","itemListElement":[{"@type":"ListItem","position":1,"name":"Home","item":"https:\/\/www.mojabochnia.pl\/"},{"@type":"ListItem","position":2,"name":"\u201eZiemia Boche\u0144ska potrzebuje pracowitych ludzi w Sejmie\u201d \u2013 Mariusz Zaj\u0105c na pikniku w Parku Uzbornia"}]},{"@type":"WebSite","@id":"https:\/\/www.mojabochnia.pl\/#website","url":"https:\/\/www.mojabochnia.pl\/","name":"mojabochnia.pl - portal informacyjny","description":"mojaBochnia to portal informacyjny o Bochni. Codziennie o Bochni piszemy i pokazujemy najwa\u017cniejsze wydarzenia","publisher":{"@id":"https:\/\/www.mojabochnia.pl\/#organization"},"potentialAction":[{"@type":"SearchAction","target":{"@type":"EntryPoint","urlTemplate":"https:\/\/www.mojabochnia.pl\/?s={search_term_string}"},"query-input":{"@type":"PropertyValueSpecification","valueRequired":true,"valueName":"search_term_string"}}],"inLanguage":"pl-PL"},{"@type":"Organization","@id":"https:\/\/www.mojabochnia.pl\/#organization","name":"mojabochnia.pl - portal informacyjny","url":"https:\/\/www.mojabochnia.pl\/","logo":{"@type":"ImageObject","inLanguage":"pl-PL","@id":"https:\/\/www.mojabochnia.pl\/#\/schema\/logo\/image\/","url":"https:\/\/www.mojabochnia.pl\/wp-content\/uploads\/2017\/08\/logo-mb-opt.png","contentUrl":"https:\/\/www.mojabochnia.pl\/wp-content\/uploads\/2017\/08\/logo-mb-opt.png","width":250,"height":48,"caption":"mojabochnia.pl - portal informacyjny"},"image":{"@id":"https:\/\/www.mojabochnia.pl\/#\/schema\/logo\/image\/"},"sameAs":["https:\/\/www.facebook.com\/mojabochnia"]},{"@type":"Person","@id":"https:\/\/www.mojabochnia.pl\/#\/schema\/person\/d4c758656c81ae00e6496831fe7b0792","name":"Marcin Kalinowski","url":"https:\/\/www.mojabochnia.pl\/?author=29"}]}},"_links":{"self":[{"href":"https:\/\/www.mojabochnia.pl\/index.php?rest_route=\/wp\/v2\/posts\/200508","targetHints":{"allow":["GET"]}}],"collection":[{"href":"https:\/\/www.mojabochnia.pl\/index.php?rest_route=\/wp\/v2\/posts"}],"about":[{"href":"https:\/\/www.mojabochnia.pl\/index.php?rest_route=\/wp\/v2\/types\/post"}],"author":[{"embeddable":true,"href":"https:\/\/www.mojabochnia.pl\/index.php?rest_route=\/wp\/v2\/users\/29"}],"replies":[{"embeddable":true,"href":"https:\/\/www.mojabochnia.pl\/index.php?rest_route=%2Fwp%2Fv2%2Fcomments&post=200508"}],"version-history":[{"count":1,"href":"https:\/\/www.mojabochnia.pl\/index.php?rest_route=\/wp\/v2\/posts\/200508\/revisions"}],"predecessor-version":[{"id":200511,"href":"https:\/\/www.mojabochnia.pl\/index.php?rest_route=\/wp\/v2\/posts\/200508\/revisions\/200511"}],"wp:featuredmedia":[{"embeddable":true,"href":"https:\/\/www.mojabochnia.pl\/index.php?rest_route=\/wp\/v2\/media\/200510"}],"wp:attachment":[{"href":"https:\/\/www.mojabochnia.pl\/index.php?rest_route=%2Fwp%2Fv2%2Fmedia&parent=200508"}],"wp:term":[{"taxonomy":"category","embeddable":true,"href":"https:\/\/www.mojabochnia.pl\/index.php?rest_route=%2Fwp%2Fv2%2Fcategories&post=200508"},{"taxonomy":"post_tag","embeddable":true,"href":"https:\/\/www.mojabochnia.pl\/index.php?rest_route=%2Fwp%2Fv2%2Ftags&post=200508"}],"curies":[{"name":"wp","href":"https:\/\/api.w.org\/{rel}","templated":true}]}}