{"id":200446,"date":"2023-10-02T08:04:03","date_gmt":"2023-10-02T06:04:03","guid":{"rendered":"https:\/\/www.mojabochnia.pl\/?p=200446"},"modified":"2023-10-02T08:04:05","modified_gmt":"2023-10-02T06:04:05","slug":"bochnia-delegacja-prawicy-na-konwencji-pis-w-katowicach","status":"publish","type":"post","link":"https:\/\/www.mojabochnia.pl\/?p=200446","title":{"rendered":"Bochnia. Delegacja prawicy na Konwencji PiS w Katowicach"},"content":{"rendered":"<p>Spora reprezentacja mieszka\u0144c\u00f3w1) powiatu boche\u0144skiego i brzeskiego pojawi\u0142a si\u0119 na dzisiejszej konwencji Prawa i Sprawiedliwo\u015bci w Katowicach. \u2013 Cieszy mnie ta mobilizacja. Bo Polacy, patrioci powinni by\u0107 z nami. Tylko Zjednoczona Prawica gwarantuje bezpieczn\u0105 i sprawiedliw\u0105 Polsk\u0119 \u2013 m\u00f3wi naszej redakcji pose\u0142 J\u00f3zefa Szczurek \u2013 \u017belazko. Jej zdaniem nasz kraj stoi przed ogromnym wyzwaniem. \u2013 Nie ma i nie b\u0119dzie naszej zgody na przymusow\u0105 relokacj\u0119 imigrant\u00f3w. Ci, kt\u00f3rzy zapraszali ich przed kilkoma laty, ci kt\u00f3rzy witali ich na dworcach z kwiatami, s\u0105 odpowiedzialni za kryzys migracyjny w Polsce. Sami nawarzyli tego piwa, sami musz\u0105 go wypi\u0107 \u2013 zapewnia pose\u0142 J\u00f3zefa Szczurek \u2013 \u017belazko.<\/p>\n<p>Podczas Konwencji wyst\u0105pili najwa\u017cniejsi politycy PiS. Prezes partii Jaros\u0142aw Kaczy\u0144ski podkre\u015bla\u0142, jak wielk\u0105 rol\u0119 spe\u0142nia Polska w Europie, \u017ce jest ostoj\u0105 normalno\u015bci. Dlatego \u2013 jego zdaniem \u2013 te wybory s\u0105 tak wa\u017cne. Premier Mateusz Morawiecki m\u00f3wi\u0142, \u017ce teraz decyduj\u0105 si\u0119 losy Polski. Czy b\u0119dzie ona suwerenna czy stanie si\u0119 europejskim czyli niemieckim landem.<\/p>\n","protected":false},"excerpt":{"rendered":"<p>Spora reprezentacja mieszka\u0144c\u00f3w1) powiatu boche\u0144skiego i brzeskiego pojawi\u0142a si\u0119 na dzisiejszej konwencji Prawa i Sprawiedliwo\u015bci w Katowicach. \u2013 Cieszy mnie ta mobilizacja. Bo Polacy, patrioci powinni by\u0107 z nami. Tylko Zjednoczona Prawica gwarantuje bezpieczn\u0105 i sprawiedliw\u0105 Polsk\u0119 \u2013 m\u00f3wi naszej redakcji pose\u0142 J\u00f3zefa Szczurek \u2013 \u017belazko. Jej zdaniem nasz kraj stoi przed ogromnym wyzwaniem. \u2013<\/p>\n","protected":false},"author":29,"featured_media":200448,"comment_status":"open","ping_status":"closed","sticky":false,"template":"","format":"standard","meta":{"_acf_changed":false,"footnotes":""},"categories":[5,6251],"tags":[19720],"class_list":["post-200446","post","type-post","status-publish","format-standard","has-post-thumbnail","hentry","category-biezace-wydarzenia","category-polityka-i-wydarzenia","tag-top-temat"],"acf":[],"yoast_head":"<!-- This site is optimized with the Yoast SEO plugin v26.9 - https:\/\/yoast.com\/product\/yoast-seo-wordpress\/ -->\n<title>Bochnia. Delegacja prawicy na Konwencji PiS w Katowicach - mojabochnia.pl - portal informacyjny<\/title>\n<meta name=\"robots\" content=\"index, follow, max-snippet:-1, max-image-preview:large, max-video-preview:-1\" \/>\n<link rel=\"canonical\" href=\"https:\/\/www.mojabochnia.pl\/?p=200446\" \/>\n<meta property=\"og:locale\" content=\"pl_PL\" \/>\n<meta property=\"og:type\" content=\"article\" \/>\n<meta property=\"og:title\" content=\"Bochnia. Delegacja prawicy na Konwencji PiS w Katowicach - mojabochnia.pl - portal informacyjny\" \/>\n<meta property=\"og:description\" content=\"Spora reprezentacja mieszka\u0144c\u00f3w1) powiatu boche\u0144skiego i brzeskiego pojawi\u0142a si\u0119 na dzisiejszej konwencji Prawa i Sprawiedliwo\u015bci w Katowicach. \u2013 Cieszy mnie ta mobilizacja. Bo Polacy, patrioci powinni by\u0107 z nami. Tylko Zjednoczona Prawica gwarantuje bezpieczn\u0105 i sprawiedliw\u0105 Polsk\u0119 \u2013 m\u00f3wi naszej redakcji pose\u0142 J\u00f3zefa Szczurek \u2013 \u017belazko. Jej zdaniem nasz kraj stoi przed ogromnym wyzwaniem. \u2013\" \/>\n<meta property=\"og:url\" content=\"https:\/\/www.mojabochnia.pl\/?p=200446\" \/>\n<meta property=\"og:site_name\" content=\"mojabochnia.pl - portal informacyjny\" \/>\n<meta property=\"article:publisher\" content=\"https:\/\/www.facebook.com\/mojabochnia\" \/>\n<meta property=\"article:published_time\" content=\"2023-10-02T06:04:03+00:00\" \/>\n<meta property=\"article:modified_time\" content=\"2023-10-02T06:04:05+00:00\" \/>\n<meta property=\"og:image\" content=\"https:\/\/www.mojabochnia.pl\/wp-content\/uploads\/2023\/10\/na-kownecje.jpg\" \/>\n\t<meta property=\"og:image:width\" content=\"2048\" \/>\n\t<meta property=\"og:image:height\" content=\"1536\" \/>\n\t<meta property=\"og:image:type\" content=\"image\/jpeg\" \/>\n<meta name=\"author\" content=\"Marcin Kalinowski\" \/>\n<meta name=\"twitter:card\" content=\"summary_large_image\" \/>\n<meta name=\"twitter:label1\" content=\"Written by\" \/>\n\t<meta name=\"twitter:data1\" content=\"Marcin Kalinowski\" \/>\n\t<meta name=\"twitter:label2\" content=\"Est. reading time\" \/>\n\t<meta name=\"twitter:data2\" content=\"1 minuta\" \/>\n<script type=\"application\/ld+json\" class=\"yoast-schema-graph\">{\"@context\":\"https:\/\/schema.org\",\"@graph\":[{\"@type\":\"Article\",\"@id\":\"https:\/\/www.mojabochnia.pl\/?p=200446#article\",\"isPartOf\":{\"@id\":\"https:\/\/www.mojabochnia.pl\/?p=200446\"},\"author\":{\"name\":\"Marcin Kalinowski\",\"@id\":\"https:\/\/www.mojabochnia.pl\/#\/schema\/person\/d4c758656c81ae00e6496831fe7b0792\"},\"headline\":\"Bochnia. Delegacja prawicy na Konwencji PiS w Katowicach\",\"datePublished\":\"2023-10-02T06:04:03+00:00\",\"dateModified\":\"2023-10-02T06:04:05+00:00\",\"mainEntityOfPage\":{\"@id\":\"https:\/\/www.mojabochnia.pl\/?p=200446\"},\"wordCount\":178,\"commentCount\":0,\"publisher\":{\"@id\":\"https:\/\/www.mojabochnia.pl\/#organization\"},\"image\":{\"@id\":\"https:\/\/www.mojabochnia.pl\/?p=200446#primaryimage\"},\"thumbnailUrl\":\"https:\/\/www.mojabochnia.pl\/wp-content\/uploads\/2023\/10\/na-kownecje.jpg\",\"keywords\":[\"top temat\"],\"articleSection\":[\"2_ostatnie\",\"polityka i wydarzenia\"],\"inLanguage\":\"pl-PL\",\"potentialAction\":[{\"@type\":\"CommentAction\",\"name\":\"Comment\",\"target\":[\"https:\/\/www.mojabochnia.pl\/?p=200446#respond\"]}]},{\"@type\":\"WebPage\",\"@id\":\"https:\/\/www.mojabochnia.pl\/?p=200446\",\"url\":\"https:\/\/www.mojabochnia.pl\/?p=200446\",\"name\":\"Bochnia. Delegacja prawicy na Konwencji PiS w Katowicach - mojabochnia.pl - portal informacyjny\",\"isPartOf\":{\"@id\":\"https:\/\/www.mojabochnia.pl\/#website\"},\"primaryImageOfPage\":{\"@id\":\"https:\/\/www.mojabochnia.pl\/?p=200446#primaryimage\"},\"image\":{\"@id\":\"https:\/\/www.mojabochnia.pl\/?p=200446#primaryimage\"},\"thumbnailUrl\":\"https:\/\/www.mojabochnia.pl\/wp-content\/uploads\/2023\/10\/na-kownecje.jpg\",\"datePublished\":\"2023-10-02T06:04:03+00:00\",\"dateModified\":\"2023-10-02T06:04:05+00:00\",\"breadcrumb\":{\"@id\":\"https:\/\/www.mojabochnia.pl\/?p=200446#breadcrumb\"},\"inLanguage\":\"pl-PL\",\"potentialAction\":[{\"@type\":\"ReadAction\",\"target\":[\"https:\/\/www.mojabochnia.pl\/?p=200446\"]}]},{\"@type\":\"ImageObject\",\"inLanguage\":\"pl-PL\",\"@id\":\"https:\/\/www.mojabochnia.pl\/?p=200446#primaryimage\",\"url\":\"https:\/\/www.mojabochnia.pl\/wp-content\/uploads\/2023\/10\/na-kownecje.jpg\",\"contentUrl\":\"https:\/\/www.mojabochnia.pl\/wp-content\/uploads\/2023\/10\/na-kownecje.jpg\",\"width\":2048,\"height\":1536},{\"@type\":\"BreadcrumbList\",\"@id\":\"https:\/\/www.mojabochnia.pl\/?p=200446#breadcrumb\",\"itemListElement\":[{\"@type\":\"ListItem\",\"position\":1,\"name\":\"Home\",\"item\":\"https:\/\/www.mojabochnia.pl\/\"},{\"@type\":\"ListItem\",\"position\":2,\"name\":\"Bochnia. Delegacja prawicy na Konwencji PiS w Katowicach\"}]},{\"@type\":\"WebSite\",\"@id\":\"https:\/\/www.mojabochnia.pl\/#website\",\"url\":\"https:\/\/www.mojabochnia.pl\/\",\"name\":\"mojabochnia.pl - portal informacyjny\",\"description\":\"mojaBochnia to portal informacyjny o Bochni. Codziennie o Bochni piszemy i pokazujemy najwa\u017cniejsze wydarzenia\",\"publisher\":{\"@id\":\"https:\/\/www.mojabochnia.pl\/#organization\"},\"potentialAction\":[{\"@type\":\"SearchAction\",\"target\":{\"@type\":\"EntryPoint\",\"urlTemplate\":\"https:\/\/www.mojabochnia.pl\/?s={search_term_string}\"},\"query-input\":{\"@type\":\"PropertyValueSpecification\",\"valueRequired\":true,\"valueName\":\"search_term_string\"}}],\"inLanguage\":\"pl-PL\"},{\"@type\":\"Organization\",\"@id\":\"https:\/\/www.mojabochnia.pl\/#organization\",\"name\":\"mojabochnia.pl - portal informacyjny\",\"url\":\"https:\/\/www.mojabochnia.pl\/\",\"logo\":{\"@type\":\"ImageObject\",\"inLanguage\":\"pl-PL\",\"@id\":\"https:\/\/www.mojabochnia.pl\/#\/schema\/logo\/image\/\",\"url\":\"https:\/\/www.mojabochnia.pl\/wp-content\/uploads\/2017\/08\/logo-mb-opt.png\",\"contentUrl\":\"https:\/\/www.mojabochnia.pl\/wp-content\/uploads\/2017\/08\/logo-mb-opt.png\",\"width\":250,\"height\":48,\"caption\":\"mojabochnia.pl - portal informacyjny\"},\"image\":{\"@id\":\"https:\/\/www.mojabochnia.pl\/#\/schema\/logo\/image\/\"},\"sameAs\":[\"https:\/\/www.facebook.com\/mojabochnia\"]},{\"@type\":\"Person\",\"@id\":\"https:\/\/www.mojabochnia.pl\/#\/schema\/person\/d4c758656c81ae00e6496831fe7b0792\",\"name\":\"Marcin Kalinowski\",\"url\":\"https:\/\/www.mojabochnia.pl\/?author=29\"}]}<\/script>\n<!-- \/ Yoast SEO plugin. -->","yoast_head_json":{"title":"Bochnia. Delegacja prawicy na Konwencji PiS w Katowicach - mojabochnia.pl - portal informacyjny","robots":{"index":"index","follow":"follow","max-snippet":"max-snippet:-1","max-image-preview":"max-image-preview:large","max-video-preview":"max-video-preview:-1"},"canonical":"https:\/\/www.mojabochnia.pl\/?p=200446","og_locale":"pl_PL","og_type":"article","og_title":"Bochnia. Delegacja prawicy na Konwencji PiS w Katowicach - mojabochnia.pl - portal informacyjny","og_description":"Spora reprezentacja mieszka\u0144c\u00f3w1) powiatu boche\u0144skiego i brzeskiego pojawi\u0142a si\u0119 na dzisiejszej konwencji Prawa i Sprawiedliwo\u015bci w Katowicach. \u2013 Cieszy mnie ta mobilizacja. Bo Polacy, patrioci powinni by\u0107 z nami. Tylko Zjednoczona Prawica gwarantuje bezpieczn\u0105 i sprawiedliw\u0105 Polsk\u0119 \u2013 m\u00f3wi naszej redakcji pose\u0142 J\u00f3zefa Szczurek \u2013 \u017belazko. Jej zdaniem nasz kraj stoi przed ogromnym wyzwaniem. \u2013","og_url":"https:\/\/www.mojabochnia.pl\/?p=200446","og_site_name":"mojabochnia.pl - portal informacyjny","article_publisher":"https:\/\/www.facebook.com\/mojabochnia","article_published_time":"2023-10-02T06:04:03+00:00","article_modified_time":"2023-10-02T06:04:05+00:00","og_image":[{"width":2048,"height":1536,"url":"https:\/\/www.mojabochnia.pl\/wp-content\/uploads\/2023\/10\/na-kownecje.jpg","type":"image\/jpeg"}],"author":"Marcin Kalinowski","twitter_card":"summary_large_image","twitter_misc":{"Written by":"Marcin Kalinowski","Est. reading time":"1 minuta"},"schema":{"@context":"https:\/\/schema.org","@graph":[{"@type":"Article","@id":"https:\/\/www.mojabochnia.pl\/?p=200446#article","isPartOf":{"@id":"https:\/\/www.mojabochnia.pl\/?p=200446"},"author":{"name":"Marcin Kalinowski","@id":"https:\/\/www.mojabochnia.pl\/#\/schema\/person\/d4c758656c81ae00e6496831fe7b0792"},"headline":"Bochnia. Delegacja prawicy na Konwencji PiS w Katowicach","datePublished":"2023-10-02T06:04:03+00:00","dateModified":"2023-10-02T06:04:05+00:00","mainEntityOfPage":{"@id":"https:\/\/www.mojabochnia.pl\/?p=200446"},"wordCount":178,"commentCount":0,"publisher":{"@id":"https:\/\/www.mojabochnia.pl\/#organization"},"image":{"@id":"https:\/\/www.mojabochnia.pl\/?p=200446#primaryimage"},"thumbnailUrl":"https:\/\/www.mojabochnia.pl\/wp-content\/uploads\/2023\/10\/na-kownecje.jpg","keywords":["top temat"],"articleSection":["2_ostatnie","polityka i wydarzenia"],"inLanguage":"pl-PL","potentialAction":[{"@type":"CommentAction","name":"Comment","target":["https:\/\/www.mojabochnia.pl\/?p=200446#respond"]}]},{"@type":"WebPage","@id":"https:\/\/www.mojabochnia.pl\/?p=200446","url":"https:\/\/www.mojabochnia.pl\/?p=200446","name":"Bochnia. Delegacja prawicy na Konwencji PiS w Katowicach - mojabochnia.pl - portal informacyjny","isPartOf":{"@id":"https:\/\/www.mojabochnia.pl\/#website"},"primaryImageOfPage":{"@id":"https:\/\/www.mojabochnia.pl\/?p=200446#primaryimage"},"image":{"@id":"https:\/\/www.mojabochnia.pl\/?p=200446#primaryimage"},"thumbnailUrl":"https:\/\/www.mojabochnia.pl\/wp-content\/uploads\/2023\/10\/na-kownecje.jpg","datePublished":"2023-10-02T06:04:03+00:00","dateModified":"2023-10-02T06:04:05+00:00","breadcrumb":{"@id":"https:\/\/www.mojabochnia.pl\/?p=200446#breadcrumb"},"inLanguage":"pl-PL","potentialAction":[{"@type":"ReadAction","target":["https:\/\/www.mojabochnia.pl\/?p=200446"]}]},{"@type":"ImageObject","inLanguage":"pl-PL","@id":"https:\/\/www.mojabochnia.pl\/?p=200446#primaryimage","url":"https:\/\/www.mojabochnia.pl\/wp-content\/uploads\/2023\/10\/na-kownecje.jpg","contentUrl":"https:\/\/www.mojabochnia.pl\/wp-content\/uploads\/2023\/10\/na-kownecje.jpg","width":2048,"height":1536},{"@type":"BreadcrumbList","@id":"https:\/\/www.mojabochnia.pl\/?p=200446#breadcrumb","itemListElement":[{"@type":"ListItem","position":1,"name":"Home","item":"https:\/\/www.mojabochnia.pl\/"},{"@type":"ListItem","position":2,"name":"Bochnia. Delegacja prawicy na Konwencji PiS w Katowicach"}]},{"@type":"WebSite","@id":"https:\/\/www.mojabochnia.pl\/#website","url":"https:\/\/www.mojabochnia.pl\/","name":"mojabochnia.pl - portal informacyjny","description":"mojaBochnia to portal informacyjny o Bochni. Codziennie o Bochni piszemy i pokazujemy najwa\u017cniejsze wydarzenia","publisher":{"@id":"https:\/\/www.mojabochnia.pl\/#organization"},"potentialAction":[{"@type":"SearchAction","target":{"@type":"EntryPoint","urlTemplate":"https:\/\/www.mojabochnia.pl\/?s={search_term_string}"},"query-input":{"@type":"PropertyValueSpecification","valueRequired":true,"valueName":"search_term_string"}}],"inLanguage":"pl-PL"},{"@type":"Organization","@id":"https:\/\/www.mojabochnia.pl\/#organization","name":"mojabochnia.pl - portal informacyjny","url":"https:\/\/www.mojabochnia.pl\/","logo":{"@type":"ImageObject","inLanguage":"pl-PL","@id":"https:\/\/www.mojabochnia.pl\/#\/schema\/logo\/image\/","url":"https:\/\/www.mojabochnia.pl\/wp-content\/uploads\/2017\/08\/logo-mb-opt.png","contentUrl":"https:\/\/www.mojabochnia.pl\/wp-content\/uploads\/2017\/08\/logo-mb-opt.png","width":250,"height":48,"caption":"mojabochnia.pl - portal informacyjny"},"image":{"@id":"https:\/\/www.mojabochnia.pl\/#\/schema\/logo\/image\/"},"sameAs":["https:\/\/www.facebook.com\/mojabochnia"]},{"@type":"Person","@id":"https:\/\/www.mojabochnia.pl\/#\/schema\/person\/d4c758656c81ae00e6496831fe7b0792","name":"Marcin Kalinowski","url":"https:\/\/www.mojabochnia.pl\/?author=29"}]}},"_links":{"self":[{"href":"https:\/\/www.mojabochnia.pl\/index.php?rest_route=\/wp\/v2\/posts\/200446","targetHints":{"allow":["GET"]}}],"collection":[{"href":"https:\/\/www.mojabochnia.pl\/index.php?rest_route=\/wp\/v2\/posts"}],"about":[{"href":"https:\/\/www.mojabochnia.pl\/index.php?rest_route=\/wp\/v2\/types\/post"}],"author":[{"embeddable":true,"href":"https:\/\/www.mojabochnia.pl\/index.php?rest_route=\/wp\/v2\/users\/29"}],"replies":[{"embeddable":true,"href":"https:\/\/www.mojabochnia.pl\/index.php?rest_route=%2Fwp%2Fv2%2Fcomments&post=200446"}],"version-history":[{"count":1,"href":"https:\/\/www.mojabochnia.pl\/index.php?rest_route=\/wp\/v2\/posts\/200446\/revisions"}],"predecessor-version":[{"id":200449,"href":"https:\/\/www.mojabochnia.pl\/index.php?rest_route=\/wp\/v2\/posts\/200446\/revisions\/200449"}],"wp:featuredmedia":[{"embeddable":true,"href":"https:\/\/www.mojabochnia.pl\/index.php?rest_route=\/wp\/v2\/media\/200448"}],"wp:attachment":[{"href":"https:\/\/www.mojabochnia.pl\/index.php?rest_route=%2Fwp%2Fv2%2Fmedia&parent=200446"}],"wp:term":[{"taxonomy":"category","embeddable":true,"href":"https:\/\/www.mojabochnia.pl\/index.php?rest_route=%2Fwp%2Fv2%2Fcategories&post=200446"},{"taxonomy":"post_tag","embeddable":true,"href":"https:\/\/www.mojabochnia.pl\/index.php?rest_route=%2Fwp%2Fv2%2Ftags&post=200446"}],"curies":[{"name":"wp","href":"https:\/\/api.w.org\/{rel}","templated":true}]}}