{"id":2004,"date":"2008-10-10T17:14:11","date_gmt":"2008-10-10T15:14:11","guid":{"rendered":"http:\/\/www.mojabochnia.pl\/?p=2004"},"modified":"2008-10-10T13:26:12","modified_gmt":"2008-10-10T11:26:12","slug":"wisnicz-bieg-kmitow-po-raz-siodmy","status":"publish","type":"post","link":"https:\/\/www.mojabochnia.pl\/?p=2004","title":{"rendered":"Wi\u015bnicz: Bieg Kmit\u00f3w po raz si\u00f3dmy"},"content":{"rendered":"<p>Do udzia\u0142u w rywalizacji organizatorzy &#8211; Towarzystwo Mi\u0142o\u015bnik\u00f3w Wi\u015bnicza i Burmistrz Nowego Wi\u015bnicza &#8211; zapraszaj\u0105 doros\u0142ych oraz dzieci i m\u0142odzie\u017c zar\u00f3wno ze szk\u00f3\u0142, podstawowych, gimnazj\u00f3w, jak i szk\u00f3\u0142 \u015brednich. &#8211; <em>Uczestnik\u00f3w czekaj\u0105: du\u017cy wysi\u0142ek sprawno\u015bciowy, dobra zabawa i atrakcyjne nagrody<\/em> \u2013 zapowiadaj\u0105. <\/p>\n<p><img decoding=\"async\" src=\"\/f\/2008\/10\/081010_xx_trasa_biegu_kmitow.jpg\" alt=\"null\" \/><br \/>\nZawodnicy w zale\u017cno\u015bci od wieku maj\u0105 do pokonania tras\u0119 od 600 m do 1600 m. Nad prawid\u0142owo\u015bci\u0105 biegu czuwa Komisja S\u0119dziowska sk\u0142adaj\u0105ca si\u0119 z dziesi\u0119ciu s\u0119dzi\u00f3w. Wi\u0119cej informacji na temat biegu mo\u017cna znale\u017a\u0107 w <a onclick=\"javascript:pageTracker._trackPageview('\/outgoing\/www.nowywisnicz.pl\/index.php?option=com_docman&#038;task=doc_view&#038;gid=54&#038;Itemid=33');\"  href=\"http:\/\/www.nowywisnicz.pl\/index.php?option=com_docman&#038;task=doc_view&#038;gid=54&#038;Itemid=33\">regulaminie<\/a>.<\/p>\n","protected":false},"excerpt":{"rendered":"<p>Ju\u017c jutro w Nowym Wi\u015bniczu odb\u0119dzie si\u0119 VII Bieg Kmit\u00f3w. Zawody rozpoczn\u0105 si\u0119 o godz. 10.00 na wi\u015bnickim rynku. Zobacz jak wygl\u0105da trasa biegu dla poszczeg\u00f3lnych grup wiekowych.<\/p>\n","protected":false},"author":1,"featured_media":0,"comment_status":"open","ping_status":"closed","sticky":false,"template":"","format":"standard","meta":{"_acf_changed":false,"footnotes":""},"categories":[5],"tags":[970,564,17326,17391,17118,17106,17138,971,121,17107],"class_list":["post-2004","post","type-post","status-publish","format-standard","hentry","category-biezace-wydarzenia","tag-bieg-kmitow","tag-czas-wolny","tag-dzieci","tag-mlodziez","tag-wisnicz","tag-sport","tag-stanislaw-gaworczyk","tag-towarzystwo-milosnikow-wisnicza","tag-wypoczynek","tag-zawody"],"acf":[],"yoast_head":"<!-- This site is optimized with the Yoast SEO plugin v26.9 - https:\/\/yoast.com\/product\/yoast-seo-wordpress\/ -->\n<title>Wi\u015bnicz: Bieg Kmit\u00f3w po raz si\u00f3dmy - mojabochnia.pl - portal informacyjny<\/title>\n<meta name=\"robots\" content=\"index, follow, max-snippet:-1, max-image-preview:large, max-video-preview:-1\" \/>\n<link rel=\"canonical\" href=\"https:\/\/www.mojabochnia.pl\/?p=2004\" \/>\n<meta property=\"og:locale\" content=\"pl_PL\" \/>\n<meta property=\"og:type\" content=\"article\" \/>\n<meta property=\"og:title\" content=\"Wi\u015bnicz: Bieg Kmit\u00f3w po raz si\u00f3dmy - mojabochnia.pl - portal informacyjny\" \/>\n<meta property=\"og:description\" content=\"Ju\u017c jutro w Nowym Wi\u015bniczu odb\u0119dzie si\u0119 VII Bieg Kmit\u00f3w. Zawody rozpoczn\u0105 si\u0119 o godz. 10.00 na wi\u015bnickim rynku. Zobacz jak wygl\u0105da trasa biegu dla poszczeg\u00f3lnych grup wiekowych.\" \/>\n<meta property=\"og:url\" content=\"https:\/\/www.mojabochnia.pl\/?p=2004\" \/>\n<meta property=\"og:site_name\" content=\"mojabochnia.pl - portal informacyjny\" \/>\n<meta property=\"article:publisher\" content=\"https:\/\/www.facebook.com\/mojabochnia\" \/>\n<meta property=\"article:published_time\" content=\"2008-10-10T15:14:11+00:00\" \/>\n<meta name=\"author\" content=\"administrator\" \/>\n<meta name=\"twitter:card\" content=\"summary_large_image\" \/>\n<meta name=\"twitter:label1\" content=\"Written by\" \/>\n\t<meta name=\"twitter:data1\" content=\"administrator\" \/>\n\t<meta name=\"twitter:label2\" content=\"Est. reading time\" \/>\n\t<meta name=\"twitter:data2\" content=\"1 minuta\" \/>\n<script type=\"application\/ld+json\" class=\"yoast-schema-graph\">{\"@context\":\"https:\/\/schema.org\",\"@graph\":[{\"@type\":\"Article\",\"@id\":\"https:\/\/www.mojabochnia.pl\/?p=2004#article\",\"isPartOf\":{\"@id\":\"https:\/\/www.mojabochnia.pl\/?p=2004\"},\"author\":{\"name\":\"administrator\",\"@id\":\"https:\/\/www.mojabochnia.pl\/#\/schema\/person\/c00e1f64e6fa0e6de6d410f2c340017f\"},\"headline\":\"Wi\u015bnicz: Bieg Kmit\u00f3w po raz si\u00f3dmy\",\"datePublished\":\"2008-10-10T15:14:11+00:00\",\"mainEntityOfPage\":{\"@id\":\"https:\/\/www.mojabochnia.pl\/?p=2004\"},\"wordCount\":109,\"commentCount\":0,\"publisher\":{\"@id\":\"https:\/\/www.mojabochnia.pl\/#organization\"},\"keywords\":[\"bieg kmit\u00f3w\",\"czas wolny\",\"dzieci\",\"m\u0142odzie\u017c\",\"Nowy Wi\u015bnicz\",\"sport\",\"stanis\u0142aw gaworczyk\",\"towarzystwo mi\u0142o\u015bnik\u00f3w wi\u015bnicza\",\"wypoczynek\",\"zawody\"],\"articleSection\":[\"2_ostatnie\"],\"inLanguage\":\"pl-PL\",\"potentialAction\":[{\"@type\":\"CommentAction\",\"name\":\"Comment\",\"target\":[\"https:\/\/www.mojabochnia.pl\/?p=2004#respond\"]}]},{\"@type\":\"WebPage\",\"@id\":\"https:\/\/www.mojabochnia.pl\/?p=2004\",\"url\":\"https:\/\/www.mojabochnia.pl\/?p=2004\",\"name\":\"Wi\u015bnicz: Bieg Kmit\u00f3w po raz si\u00f3dmy - mojabochnia.pl - portal informacyjny\",\"isPartOf\":{\"@id\":\"https:\/\/www.mojabochnia.pl\/#website\"},\"datePublished\":\"2008-10-10T15:14:11+00:00\",\"breadcrumb\":{\"@id\":\"https:\/\/www.mojabochnia.pl\/?p=2004#breadcrumb\"},\"inLanguage\":\"pl-PL\",\"potentialAction\":[{\"@type\":\"ReadAction\",\"target\":[\"https:\/\/www.mojabochnia.pl\/?p=2004\"]}]},{\"@type\":\"BreadcrumbList\",\"@id\":\"https:\/\/www.mojabochnia.pl\/?p=2004#breadcrumb\",\"itemListElement\":[{\"@type\":\"ListItem\",\"position\":1,\"name\":\"Home\",\"item\":\"https:\/\/www.mojabochnia.pl\/\"},{\"@type\":\"ListItem\",\"position\":2,\"name\":\"Wi\u015bnicz: Bieg Kmit\u00f3w po raz si\u00f3dmy\"}]},{\"@type\":\"WebSite\",\"@id\":\"https:\/\/www.mojabochnia.pl\/#website\",\"url\":\"https:\/\/www.mojabochnia.pl\/\",\"name\":\"mojabochnia.pl - portal informacyjny\",\"description\":\"mojaBochnia to portal informacyjny o Bochni. Codziennie o Bochni piszemy i pokazujemy najwa\u017cniejsze wydarzenia\",\"publisher\":{\"@id\":\"https:\/\/www.mojabochnia.pl\/#organization\"},\"potentialAction\":[{\"@type\":\"SearchAction\",\"target\":{\"@type\":\"EntryPoint\",\"urlTemplate\":\"https:\/\/www.mojabochnia.pl\/?s={search_term_string}\"},\"query-input\":{\"@type\":\"PropertyValueSpecification\",\"valueRequired\":true,\"valueName\":\"search_term_string\"}}],\"inLanguage\":\"pl-PL\"},{\"@type\":\"Organization\",\"@id\":\"https:\/\/www.mojabochnia.pl\/#organization\",\"name\":\"mojabochnia.pl - portal informacyjny\",\"url\":\"https:\/\/www.mojabochnia.pl\/\",\"logo\":{\"@type\":\"ImageObject\",\"inLanguage\":\"pl-PL\",\"@id\":\"https:\/\/www.mojabochnia.pl\/#\/schema\/logo\/image\/\",\"url\":\"https:\/\/www.mojabochnia.pl\/wp-content\/uploads\/2017\/08\/logo-mb-opt.png\",\"contentUrl\":\"https:\/\/www.mojabochnia.pl\/wp-content\/uploads\/2017\/08\/logo-mb-opt.png\",\"width\":250,\"height\":48,\"caption\":\"mojabochnia.pl - portal informacyjny\"},\"image\":{\"@id\":\"https:\/\/www.mojabochnia.pl\/#\/schema\/logo\/image\/\"},\"sameAs\":[\"https:\/\/www.facebook.com\/mojabochnia\"]},{\"@type\":\"Person\",\"@id\":\"https:\/\/www.mojabochnia.pl\/#\/schema\/person\/c00e1f64e6fa0e6de6d410f2c340017f\",\"name\":\"administrator\",\"url\":\"https:\/\/www.mojabochnia.pl\/?author=1\"}]}<\/script>\n<!-- \/ Yoast SEO plugin. -->","yoast_head_json":{"title":"Wi\u015bnicz: Bieg Kmit\u00f3w po raz si\u00f3dmy - mojabochnia.pl - portal informacyjny","robots":{"index":"index","follow":"follow","max-snippet":"max-snippet:-1","max-image-preview":"max-image-preview:large","max-video-preview":"max-video-preview:-1"},"canonical":"https:\/\/www.mojabochnia.pl\/?p=2004","og_locale":"pl_PL","og_type":"article","og_title":"Wi\u015bnicz: Bieg Kmit\u00f3w po raz si\u00f3dmy - mojabochnia.pl - portal informacyjny","og_description":"Ju\u017c jutro w Nowym Wi\u015bniczu odb\u0119dzie si\u0119 VII Bieg Kmit\u00f3w. Zawody rozpoczn\u0105 si\u0119 o godz. 10.00 na wi\u015bnickim rynku. Zobacz jak wygl\u0105da trasa biegu dla poszczeg\u00f3lnych grup wiekowych.","og_url":"https:\/\/www.mojabochnia.pl\/?p=2004","og_site_name":"mojabochnia.pl - portal informacyjny","article_publisher":"https:\/\/www.facebook.com\/mojabochnia","article_published_time":"2008-10-10T15:14:11+00:00","author":"administrator","twitter_card":"summary_large_image","twitter_misc":{"Written by":"administrator","Est. reading time":"1 minuta"},"schema":{"@context":"https:\/\/schema.org","@graph":[{"@type":"Article","@id":"https:\/\/www.mojabochnia.pl\/?p=2004#article","isPartOf":{"@id":"https:\/\/www.mojabochnia.pl\/?p=2004"},"author":{"name":"administrator","@id":"https:\/\/www.mojabochnia.pl\/#\/schema\/person\/c00e1f64e6fa0e6de6d410f2c340017f"},"headline":"Wi\u015bnicz: Bieg Kmit\u00f3w po raz si\u00f3dmy","datePublished":"2008-10-10T15:14:11+00:00","mainEntityOfPage":{"@id":"https:\/\/www.mojabochnia.pl\/?p=2004"},"wordCount":109,"commentCount":0,"publisher":{"@id":"https:\/\/www.mojabochnia.pl\/#organization"},"keywords":["bieg kmit\u00f3w","czas wolny","dzieci","m\u0142odzie\u017c","Nowy Wi\u015bnicz","sport","stanis\u0142aw gaworczyk","towarzystwo mi\u0142o\u015bnik\u00f3w wi\u015bnicza","wypoczynek","zawody"],"articleSection":["2_ostatnie"],"inLanguage":"pl-PL","potentialAction":[{"@type":"CommentAction","name":"Comment","target":["https:\/\/www.mojabochnia.pl\/?p=2004#respond"]}]},{"@type":"WebPage","@id":"https:\/\/www.mojabochnia.pl\/?p=2004","url":"https:\/\/www.mojabochnia.pl\/?p=2004","name":"Wi\u015bnicz: Bieg Kmit\u00f3w po raz si\u00f3dmy - mojabochnia.pl - portal informacyjny","isPartOf":{"@id":"https:\/\/www.mojabochnia.pl\/#website"},"datePublished":"2008-10-10T15:14:11+00:00","breadcrumb":{"@id":"https:\/\/www.mojabochnia.pl\/?p=2004#breadcrumb"},"inLanguage":"pl-PL","potentialAction":[{"@type":"ReadAction","target":["https:\/\/www.mojabochnia.pl\/?p=2004"]}]},{"@type":"BreadcrumbList","@id":"https:\/\/www.mojabochnia.pl\/?p=2004#breadcrumb","itemListElement":[{"@type":"ListItem","position":1,"name":"Home","item":"https:\/\/www.mojabochnia.pl\/"},{"@type":"ListItem","position":2,"name":"Wi\u015bnicz: Bieg Kmit\u00f3w po raz si\u00f3dmy"}]},{"@type":"WebSite","@id":"https:\/\/www.mojabochnia.pl\/#website","url":"https:\/\/www.mojabochnia.pl\/","name":"mojabochnia.pl - portal informacyjny","description":"mojaBochnia to portal informacyjny o Bochni. Codziennie o Bochni piszemy i pokazujemy najwa\u017cniejsze wydarzenia","publisher":{"@id":"https:\/\/www.mojabochnia.pl\/#organization"},"potentialAction":[{"@type":"SearchAction","target":{"@type":"EntryPoint","urlTemplate":"https:\/\/www.mojabochnia.pl\/?s={search_term_string}"},"query-input":{"@type":"PropertyValueSpecification","valueRequired":true,"valueName":"search_term_string"}}],"inLanguage":"pl-PL"},{"@type":"Organization","@id":"https:\/\/www.mojabochnia.pl\/#organization","name":"mojabochnia.pl - portal informacyjny","url":"https:\/\/www.mojabochnia.pl\/","logo":{"@type":"ImageObject","inLanguage":"pl-PL","@id":"https:\/\/www.mojabochnia.pl\/#\/schema\/logo\/image\/","url":"https:\/\/www.mojabochnia.pl\/wp-content\/uploads\/2017\/08\/logo-mb-opt.png","contentUrl":"https:\/\/www.mojabochnia.pl\/wp-content\/uploads\/2017\/08\/logo-mb-opt.png","width":250,"height":48,"caption":"mojabochnia.pl - portal informacyjny"},"image":{"@id":"https:\/\/www.mojabochnia.pl\/#\/schema\/logo\/image\/"},"sameAs":["https:\/\/www.facebook.com\/mojabochnia"]},{"@type":"Person","@id":"https:\/\/www.mojabochnia.pl\/#\/schema\/person\/c00e1f64e6fa0e6de6d410f2c340017f","name":"administrator","url":"https:\/\/www.mojabochnia.pl\/?author=1"}]}},"_links":{"self":[{"href":"https:\/\/www.mojabochnia.pl\/index.php?rest_route=\/wp\/v2\/posts\/2004","targetHints":{"allow":["GET"]}}],"collection":[{"href":"https:\/\/www.mojabochnia.pl\/index.php?rest_route=\/wp\/v2\/posts"}],"about":[{"href":"https:\/\/www.mojabochnia.pl\/index.php?rest_route=\/wp\/v2\/types\/post"}],"author":[{"embeddable":true,"href":"https:\/\/www.mojabochnia.pl\/index.php?rest_route=\/wp\/v2\/users\/1"}],"replies":[{"embeddable":true,"href":"https:\/\/www.mojabochnia.pl\/index.php?rest_route=%2Fwp%2Fv2%2Fcomments&post=2004"}],"version-history":[{"count":0,"href":"https:\/\/www.mojabochnia.pl\/index.php?rest_route=\/wp\/v2\/posts\/2004\/revisions"}],"wp:attachment":[{"href":"https:\/\/www.mojabochnia.pl\/index.php?rest_route=%2Fwp%2Fv2%2Fmedia&parent=2004"}],"wp:term":[{"taxonomy":"category","embeddable":true,"href":"https:\/\/www.mojabochnia.pl\/index.php?rest_route=%2Fwp%2Fv2%2Fcategories&post=2004"},{"taxonomy":"post_tag","embeddable":true,"href":"https:\/\/www.mojabochnia.pl\/index.php?rest_route=%2Fwp%2Fv2%2Ftags&post=2004"}],"curies":[{"name":"wp","href":"https:\/\/api.w.org\/{rel}","templated":true}]}}