{"id":1988,"date":"2008-10-09T15:12:25","date_gmt":"2008-10-09T13:12:25","guid":{"rendered":"http:\/\/www.mojabochnia.pl\/?p=1988"},"modified":"2008-10-09T14:15:36","modified_gmt":"2008-10-09T12:15:36","slug":"%e2%80%9etwarze-jana-pawla-ii%e2%80%9d","status":"publish","type":"post","link":"https:\/\/www.mojabochnia.pl\/?p=1988","title":{"rendered":"\u201eTwarze Jana Paw\u0142a II\u201d"},"content":{"rendered":"<p>Konkurs zostanie rozstrzygni\u0119ty w dniu 17 pa\u017adziernika. Wr\u0119czenie nagr\u00f3d oraz dyplom\u00f3w odb\u0119dzie si\u0119 23 pa\u017adziernika 2008 w Zespole Szk\u00f3\u0142 w Rajbrocie podczas \u015awi\u0119ta Szko\u0142y. Honorowy patronat nad konkursem obj\u0105\u0142 W\u00f3jt Gminy Tadeusz Klimek.<\/p>\n<p>Regulamin konkursu przewiduje, \u017ce ka\u017cdy uczestnik przygotowuje jedna prace w dowolnej technice plastycznej, przedstawiaj\u0105ca portret lub popiersie Jana Paw\u0142a II. W konkursie wezm\u0105 udzia\u0142 te prace, kt\u00f3re do 16 pa\u017adziernika zostan\u0105 z\u0142o\u017cone w Domu Kultury lub Bibliotece Publicznej w Lipnicy Murowanej albo w Rajbrocie. <\/p>\n<p>Praca powinna by\u0107 dok\u0142adnie opisana (podane imi\u0119, nazwisko, kategoria wiekowa, szko\u0142a) oraz nie mo\u017ce by\u0107 mniejsza ni\u017c format A3. <\/p>\n<p>Komisja, kt\u00f3ra zostanie powo\u0142ana przez organizatora, b\u0119dzie ocenia\u0107 prace w dw\u00f3ch kategoriach od 7 do 10 lat oraz od 1do 15 lat. <\/p>\n<p>Po rozstrzygni\u0119ciu konkursu nagrodzone prace zostan\u0105 wystawione w Gminnym Domu Kultury w Lipnicy Murowanej.<\/p>\n","protected":false},"excerpt":{"rendered":"<p>Gminny Dom Kultury oraz Gminna Biblioteka Publiczna w Lipnicy Murowanej zapraszaj\u0105 dzieci i m\u0142odzie\u017c z terenu Gminy Lipnica Murowana do udzia\u0142u w konkursie plastycznym zatytu\u0142owanym &#8221; Twarze Jana Paw\u0142a II &#8222;. Prace mo\u017cna sk\u0142ada\u0107 do 16 pa\u017adziernika.  <\/p>\n","protected":false},"author":1,"featured_media":0,"comment_status":"open","ping_status":"closed","sticky":false,"template":"","format":"standard","meta":{"_acf_changed":false,"footnotes":""},"categories":[5],"tags":[564,281,17122,17125,17158,726,908,17274,506,186],"class_list":["post-1988","post","type-post","status-publish","format-standard","hentry","category-biezace-wydarzenia","tag-czas-wolny","tag-jan-pawel-ii","tag-konkurs","tag-lipnica","tag-malarstwo","tag-obrazy","tag-rada-gminy","tag-sztuka","tag-tadeusz-klimek","tag-zajecia-plastyczne"],"acf":[],"yoast_head":"<!-- This site is optimized with the Yoast SEO plugin v26.9 - https:\/\/yoast.com\/product\/yoast-seo-wordpress\/ -->\n<title>\u201eTwarze Jana Paw\u0142a II\u201d - mojabochnia.pl - portal informacyjny<\/title>\n<meta name=\"robots\" content=\"index, follow, max-snippet:-1, max-image-preview:large, max-video-preview:-1\" \/>\n<link rel=\"canonical\" href=\"https:\/\/www.mojabochnia.pl\/?p=1988\" \/>\n<meta property=\"og:locale\" content=\"pl_PL\" \/>\n<meta property=\"og:type\" content=\"article\" \/>\n<meta property=\"og:title\" content=\"\u201eTwarze Jana Paw\u0142a II\u201d - mojabochnia.pl - portal informacyjny\" \/>\n<meta property=\"og:description\" content=\"Gminny Dom Kultury oraz Gminna Biblioteka Publiczna w Lipnicy Murowanej zapraszaj\u0105 dzieci i m\u0142odzie\u017c z terenu Gminy Lipnica Murowana do udzia\u0142u w konkursie plastycznym zatytu\u0142owanym &quot; Twarze Jana Paw\u0142a II &quot;. Prace mo\u017cna sk\u0142ada\u0107 do 16 pa\u017adziernika.\" \/>\n<meta property=\"og:url\" content=\"https:\/\/www.mojabochnia.pl\/?p=1988\" \/>\n<meta property=\"og:site_name\" content=\"mojabochnia.pl - portal informacyjny\" \/>\n<meta property=\"article:publisher\" content=\"https:\/\/www.facebook.com\/mojabochnia\" \/>\n<meta property=\"article:published_time\" content=\"2008-10-09T13:12:25+00:00\" \/>\n<meta name=\"author\" content=\"administrator\" \/>\n<meta name=\"twitter:card\" content=\"summary_large_image\" \/>\n<meta name=\"twitter:label1\" content=\"Written by\" \/>\n\t<meta name=\"twitter:data1\" content=\"administrator\" \/>\n\t<meta name=\"twitter:label2\" content=\"Est. reading time\" \/>\n\t<meta name=\"twitter:data2\" content=\"1 minuta\" \/>\n<script type=\"application\/ld+json\" class=\"yoast-schema-graph\">{\"@context\":\"https:\/\/schema.org\",\"@graph\":[{\"@type\":\"Article\",\"@id\":\"https:\/\/www.mojabochnia.pl\/?p=1988#article\",\"isPartOf\":{\"@id\":\"https:\/\/www.mojabochnia.pl\/?p=1988\"},\"author\":{\"name\":\"administrator\",\"@id\":\"https:\/\/www.mojabochnia.pl\/#\/schema\/person\/c00e1f64e6fa0e6de6d410f2c340017f\"},\"headline\":\"\u201eTwarze Jana Paw\u0142a II\u201d\",\"datePublished\":\"2008-10-09T13:12:25+00:00\",\"mainEntityOfPage\":{\"@id\":\"https:\/\/www.mojabochnia.pl\/?p=1988\"},\"wordCount\":155,\"commentCount\":0,\"publisher\":{\"@id\":\"https:\/\/www.mojabochnia.pl\/#organization\"},\"keywords\":[\"czas wolny\",\"jan pawe\u0142 II\",\"konkurs\",\"Lipnica Murowana\",\"malarstwo\",\"obrazy\",\"rada gminy\",\"sztuka\",\"tadeusz klimek\",\"zaj\u0119cia plastyczne\"],\"articleSection\":[\"2_ostatnie\"],\"inLanguage\":\"pl-PL\",\"potentialAction\":[{\"@type\":\"CommentAction\",\"name\":\"Comment\",\"target\":[\"https:\/\/www.mojabochnia.pl\/?p=1988#respond\"]}]},{\"@type\":\"WebPage\",\"@id\":\"https:\/\/www.mojabochnia.pl\/?p=1988\",\"url\":\"https:\/\/www.mojabochnia.pl\/?p=1988\",\"name\":\"\u201eTwarze Jana Paw\u0142a II\u201d - mojabochnia.pl - portal informacyjny\",\"isPartOf\":{\"@id\":\"https:\/\/www.mojabochnia.pl\/#website\"},\"datePublished\":\"2008-10-09T13:12:25+00:00\",\"breadcrumb\":{\"@id\":\"https:\/\/www.mojabochnia.pl\/?p=1988#breadcrumb\"},\"inLanguage\":\"pl-PL\",\"potentialAction\":[{\"@type\":\"ReadAction\",\"target\":[\"https:\/\/www.mojabochnia.pl\/?p=1988\"]}]},{\"@type\":\"BreadcrumbList\",\"@id\":\"https:\/\/www.mojabochnia.pl\/?p=1988#breadcrumb\",\"itemListElement\":[{\"@type\":\"ListItem\",\"position\":1,\"name\":\"Home\",\"item\":\"https:\/\/www.mojabochnia.pl\/\"},{\"@type\":\"ListItem\",\"position\":2,\"name\":\"\u201eTwarze Jana Paw\u0142a II\u201d\"}]},{\"@type\":\"WebSite\",\"@id\":\"https:\/\/www.mojabochnia.pl\/#website\",\"url\":\"https:\/\/www.mojabochnia.pl\/\",\"name\":\"mojabochnia.pl - portal informacyjny\",\"description\":\"mojaBochnia to portal informacyjny o Bochni. Codziennie o Bochni piszemy i pokazujemy najwa\u017cniejsze wydarzenia\",\"publisher\":{\"@id\":\"https:\/\/www.mojabochnia.pl\/#organization\"},\"potentialAction\":[{\"@type\":\"SearchAction\",\"target\":{\"@type\":\"EntryPoint\",\"urlTemplate\":\"https:\/\/www.mojabochnia.pl\/?s={search_term_string}\"},\"query-input\":{\"@type\":\"PropertyValueSpecification\",\"valueRequired\":true,\"valueName\":\"search_term_string\"}}],\"inLanguage\":\"pl-PL\"},{\"@type\":\"Organization\",\"@id\":\"https:\/\/www.mojabochnia.pl\/#organization\",\"name\":\"mojabochnia.pl - portal informacyjny\",\"url\":\"https:\/\/www.mojabochnia.pl\/\",\"logo\":{\"@type\":\"ImageObject\",\"inLanguage\":\"pl-PL\",\"@id\":\"https:\/\/www.mojabochnia.pl\/#\/schema\/logo\/image\/\",\"url\":\"https:\/\/www.mojabochnia.pl\/wp-content\/uploads\/2017\/08\/logo-mb-opt.png\",\"contentUrl\":\"https:\/\/www.mojabochnia.pl\/wp-content\/uploads\/2017\/08\/logo-mb-opt.png\",\"width\":250,\"height\":48,\"caption\":\"mojabochnia.pl - portal informacyjny\"},\"image\":{\"@id\":\"https:\/\/www.mojabochnia.pl\/#\/schema\/logo\/image\/\"},\"sameAs\":[\"https:\/\/www.facebook.com\/mojabochnia\"]},{\"@type\":\"Person\",\"@id\":\"https:\/\/www.mojabochnia.pl\/#\/schema\/person\/c00e1f64e6fa0e6de6d410f2c340017f\",\"name\":\"administrator\",\"url\":\"https:\/\/www.mojabochnia.pl\/?author=1\"}]}<\/script>\n<!-- \/ Yoast SEO plugin. -->","yoast_head_json":{"title":"\u201eTwarze Jana Paw\u0142a II\u201d - mojabochnia.pl - portal informacyjny","robots":{"index":"index","follow":"follow","max-snippet":"max-snippet:-1","max-image-preview":"max-image-preview:large","max-video-preview":"max-video-preview:-1"},"canonical":"https:\/\/www.mojabochnia.pl\/?p=1988","og_locale":"pl_PL","og_type":"article","og_title":"\u201eTwarze Jana Paw\u0142a II\u201d - mojabochnia.pl - portal informacyjny","og_description":"Gminny Dom Kultury oraz Gminna Biblioteka Publiczna w Lipnicy Murowanej zapraszaj\u0105 dzieci i m\u0142odzie\u017c z terenu Gminy Lipnica Murowana do udzia\u0142u w konkursie plastycznym zatytu\u0142owanym \" Twarze Jana Paw\u0142a II \". Prace mo\u017cna sk\u0142ada\u0107 do 16 pa\u017adziernika.","og_url":"https:\/\/www.mojabochnia.pl\/?p=1988","og_site_name":"mojabochnia.pl - portal informacyjny","article_publisher":"https:\/\/www.facebook.com\/mojabochnia","article_published_time":"2008-10-09T13:12:25+00:00","author":"administrator","twitter_card":"summary_large_image","twitter_misc":{"Written by":"administrator","Est. reading time":"1 minuta"},"schema":{"@context":"https:\/\/schema.org","@graph":[{"@type":"Article","@id":"https:\/\/www.mojabochnia.pl\/?p=1988#article","isPartOf":{"@id":"https:\/\/www.mojabochnia.pl\/?p=1988"},"author":{"name":"administrator","@id":"https:\/\/www.mojabochnia.pl\/#\/schema\/person\/c00e1f64e6fa0e6de6d410f2c340017f"},"headline":"\u201eTwarze Jana Paw\u0142a II\u201d","datePublished":"2008-10-09T13:12:25+00:00","mainEntityOfPage":{"@id":"https:\/\/www.mojabochnia.pl\/?p=1988"},"wordCount":155,"commentCount":0,"publisher":{"@id":"https:\/\/www.mojabochnia.pl\/#organization"},"keywords":["czas wolny","jan pawe\u0142 II","konkurs","Lipnica Murowana","malarstwo","obrazy","rada gminy","sztuka","tadeusz klimek","zaj\u0119cia plastyczne"],"articleSection":["2_ostatnie"],"inLanguage":"pl-PL","potentialAction":[{"@type":"CommentAction","name":"Comment","target":["https:\/\/www.mojabochnia.pl\/?p=1988#respond"]}]},{"@type":"WebPage","@id":"https:\/\/www.mojabochnia.pl\/?p=1988","url":"https:\/\/www.mojabochnia.pl\/?p=1988","name":"\u201eTwarze Jana Paw\u0142a II\u201d - mojabochnia.pl - portal informacyjny","isPartOf":{"@id":"https:\/\/www.mojabochnia.pl\/#website"},"datePublished":"2008-10-09T13:12:25+00:00","breadcrumb":{"@id":"https:\/\/www.mojabochnia.pl\/?p=1988#breadcrumb"},"inLanguage":"pl-PL","potentialAction":[{"@type":"ReadAction","target":["https:\/\/www.mojabochnia.pl\/?p=1988"]}]},{"@type":"BreadcrumbList","@id":"https:\/\/www.mojabochnia.pl\/?p=1988#breadcrumb","itemListElement":[{"@type":"ListItem","position":1,"name":"Home","item":"https:\/\/www.mojabochnia.pl\/"},{"@type":"ListItem","position":2,"name":"\u201eTwarze Jana Paw\u0142a II\u201d"}]},{"@type":"WebSite","@id":"https:\/\/www.mojabochnia.pl\/#website","url":"https:\/\/www.mojabochnia.pl\/","name":"mojabochnia.pl - portal informacyjny","description":"mojaBochnia to portal informacyjny o Bochni. Codziennie o Bochni piszemy i pokazujemy najwa\u017cniejsze wydarzenia","publisher":{"@id":"https:\/\/www.mojabochnia.pl\/#organization"},"potentialAction":[{"@type":"SearchAction","target":{"@type":"EntryPoint","urlTemplate":"https:\/\/www.mojabochnia.pl\/?s={search_term_string}"},"query-input":{"@type":"PropertyValueSpecification","valueRequired":true,"valueName":"search_term_string"}}],"inLanguage":"pl-PL"},{"@type":"Organization","@id":"https:\/\/www.mojabochnia.pl\/#organization","name":"mojabochnia.pl - portal informacyjny","url":"https:\/\/www.mojabochnia.pl\/","logo":{"@type":"ImageObject","inLanguage":"pl-PL","@id":"https:\/\/www.mojabochnia.pl\/#\/schema\/logo\/image\/","url":"https:\/\/www.mojabochnia.pl\/wp-content\/uploads\/2017\/08\/logo-mb-opt.png","contentUrl":"https:\/\/www.mojabochnia.pl\/wp-content\/uploads\/2017\/08\/logo-mb-opt.png","width":250,"height":48,"caption":"mojabochnia.pl - portal informacyjny"},"image":{"@id":"https:\/\/www.mojabochnia.pl\/#\/schema\/logo\/image\/"},"sameAs":["https:\/\/www.facebook.com\/mojabochnia"]},{"@type":"Person","@id":"https:\/\/www.mojabochnia.pl\/#\/schema\/person\/c00e1f64e6fa0e6de6d410f2c340017f","name":"administrator","url":"https:\/\/www.mojabochnia.pl\/?author=1"}]}},"_links":{"self":[{"href":"https:\/\/www.mojabochnia.pl\/index.php?rest_route=\/wp\/v2\/posts\/1988","targetHints":{"allow":["GET"]}}],"collection":[{"href":"https:\/\/www.mojabochnia.pl\/index.php?rest_route=\/wp\/v2\/posts"}],"about":[{"href":"https:\/\/www.mojabochnia.pl\/index.php?rest_route=\/wp\/v2\/types\/post"}],"author":[{"embeddable":true,"href":"https:\/\/www.mojabochnia.pl\/index.php?rest_route=\/wp\/v2\/users\/1"}],"replies":[{"embeddable":true,"href":"https:\/\/www.mojabochnia.pl\/index.php?rest_route=%2Fwp%2Fv2%2Fcomments&post=1988"}],"version-history":[{"count":0,"href":"https:\/\/www.mojabochnia.pl\/index.php?rest_route=\/wp\/v2\/posts\/1988\/revisions"}],"wp:attachment":[{"href":"https:\/\/www.mojabochnia.pl\/index.php?rest_route=%2Fwp%2Fv2%2Fmedia&parent=1988"}],"wp:term":[{"taxonomy":"category","embeddable":true,"href":"https:\/\/www.mojabochnia.pl\/index.php?rest_route=%2Fwp%2Fv2%2Fcategories&post=1988"},{"taxonomy":"post_tag","embeddable":true,"href":"https:\/\/www.mojabochnia.pl\/index.php?rest_route=%2Fwp%2Fv2%2Ftags&post=1988"}],"curies":[{"name":"wp","href":"https:\/\/api.w.org\/{rel}","templated":true}]}}