{"id":195521,"date":"2022-06-01T15:59:36","date_gmt":"2022-06-01T13:59:36","guid":{"rendered":"https:\/\/www.mojabochnia.pl\/?p=195521"},"modified":"2022-06-01T15:59:36","modified_gmt":"2022-06-01T13:59:36","slug":"gmina-rzezawa-w-niedziele-gminny-dzien-dziecka","status":"publish","type":"post","link":"https:\/\/www.mojabochnia.pl\/?p=195521","title":{"rendered":"Gmina Rzezawa. W niedziel\u0119 Gminny Dzie\u0144 Dziecka"},"content":{"rendered":"<p><strong>W\u00f3jt Gminy Rzezawa &#8211; Mariusz Palej , Gminne Centrum Kultury, Czytelnictwa i Sportu w Rzezawie, Komisja ds. Rozwi\u0105zywania Problem\u00f3w Alkoholowych zapraszaj\u0105 w niedziel\u0119 5 czerwca na VI Gminny Dzie\u0144 Dziecka , kt\u00f3ry odb\u0119dzie si\u0119 na boisku GOSIR w Rzezawie (start godzina 15.00).<\/strong><\/p>\n<p>&nbsp;<\/p>\n<p>W programie wyst\u0119py najm\u0142odszych, rywalizacje sportowe oraz koncerty i wiele atrakcji dla dzieci zupe\u0142nie za darmo m.in. weso\u0142e miasteczko, malowanie twarzy, ba\u0144ki mydlane, animacje. Szczeg\u00f3\u0142y na plakacie.<\/p>\n<p><img loading=\"lazy\" decoding=\"async\" class=\"alignnone size-medium wp-image-195523\" src=\"https:\/\/www.mojabochnia.pl\/wp-content\/uploads\/2022\/06\/dzien-dziecka-05-06-2022-wo-o-468x666.png\" alt=\"\" width=\"468\" height=\"666\" srcset=\"https:\/\/www.mojabochnia.pl\/wp-content\/uploads\/2022\/06\/dzien-dziecka-05-06-2022-wo-o-468x666.png 468w, https:\/\/www.mojabochnia.pl\/wp-content\/uploads\/2022\/06\/dzien-dziecka-05-06-2022-wo-o-120x171.png 120w, https:\/\/www.mojabochnia.pl\/wp-content\/uploads\/2022\/06\/dzien-dziecka-05-06-2022-wo-o-768x1093.png 768w, https:\/\/www.mojabochnia.pl\/wp-content\/uploads\/2022\/06\/dzien-dziecka-05-06-2022-wo-o-1050x1494.png 1050w\" sizes=\"auto, (max-width: 468px) 100vw, 468px\" \/><\/p>\n<p>Zapraszamy!!!<\/p>\n","protected":false},"excerpt":{"rendered":"<p>W\u00f3jt Gminy Rzezawa &#8211; Mariusz Palej , Gminne Centrum Kultury, Czytelnictwa i Sportu w Rzezawie, Komisja ds. Rozwi\u0105zywania Problem\u00f3w Alkoholowych zapraszaj\u0105 w niedziel\u0119 5 czerwca na VI Gminny Dzie\u0144 Dziecka , kt\u00f3ry odb\u0119dzie si\u0119 na boisku GOSIR w Rzezawie (start godzina 15.00). &nbsp; W programie wyst\u0119py najm\u0142odszych, rywalizacje sportowe oraz koncerty i wiele atrakcji dla<\/p>\n","protected":false},"author":29,"featured_media":195523,"comment_status":"open","ping_status":"closed","sticky":false,"template":"","format":"standard","meta":{"_acf_changed":false,"footnotes":""},"categories":[6251,6250],"tags":[17768,16976],"class_list":["post-195521","post","type-post","status-publish","format-standard","has-post-thumbnail","hentry","category-polityka-i-wydarzenia","category-tematyka","tag-gmina-rzezawa","tag-gminny-dzien-dziecka","main_tag-gmina-rzezawa"],"acf":[],"yoast_head":"<!-- This site is optimized with the Yoast SEO plugin v26.9 - https:\/\/yoast.com\/product\/yoast-seo-wordpress\/ -->\n<title>Gmina Rzezawa. W niedziel\u0119 Gminny Dzie\u0144 Dziecka - mojabochnia.pl - portal informacyjny<\/title>\n<meta name=\"robots\" content=\"index, follow, max-snippet:-1, max-image-preview:large, max-video-preview:-1\" \/>\n<link rel=\"canonical\" href=\"https:\/\/www.mojabochnia.pl\/?p=195521\" \/>\n<meta property=\"og:locale\" content=\"pl_PL\" \/>\n<meta property=\"og:type\" content=\"article\" \/>\n<meta property=\"og:title\" content=\"Gmina Rzezawa. W niedziel\u0119 Gminny Dzie\u0144 Dziecka - mojabochnia.pl - portal informacyjny\" \/>\n<meta property=\"og:description\" content=\"W\u00f3jt Gminy Rzezawa &#8211; Mariusz Palej , Gminne Centrum Kultury, Czytelnictwa i Sportu w Rzezawie, Komisja ds. Rozwi\u0105zywania Problem\u00f3w Alkoholowych zapraszaj\u0105 w niedziel\u0119 5 czerwca na VI Gminny Dzie\u0144 Dziecka , kt\u00f3ry odb\u0119dzie si\u0119 na boisku GOSIR w Rzezawie (start godzina 15.00). &nbsp; W programie wyst\u0119py najm\u0142odszych, rywalizacje sportowe oraz koncerty i wiele atrakcji dla\" \/>\n<meta property=\"og:url\" content=\"https:\/\/www.mojabochnia.pl\/?p=195521\" \/>\n<meta property=\"og:site_name\" content=\"mojabochnia.pl - portal informacyjny\" \/>\n<meta property=\"article:publisher\" content=\"https:\/\/www.facebook.com\/mojabochnia\" \/>\n<meta property=\"article:published_time\" content=\"2022-06-01T13:59:36+00:00\" \/>\n<meta property=\"og:image\" content=\"https:\/\/www.mojabochnia.pl\/wp-content\/uploads\/2022\/06\/dzien-dziecka-05-06-2022-wo-o-1050x1494.png\" \/>\n\t<meta property=\"og:image:width\" content=\"1050\" \/>\n\t<meta property=\"og:image:height\" content=\"1494\" \/>\n\t<meta property=\"og:image:type\" content=\"image\/png\" \/>\n<meta name=\"author\" content=\"Marcin Kalinowski\" \/>\n<meta name=\"twitter:card\" content=\"summary_large_image\" \/>\n<meta name=\"twitter:label1\" content=\"Written by\" \/>\n\t<meta name=\"twitter:data1\" content=\"Marcin Kalinowski\" \/>\n<script type=\"application\/ld+json\" class=\"yoast-schema-graph\">{\"@context\":\"https:\/\/schema.org\",\"@graph\":[{\"@type\":\"Article\",\"@id\":\"https:\/\/www.mojabochnia.pl\/?p=195521#article\",\"isPartOf\":{\"@id\":\"https:\/\/www.mojabochnia.pl\/?p=195521\"},\"author\":{\"name\":\"Marcin Kalinowski\",\"@id\":\"https:\/\/www.mojabochnia.pl\/#\/schema\/person\/d4c758656c81ae00e6496831fe7b0792\"},\"headline\":\"Gmina Rzezawa. W niedziel\u0119 Gminny Dzie\u0144 Dziecka\",\"datePublished\":\"2022-06-01T13:59:36+00:00\",\"mainEntityOfPage\":{\"@id\":\"https:\/\/www.mojabochnia.pl\/?p=195521\"},\"wordCount\":86,\"commentCount\":0,\"publisher\":{\"@id\":\"https:\/\/www.mojabochnia.pl\/#organization\"},\"image\":{\"@id\":\"https:\/\/www.mojabochnia.pl\/?p=195521#primaryimage\"},\"thumbnailUrl\":\"https:\/\/www.mojabochnia.pl\/wp-content\/uploads\/2022\/06\/dzien-dziecka-05-06-2022-wo-o.png\",\"keywords\":[\"gmina rzezawa\",\"gminny dzie\u0144 dziecka\"],\"articleSection\":[\"polityka i wydarzenia\",\"tematyka\"],\"inLanguage\":\"pl-PL\",\"potentialAction\":[{\"@type\":\"CommentAction\",\"name\":\"Comment\",\"target\":[\"https:\/\/www.mojabochnia.pl\/?p=195521#respond\"]}]},{\"@type\":\"WebPage\",\"@id\":\"https:\/\/www.mojabochnia.pl\/?p=195521\",\"url\":\"https:\/\/www.mojabochnia.pl\/?p=195521\",\"name\":\"Gmina Rzezawa. W niedziel\u0119 Gminny Dzie\u0144 Dziecka - mojabochnia.pl - portal informacyjny\",\"isPartOf\":{\"@id\":\"https:\/\/www.mojabochnia.pl\/#website\"},\"primaryImageOfPage\":{\"@id\":\"https:\/\/www.mojabochnia.pl\/?p=195521#primaryimage\"},\"image\":{\"@id\":\"https:\/\/www.mojabochnia.pl\/?p=195521#primaryimage\"},\"thumbnailUrl\":\"https:\/\/www.mojabochnia.pl\/wp-content\/uploads\/2022\/06\/dzien-dziecka-05-06-2022-wo-o.png\",\"datePublished\":\"2022-06-01T13:59:36+00:00\",\"breadcrumb\":{\"@id\":\"https:\/\/www.mojabochnia.pl\/?p=195521#breadcrumb\"},\"inLanguage\":\"pl-PL\",\"potentialAction\":[{\"@type\":\"ReadAction\",\"target\":[\"https:\/\/www.mojabochnia.pl\/?p=195521\"]}]},{\"@type\":\"ImageObject\",\"inLanguage\":\"pl-PL\",\"@id\":\"https:\/\/www.mojabochnia.pl\/?p=195521#primaryimage\",\"url\":\"https:\/\/www.mojabochnia.pl\/wp-content\/uploads\/2022\/06\/dzien-dziecka-05-06-2022-wo-o.png\",\"contentUrl\":\"https:\/\/www.mojabochnia.pl\/wp-content\/uploads\/2022\/06\/dzien-dziecka-05-06-2022-wo-o.png\",\"width\":2482,\"height\":3532},{\"@type\":\"BreadcrumbList\",\"@id\":\"https:\/\/www.mojabochnia.pl\/?p=195521#breadcrumb\",\"itemListElement\":[{\"@type\":\"ListItem\",\"position\":1,\"name\":\"Home\",\"item\":\"https:\/\/www.mojabochnia.pl\/\"},{\"@type\":\"ListItem\",\"position\":2,\"name\":\"Gmina Rzezawa. W niedziel\u0119 Gminny Dzie\u0144 Dziecka\"}]},{\"@type\":\"WebSite\",\"@id\":\"https:\/\/www.mojabochnia.pl\/#website\",\"url\":\"https:\/\/www.mojabochnia.pl\/\",\"name\":\"mojabochnia.pl - portal informacyjny\",\"description\":\"mojaBochnia to portal informacyjny o Bochni. Codziennie o Bochni piszemy i pokazujemy najwa\u017cniejsze wydarzenia\",\"publisher\":{\"@id\":\"https:\/\/www.mojabochnia.pl\/#organization\"},\"potentialAction\":[{\"@type\":\"SearchAction\",\"target\":{\"@type\":\"EntryPoint\",\"urlTemplate\":\"https:\/\/www.mojabochnia.pl\/?s={search_term_string}\"},\"query-input\":{\"@type\":\"PropertyValueSpecification\",\"valueRequired\":true,\"valueName\":\"search_term_string\"}}],\"inLanguage\":\"pl-PL\"},{\"@type\":\"Organization\",\"@id\":\"https:\/\/www.mojabochnia.pl\/#organization\",\"name\":\"mojabochnia.pl - portal informacyjny\",\"url\":\"https:\/\/www.mojabochnia.pl\/\",\"logo\":{\"@type\":\"ImageObject\",\"inLanguage\":\"pl-PL\",\"@id\":\"https:\/\/www.mojabochnia.pl\/#\/schema\/logo\/image\/\",\"url\":\"https:\/\/www.mojabochnia.pl\/wp-content\/uploads\/2017\/08\/logo-mb-opt.png\",\"contentUrl\":\"https:\/\/www.mojabochnia.pl\/wp-content\/uploads\/2017\/08\/logo-mb-opt.png\",\"width\":250,\"height\":48,\"caption\":\"mojabochnia.pl - portal informacyjny\"},\"image\":{\"@id\":\"https:\/\/www.mojabochnia.pl\/#\/schema\/logo\/image\/\"},\"sameAs\":[\"https:\/\/www.facebook.com\/mojabochnia\"]},{\"@type\":\"Person\",\"@id\":\"https:\/\/www.mojabochnia.pl\/#\/schema\/person\/d4c758656c81ae00e6496831fe7b0792\",\"name\":\"Marcin Kalinowski\",\"url\":\"https:\/\/www.mojabochnia.pl\/?author=29\"}]}<\/script>\n<!-- \/ Yoast SEO plugin. -->","yoast_head_json":{"title":"Gmina Rzezawa. W niedziel\u0119 Gminny Dzie\u0144 Dziecka - mojabochnia.pl - portal informacyjny","robots":{"index":"index","follow":"follow","max-snippet":"max-snippet:-1","max-image-preview":"max-image-preview:large","max-video-preview":"max-video-preview:-1"},"canonical":"https:\/\/www.mojabochnia.pl\/?p=195521","og_locale":"pl_PL","og_type":"article","og_title":"Gmina Rzezawa. W niedziel\u0119 Gminny Dzie\u0144 Dziecka - mojabochnia.pl - portal informacyjny","og_description":"W\u00f3jt Gminy Rzezawa &#8211; Mariusz Palej , Gminne Centrum Kultury, Czytelnictwa i Sportu w Rzezawie, Komisja ds. Rozwi\u0105zywania Problem\u00f3w Alkoholowych zapraszaj\u0105 w niedziel\u0119 5 czerwca na VI Gminny Dzie\u0144 Dziecka , kt\u00f3ry odb\u0119dzie si\u0119 na boisku GOSIR w Rzezawie (start godzina 15.00). &nbsp; W programie wyst\u0119py najm\u0142odszych, rywalizacje sportowe oraz koncerty i wiele atrakcji dla","og_url":"https:\/\/www.mojabochnia.pl\/?p=195521","og_site_name":"mojabochnia.pl - portal informacyjny","article_publisher":"https:\/\/www.facebook.com\/mojabochnia","article_published_time":"2022-06-01T13:59:36+00:00","og_image":[{"width":1050,"height":1494,"url":"https:\/\/www.mojabochnia.pl\/wp-content\/uploads\/2022\/06\/dzien-dziecka-05-06-2022-wo-o-1050x1494.png","type":"image\/png"}],"author":"Marcin Kalinowski","twitter_card":"summary_large_image","twitter_misc":{"Written by":"Marcin Kalinowski"},"schema":{"@context":"https:\/\/schema.org","@graph":[{"@type":"Article","@id":"https:\/\/www.mojabochnia.pl\/?p=195521#article","isPartOf":{"@id":"https:\/\/www.mojabochnia.pl\/?p=195521"},"author":{"name":"Marcin Kalinowski","@id":"https:\/\/www.mojabochnia.pl\/#\/schema\/person\/d4c758656c81ae00e6496831fe7b0792"},"headline":"Gmina Rzezawa. W niedziel\u0119 Gminny Dzie\u0144 Dziecka","datePublished":"2022-06-01T13:59:36+00:00","mainEntityOfPage":{"@id":"https:\/\/www.mojabochnia.pl\/?p=195521"},"wordCount":86,"commentCount":0,"publisher":{"@id":"https:\/\/www.mojabochnia.pl\/#organization"},"image":{"@id":"https:\/\/www.mojabochnia.pl\/?p=195521#primaryimage"},"thumbnailUrl":"https:\/\/www.mojabochnia.pl\/wp-content\/uploads\/2022\/06\/dzien-dziecka-05-06-2022-wo-o.png","keywords":["gmina rzezawa","gminny dzie\u0144 dziecka"],"articleSection":["polityka i wydarzenia","tematyka"],"inLanguage":"pl-PL","potentialAction":[{"@type":"CommentAction","name":"Comment","target":["https:\/\/www.mojabochnia.pl\/?p=195521#respond"]}]},{"@type":"WebPage","@id":"https:\/\/www.mojabochnia.pl\/?p=195521","url":"https:\/\/www.mojabochnia.pl\/?p=195521","name":"Gmina Rzezawa. W niedziel\u0119 Gminny Dzie\u0144 Dziecka - mojabochnia.pl - portal informacyjny","isPartOf":{"@id":"https:\/\/www.mojabochnia.pl\/#website"},"primaryImageOfPage":{"@id":"https:\/\/www.mojabochnia.pl\/?p=195521#primaryimage"},"image":{"@id":"https:\/\/www.mojabochnia.pl\/?p=195521#primaryimage"},"thumbnailUrl":"https:\/\/www.mojabochnia.pl\/wp-content\/uploads\/2022\/06\/dzien-dziecka-05-06-2022-wo-o.png","datePublished":"2022-06-01T13:59:36+00:00","breadcrumb":{"@id":"https:\/\/www.mojabochnia.pl\/?p=195521#breadcrumb"},"inLanguage":"pl-PL","potentialAction":[{"@type":"ReadAction","target":["https:\/\/www.mojabochnia.pl\/?p=195521"]}]},{"@type":"ImageObject","inLanguage":"pl-PL","@id":"https:\/\/www.mojabochnia.pl\/?p=195521#primaryimage","url":"https:\/\/www.mojabochnia.pl\/wp-content\/uploads\/2022\/06\/dzien-dziecka-05-06-2022-wo-o.png","contentUrl":"https:\/\/www.mojabochnia.pl\/wp-content\/uploads\/2022\/06\/dzien-dziecka-05-06-2022-wo-o.png","width":2482,"height":3532},{"@type":"BreadcrumbList","@id":"https:\/\/www.mojabochnia.pl\/?p=195521#breadcrumb","itemListElement":[{"@type":"ListItem","position":1,"name":"Home","item":"https:\/\/www.mojabochnia.pl\/"},{"@type":"ListItem","position":2,"name":"Gmina Rzezawa. W niedziel\u0119 Gminny Dzie\u0144 Dziecka"}]},{"@type":"WebSite","@id":"https:\/\/www.mojabochnia.pl\/#website","url":"https:\/\/www.mojabochnia.pl\/","name":"mojabochnia.pl - portal informacyjny","description":"mojaBochnia to portal informacyjny o Bochni. Codziennie o Bochni piszemy i pokazujemy najwa\u017cniejsze wydarzenia","publisher":{"@id":"https:\/\/www.mojabochnia.pl\/#organization"},"potentialAction":[{"@type":"SearchAction","target":{"@type":"EntryPoint","urlTemplate":"https:\/\/www.mojabochnia.pl\/?s={search_term_string}"},"query-input":{"@type":"PropertyValueSpecification","valueRequired":true,"valueName":"search_term_string"}}],"inLanguage":"pl-PL"},{"@type":"Organization","@id":"https:\/\/www.mojabochnia.pl\/#organization","name":"mojabochnia.pl - portal informacyjny","url":"https:\/\/www.mojabochnia.pl\/","logo":{"@type":"ImageObject","inLanguage":"pl-PL","@id":"https:\/\/www.mojabochnia.pl\/#\/schema\/logo\/image\/","url":"https:\/\/www.mojabochnia.pl\/wp-content\/uploads\/2017\/08\/logo-mb-opt.png","contentUrl":"https:\/\/www.mojabochnia.pl\/wp-content\/uploads\/2017\/08\/logo-mb-opt.png","width":250,"height":48,"caption":"mojabochnia.pl - portal informacyjny"},"image":{"@id":"https:\/\/www.mojabochnia.pl\/#\/schema\/logo\/image\/"},"sameAs":["https:\/\/www.facebook.com\/mojabochnia"]},{"@type":"Person","@id":"https:\/\/www.mojabochnia.pl\/#\/schema\/person\/d4c758656c81ae00e6496831fe7b0792","name":"Marcin Kalinowski","url":"https:\/\/www.mojabochnia.pl\/?author=29"}]}},"_links":{"self":[{"href":"https:\/\/www.mojabochnia.pl\/index.php?rest_route=\/wp\/v2\/posts\/195521","targetHints":{"allow":["GET"]}}],"collection":[{"href":"https:\/\/www.mojabochnia.pl\/index.php?rest_route=\/wp\/v2\/posts"}],"about":[{"href":"https:\/\/www.mojabochnia.pl\/index.php?rest_route=\/wp\/v2\/types\/post"}],"author":[{"embeddable":true,"href":"https:\/\/www.mojabochnia.pl\/index.php?rest_route=\/wp\/v2\/users\/29"}],"replies":[{"embeddable":true,"href":"https:\/\/www.mojabochnia.pl\/index.php?rest_route=%2Fwp%2Fv2%2Fcomments&post=195521"}],"version-history":[{"count":1,"href":"https:\/\/www.mojabochnia.pl\/index.php?rest_route=\/wp\/v2\/posts\/195521\/revisions"}],"predecessor-version":[{"id":195524,"href":"https:\/\/www.mojabochnia.pl\/index.php?rest_route=\/wp\/v2\/posts\/195521\/revisions\/195524"}],"wp:featuredmedia":[{"embeddable":true,"href":"https:\/\/www.mojabochnia.pl\/index.php?rest_route=\/wp\/v2\/media\/195523"}],"wp:attachment":[{"href":"https:\/\/www.mojabochnia.pl\/index.php?rest_route=%2Fwp%2Fv2%2Fmedia&parent=195521"}],"wp:term":[{"taxonomy":"category","embeddable":true,"href":"https:\/\/www.mojabochnia.pl\/index.php?rest_route=%2Fwp%2Fv2%2Fcategories&post=195521"},{"taxonomy":"post_tag","embeddable":true,"href":"https:\/\/www.mojabochnia.pl\/index.php?rest_route=%2Fwp%2Fv2%2Ftags&post=195521"}],"curies":[{"name":"wp","href":"https:\/\/api.w.org\/{rel}","templated":true}]}}