{"id":194503,"date":"2022-03-10T16:26:05","date_gmt":"2022-03-10T15:26:05","guid":{"rendered":"https:\/\/www.mojabochnia.pl\/?p=194503"},"modified":"2022-03-10T16:26:05","modified_gmt":"2022-03-10T15:26:05","slug":"poradnik-na-czas-wojny-od-poradni-psychologiczno-pedagogicznej-w-bochni","status":"publish","type":"post","link":"https:\/\/www.mojabochnia.pl\/?p=194503","title":{"rendered":"Poradnik na czas wojny od Poradni Psychologiczno &#8211; Pedagogicznej w Bochni"},"content":{"rendered":"<p class=\"v1MsoNormal\" style=\"text-align: justify;\"><strong>Wojna w Ukrainie martwi nas wszystkich. Wsp\u00f3\u0142czujemy i pomagamy uciekinierom z ogarni\u0119tego wojn\u0105 kraju. Boimy si\u0119 o nasza przysz\u0142o\u015b\u0107. Nie mamy wp\u0142ywu na rzeczywisto\u015b\u0107, ale mamy wp\u0142yw na to jak si\u0119 w tej rzeczywisto\u015bci odnajdziemy. Aby w tym pom\u00f3c specjali\u015bci z Poradni Psychologiczno \u2013 Pedagogicznej w Bochni przygotowali specjalny poradnik, kt\u00f3ry podpowie jak stawi\u0107 czo\u0142o tej trudnej codzienno\u015bci.<\/strong><\/p>\n<p class=\"v1MsoNormal\" style=\"text-align: justify;\">\n<p class=\"v1MsoNormal\" style=\"text-align: justify;\">Broszura zawiera podstawowe informacje dotycz\u0105ce udzielania pomocy uchod\u017acom. Znajduj\u0105 si\u0119 tam r\u00f3wnie\u017c informacje jak samemu si\u0119 oswoi\u0107 z sytuacj\u0105 oraz jak rozmawia\u0107 z dzie\u0107mi o wojnie. W informatorze znalaz\u0142 si\u0119 tak\u017ce witaj\u0105cy w Polsce, list do Ukrai\u0144skich matek przet\u0142umaczony na j\u0119zyk ukrai\u0144ski.<\/p>\n<p><img loading=\"lazy\" decoding=\"async\" class=\"alignnone size-medium wp-image-194506\" src=\"https:\/\/www.mojabochnia.pl\/wp-content\/uploads\/2022\/03\/Serce_i_rozum_Strona_04-468x656.jpg\" alt=\"\" width=\"468\" height=\"656\" srcset=\"https:\/\/www.mojabochnia.pl\/wp-content\/uploads\/2022\/03\/Serce_i_rozum_Strona_04-468x656.jpg 468w, https:\/\/www.mojabochnia.pl\/wp-content\/uploads\/2022\/03\/Serce_i_rozum_Strona_04-120x168.jpg 120w, https:\/\/www.mojabochnia.pl\/wp-content\/uploads\/2022\/03\/Serce_i_rozum_Strona_04-768x1076.jpg 768w, https:\/\/www.mojabochnia.pl\/wp-content\/uploads\/2022\/03\/Serce_i_rozum_Strona_04-1050x1471.jpg 1050w, https:\/\/www.mojabochnia.pl\/wp-content\/uploads\/2022\/03\/Serce_i_rozum_Strona_04.jpg 1759w\" sizes=\"auto, (max-width: 468px) 100vw, 468px\" \/><\/p>\n<p><img loading=\"lazy\" decoding=\"async\" class=\"alignnone size-medium wp-image-194505\" src=\"https:\/\/www.mojabochnia.pl\/wp-content\/uploads\/2022\/03\/Serce_i_rozum_Strona_12-468x656.jpg\" alt=\"\" width=\"468\" height=\"656\" srcset=\"https:\/\/www.mojabochnia.pl\/wp-content\/uploads\/2022\/03\/Serce_i_rozum_Strona_12-468x656.jpg 468w, https:\/\/www.mojabochnia.pl\/wp-content\/uploads\/2022\/03\/Serce_i_rozum_Strona_12-120x168.jpg 120w, https:\/\/www.mojabochnia.pl\/wp-content\/uploads\/2022\/03\/Serce_i_rozum_Strona_12-768x1076.jpg 768w, https:\/\/www.mojabochnia.pl\/wp-content\/uploads\/2022\/03\/Serce_i_rozum_Strona_12-1050x1472.jpg 1050w, https:\/\/www.mojabochnia.pl\/wp-content\/uploads\/2022\/03\/Serce_i_rozum_Strona_12.jpg 1213w\" sizes=\"auto, (max-width: 468px) 100vw, 468px\" \/><\/p>\n<p class=\"v1MsoNormal\" style=\"text-align: justify;\"><i>W tym niezwykle trudnym czasie mieszka\u0144cy Powiatu Boche\u0144skiego pokazuj\u0105 ogromne serce i dzia\u0142anie w imi\u0119 wsp\u00f3lnego celu, kt\u00f3rym jest dzia\u0142a\u0107 i pomaga\u0107. Wojna w Ukrainie Nas zjednoczy\u0142a. Ka\u017cdy chce pom\u00f3c. Niestety niedaleko nas na miasta i wsie spadaj\u0105 bomby, a ludzie musz\u0105 ucieka\u0107 z w\u0142asnych dom\u00f3w. Jednocze\u015bnie wzr\u00f3s\u0142 niepok\u00f3j w\u015br\u00f3d nas o przysz\u0142o\u015b\u0107 nasz\u0105 i naszych dzieci. W tym wyj\u0105tkowym czasie, chcieliby\u015bmy zwr\u00f3ci\u0107 Pa\u0144stwa uwag\u0119 na to, co wa\u017cne &#8211; dbanie o siebie, swoich bliskich oraz wzmacnianie zasob\u00f3w umo\u017cliwiaj\u0105cych dalsze niesienie pomocy tym, kt\u00f3rzy teraz najbardziej jej potrzebuj\u0105<\/i>\u00a0\u2013 m\u00f3wi Starosta Boche\u0144ski Adam Korta.<\/p>\n<p class=\"v1MsoNormal\">\n<p>Serce i rozum do pobrania <a onclick=\"javascript:pageTracker._trackPageview('\/downloads\/wp-content\/uploads\/2022\/03\/Serce_i_rozum.pdf');\"  href=\"https:\/\/www.mojabochnia.pl\/wp-content\/uploads\/2022\/03\/Serce_i_rozum.pdf\"><strong>TUTAJ<\/strong><\/a><\/p>\n\t  \r\n\t\r\n\t    <div class=\"mb-gallery\">\r\n\t    <a href=\"https:\/\/www.mojabochnia.pl\/?attachment_id=194505\" class=\"\"><img loading=\"lazy\" decoding=\"async\" width=\"100\" height=\"100\" src=\"https:\/\/www.mojabochnia.pl\/wp-content\/uploads\/2022\/03\/Serce_i_rozum_Strona_12-100x100.jpg\" class=\"attachment-100x100 size-100x100\" alt=\"\" \/><\/a><a href=\"https:\/\/www.mojabochnia.pl\/?attachment_id=194506\" class=\"\"><img loading=\"lazy\" decoding=\"async\" width=\"100\" height=\"100\" src=\"https:\/\/www.mojabochnia.pl\/wp-content\/uploads\/2022\/03\/Serce_i_rozum_Strona_04-100x100.jpg\" class=\"attachment-100x100 size-100x100\" alt=\"\" \/><\/a><a href=\"https:\/\/www.mojabochnia.pl\/?attachment_id=194507\" class=\"\"><img loading=\"lazy\" decoding=\"async\" width=\"100\" height=\"100\" src=\"https:\/\/www.mojabochnia.pl\/wp-content\/uploads\/2022\/03\/serce-i-rozum-okl-100x100.png\" class=\"attachment-100x100 size-100x100\" alt=\"\" \/><\/a>\t    <\/div>\r\n\t    ","protected":false},"excerpt":{"rendered":"<p>Wojna w Ukrainie martwi nas wszystkich. Wsp\u00f3\u0142czujemy i pomagamy uciekinierom z ogarni\u0119tego wojn\u0105 kraju. Boimy si\u0119 o nasza przysz\u0142o\u015b\u0107. Nie mamy wp\u0142ywu na rzeczywisto\u015b\u0107, ale mamy wp\u0142yw na to jak si\u0119 w tej rzeczywisto\u015bci odnajdziemy. Aby w tym pom\u00f3c specjali\u015bci z Poradni Psychologiczno \u2013 Pedagogicznej w Bochni przygotowali specjalny poradnik, kt\u00f3ry podpowie jak stawi\u0107 czo\u0142o<\/p>\n","protected":false},"author":29,"featured_media":194507,"comment_status":"open","ping_status":"closed","sticky":false,"template":"","format":"standard","meta":{"_acf_changed":false,"footnotes":""},"categories":[6251,6250],"tags":[17884,21306,17127,19720,17916,21307],"class_list":["post-194503","post","type-post","status-publish","format-standard","has-post-thumbnail","hentry","category-polityka-i-wydarzenia","category-tematyka","tag-adam-korta","tag-poradnia-psychologiczno-pedagogicznej-w-bochni","tag-powiat-bochenski","tag-top-temat","tag-wojna","tag-wojna-w-ukrainie","main_tag-powiat-bochenski"],"acf":[],"yoast_head":"<!-- This site is optimized with the Yoast SEO plugin v26.9 - https:\/\/yoast.com\/product\/yoast-seo-wordpress\/ -->\n<title>Poradnik na czas wojny od Poradni Psychologiczno - Pedagogicznej w Bochni - mojabochnia.pl - portal informacyjny<\/title>\n<meta name=\"robots\" content=\"index, follow, max-snippet:-1, max-image-preview:large, max-video-preview:-1\" \/>\n<link rel=\"canonical\" href=\"https:\/\/www.mojabochnia.pl\/?p=194503\" \/>\n<meta property=\"og:locale\" content=\"pl_PL\" \/>\n<meta property=\"og:type\" content=\"article\" \/>\n<meta property=\"og:title\" content=\"Poradnik na czas wojny od Poradni Psychologiczno - Pedagogicznej w Bochni - mojabochnia.pl - portal informacyjny\" \/>\n<meta property=\"og:description\" content=\"Wojna w Ukrainie martwi nas wszystkich. Wsp\u00f3\u0142czujemy i pomagamy uciekinierom z ogarni\u0119tego wojn\u0105 kraju. Boimy si\u0119 o nasza przysz\u0142o\u015b\u0107. Nie mamy wp\u0142ywu na rzeczywisto\u015b\u0107, ale mamy wp\u0142yw na to jak si\u0119 w tej rzeczywisto\u015bci odnajdziemy. Aby w tym pom\u00f3c specjali\u015bci z Poradni Psychologiczno \u2013 Pedagogicznej w Bochni przygotowali specjalny poradnik, kt\u00f3ry podpowie jak stawi\u0107 czo\u0142o\" \/>\n<meta property=\"og:url\" content=\"https:\/\/www.mojabochnia.pl\/?p=194503\" \/>\n<meta property=\"og:site_name\" content=\"mojabochnia.pl - portal informacyjny\" \/>\n<meta property=\"article:publisher\" content=\"https:\/\/www.facebook.com\/mojabochnia\" \/>\n<meta property=\"article:published_time\" content=\"2022-03-10T15:26:05+00:00\" \/>\n<meta property=\"og:image\" content=\"https:\/\/www.mojabochnia.pl\/wp-content\/uploads\/2022\/03\/serce-i-rozum-okl.png\" \/>\n\t<meta property=\"og:image:width\" content=\"940\" \/>\n\t<meta property=\"og:image:height\" content=\"788\" \/>\n\t<meta property=\"og:image:type\" content=\"image\/png\" \/>\n<meta name=\"author\" content=\"Marcin Kalinowski\" \/>\n<meta name=\"twitter:card\" content=\"summary_large_image\" \/>\n<meta name=\"twitter:label1\" content=\"Written by\" \/>\n\t<meta name=\"twitter:data1\" content=\"Marcin Kalinowski\" \/>\n\t<meta name=\"twitter:label2\" content=\"Est. reading time\" \/>\n\t<meta name=\"twitter:data2\" content=\"1 minuta\" \/>\n<script type=\"application\/ld+json\" class=\"yoast-schema-graph\">{\"@context\":\"https:\/\/schema.org\",\"@graph\":[{\"@type\":\"Article\",\"@id\":\"https:\/\/www.mojabochnia.pl\/?p=194503#article\",\"isPartOf\":{\"@id\":\"https:\/\/www.mojabochnia.pl\/?p=194503\"},\"author\":{\"name\":\"Marcin Kalinowski\",\"@id\":\"https:\/\/www.mojabochnia.pl\/#\/schema\/person\/d4c758656c81ae00e6496831fe7b0792\"},\"headline\":\"Poradnik na czas wojny od Poradni Psychologiczno &#8211; Pedagogicznej w Bochni\",\"datePublished\":\"2022-03-10T15:26:05+00:00\",\"mainEntityOfPage\":{\"@id\":\"https:\/\/www.mojabochnia.pl\/?p=194503\"},\"wordCount\":258,\"commentCount\":0,\"publisher\":{\"@id\":\"https:\/\/www.mojabochnia.pl\/#organization\"},\"image\":{\"@id\":\"https:\/\/www.mojabochnia.pl\/?p=194503#primaryimage\"},\"thumbnailUrl\":\"https:\/\/www.mojabochnia.pl\/wp-content\/uploads\/2022\/03\/serce-i-rozum-okl.png\",\"keywords\":[\"adam korta\",\"Poradnia Psychologiczno - Pedagogicznej w Bochni\",\"powiat boche\u0144ski\",\"top temat\",\"wojna\",\"wojna w ukrainie\"],\"articleSection\":[\"polityka i wydarzenia\",\"tematyka\"],\"inLanguage\":\"pl-PL\",\"potentialAction\":[{\"@type\":\"CommentAction\",\"name\":\"Comment\",\"target\":[\"https:\/\/www.mojabochnia.pl\/?p=194503#respond\"]}]},{\"@type\":\"WebPage\",\"@id\":\"https:\/\/www.mojabochnia.pl\/?p=194503\",\"url\":\"https:\/\/www.mojabochnia.pl\/?p=194503\",\"name\":\"Poradnik na czas wojny od Poradni Psychologiczno - Pedagogicznej w Bochni - mojabochnia.pl - portal informacyjny\",\"isPartOf\":{\"@id\":\"https:\/\/www.mojabochnia.pl\/#website\"},\"primaryImageOfPage\":{\"@id\":\"https:\/\/www.mojabochnia.pl\/?p=194503#primaryimage\"},\"image\":{\"@id\":\"https:\/\/www.mojabochnia.pl\/?p=194503#primaryimage\"},\"thumbnailUrl\":\"https:\/\/www.mojabochnia.pl\/wp-content\/uploads\/2022\/03\/serce-i-rozum-okl.png\",\"datePublished\":\"2022-03-10T15:26:05+00:00\",\"breadcrumb\":{\"@id\":\"https:\/\/www.mojabochnia.pl\/?p=194503#breadcrumb\"},\"inLanguage\":\"pl-PL\",\"potentialAction\":[{\"@type\":\"ReadAction\",\"target\":[\"https:\/\/www.mojabochnia.pl\/?p=194503\"]}]},{\"@type\":\"ImageObject\",\"inLanguage\":\"pl-PL\",\"@id\":\"https:\/\/www.mojabochnia.pl\/?p=194503#primaryimage\",\"url\":\"https:\/\/www.mojabochnia.pl\/wp-content\/uploads\/2022\/03\/serce-i-rozum-okl.png\",\"contentUrl\":\"https:\/\/www.mojabochnia.pl\/wp-content\/uploads\/2022\/03\/serce-i-rozum-okl.png\",\"width\":940,\"height\":788},{\"@type\":\"BreadcrumbList\",\"@id\":\"https:\/\/www.mojabochnia.pl\/?p=194503#breadcrumb\",\"itemListElement\":[{\"@type\":\"ListItem\",\"position\":1,\"name\":\"Home\",\"item\":\"https:\/\/www.mojabochnia.pl\/\"},{\"@type\":\"ListItem\",\"position\":2,\"name\":\"Poradnik na czas wojny od Poradni Psychologiczno &#8211; Pedagogicznej w Bochni\"}]},{\"@type\":\"WebSite\",\"@id\":\"https:\/\/www.mojabochnia.pl\/#website\",\"url\":\"https:\/\/www.mojabochnia.pl\/\",\"name\":\"mojabochnia.pl - portal informacyjny\",\"description\":\"mojaBochnia to portal informacyjny o Bochni. Codziennie o Bochni piszemy i pokazujemy najwa\u017cniejsze wydarzenia\",\"publisher\":{\"@id\":\"https:\/\/www.mojabochnia.pl\/#organization\"},\"potentialAction\":[{\"@type\":\"SearchAction\",\"target\":{\"@type\":\"EntryPoint\",\"urlTemplate\":\"https:\/\/www.mojabochnia.pl\/?s={search_term_string}\"},\"query-input\":{\"@type\":\"PropertyValueSpecification\",\"valueRequired\":true,\"valueName\":\"search_term_string\"}}],\"inLanguage\":\"pl-PL\"},{\"@type\":\"Organization\",\"@id\":\"https:\/\/www.mojabochnia.pl\/#organization\",\"name\":\"mojabochnia.pl - portal informacyjny\",\"url\":\"https:\/\/www.mojabochnia.pl\/\",\"logo\":{\"@type\":\"ImageObject\",\"inLanguage\":\"pl-PL\",\"@id\":\"https:\/\/www.mojabochnia.pl\/#\/schema\/logo\/image\/\",\"url\":\"https:\/\/www.mojabochnia.pl\/wp-content\/uploads\/2017\/08\/logo-mb-opt.png\",\"contentUrl\":\"https:\/\/www.mojabochnia.pl\/wp-content\/uploads\/2017\/08\/logo-mb-opt.png\",\"width\":250,\"height\":48,\"caption\":\"mojabochnia.pl - portal informacyjny\"},\"image\":{\"@id\":\"https:\/\/www.mojabochnia.pl\/#\/schema\/logo\/image\/\"},\"sameAs\":[\"https:\/\/www.facebook.com\/mojabochnia\"]},{\"@type\":\"Person\",\"@id\":\"https:\/\/www.mojabochnia.pl\/#\/schema\/person\/d4c758656c81ae00e6496831fe7b0792\",\"name\":\"Marcin Kalinowski\",\"url\":\"https:\/\/www.mojabochnia.pl\/?author=29\"}]}<\/script>\n<!-- \/ Yoast SEO plugin. -->","yoast_head_json":{"title":"Poradnik na czas wojny od Poradni Psychologiczno - Pedagogicznej w Bochni - mojabochnia.pl - portal informacyjny","robots":{"index":"index","follow":"follow","max-snippet":"max-snippet:-1","max-image-preview":"max-image-preview:large","max-video-preview":"max-video-preview:-1"},"canonical":"https:\/\/www.mojabochnia.pl\/?p=194503","og_locale":"pl_PL","og_type":"article","og_title":"Poradnik na czas wojny od Poradni Psychologiczno - Pedagogicznej w Bochni - mojabochnia.pl - portal informacyjny","og_description":"Wojna w Ukrainie martwi nas wszystkich. Wsp\u00f3\u0142czujemy i pomagamy uciekinierom z ogarni\u0119tego wojn\u0105 kraju. Boimy si\u0119 o nasza przysz\u0142o\u015b\u0107. Nie mamy wp\u0142ywu na rzeczywisto\u015b\u0107, ale mamy wp\u0142yw na to jak si\u0119 w tej rzeczywisto\u015bci odnajdziemy. Aby w tym pom\u00f3c specjali\u015bci z Poradni Psychologiczno \u2013 Pedagogicznej w Bochni przygotowali specjalny poradnik, kt\u00f3ry podpowie jak stawi\u0107 czo\u0142o","og_url":"https:\/\/www.mojabochnia.pl\/?p=194503","og_site_name":"mojabochnia.pl - portal informacyjny","article_publisher":"https:\/\/www.facebook.com\/mojabochnia","article_published_time":"2022-03-10T15:26:05+00:00","og_image":[{"width":940,"height":788,"url":"https:\/\/www.mojabochnia.pl\/wp-content\/uploads\/2022\/03\/serce-i-rozum-okl.png","type":"image\/png"}],"author":"Marcin Kalinowski","twitter_card":"summary_large_image","twitter_misc":{"Written by":"Marcin Kalinowski","Est. reading time":"1 minuta"},"schema":{"@context":"https:\/\/schema.org","@graph":[{"@type":"Article","@id":"https:\/\/www.mojabochnia.pl\/?p=194503#article","isPartOf":{"@id":"https:\/\/www.mojabochnia.pl\/?p=194503"},"author":{"name":"Marcin Kalinowski","@id":"https:\/\/www.mojabochnia.pl\/#\/schema\/person\/d4c758656c81ae00e6496831fe7b0792"},"headline":"Poradnik na czas wojny od Poradni Psychologiczno &#8211; Pedagogicznej w Bochni","datePublished":"2022-03-10T15:26:05+00:00","mainEntityOfPage":{"@id":"https:\/\/www.mojabochnia.pl\/?p=194503"},"wordCount":258,"commentCount":0,"publisher":{"@id":"https:\/\/www.mojabochnia.pl\/#organization"},"image":{"@id":"https:\/\/www.mojabochnia.pl\/?p=194503#primaryimage"},"thumbnailUrl":"https:\/\/www.mojabochnia.pl\/wp-content\/uploads\/2022\/03\/serce-i-rozum-okl.png","keywords":["adam korta","Poradnia Psychologiczno - Pedagogicznej w Bochni","powiat boche\u0144ski","top temat","wojna","wojna w ukrainie"],"articleSection":["polityka i wydarzenia","tematyka"],"inLanguage":"pl-PL","potentialAction":[{"@type":"CommentAction","name":"Comment","target":["https:\/\/www.mojabochnia.pl\/?p=194503#respond"]}]},{"@type":"WebPage","@id":"https:\/\/www.mojabochnia.pl\/?p=194503","url":"https:\/\/www.mojabochnia.pl\/?p=194503","name":"Poradnik na czas wojny od Poradni Psychologiczno - Pedagogicznej w Bochni - mojabochnia.pl - portal informacyjny","isPartOf":{"@id":"https:\/\/www.mojabochnia.pl\/#website"},"primaryImageOfPage":{"@id":"https:\/\/www.mojabochnia.pl\/?p=194503#primaryimage"},"image":{"@id":"https:\/\/www.mojabochnia.pl\/?p=194503#primaryimage"},"thumbnailUrl":"https:\/\/www.mojabochnia.pl\/wp-content\/uploads\/2022\/03\/serce-i-rozum-okl.png","datePublished":"2022-03-10T15:26:05+00:00","breadcrumb":{"@id":"https:\/\/www.mojabochnia.pl\/?p=194503#breadcrumb"},"inLanguage":"pl-PL","potentialAction":[{"@type":"ReadAction","target":["https:\/\/www.mojabochnia.pl\/?p=194503"]}]},{"@type":"ImageObject","inLanguage":"pl-PL","@id":"https:\/\/www.mojabochnia.pl\/?p=194503#primaryimage","url":"https:\/\/www.mojabochnia.pl\/wp-content\/uploads\/2022\/03\/serce-i-rozum-okl.png","contentUrl":"https:\/\/www.mojabochnia.pl\/wp-content\/uploads\/2022\/03\/serce-i-rozum-okl.png","width":940,"height":788},{"@type":"BreadcrumbList","@id":"https:\/\/www.mojabochnia.pl\/?p=194503#breadcrumb","itemListElement":[{"@type":"ListItem","position":1,"name":"Home","item":"https:\/\/www.mojabochnia.pl\/"},{"@type":"ListItem","position":2,"name":"Poradnik na czas wojny od Poradni Psychologiczno &#8211; Pedagogicznej w Bochni"}]},{"@type":"WebSite","@id":"https:\/\/www.mojabochnia.pl\/#website","url":"https:\/\/www.mojabochnia.pl\/","name":"mojabochnia.pl - portal informacyjny","description":"mojaBochnia to portal informacyjny o Bochni. Codziennie o Bochni piszemy i pokazujemy najwa\u017cniejsze wydarzenia","publisher":{"@id":"https:\/\/www.mojabochnia.pl\/#organization"},"potentialAction":[{"@type":"SearchAction","target":{"@type":"EntryPoint","urlTemplate":"https:\/\/www.mojabochnia.pl\/?s={search_term_string}"},"query-input":{"@type":"PropertyValueSpecification","valueRequired":true,"valueName":"search_term_string"}}],"inLanguage":"pl-PL"},{"@type":"Organization","@id":"https:\/\/www.mojabochnia.pl\/#organization","name":"mojabochnia.pl - portal informacyjny","url":"https:\/\/www.mojabochnia.pl\/","logo":{"@type":"ImageObject","inLanguage":"pl-PL","@id":"https:\/\/www.mojabochnia.pl\/#\/schema\/logo\/image\/","url":"https:\/\/www.mojabochnia.pl\/wp-content\/uploads\/2017\/08\/logo-mb-opt.png","contentUrl":"https:\/\/www.mojabochnia.pl\/wp-content\/uploads\/2017\/08\/logo-mb-opt.png","width":250,"height":48,"caption":"mojabochnia.pl - portal informacyjny"},"image":{"@id":"https:\/\/www.mojabochnia.pl\/#\/schema\/logo\/image\/"},"sameAs":["https:\/\/www.facebook.com\/mojabochnia"]},{"@type":"Person","@id":"https:\/\/www.mojabochnia.pl\/#\/schema\/person\/d4c758656c81ae00e6496831fe7b0792","name":"Marcin Kalinowski","url":"https:\/\/www.mojabochnia.pl\/?author=29"}]}},"_links":{"self":[{"href":"https:\/\/www.mojabochnia.pl\/index.php?rest_route=\/wp\/v2\/posts\/194503","targetHints":{"allow":["GET"]}}],"collection":[{"href":"https:\/\/www.mojabochnia.pl\/index.php?rest_route=\/wp\/v2\/posts"}],"about":[{"href":"https:\/\/www.mojabochnia.pl\/index.php?rest_route=\/wp\/v2\/types\/post"}],"author":[{"embeddable":true,"href":"https:\/\/www.mojabochnia.pl\/index.php?rest_route=\/wp\/v2\/users\/29"}],"replies":[{"embeddable":true,"href":"https:\/\/www.mojabochnia.pl\/index.php?rest_route=%2Fwp%2Fv2%2Fcomments&post=194503"}],"version-history":[{"count":1,"href":"https:\/\/www.mojabochnia.pl\/index.php?rest_route=\/wp\/v2\/posts\/194503\/revisions"}],"predecessor-version":[{"id":194509,"href":"https:\/\/www.mojabochnia.pl\/index.php?rest_route=\/wp\/v2\/posts\/194503\/revisions\/194509"}],"wp:featuredmedia":[{"embeddable":true,"href":"https:\/\/www.mojabochnia.pl\/index.php?rest_route=\/wp\/v2\/media\/194507"}],"wp:attachment":[{"href":"https:\/\/www.mojabochnia.pl\/index.php?rest_route=%2Fwp%2Fv2%2Fmedia&parent=194503"}],"wp:term":[{"taxonomy":"category","embeddable":true,"href":"https:\/\/www.mojabochnia.pl\/index.php?rest_route=%2Fwp%2Fv2%2Fcategories&post=194503"},{"taxonomy":"post_tag","embeddable":true,"href":"https:\/\/www.mojabochnia.pl\/index.php?rest_route=%2Fwp%2Fv2%2Ftags&post=194503"}],"curies":[{"name":"wp","href":"https:\/\/api.w.org\/{rel}","templated":true}]}}