{"id":1944,"date":"2008-10-07T08:40:54","date_gmt":"2008-10-07T06:40:54","guid":{"rendered":"http:\/\/www.mojabochnia.pl\/?p=1944"},"modified":"2008-10-07T08:40:54","modified_gmt":"2008-10-07T06:40:54","slug":"potracil-na-pasach-2-kobiety","status":"publish","type":"post","link":"https:\/\/www.mojabochnia.pl\/?p=1944","title":{"rendered":"Potr\u0105ci\u0142 na pasach 2 kobiety"},"content":{"rendered":"<p>Wypadek mia\u0142 miejsce 3 pa\u017adziernika o godz. 22.20. Kieruj\u0105cy samochodem marki VW Golf nie zachowa\u0142 szczeg\u00f3lnej ostro\u017cno\u015bci i na przej\u015bciu dla pieszych potr\u0105ci\u0142 dwie kobiety, obie w wieku 19 lat. Jedna z nich to mieszkanka Bochni, druga \u2013 Rzezawy. Piesze dozna\u0142y st\u0142ucze\u0144 g\u0142owy i prawego uda, u jednej z nich stwierdzono z\u0142amanie palca nogi. Policja m\u00f3wi o ewidentnej winie kieruj\u0105cego, 21-letniego mieszka\u0144ca \u0141apczycy.<\/p>\n","protected":false},"excerpt":{"rendered":"<p>W pi\u0105tkow\u0105 noc w Bochni dosz\u0142o do potr\u0105cenia dw\u00f3ch 19-letnich kobiet. Do zdarzenia dosz\u0142o na przej\u015bciu dla pieszych w pobli\u017cu posesji Rynek 4. Obie poszkodowane z obra\u017ceniami cia\u0142a trafi\u0142y do szpitala, kierowca by\u0142 trze\u017awy.<\/p>\n","protected":false},"author":4,"featured_media":0,"comment_status":"open","ping_status":"closed","sticky":false,"template":"","format":"standard","meta":{"_acf_changed":false,"footnotes":""},"categories":[4],"tags":[665,17155,1082,17348,17150],"class_list":["post-1944","post","type-post","status-publish","format-standard","hentry","category-krotko-i-szybko","tag-kronika-policyjna","tag-policja","tag-przejscie-dla-pieszych","tag-rynek","tag-wypadek"],"acf":[],"yoast_head":"<!-- This site is optimized with the Yoast SEO plugin v26.9 - https:\/\/yoast.com\/product\/yoast-seo-wordpress\/ -->\n<title>Potr\u0105ci\u0142 na pasach 2 kobiety - mojabochnia.pl - portal informacyjny<\/title>\n<meta name=\"robots\" content=\"index, follow, max-snippet:-1, max-image-preview:large, max-video-preview:-1\" \/>\n<link rel=\"canonical\" href=\"https:\/\/www.mojabochnia.pl\/?p=1944\" \/>\n<meta property=\"og:locale\" content=\"pl_PL\" \/>\n<meta property=\"og:type\" content=\"article\" \/>\n<meta property=\"og:title\" content=\"Potr\u0105ci\u0142 na pasach 2 kobiety - mojabochnia.pl - portal informacyjny\" \/>\n<meta property=\"og:description\" content=\"W pi\u0105tkow\u0105 noc w Bochni dosz\u0142o do potr\u0105cenia dw\u00f3ch 19-letnich kobiet. Do zdarzenia dosz\u0142o na przej\u015bciu dla pieszych w pobli\u017cu posesji Rynek 4. Obie poszkodowane z obra\u017ceniami cia\u0142a trafi\u0142y do szpitala, kierowca by\u0142 trze\u017awy.\" \/>\n<meta property=\"og:url\" content=\"https:\/\/www.mojabochnia.pl\/?p=1944\" \/>\n<meta property=\"og:site_name\" content=\"mojabochnia.pl - portal informacyjny\" \/>\n<meta property=\"article:publisher\" content=\"https:\/\/www.facebook.com\/mojabochnia\" \/>\n<meta property=\"article:published_time\" content=\"2008-10-07T06:40:54+00:00\" \/>\n<meta name=\"author\" content=\"Pawe\u0142 Michalczyk\" \/>\n<meta name=\"twitter:card\" content=\"summary_large_image\" \/>\n<meta name=\"twitter:label1\" content=\"Written by\" \/>\n\t<meta name=\"twitter:data1\" content=\"Pawe\u0142 Michalczyk\" \/>\n<script type=\"application\/ld+json\" class=\"yoast-schema-graph\">{\"@context\":\"https:\/\/schema.org\",\"@graph\":[{\"@type\":\"Article\",\"@id\":\"https:\/\/www.mojabochnia.pl\/?p=1944#article\",\"isPartOf\":{\"@id\":\"https:\/\/www.mojabochnia.pl\/?p=1944\"},\"author\":{\"name\":\"Pawe\u0142 Michalczyk\",\"@id\":\"https:\/\/www.mojabochnia.pl\/#\/schema\/person\/ea042e4724a77627963f02166828ead4\"},\"headline\":\"Potr\u0105ci\u0142 na pasach 2 kobiety\",\"datePublished\":\"2008-10-07T06:40:54+00:00\",\"mainEntityOfPage\":{\"@id\":\"https:\/\/www.mojabochnia.pl\/?p=1944\"},\"wordCount\":78,\"commentCount\":12,\"publisher\":{\"@id\":\"https:\/\/www.mojabochnia.pl\/#organization\"},\"keywords\":[\"kronika policyjna\",\"policja\",\"przej\u015bcie dla pieszych\",\"rynek\",\"wypadek\"],\"articleSection\":[\"Kr\u00f3tko i szybko\"],\"inLanguage\":\"pl-PL\",\"potentialAction\":[{\"@type\":\"CommentAction\",\"name\":\"Comment\",\"target\":[\"https:\/\/www.mojabochnia.pl\/?p=1944#respond\"]}]},{\"@type\":\"WebPage\",\"@id\":\"https:\/\/www.mojabochnia.pl\/?p=1944\",\"url\":\"https:\/\/www.mojabochnia.pl\/?p=1944\",\"name\":\"Potr\u0105ci\u0142 na pasach 2 kobiety - mojabochnia.pl - portal informacyjny\",\"isPartOf\":{\"@id\":\"https:\/\/www.mojabochnia.pl\/#website\"},\"datePublished\":\"2008-10-07T06:40:54+00:00\",\"breadcrumb\":{\"@id\":\"https:\/\/www.mojabochnia.pl\/?p=1944#breadcrumb\"},\"inLanguage\":\"pl-PL\",\"potentialAction\":[{\"@type\":\"ReadAction\",\"target\":[\"https:\/\/www.mojabochnia.pl\/?p=1944\"]}]},{\"@type\":\"BreadcrumbList\",\"@id\":\"https:\/\/www.mojabochnia.pl\/?p=1944#breadcrumb\",\"itemListElement\":[{\"@type\":\"ListItem\",\"position\":1,\"name\":\"Home\",\"item\":\"https:\/\/www.mojabochnia.pl\/\"},{\"@type\":\"ListItem\",\"position\":2,\"name\":\"Potr\u0105ci\u0142 na pasach 2 kobiety\"}]},{\"@type\":\"WebSite\",\"@id\":\"https:\/\/www.mojabochnia.pl\/#website\",\"url\":\"https:\/\/www.mojabochnia.pl\/\",\"name\":\"mojabochnia.pl - portal informacyjny\",\"description\":\"mojaBochnia to portal informacyjny o Bochni. Codziennie o Bochni piszemy i pokazujemy najwa\u017cniejsze wydarzenia\",\"publisher\":{\"@id\":\"https:\/\/www.mojabochnia.pl\/#organization\"},\"potentialAction\":[{\"@type\":\"SearchAction\",\"target\":{\"@type\":\"EntryPoint\",\"urlTemplate\":\"https:\/\/www.mojabochnia.pl\/?s={search_term_string}\"},\"query-input\":{\"@type\":\"PropertyValueSpecification\",\"valueRequired\":true,\"valueName\":\"search_term_string\"}}],\"inLanguage\":\"pl-PL\"},{\"@type\":\"Organization\",\"@id\":\"https:\/\/www.mojabochnia.pl\/#organization\",\"name\":\"mojabochnia.pl - portal informacyjny\",\"url\":\"https:\/\/www.mojabochnia.pl\/\",\"logo\":{\"@type\":\"ImageObject\",\"inLanguage\":\"pl-PL\",\"@id\":\"https:\/\/www.mojabochnia.pl\/#\/schema\/logo\/image\/\",\"url\":\"https:\/\/www.mojabochnia.pl\/wp-content\/uploads\/2017\/08\/logo-mb-opt.png\",\"contentUrl\":\"https:\/\/www.mojabochnia.pl\/wp-content\/uploads\/2017\/08\/logo-mb-opt.png\",\"width\":250,\"height\":48,\"caption\":\"mojabochnia.pl - portal informacyjny\"},\"image\":{\"@id\":\"https:\/\/www.mojabochnia.pl\/#\/schema\/logo\/image\/\"},\"sameAs\":[\"https:\/\/www.facebook.com\/mojabochnia\"]},{\"@type\":\"Person\",\"@id\":\"https:\/\/www.mojabochnia.pl\/#\/schema\/person\/ea042e4724a77627963f02166828ead4\",\"name\":\"Pawe\u0142 Michalczyk\",\"url\":\"https:\/\/www.mojabochnia.pl\/?author=4\"}]}<\/script>\n<!-- \/ Yoast SEO plugin. -->","yoast_head_json":{"title":"Potr\u0105ci\u0142 na pasach 2 kobiety - mojabochnia.pl - portal informacyjny","robots":{"index":"index","follow":"follow","max-snippet":"max-snippet:-1","max-image-preview":"max-image-preview:large","max-video-preview":"max-video-preview:-1"},"canonical":"https:\/\/www.mojabochnia.pl\/?p=1944","og_locale":"pl_PL","og_type":"article","og_title":"Potr\u0105ci\u0142 na pasach 2 kobiety - mojabochnia.pl - portal informacyjny","og_description":"W pi\u0105tkow\u0105 noc w Bochni dosz\u0142o do potr\u0105cenia dw\u00f3ch 19-letnich kobiet. Do zdarzenia dosz\u0142o na przej\u015bciu dla pieszych w pobli\u017cu posesji Rynek 4. Obie poszkodowane z obra\u017ceniami cia\u0142a trafi\u0142y do szpitala, kierowca by\u0142 trze\u017awy.","og_url":"https:\/\/www.mojabochnia.pl\/?p=1944","og_site_name":"mojabochnia.pl - portal informacyjny","article_publisher":"https:\/\/www.facebook.com\/mojabochnia","article_published_time":"2008-10-07T06:40:54+00:00","author":"Pawe\u0142 Michalczyk","twitter_card":"summary_large_image","twitter_misc":{"Written by":"Pawe\u0142 Michalczyk"},"schema":{"@context":"https:\/\/schema.org","@graph":[{"@type":"Article","@id":"https:\/\/www.mojabochnia.pl\/?p=1944#article","isPartOf":{"@id":"https:\/\/www.mojabochnia.pl\/?p=1944"},"author":{"name":"Pawe\u0142 Michalczyk","@id":"https:\/\/www.mojabochnia.pl\/#\/schema\/person\/ea042e4724a77627963f02166828ead4"},"headline":"Potr\u0105ci\u0142 na pasach 2 kobiety","datePublished":"2008-10-07T06:40:54+00:00","mainEntityOfPage":{"@id":"https:\/\/www.mojabochnia.pl\/?p=1944"},"wordCount":78,"commentCount":12,"publisher":{"@id":"https:\/\/www.mojabochnia.pl\/#organization"},"keywords":["kronika policyjna","policja","przej\u015bcie dla pieszych","rynek","wypadek"],"articleSection":["Kr\u00f3tko i szybko"],"inLanguage":"pl-PL","potentialAction":[{"@type":"CommentAction","name":"Comment","target":["https:\/\/www.mojabochnia.pl\/?p=1944#respond"]}]},{"@type":"WebPage","@id":"https:\/\/www.mojabochnia.pl\/?p=1944","url":"https:\/\/www.mojabochnia.pl\/?p=1944","name":"Potr\u0105ci\u0142 na pasach 2 kobiety - mojabochnia.pl - portal informacyjny","isPartOf":{"@id":"https:\/\/www.mojabochnia.pl\/#website"},"datePublished":"2008-10-07T06:40:54+00:00","breadcrumb":{"@id":"https:\/\/www.mojabochnia.pl\/?p=1944#breadcrumb"},"inLanguage":"pl-PL","potentialAction":[{"@type":"ReadAction","target":["https:\/\/www.mojabochnia.pl\/?p=1944"]}]},{"@type":"BreadcrumbList","@id":"https:\/\/www.mojabochnia.pl\/?p=1944#breadcrumb","itemListElement":[{"@type":"ListItem","position":1,"name":"Home","item":"https:\/\/www.mojabochnia.pl\/"},{"@type":"ListItem","position":2,"name":"Potr\u0105ci\u0142 na pasach 2 kobiety"}]},{"@type":"WebSite","@id":"https:\/\/www.mojabochnia.pl\/#website","url":"https:\/\/www.mojabochnia.pl\/","name":"mojabochnia.pl - portal informacyjny","description":"mojaBochnia to portal informacyjny o Bochni. Codziennie o Bochni piszemy i pokazujemy najwa\u017cniejsze wydarzenia","publisher":{"@id":"https:\/\/www.mojabochnia.pl\/#organization"},"potentialAction":[{"@type":"SearchAction","target":{"@type":"EntryPoint","urlTemplate":"https:\/\/www.mojabochnia.pl\/?s={search_term_string}"},"query-input":{"@type":"PropertyValueSpecification","valueRequired":true,"valueName":"search_term_string"}}],"inLanguage":"pl-PL"},{"@type":"Organization","@id":"https:\/\/www.mojabochnia.pl\/#organization","name":"mojabochnia.pl - portal informacyjny","url":"https:\/\/www.mojabochnia.pl\/","logo":{"@type":"ImageObject","inLanguage":"pl-PL","@id":"https:\/\/www.mojabochnia.pl\/#\/schema\/logo\/image\/","url":"https:\/\/www.mojabochnia.pl\/wp-content\/uploads\/2017\/08\/logo-mb-opt.png","contentUrl":"https:\/\/www.mojabochnia.pl\/wp-content\/uploads\/2017\/08\/logo-mb-opt.png","width":250,"height":48,"caption":"mojabochnia.pl - portal informacyjny"},"image":{"@id":"https:\/\/www.mojabochnia.pl\/#\/schema\/logo\/image\/"},"sameAs":["https:\/\/www.facebook.com\/mojabochnia"]},{"@type":"Person","@id":"https:\/\/www.mojabochnia.pl\/#\/schema\/person\/ea042e4724a77627963f02166828ead4","name":"Pawe\u0142 Michalczyk","url":"https:\/\/www.mojabochnia.pl\/?author=4"}]}},"_links":{"self":[{"href":"https:\/\/www.mojabochnia.pl\/index.php?rest_route=\/wp\/v2\/posts\/1944","targetHints":{"allow":["GET"]}}],"collection":[{"href":"https:\/\/www.mojabochnia.pl\/index.php?rest_route=\/wp\/v2\/posts"}],"about":[{"href":"https:\/\/www.mojabochnia.pl\/index.php?rest_route=\/wp\/v2\/types\/post"}],"author":[{"embeddable":true,"href":"https:\/\/www.mojabochnia.pl\/index.php?rest_route=\/wp\/v2\/users\/4"}],"replies":[{"embeddable":true,"href":"https:\/\/www.mojabochnia.pl\/index.php?rest_route=%2Fwp%2Fv2%2Fcomments&post=1944"}],"version-history":[{"count":0,"href":"https:\/\/www.mojabochnia.pl\/index.php?rest_route=\/wp\/v2\/posts\/1944\/revisions"}],"wp:attachment":[{"href":"https:\/\/www.mojabochnia.pl\/index.php?rest_route=%2Fwp%2Fv2%2Fmedia&parent=1944"}],"wp:term":[{"taxonomy":"category","embeddable":true,"href":"https:\/\/www.mojabochnia.pl\/index.php?rest_route=%2Fwp%2Fv2%2Fcategories&post=1944"},{"taxonomy":"post_tag","embeddable":true,"href":"https:\/\/www.mojabochnia.pl\/index.php?rest_route=%2Fwp%2Fv2%2Ftags&post=1944"}],"curies":[{"name":"wp","href":"https:\/\/api.w.org\/{rel}","templated":true}]}}