{"id":194068,"date":"2022-02-14T10:51:36","date_gmt":"2022-02-14T09:51:36","guid":{"rendered":"https:\/\/www.mojabochnia.pl\/?p=194068"},"modified":"2022-02-14T11:18:42","modified_gmt":"2022-02-14T10:18:42","slug":"malopolska-196-mln-dni-absencji-chorobowej-w-2021-roku","status":"publish","type":"post","link":"https:\/\/www.mojabochnia.pl\/?p=194068","title":{"rendered":"Ma\u0142opolska: 19,6 mln dni absencji chorobowej w 2021 roku"},"content":{"rendered":"<p class=\"v1MsoNormal\" style=\"text-align: justify;\"><b>W ubieg\u0142ym roku w Ma\u0142opolsce lekarze wystawili osobom ubezpieczonym w ZUS 1,7 mln zwolnie\u0144 lekarskich, na \u0142\u0105czn\u0105 liczb\u0119 niemal 19,6 mln dni absencji chorobowej w pracy. W ca\u0142ym kraju liczba zwolnie\u0144 si\u0119gn\u0119\u0142a 20,5 mln, a przyznano je na 239,9 mln dni.<\/b><\/p>\n<p class=\"v1MsoNormal\" style=\"text-align: justify;\">Zwolnienia lekarskie by\u0142y wystawiane przeci\u0119tnie na 11,7 dnia. Ale jedna osoba mo\u017ce otrzyma\u0107 kilka zwolnie\u0144 w ci\u0105gu roku. Gdyby podlegaj\u0105cy ubezpieczeniu chorobowemu w jednym momencie byli czasowo niezdolni do pracy, to statystycznie przynajmniej jedno zwolnienie otrzyma\u0142o w ubieg\u0142ym roku ok. 45 proc. tych os\u00f3b.<\/p>\n<p class=\"v1MsoNormal\" style=\"text-align: justify;\">Dominuj\u0105c\u0105 przyczyn\u0105 absencji by\u0142y choroby zwi\u0105zane z ci\u0105\u017c\u0105, porodem i po\u0142ogiem. Odpowiada\u0142y one za ok. 17 proc. nieobecno\u015bci. Niewiele mniej, bo 16,5 proc. przerw w pracy dotyczy\u0142o choroby uk\u0142adu mi\u0119\u015bniowo-szkieletowego. Dalsze miejsca zajmuj\u0105 urazy i zatrucia (13,1 proc.), choroby uk\u0142adu oddechowego (11,6 proc.) i zaburzenia psychiczne oraz zaburzenia zachowania (10,5 proc.), kt\u00f3re od lat nabieraj\u0105 coraz wi\u0119kszego znaczenia.<\/p>\n<p class=\"v1MsoNormal\" style=\"text-align: justify;\">W bazie e-ZLA jest jedynie cz\u0119\u015b\u0107 absencji chorobowej, kt\u00f3ra wynika z epidemii Covid-19. Powodem jest, \u017ce usprawiedliwieniem nieobecno\u015bci w pracy i podstaw\u0105 wyp\u0142aty zasi\u0142k\u00f3w jest r\u00f3wnie\u017c decyzja o kwarantannie i izolacji. Dlatego w 2021 r. zarejestrowano w naszym wojew\u00f3dztwie jedynie 39,5 tys. za\u015bwiadcze\u0144 lekarskich z tytu\u0142u COVID-19 (jednostka chorobowa kod U07). W ca\u0142ym kraju tych zwolnie\u0144 by\u0142o ponad 528 tysi\u0119cy.<\/p>\n<table class=\"v1MsoTableGrid\" border=\"1\" cellspacing=\"0\" cellpadding=\"0\">\n<tbody>\n<tr>\n<td rowspan=\"3\" valign=\"top\" width=\"118\"><\/td>\n<td colspan=\"2\" valign=\"top\" width=\"205\">\n<p class=\"v1MsoNormal\" align=\"center\">Liczba dni absencji chorobowej<\/p>\n<\/td>\n<td colspan=\"2\" valign=\"top\" width=\"189\">\n<p class=\"v1MsoNormal\" align=\"center\">Liczba za\u015bwiadcze\u0144 lekarskich<\/p>\n<\/td>\n<td colspan=\"2\" valign=\"top\" width=\"177\">\n<p class=\"v1MsoNormal\" align=\"center\">Liczba dni absencji chorobowej<\/p>\n<\/td>\n<td colspan=\"2\" valign=\"top\" width=\"147\">\n<p class=\"v1MsoNormal\" align=\"center\">Liczba za\u015bwiadcze\u0144 lekarskich<\/p>\n<\/td>\n<\/tr>\n<tr>\n<td rowspan=\"2\" valign=\"top\" width=\"100\">\n<p class=\"v1MsoNormal\" align=\"center\">Og\u00f3\u0142em<\/p>\n<\/td>\n<td valign=\"top\" width=\"106\">\n<p class=\"v1MsoNormal\" align=\"center\">w tym:<\/p>\n<\/td>\n<td rowspan=\"2\" valign=\"top\" width=\"95\">\n<p class=\"v1MsoNormal\" align=\"center\">Og\u00f3\u0142em<\/p>\n<\/td>\n<td valign=\"top\" width=\"95\">\n<p class=\"v1MsoNormal\" align=\"center\">w tym:<\/p>\n<\/td>\n<td rowspan=\"2\" valign=\"top\" width=\"95\">\n<p class=\"v1MsoNormal\" align=\"center\">Og\u00f3\u0142em<\/p>\n<\/td>\n<td valign=\"top\" width=\"83\">\n<p class=\"v1MsoNormal\" align=\"center\">w tym:<\/p>\n<\/td>\n<td rowspan=\"2\" valign=\"top\" width=\"76\">\n<p class=\"v1MsoNormal\" align=\"center\">Og\u00f3\u0142em<\/p>\n<\/td>\n<td valign=\"top\" width=\"71\">\n<p class=\"v1MsoNormal\" align=\"center\">w tym:<\/p>\n<\/td>\n<\/tr>\n<tr>\n<td valign=\"top\" width=\"106\">\n<p class=\"v1MsoNormal\" align=\"center\">ZUS<\/p>\n<\/td>\n<td valign=\"top\" width=\"95\">\n<p class=\"v1MsoNormal\" align=\"center\">ZUS<\/p>\n<\/td>\n<td valign=\"top\" width=\"83\">\n<p class=\"v1MsoNormal\" align=\"center\">ZUS<\/p>\n<\/td>\n<td valign=\"top\" width=\"71\">\n<p class=\"v1MsoNormal\" align=\"center\">ZUS<\/p>\n<\/td>\n<\/tr>\n<tr>\n<td valign=\"top\" width=\"118\">\n<p class=\"v1MsoNormal\">Oddzia\u0142 w Chrzanowie<\/p>\n<\/td>\n<td valign=\"top\" width=\"100\">\n<p class=\"v1MsoNormal\">4 298 963<\/p>\n<\/td>\n<td valign=\"top\" width=\"106\">\n<p class=\"v1MsoNormal\">4 031 326<\/p>\n<\/td>\n<td valign=\"top\" width=\"95\">\n<p class=\"v1MsoNormal\">369 131<\/p>\n<\/td>\n<td valign=\"top\" width=\"95\">\n<p class=\"v1MsoNormal\">354 337<\/p>\n<\/td>\n<td valign=\"top\" width=\"95\">\n<p class=\"v1MsoNormal\">72 355<\/p>\n<\/td>\n<td valign=\"top\" width=\"83\">\n<p class=\"v1MsoNormal\">69 145<\/p>\n<\/td>\n<td valign=\"top\" width=\"76\">\n<p class=\"v1MsoNormal\">9 563<\/p>\n<\/td>\n<td valign=\"top\" width=\"71\">\n<p class=\"v1MsoNormal\">9 282<\/p>\n<\/td>\n<\/tr>\n<tr>\n<td valign=\"top\" width=\"118\">\n<p class=\"v1MsoNormal\">Oddzia\u0142 w Krakowie<\/p>\n<\/td>\n<td valign=\"top\" width=\"100\">\n<p class=\"v1MsoNormal\">8 999 923<\/p>\n<\/td>\n<td valign=\"top\" width=\"106\">\n<p class=\"v1MsoNormal\">8 476 838<\/p>\n<\/td>\n<td valign=\"top\" width=\"95\">\n<p class=\"v1MsoNormal\">814 199<\/p>\n<\/td>\n<td valign=\"top\" width=\"95\">\n<p class=\"v1MsoNormal\">786 530<\/p>\n<\/td>\n<td valign=\"top\" width=\"95\">\n<p class=\"v1MsoNormal\">132 328<\/p>\n<\/td>\n<td valign=\"top\" width=\"83\">\n<p class=\"v1MsoNormal\">127 783<\/p>\n<\/td>\n<td valign=\"top\" width=\"76\">\n<p class=\"v1MsoNormal\">18 315<\/p>\n<\/td>\n<td valign=\"top\" width=\"71\">\n<p class=\"v1MsoNormal\">17 925<\/p>\n<\/td>\n<\/tr>\n<tr>\n<td valign=\"top\" width=\"118\">\n<p class=\"v1MsoNormal\">Oddzia\u0142 w Nowym S\u0105czu<\/p>\n<\/td>\n<td valign=\"top\" width=\"100\">\n<p class=\"v1MsoNormal\">4 936 111<\/p>\n<\/td>\n<td valign=\"top\" width=\"106\">\n<p class=\"v1MsoNormal\">4 058 662<\/p>\n<\/td>\n<td valign=\"top\" width=\"95\">\n<p class=\"v1MsoNormal\">362 249<\/p>\n<\/td>\n<td valign=\"top\" width=\"95\">\n<p class=\"v1MsoNormal\">319 173<\/p>\n<\/td>\n<td valign=\"top\" width=\"95\">\n<p class=\"v1MsoNormal\">53 340<\/p>\n<\/td>\n<td valign=\"top\" width=\"83\">\n<p class=\"v1MsoNormal\">46 555<\/p>\n<\/td>\n<td valign=\"top\" width=\"76\">\n<p class=\"v1MsoNormal\">5 757<\/p>\n<\/td>\n<td valign=\"top\" width=\"71\">\n<p class=\"v1MsoNormal\">5 246<\/p>\n<\/td>\n<\/tr>\n<tr>\n<td valign=\"top\" width=\"118\">\n<p class=\"v1MsoNormal\">Oddzia\u0142 w Tarnowie<\/p>\n<\/td>\n<td valign=\"top\" width=\"100\">\n<p class=\"v1MsoNormal\">3 687 980<\/p>\n<\/td>\n<td valign=\"top\" width=\"106\">\n<p class=\"v1MsoNormal\">3 019 144<\/p>\n<\/td>\n<td valign=\"top\" width=\"95\">\n<p class=\"v1MsoNormal\">273 025<\/p>\n<\/td>\n<td valign=\"top\" width=\"95\">\n<p class=\"v1MsoNormal\">243 326<\/p>\n<\/td>\n<td valign=\"top\" width=\"95\">\n<p class=\"v1MsoNormal\">51 872<\/p>\n<\/td>\n<td valign=\"top\" width=\"83\">\n<p class=\"v1MsoNormal\">46 780<\/p>\n<\/td>\n<td valign=\"top\" width=\"76\">\n<p class=\"v1MsoNormal\">5 818<\/p>\n<\/td>\n<td valign=\"top\" width=\"71\">\n<p class=\"v1MsoNormal\">5 457<\/p>\n<\/td>\n<\/tr>\n<tr>\n<td valign=\"top\" width=\"118\">\n<p class=\"v1MsoNormal\"><b>Ma\u0142opolska<\/b><\/p>\n<\/td>\n<td valign=\"top\" width=\"100\">\n<p class=\"v1MsoNormal\"><b>21 922 977<\/b><\/p>\n<\/td>\n<td valign=\"top\" width=\"106\">\n<p class=\"v1MsoNormal\"><b>19 585 970<\/b><\/p>\n<\/td>\n<td valign=\"top\" width=\"95\">\n<p class=\"v1MsoNormal\"><b>1 818 604<\/b><\/p>\n<\/td>\n<td valign=\"top\" width=\"95\">\n<p class=\"v1MsoNormal\"><b>1 703 366<\/b><\/p>\n<\/td>\n<td valign=\"top\" width=\"95\">\n<p class=\"v1MsoNormal\"><b>309 895<\/b><\/p>\n<\/td>\n<td valign=\"top\" width=\"83\">\n<p class=\"v1MsoNormal\"><b>290 263<\/b><\/p>\n<\/td>\n<td valign=\"top\" width=\"76\">\n<p class=\"v1MsoNormal\"><b>39 453<\/b><\/p>\n<\/td>\n<td valign=\"top\" width=\"71\">\n<p class=\"v1MsoNormal\"><b>37 910<\/b><\/p>\n<\/td>\n<\/tr>\n<\/tbody>\n<\/table>\n","protected":false},"excerpt":{"rendered":"<p>W ubieg\u0142ym roku w Ma\u0142opolsce lekarze wystawili osobom ubezpieczonym w ZUS 1,7 mln zwolnie\u0144 lekarskich, na \u0142\u0105czn\u0105 liczb\u0119 niemal 19,6 mln dni absencji chorobowej w pracy. W ca\u0142ym kraju liczba zwolnie\u0144 si\u0119gn\u0119\u0142a 20,5 mln, a przyznano je na 239,9 mln dni. Zwolnienia lekarskie by\u0142y wystawiane przeci\u0119tnie na 11,7 dnia. Ale jedna osoba mo\u017ce otrzyma\u0107 kilka<\/p>\n","protected":false},"author":29,"featured_media":62303,"comment_status":"open","ping_status":"closed","sticky":false,"template":"","format":"standard","meta":{"_acf_changed":false,"footnotes":""},"categories":[6251,6250],"tags":[507,17127,2923,17659],"class_list":["post-194068","post","type-post","status-publish","format-standard","has-post-thumbnail","hentry","category-polityka-i-wydarzenia","category-tematyka","tag-malopolska","tag-powiat-bochenski","tag-zaklad-ubezpieczen-spolecznych","tag-zus","main_tag-powiat-bochenski"],"acf":[],"yoast_head":"<!-- This site is optimized with the Yoast SEO plugin v26.9 - https:\/\/yoast.com\/product\/yoast-seo-wordpress\/ -->\n<title>Ma\u0142opolska: 19,6 mln dni absencji chorobowej w 2021 roku - mojabochnia.pl - portal informacyjny<\/title>\n<meta name=\"robots\" content=\"index, follow, max-snippet:-1, max-image-preview:large, max-video-preview:-1\" \/>\n<link rel=\"canonical\" href=\"https:\/\/www.mojabochnia.pl\/?p=194068\" \/>\n<meta property=\"og:locale\" content=\"pl_PL\" \/>\n<meta property=\"og:type\" content=\"article\" \/>\n<meta property=\"og:title\" content=\"Ma\u0142opolska: 19,6 mln dni absencji chorobowej w 2021 roku - mojabochnia.pl - portal informacyjny\" \/>\n<meta property=\"og:description\" content=\"W ubieg\u0142ym roku w Ma\u0142opolsce lekarze wystawili osobom ubezpieczonym w ZUS 1,7 mln zwolnie\u0144 lekarskich, na \u0142\u0105czn\u0105 liczb\u0119 niemal 19,6 mln dni absencji chorobowej w pracy. W ca\u0142ym kraju liczba zwolnie\u0144 si\u0119gn\u0119\u0142a 20,5 mln, a przyznano je na 239,9 mln dni. Zwolnienia lekarskie by\u0142y wystawiane przeci\u0119tnie na 11,7 dnia. Ale jedna osoba mo\u017ce otrzyma\u0107 kilka\" \/>\n<meta property=\"og:url\" content=\"https:\/\/www.mojabochnia.pl\/?p=194068\" \/>\n<meta property=\"og:site_name\" content=\"mojabochnia.pl - portal informacyjny\" \/>\n<meta property=\"article:publisher\" content=\"https:\/\/www.facebook.com\/mojabochnia\" \/>\n<meta property=\"article:published_time\" content=\"2022-02-14T09:51:36+00:00\" \/>\n<meta property=\"article:modified_time\" content=\"2022-02-14T10:18:42+00:00\" \/>\n<meta property=\"og:image\" content=\"https:\/\/www.mojabochnia.pl\/wp-content\/uploads\/2011\/10\/1020_zus.jpg\" \/>\n\t<meta property=\"og:image:width\" content=\"800\" \/>\n\t<meta property=\"og:image:height\" content=\"450\" \/>\n\t<meta property=\"og:image:type\" content=\"image\/jpeg\" \/>\n<meta name=\"author\" content=\"Marcin Kalinowski\" \/>\n<meta name=\"twitter:card\" content=\"summary_large_image\" \/>\n<meta name=\"twitter:label1\" content=\"Written by\" \/>\n\t<meta name=\"twitter:data1\" content=\"Marcin Kalinowski\" \/>\n\t<meta name=\"twitter:label2\" content=\"Est. reading time\" \/>\n\t<meta name=\"twitter:data2\" content=\"1 minuta\" \/>\n<script type=\"application\/ld+json\" class=\"yoast-schema-graph\">{\"@context\":\"https:\/\/schema.org\",\"@graph\":[{\"@type\":\"Article\",\"@id\":\"https:\/\/www.mojabochnia.pl\/?p=194068#article\",\"isPartOf\":{\"@id\":\"https:\/\/www.mojabochnia.pl\/?p=194068\"},\"author\":{\"name\":\"Marcin Kalinowski\",\"@id\":\"https:\/\/www.mojabochnia.pl\/#\/schema\/person\/d4c758656c81ae00e6496831fe7b0792\"},\"headline\":\"Ma\u0142opolska: 19,6 mln dni absencji chorobowej w 2021 roku\",\"datePublished\":\"2022-02-14T09:51:36+00:00\",\"dateModified\":\"2022-02-14T10:18:42+00:00\",\"mainEntityOfPage\":{\"@id\":\"https:\/\/www.mojabochnia.pl\/?p=194068\"},\"wordCount\":286,\"commentCount\":0,\"publisher\":{\"@id\":\"https:\/\/www.mojabochnia.pl\/#organization\"},\"image\":{\"@id\":\"https:\/\/www.mojabochnia.pl\/?p=194068#primaryimage\"},\"thumbnailUrl\":\"https:\/\/www.mojabochnia.pl\/wp-content\/uploads\/2011\/10\/1020_zus.jpg\",\"keywords\":[\"ma\u0142opolska\",\"powiat boche\u0144ski\",\"zak\u0142ad ubezpiecze\u0144 spo\u0142ecznych\",\"zus\"],\"articleSection\":[\"polityka i wydarzenia\",\"tematyka\"],\"inLanguage\":\"pl-PL\",\"potentialAction\":[{\"@type\":\"CommentAction\",\"name\":\"Comment\",\"target\":[\"https:\/\/www.mojabochnia.pl\/?p=194068#respond\"]}]},{\"@type\":\"WebPage\",\"@id\":\"https:\/\/www.mojabochnia.pl\/?p=194068\",\"url\":\"https:\/\/www.mojabochnia.pl\/?p=194068\",\"name\":\"Ma\u0142opolska: 19,6 mln dni absencji chorobowej w 2021 roku - mojabochnia.pl - portal informacyjny\",\"isPartOf\":{\"@id\":\"https:\/\/www.mojabochnia.pl\/#website\"},\"primaryImageOfPage\":{\"@id\":\"https:\/\/www.mojabochnia.pl\/?p=194068#primaryimage\"},\"image\":{\"@id\":\"https:\/\/www.mojabochnia.pl\/?p=194068#primaryimage\"},\"thumbnailUrl\":\"https:\/\/www.mojabochnia.pl\/wp-content\/uploads\/2011\/10\/1020_zus.jpg\",\"datePublished\":\"2022-02-14T09:51:36+00:00\",\"dateModified\":\"2022-02-14T10:18:42+00:00\",\"breadcrumb\":{\"@id\":\"https:\/\/www.mojabochnia.pl\/?p=194068#breadcrumb\"},\"inLanguage\":\"pl-PL\",\"potentialAction\":[{\"@type\":\"ReadAction\",\"target\":[\"https:\/\/www.mojabochnia.pl\/?p=194068\"]}]},{\"@type\":\"ImageObject\",\"inLanguage\":\"pl-PL\",\"@id\":\"https:\/\/www.mojabochnia.pl\/?p=194068#primaryimage\",\"url\":\"https:\/\/www.mojabochnia.pl\/wp-content\/uploads\/2011\/10\/1020_zus.jpg\",\"contentUrl\":\"https:\/\/www.mojabochnia.pl\/wp-content\/uploads\/2011\/10\/1020_zus.jpg\",\"width\":800,\"height\":450,\"caption\":\"P. Michalczyk\"},{\"@type\":\"BreadcrumbList\",\"@id\":\"https:\/\/www.mojabochnia.pl\/?p=194068#breadcrumb\",\"itemListElement\":[{\"@type\":\"ListItem\",\"position\":1,\"name\":\"Home\",\"item\":\"https:\/\/www.mojabochnia.pl\/\"},{\"@type\":\"ListItem\",\"position\":2,\"name\":\"Ma\u0142opolska: 19,6 mln dni absencji chorobowej w 2021 roku\"}]},{\"@type\":\"WebSite\",\"@id\":\"https:\/\/www.mojabochnia.pl\/#website\",\"url\":\"https:\/\/www.mojabochnia.pl\/\",\"name\":\"mojabochnia.pl - portal informacyjny\",\"description\":\"mojaBochnia to portal informacyjny o Bochni. Codziennie o Bochni piszemy i pokazujemy najwa\u017cniejsze wydarzenia\",\"publisher\":{\"@id\":\"https:\/\/www.mojabochnia.pl\/#organization\"},\"potentialAction\":[{\"@type\":\"SearchAction\",\"target\":{\"@type\":\"EntryPoint\",\"urlTemplate\":\"https:\/\/www.mojabochnia.pl\/?s={search_term_string}\"},\"query-input\":{\"@type\":\"PropertyValueSpecification\",\"valueRequired\":true,\"valueName\":\"search_term_string\"}}],\"inLanguage\":\"pl-PL\"},{\"@type\":\"Organization\",\"@id\":\"https:\/\/www.mojabochnia.pl\/#organization\",\"name\":\"mojabochnia.pl - portal informacyjny\",\"url\":\"https:\/\/www.mojabochnia.pl\/\",\"logo\":{\"@type\":\"ImageObject\",\"inLanguage\":\"pl-PL\",\"@id\":\"https:\/\/www.mojabochnia.pl\/#\/schema\/logo\/image\/\",\"url\":\"https:\/\/www.mojabochnia.pl\/wp-content\/uploads\/2017\/08\/logo-mb-opt.png\",\"contentUrl\":\"https:\/\/www.mojabochnia.pl\/wp-content\/uploads\/2017\/08\/logo-mb-opt.png\",\"width\":250,\"height\":48,\"caption\":\"mojabochnia.pl - portal informacyjny\"},\"image\":{\"@id\":\"https:\/\/www.mojabochnia.pl\/#\/schema\/logo\/image\/\"},\"sameAs\":[\"https:\/\/www.facebook.com\/mojabochnia\"]},{\"@type\":\"Person\",\"@id\":\"https:\/\/www.mojabochnia.pl\/#\/schema\/person\/d4c758656c81ae00e6496831fe7b0792\",\"name\":\"Marcin Kalinowski\",\"url\":\"https:\/\/www.mojabochnia.pl\/?author=29\"}]}<\/script>\n<!-- \/ Yoast SEO plugin. -->","yoast_head_json":{"title":"Ma\u0142opolska: 19,6 mln dni absencji chorobowej w 2021 roku - mojabochnia.pl - portal informacyjny","robots":{"index":"index","follow":"follow","max-snippet":"max-snippet:-1","max-image-preview":"max-image-preview:large","max-video-preview":"max-video-preview:-1"},"canonical":"https:\/\/www.mojabochnia.pl\/?p=194068","og_locale":"pl_PL","og_type":"article","og_title":"Ma\u0142opolska: 19,6 mln dni absencji chorobowej w 2021 roku - mojabochnia.pl - portal informacyjny","og_description":"W ubieg\u0142ym roku w Ma\u0142opolsce lekarze wystawili osobom ubezpieczonym w ZUS 1,7 mln zwolnie\u0144 lekarskich, na \u0142\u0105czn\u0105 liczb\u0119 niemal 19,6 mln dni absencji chorobowej w pracy. W ca\u0142ym kraju liczba zwolnie\u0144 si\u0119gn\u0119\u0142a 20,5 mln, a przyznano je na 239,9 mln dni. Zwolnienia lekarskie by\u0142y wystawiane przeci\u0119tnie na 11,7 dnia. Ale jedna osoba mo\u017ce otrzyma\u0107 kilka","og_url":"https:\/\/www.mojabochnia.pl\/?p=194068","og_site_name":"mojabochnia.pl - portal informacyjny","article_publisher":"https:\/\/www.facebook.com\/mojabochnia","article_published_time":"2022-02-14T09:51:36+00:00","article_modified_time":"2022-02-14T10:18:42+00:00","og_image":[{"width":800,"height":450,"url":"https:\/\/www.mojabochnia.pl\/wp-content\/uploads\/2011\/10\/1020_zus.jpg","type":"image\/jpeg"}],"author":"Marcin Kalinowski","twitter_card":"summary_large_image","twitter_misc":{"Written by":"Marcin Kalinowski","Est. reading time":"1 minuta"},"schema":{"@context":"https:\/\/schema.org","@graph":[{"@type":"Article","@id":"https:\/\/www.mojabochnia.pl\/?p=194068#article","isPartOf":{"@id":"https:\/\/www.mojabochnia.pl\/?p=194068"},"author":{"name":"Marcin Kalinowski","@id":"https:\/\/www.mojabochnia.pl\/#\/schema\/person\/d4c758656c81ae00e6496831fe7b0792"},"headline":"Ma\u0142opolska: 19,6 mln dni absencji chorobowej w 2021 roku","datePublished":"2022-02-14T09:51:36+00:00","dateModified":"2022-02-14T10:18:42+00:00","mainEntityOfPage":{"@id":"https:\/\/www.mojabochnia.pl\/?p=194068"},"wordCount":286,"commentCount":0,"publisher":{"@id":"https:\/\/www.mojabochnia.pl\/#organization"},"image":{"@id":"https:\/\/www.mojabochnia.pl\/?p=194068#primaryimage"},"thumbnailUrl":"https:\/\/www.mojabochnia.pl\/wp-content\/uploads\/2011\/10\/1020_zus.jpg","keywords":["ma\u0142opolska","powiat boche\u0144ski","zak\u0142ad ubezpiecze\u0144 spo\u0142ecznych","zus"],"articleSection":["polityka i wydarzenia","tematyka"],"inLanguage":"pl-PL","potentialAction":[{"@type":"CommentAction","name":"Comment","target":["https:\/\/www.mojabochnia.pl\/?p=194068#respond"]}]},{"@type":"WebPage","@id":"https:\/\/www.mojabochnia.pl\/?p=194068","url":"https:\/\/www.mojabochnia.pl\/?p=194068","name":"Ma\u0142opolska: 19,6 mln dni absencji chorobowej w 2021 roku - mojabochnia.pl - portal informacyjny","isPartOf":{"@id":"https:\/\/www.mojabochnia.pl\/#website"},"primaryImageOfPage":{"@id":"https:\/\/www.mojabochnia.pl\/?p=194068#primaryimage"},"image":{"@id":"https:\/\/www.mojabochnia.pl\/?p=194068#primaryimage"},"thumbnailUrl":"https:\/\/www.mojabochnia.pl\/wp-content\/uploads\/2011\/10\/1020_zus.jpg","datePublished":"2022-02-14T09:51:36+00:00","dateModified":"2022-02-14T10:18:42+00:00","breadcrumb":{"@id":"https:\/\/www.mojabochnia.pl\/?p=194068#breadcrumb"},"inLanguage":"pl-PL","potentialAction":[{"@type":"ReadAction","target":["https:\/\/www.mojabochnia.pl\/?p=194068"]}]},{"@type":"ImageObject","inLanguage":"pl-PL","@id":"https:\/\/www.mojabochnia.pl\/?p=194068#primaryimage","url":"https:\/\/www.mojabochnia.pl\/wp-content\/uploads\/2011\/10\/1020_zus.jpg","contentUrl":"https:\/\/www.mojabochnia.pl\/wp-content\/uploads\/2011\/10\/1020_zus.jpg","width":800,"height":450,"caption":"P. Michalczyk"},{"@type":"BreadcrumbList","@id":"https:\/\/www.mojabochnia.pl\/?p=194068#breadcrumb","itemListElement":[{"@type":"ListItem","position":1,"name":"Home","item":"https:\/\/www.mojabochnia.pl\/"},{"@type":"ListItem","position":2,"name":"Ma\u0142opolska: 19,6 mln dni absencji chorobowej w 2021 roku"}]},{"@type":"WebSite","@id":"https:\/\/www.mojabochnia.pl\/#website","url":"https:\/\/www.mojabochnia.pl\/","name":"mojabochnia.pl - portal informacyjny","description":"mojaBochnia to portal informacyjny o Bochni. Codziennie o Bochni piszemy i pokazujemy najwa\u017cniejsze wydarzenia","publisher":{"@id":"https:\/\/www.mojabochnia.pl\/#organization"},"potentialAction":[{"@type":"SearchAction","target":{"@type":"EntryPoint","urlTemplate":"https:\/\/www.mojabochnia.pl\/?s={search_term_string}"},"query-input":{"@type":"PropertyValueSpecification","valueRequired":true,"valueName":"search_term_string"}}],"inLanguage":"pl-PL"},{"@type":"Organization","@id":"https:\/\/www.mojabochnia.pl\/#organization","name":"mojabochnia.pl - portal informacyjny","url":"https:\/\/www.mojabochnia.pl\/","logo":{"@type":"ImageObject","inLanguage":"pl-PL","@id":"https:\/\/www.mojabochnia.pl\/#\/schema\/logo\/image\/","url":"https:\/\/www.mojabochnia.pl\/wp-content\/uploads\/2017\/08\/logo-mb-opt.png","contentUrl":"https:\/\/www.mojabochnia.pl\/wp-content\/uploads\/2017\/08\/logo-mb-opt.png","width":250,"height":48,"caption":"mojabochnia.pl - portal informacyjny"},"image":{"@id":"https:\/\/www.mojabochnia.pl\/#\/schema\/logo\/image\/"},"sameAs":["https:\/\/www.facebook.com\/mojabochnia"]},{"@type":"Person","@id":"https:\/\/www.mojabochnia.pl\/#\/schema\/person\/d4c758656c81ae00e6496831fe7b0792","name":"Marcin Kalinowski","url":"https:\/\/www.mojabochnia.pl\/?author=29"}]}},"_links":{"self":[{"href":"https:\/\/www.mojabochnia.pl\/index.php?rest_route=\/wp\/v2\/posts\/194068","targetHints":{"allow":["GET"]}}],"collection":[{"href":"https:\/\/www.mojabochnia.pl\/index.php?rest_route=\/wp\/v2\/posts"}],"about":[{"href":"https:\/\/www.mojabochnia.pl\/index.php?rest_route=\/wp\/v2\/types\/post"}],"author":[{"embeddable":true,"href":"https:\/\/www.mojabochnia.pl\/index.php?rest_route=\/wp\/v2\/users\/29"}],"replies":[{"embeddable":true,"href":"https:\/\/www.mojabochnia.pl\/index.php?rest_route=%2Fwp%2Fv2%2Fcomments&post=194068"}],"version-history":[{"count":2,"href":"https:\/\/www.mojabochnia.pl\/index.php?rest_route=\/wp\/v2\/posts\/194068\/revisions"}],"predecessor-version":[{"id":194088,"href":"https:\/\/www.mojabochnia.pl\/index.php?rest_route=\/wp\/v2\/posts\/194068\/revisions\/194088"}],"wp:featuredmedia":[{"embeddable":true,"href":"https:\/\/www.mojabochnia.pl\/index.php?rest_route=\/wp\/v2\/media\/62303"}],"wp:attachment":[{"href":"https:\/\/www.mojabochnia.pl\/index.php?rest_route=%2Fwp%2Fv2%2Fmedia&parent=194068"}],"wp:term":[{"taxonomy":"category","embeddable":true,"href":"https:\/\/www.mojabochnia.pl\/index.php?rest_route=%2Fwp%2Fv2%2Fcategories&post=194068"},{"taxonomy":"post_tag","embeddable":true,"href":"https:\/\/www.mojabochnia.pl\/index.php?rest_route=%2Fwp%2Fv2%2Ftags&post=194068"}],"curies":[{"name":"wp","href":"https:\/\/api.w.org\/{rel}","templated":true}]}}