{"id":1940,"date":"2008-10-07T07:03:14","date_gmt":"2008-10-07T05:03:14","guid":{"rendered":"http:\/\/www.mojabochnia.pl\/?p=1940"},"modified":"2009-04-16T12:58:36","modified_gmt":"2009-04-16T10:58:36","slug":"droga-kn2-bedzie-aleja-jana-pawla-ii","status":"publish","type":"post","link":"https:\/\/www.mojabochnia.pl\/?p=1940","title":{"rendered":"Droga KN2 b\u0119dzie Alej\u0105 Jana Paw\u0142a II?"},"content":{"rendered":"<p>Obwodnica p\u00f3\u0142nocno-zachodnia jeszcze nie powsta\u0142a, ma by\u0107 gotowa w po\u0142owie 2010 r., jednak radny Maciej Fischer ju\u017c teraz proponuje nazw\u0119 tego wa\u017cnego dla miasta ci\u0105gu. Sw\u00f3j postulat zg\u0142osi\u0142 w formie interpelacji. \u2013 <em>Pomys\u0142 ten zrodzi\u0142 si\u0119 w \u015brodowisku przyparafialnym po ostatniej rocznicy \u015bmierci Jana Paw\u0142a II. Jest on niew\u0105tpliwie s\u0142uszny<\/em> \u2013 m\u00f3wi radny. Dodaje on, \u017ce Aleja Jana Paw\u0142a II b\u0119dzie w przysz\u0142o\u015bci ulic\u0105 r\u00f3wnie reprezentacyjn\u0105, jak obecnie ul. Kazimierza Wielkiego.  <\/p>\n<p>Gustaw Korta, wiceburmistrz Bochni, uwa\u017ca pomys\u0142 radnego za bardzo dobry. \u2013 <em>My\u015bl\u0119, \u017ce nazwanie naszej zasadniczej w tej chwili ulicy, kt\u00f3ra powstanie i b\u0119dzie \u0142\u0105czy\u0107 cz\u0119\u015b\u0107 zachodni\u0105 miasta z cz\u0119\u015bci\u0105 p\u00f3\u0142nocn\u0105 i wschodni\u0105, nazwanie tej ulicy imieniem tego znakomitego Polaka jest bardzo dobrym pomys\u0142em<\/em> \u2013 m\u00f3wi wiceburmistrz. <\/p>\n<p>Tzw. droga KN2 czyli obwodnica p\u00f3\u0142nocno-zachodnia Bochni b\u0119dzie \u0142\u0105czy\u0107 os. Niepodleg\u0142o\u015bci z ul. Proszowsk\u0105. Budowa ma by\u0107 rozpocz\u0119ta jeszcze przed zim\u0105.<\/p>\n","protected":false},"excerpt":{"rendered":"<p>Tzw. droga KN2 w Bochni powinna nosi\u0107 nazw\u0119 \u201eAleja Jana Paw\u0142a II\u201d \u2013 uwa\u017ca radny Maciej Fischer. Sw\u00f3j postulat zg\u0142osi\u0142 w formie interpelacji. <\/p>\n","protected":false},"author":4,"featured_media":0,"comment_status":"open","ping_status":"closed","sticky":false,"template":"","format":"standard","meta":{"_acf_changed":false,"footnotes":""},"categories":[5,11],"tags":[1074,232,17216,281,722,17386,17245,839,17414,1077,17415],"class_list":["post-1940","post","type-post","status-publish","format-standard","hentry","category-biezace-wydarzenia","category-top-temat","tag-aleja-jana-pawla-ii","tag-gustaw-korta","tag-inwestycja","tag-jan-pawel-ii","tag-kn2","tag-maciej-fischer","tag-obwodnica","tag-obwodnica-polnocno-zachodnia","tag-os-niepodleglosci","tag-ul-kazimierza-wielkiego","tag-ul-proszowska"],"acf":[],"yoast_head":"<!-- This site is optimized with the Yoast SEO plugin v26.9 - https:\/\/yoast.com\/product\/yoast-seo-wordpress\/ -->\n<title>Droga KN2 b\u0119dzie Alej\u0105 Jana Paw\u0142a II? - mojabochnia.pl - portal informacyjny<\/title>\n<meta name=\"robots\" content=\"index, follow, max-snippet:-1, max-image-preview:large, max-video-preview:-1\" \/>\n<link rel=\"canonical\" href=\"https:\/\/www.mojabochnia.pl\/?p=1940\" \/>\n<meta property=\"og:locale\" content=\"pl_PL\" \/>\n<meta property=\"og:type\" content=\"article\" \/>\n<meta property=\"og:title\" content=\"Droga KN2 b\u0119dzie Alej\u0105 Jana Paw\u0142a II? - mojabochnia.pl - portal informacyjny\" \/>\n<meta property=\"og:description\" content=\"Tzw. droga KN2 w Bochni powinna nosi\u0107 nazw\u0119 \u201eAleja Jana Paw\u0142a II\u201d \u2013 uwa\u017ca radny Maciej Fischer. Sw\u00f3j postulat zg\u0142osi\u0142 w formie interpelacji.\" \/>\n<meta property=\"og:url\" content=\"https:\/\/www.mojabochnia.pl\/?p=1940\" \/>\n<meta property=\"og:site_name\" content=\"mojabochnia.pl - portal informacyjny\" \/>\n<meta property=\"article:publisher\" content=\"https:\/\/www.facebook.com\/mojabochnia\" \/>\n<meta property=\"article:published_time\" content=\"2008-10-07T05:03:14+00:00\" \/>\n<meta property=\"article:modified_time\" content=\"2009-04-16T10:58:36+00:00\" \/>\n<meta name=\"author\" content=\"Pawe\u0142 Michalczyk\" \/>\n<meta name=\"twitter:card\" content=\"summary_large_image\" \/>\n<meta name=\"twitter:label1\" content=\"Written by\" \/>\n\t<meta name=\"twitter:data1\" content=\"Pawe\u0142 Michalczyk\" \/>\n\t<meta name=\"twitter:label2\" content=\"Est. reading time\" \/>\n\t<meta name=\"twitter:data2\" content=\"1 minuta\" \/>\n<script type=\"application\/ld+json\" class=\"yoast-schema-graph\">{\"@context\":\"https:\/\/schema.org\",\"@graph\":[{\"@type\":\"Article\",\"@id\":\"https:\/\/www.mojabochnia.pl\/?p=1940#article\",\"isPartOf\":{\"@id\":\"https:\/\/www.mojabochnia.pl\/?p=1940\"},\"author\":{\"name\":\"Pawe\u0142 Michalczyk\",\"@id\":\"https:\/\/www.mojabochnia.pl\/#\/schema\/person\/ea042e4724a77627963f02166828ead4\"},\"headline\":\"Droga KN2 b\u0119dzie Alej\u0105 Jana Paw\u0142a II?\",\"datePublished\":\"2008-10-07T05:03:14+00:00\",\"dateModified\":\"2009-04-16T10:58:36+00:00\",\"mainEntityOfPage\":{\"@id\":\"https:\/\/www.mojabochnia.pl\/?p=1940\"},\"wordCount\":172,\"commentCount\":1,\"publisher\":{\"@id\":\"https:\/\/www.mojabochnia.pl\/#organization\"},\"keywords\":[\"aleja jana paw\u0142a ii\",\"gustaw korta\",\"inwestycja\",\"jan pawe\u0142 II\",\"KN2\",\"maciej fischer\",\"obwodnica\",\"obwodnica p\u00f3\u0142nocno-zachodnia\",\"os. niepodleg\u0142o\u015bci\",\"ul. kazimierza wielkiego\",\"ul. proszowska\"],\"articleSection\":[\"2_ostatnie\",\"3_w centrum uwagi\"],\"inLanguage\":\"pl-PL\",\"potentialAction\":[{\"@type\":\"CommentAction\",\"name\":\"Comment\",\"target\":[\"https:\/\/www.mojabochnia.pl\/?p=1940#respond\"]}]},{\"@type\":\"WebPage\",\"@id\":\"https:\/\/www.mojabochnia.pl\/?p=1940\",\"url\":\"https:\/\/www.mojabochnia.pl\/?p=1940\",\"name\":\"Droga KN2 b\u0119dzie Alej\u0105 Jana Paw\u0142a II? - mojabochnia.pl - portal informacyjny\",\"isPartOf\":{\"@id\":\"https:\/\/www.mojabochnia.pl\/#website\"},\"datePublished\":\"2008-10-07T05:03:14+00:00\",\"dateModified\":\"2009-04-16T10:58:36+00:00\",\"breadcrumb\":{\"@id\":\"https:\/\/www.mojabochnia.pl\/?p=1940#breadcrumb\"},\"inLanguage\":\"pl-PL\",\"potentialAction\":[{\"@type\":\"ReadAction\",\"target\":[\"https:\/\/www.mojabochnia.pl\/?p=1940\"]}]},{\"@type\":\"BreadcrumbList\",\"@id\":\"https:\/\/www.mojabochnia.pl\/?p=1940#breadcrumb\",\"itemListElement\":[{\"@type\":\"ListItem\",\"position\":1,\"name\":\"Home\",\"item\":\"https:\/\/www.mojabochnia.pl\/\"},{\"@type\":\"ListItem\",\"position\":2,\"name\":\"Droga KN2 b\u0119dzie Alej\u0105 Jana Paw\u0142a II?\"}]},{\"@type\":\"WebSite\",\"@id\":\"https:\/\/www.mojabochnia.pl\/#website\",\"url\":\"https:\/\/www.mojabochnia.pl\/\",\"name\":\"mojabochnia.pl - portal informacyjny\",\"description\":\"mojaBochnia to portal informacyjny o Bochni. Codziennie o Bochni piszemy i pokazujemy najwa\u017cniejsze wydarzenia\",\"publisher\":{\"@id\":\"https:\/\/www.mojabochnia.pl\/#organization\"},\"potentialAction\":[{\"@type\":\"SearchAction\",\"target\":{\"@type\":\"EntryPoint\",\"urlTemplate\":\"https:\/\/www.mojabochnia.pl\/?s={search_term_string}\"},\"query-input\":{\"@type\":\"PropertyValueSpecification\",\"valueRequired\":true,\"valueName\":\"search_term_string\"}}],\"inLanguage\":\"pl-PL\"},{\"@type\":\"Organization\",\"@id\":\"https:\/\/www.mojabochnia.pl\/#organization\",\"name\":\"mojabochnia.pl - portal informacyjny\",\"url\":\"https:\/\/www.mojabochnia.pl\/\",\"logo\":{\"@type\":\"ImageObject\",\"inLanguage\":\"pl-PL\",\"@id\":\"https:\/\/www.mojabochnia.pl\/#\/schema\/logo\/image\/\",\"url\":\"https:\/\/www.mojabochnia.pl\/wp-content\/uploads\/2017\/08\/logo-mb-opt.png\",\"contentUrl\":\"https:\/\/www.mojabochnia.pl\/wp-content\/uploads\/2017\/08\/logo-mb-opt.png\",\"width\":250,\"height\":48,\"caption\":\"mojabochnia.pl - portal informacyjny\"},\"image\":{\"@id\":\"https:\/\/www.mojabochnia.pl\/#\/schema\/logo\/image\/\"},\"sameAs\":[\"https:\/\/www.facebook.com\/mojabochnia\"]},{\"@type\":\"Person\",\"@id\":\"https:\/\/www.mojabochnia.pl\/#\/schema\/person\/ea042e4724a77627963f02166828ead4\",\"name\":\"Pawe\u0142 Michalczyk\",\"url\":\"https:\/\/www.mojabochnia.pl\/?author=4\"}]}<\/script>\n<!-- \/ Yoast SEO plugin. -->","yoast_head_json":{"title":"Droga KN2 b\u0119dzie Alej\u0105 Jana Paw\u0142a II? - mojabochnia.pl - portal informacyjny","robots":{"index":"index","follow":"follow","max-snippet":"max-snippet:-1","max-image-preview":"max-image-preview:large","max-video-preview":"max-video-preview:-1"},"canonical":"https:\/\/www.mojabochnia.pl\/?p=1940","og_locale":"pl_PL","og_type":"article","og_title":"Droga KN2 b\u0119dzie Alej\u0105 Jana Paw\u0142a II? - mojabochnia.pl - portal informacyjny","og_description":"Tzw. droga KN2 w Bochni powinna nosi\u0107 nazw\u0119 \u201eAleja Jana Paw\u0142a II\u201d \u2013 uwa\u017ca radny Maciej Fischer. Sw\u00f3j postulat zg\u0142osi\u0142 w formie interpelacji.","og_url":"https:\/\/www.mojabochnia.pl\/?p=1940","og_site_name":"mojabochnia.pl - portal informacyjny","article_publisher":"https:\/\/www.facebook.com\/mojabochnia","article_published_time":"2008-10-07T05:03:14+00:00","article_modified_time":"2009-04-16T10:58:36+00:00","author":"Pawe\u0142 Michalczyk","twitter_card":"summary_large_image","twitter_misc":{"Written by":"Pawe\u0142 Michalczyk","Est. reading time":"1 minuta"},"schema":{"@context":"https:\/\/schema.org","@graph":[{"@type":"Article","@id":"https:\/\/www.mojabochnia.pl\/?p=1940#article","isPartOf":{"@id":"https:\/\/www.mojabochnia.pl\/?p=1940"},"author":{"name":"Pawe\u0142 Michalczyk","@id":"https:\/\/www.mojabochnia.pl\/#\/schema\/person\/ea042e4724a77627963f02166828ead4"},"headline":"Droga KN2 b\u0119dzie Alej\u0105 Jana Paw\u0142a II?","datePublished":"2008-10-07T05:03:14+00:00","dateModified":"2009-04-16T10:58:36+00:00","mainEntityOfPage":{"@id":"https:\/\/www.mojabochnia.pl\/?p=1940"},"wordCount":172,"commentCount":1,"publisher":{"@id":"https:\/\/www.mojabochnia.pl\/#organization"},"keywords":["aleja jana paw\u0142a ii","gustaw korta","inwestycja","jan pawe\u0142 II","KN2","maciej fischer","obwodnica","obwodnica p\u00f3\u0142nocno-zachodnia","os. niepodleg\u0142o\u015bci","ul. kazimierza wielkiego","ul. proszowska"],"articleSection":["2_ostatnie","3_w centrum uwagi"],"inLanguage":"pl-PL","potentialAction":[{"@type":"CommentAction","name":"Comment","target":["https:\/\/www.mojabochnia.pl\/?p=1940#respond"]}]},{"@type":"WebPage","@id":"https:\/\/www.mojabochnia.pl\/?p=1940","url":"https:\/\/www.mojabochnia.pl\/?p=1940","name":"Droga KN2 b\u0119dzie Alej\u0105 Jana Paw\u0142a II? - mojabochnia.pl - portal informacyjny","isPartOf":{"@id":"https:\/\/www.mojabochnia.pl\/#website"},"datePublished":"2008-10-07T05:03:14+00:00","dateModified":"2009-04-16T10:58:36+00:00","breadcrumb":{"@id":"https:\/\/www.mojabochnia.pl\/?p=1940#breadcrumb"},"inLanguage":"pl-PL","potentialAction":[{"@type":"ReadAction","target":["https:\/\/www.mojabochnia.pl\/?p=1940"]}]},{"@type":"BreadcrumbList","@id":"https:\/\/www.mojabochnia.pl\/?p=1940#breadcrumb","itemListElement":[{"@type":"ListItem","position":1,"name":"Home","item":"https:\/\/www.mojabochnia.pl\/"},{"@type":"ListItem","position":2,"name":"Droga KN2 b\u0119dzie Alej\u0105 Jana Paw\u0142a II?"}]},{"@type":"WebSite","@id":"https:\/\/www.mojabochnia.pl\/#website","url":"https:\/\/www.mojabochnia.pl\/","name":"mojabochnia.pl - portal informacyjny","description":"mojaBochnia to portal informacyjny o Bochni. Codziennie o Bochni piszemy i pokazujemy najwa\u017cniejsze wydarzenia","publisher":{"@id":"https:\/\/www.mojabochnia.pl\/#organization"},"potentialAction":[{"@type":"SearchAction","target":{"@type":"EntryPoint","urlTemplate":"https:\/\/www.mojabochnia.pl\/?s={search_term_string}"},"query-input":{"@type":"PropertyValueSpecification","valueRequired":true,"valueName":"search_term_string"}}],"inLanguage":"pl-PL"},{"@type":"Organization","@id":"https:\/\/www.mojabochnia.pl\/#organization","name":"mojabochnia.pl - portal informacyjny","url":"https:\/\/www.mojabochnia.pl\/","logo":{"@type":"ImageObject","inLanguage":"pl-PL","@id":"https:\/\/www.mojabochnia.pl\/#\/schema\/logo\/image\/","url":"https:\/\/www.mojabochnia.pl\/wp-content\/uploads\/2017\/08\/logo-mb-opt.png","contentUrl":"https:\/\/www.mojabochnia.pl\/wp-content\/uploads\/2017\/08\/logo-mb-opt.png","width":250,"height":48,"caption":"mojabochnia.pl - portal informacyjny"},"image":{"@id":"https:\/\/www.mojabochnia.pl\/#\/schema\/logo\/image\/"},"sameAs":["https:\/\/www.facebook.com\/mojabochnia"]},{"@type":"Person","@id":"https:\/\/www.mojabochnia.pl\/#\/schema\/person\/ea042e4724a77627963f02166828ead4","name":"Pawe\u0142 Michalczyk","url":"https:\/\/www.mojabochnia.pl\/?author=4"}]}},"_links":{"self":[{"href":"https:\/\/www.mojabochnia.pl\/index.php?rest_route=\/wp\/v2\/posts\/1940","targetHints":{"allow":["GET"]}}],"collection":[{"href":"https:\/\/www.mojabochnia.pl\/index.php?rest_route=\/wp\/v2\/posts"}],"about":[{"href":"https:\/\/www.mojabochnia.pl\/index.php?rest_route=\/wp\/v2\/types\/post"}],"author":[{"embeddable":true,"href":"https:\/\/www.mojabochnia.pl\/index.php?rest_route=\/wp\/v2\/users\/4"}],"replies":[{"embeddable":true,"href":"https:\/\/www.mojabochnia.pl\/index.php?rest_route=%2Fwp%2Fv2%2Fcomments&post=1940"}],"version-history":[{"count":0,"href":"https:\/\/www.mojabochnia.pl\/index.php?rest_route=\/wp\/v2\/posts\/1940\/revisions"}],"wp:attachment":[{"href":"https:\/\/www.mojabochnia.pl\/index.php?rest_route=%2Fwp%2Fv2%2Fmedia&parent=1940"}],"wp:term":[{"taxonomy":"category","embeddable":true,"href":"https:\/\/www.mojabochnia.pl\/index.php?rest_route=%2Fwp%2Fv2%2Fcategories&post=1940"},{"taxonomy":"post_tag","embeddable":true,"href":"https:\/\/www.mojabochnia.pl\/index.php?rest_route=%2Fwp%2Fv2%2Ftags&post=1940"}],"curies":[{"name":"wp","href":"https:\/\/api.w.org\/{rel}","templated":true}]}}