{"id":193852,"date":"2022-02-01T07:37:22","date_gmt":"2022-02-01T06:37:22","guid":{"rendered":"https:\/\/www.mojabochnia.pl\/?p=193852"},"modified":"2022-02-01T07:37:22","modified_gmt":"2022-02-01T06:37:22","slug":"zus-juz-wyplaca-swiadczenia-500-plus","status":"publish","type":"post","link":"https:\/\/www.mojabochnia.pl\/?p=193852","title":{"rendered":"ZUS ju\u017c wyp\u0142aca \u015bwiadczenia 500 plus"},"content":{"rendered":"<p class=\"v1MsoNormal\"><b>Zak\u0142adu Ubezpiecze\u0144 Spo\u0142ecznych rozpocz\u0105\u0142 wyp\u0142aty pieni\u0119dzy w ramach programu &#8222;Rodzina 500 plus&#8221; &#8211; informuje prof. Gertruda U\u015bci\u0144ska, prezes ZUS.<\/b><\/p>\n<p class=\"v1MsoNormal\"><b>\u00a0<\/b><\/p>\n<p class=\"v1MsoNormal\"><strong>Od 1 stycznia ZUS przyjmuje wnioski o \u015bwiadczenie 500 plus na nowo narodzone dzieci.<\/strong><\/p>\n<p class=\"v1MsoNormal\">Pierwsze pieni\u0105dze zosta\u0142y wyp\u0142acone w czwartek (27 stycznia). Dzie\u0144 p\u00f3\u017aniej (28 stycznia) ZUS przeleje kolejne \u015brodki, co \u0142\u0105cznie daje kwot\u0119 prawie 600 tys. z\u0142otych.<\/p>\n<p class=\"v1MsoNormal\">\u201e<em>Niespe\u0142na miesi\u0105c od przeniesienia programu 500 plus do ZUS wyp\u0142aca ju\u017c \u015brodki.\u00a0 Robimy wszystko, aby te pieni\u0105dze trafi\u0142y do rodzic\u00f3w jak najszybciej. Z naszych statystyk wynika, \u017ce niekt\u00f3re osoby specjalnie czeka\u0142y na mo\u017cliwo\u015b\u0107 z\u0142o\u017cenia wniosku do ZUS o \u015bwiadczenie wychowawcze.\u00a0 Wiemy, \u017ce s\u0105 rodzice, kt\u00f3rzy dope\u0142nili formalno\u015bci kilka minut po p\u00f3\u0142nocy, czyli w Nowy Rok<\/em>\u201d \u2013 m\u00f3wi prof. Gertruda U\u015bci\u0144ska, prezes ZUS.<\/p>\n<p class=\"v1MsoNormal\">Zwraca uwag\u0119, \u017ce mo\u017cliwo\u015b\u0107 z\u0142o\u017cenia wniosk\u00f3w drog\u0105 elektroniczn\u0105 to przede wszystkim ogromna wygoda dla rodzic\u00f3w. \u201eSami\u00a0 oni decyduj\u0105 kiedy to zrobi\u0107: rano, w po\u0142udnie czy wieczorem. Dzi\u0119ki elektronizacji mog\u0105 stara\u0107 si\u0119 o \u015brodki z programu tak\u017ce w weekendy, kiedy tradycyjne odwiedzanie urz\u0119d\u00f3w jest niemo\u017cliwe\u201d \u2013 wskazuje profesor.<\/p>\n<p class=\"v1MsoNormal\">Wnioski na kolejny okres \u015bwiadczeniowy &#8211; od 1 czerwca 2022 r. do 31 maja 2023 r. &#8211; b\u0119dzie mo\u017cna sk\u0142ada\u0107 od 1 lutego 2022 roku.<\/p>\n<p class=\"v1MsoNormal\">Zgodnie z przepisami rodzice, kt\u00f3rym urodzi\u0142o si\u0119 dziecko, maj\u0105 trzy miesi\u0105ce na z\u0142o\u017cenie wniosku o \u015brodki z programu &#8222;Rodzina 500 plus&#8221;. Je\u017celi zrobi\u0105 to w ci\u0105gu trzech miesi\u0119cy od dnia narodzin otrzymaj\u0105 \u015bwiadczenie z wyr\u00f3wnaniem.<\/p>\n<p class=\"v1MsoNormal\">Na przyk\u0142ad rodzice, kt\u00f3rym urodzi\u0142o si\u0119 dziecko w grudniu, mog\u0105 z\u0142o\u017cy\u0107 wniosek o \u015bwiadczenie do ZUS od 1 stycznia 2022 roku i otrzymaj\u0105 \u015brodki z wyr\u00f3wnaniem od narodzin dziecka.<\/p>\n<p class=\"v1MsoNormal\">Rodzice, kt\u00f3rzy ju\u017c pobieraj\u0105 \u015brodki z programu 500 plus nie musz\u0105 si\u0119 \u015bpieszy\u0107 ze z\u0142o\u017ceniem wniosku do ZUS. &#8222;Je\u017celi chc\u0105 otrzymywa\u0107 \u015brodki w kolejnym okresie \u015bwiadczeniowym \u2013 od 1 czerwca 2022 roku do 31 maja 2023 roku &#8211; mog\u0105 z\u0142o\u017cy\u0107 taki wniosek do ZUS od 1 lutego. Wcze\u015bniej nie b\u0119dzie takiej mo\u017cliwo\u015bci.<\/p>\n<p class=\"v1MsoNormal\">Natomiast rodzic, kt\u00f3ry sk\u0142ada wniosek na nowonarodzone dziecko w lutym 2022 r. mo\u017ce z\u0142o\u017cy\u0107 od razu dwa wnioski na dwa okresy \u015bwiadczeniowe, ten trwaj\u0105cy do 31 maja 2022 r. i na okres trwaj\u0105cy od 1 czerwca 2022 r. do 31 maja 2023 roku.<\/p>\n<p class=\"v1MsoNormal\">Wnioski o przyznanie 500 plus od 1 stycznia 2022 r. mo\u017cna przesy\u0142a\u0107 tylko drog\u0105 elektroniczn\u0105 przez Platform\u0119 Us\u0142ug Elektronicznych (PUE) ZUS, bankowo\u015b\u0107 elektroniczn\u0105 i portal Empatia. \u015arodki z programu b\u0119d\u0105 wyp\u0142acane tylko bezgot\u00f3wkowo na wskazany przez wnioskodawc\u0119 numer rachunku bankowego.<\/p>\n<p class=\"v1MsoNormal\">Wa\u017cna zmiana w ustawie dotyczy sposobu prowadzenia post\u0119powa\u0144 w sprawie \u015bwiadczenia wychowawczego &#8211; pisma, informacje i decyzje b\u0119d\u0105 przekazywane w formie elektronicznej za po\u015brednictwem PUE ZUS. W przypadku, gdy na PUE ZUS pojawi si\u0119 wa\u017cna informacja dotycz\u0105ca 500 plus, rodzice otrzymaj\u0105 powiadomienie na maila lub sms.<\/p>\n<p class=\"v1MsoNormal\">Stopniowe przej\u0119cie realizacji programu &#8222;Rodzina 500 plus&#8221; przez ZUS oznacza, \u017ce gminy b\u0119d\u0105 kontynuowa\u0142y wyp\u0142aty \u015bwiadcze\u0144 do ko\u0144ca okresu, na jaki je przyzna\u0142y, czyli do ko\u0144ca maja 2022 roku.<\/p>\n","protected":false},"excerpt":{"rendered":"<p>Zak\u0142adu Ubezpiecze\u0144 Spo\u0142ecznych rozpocz\u0105\u0142 wyp\u0142aty pieni\u0119dzy w ramach programu &#8222;Rodzina 500 plus&#8221; &#8211; informuje prof. Gertruda U\u015bci\u0144ska, prezes ZUS. \u00a0 Od 1 stycznia ZUS przyjmuje wnioski o \u015bwiadczenie 500 plus na nowo narodzone dzieci. Pierwsze pieni\u0105dze zosta\u0142y wyp\u0142acone w czwartek (27 stycznia). Dzie\u0144 p\u00f3\u017aniej (28 stycznia) ZUS przeleje kolejne \u015brodki, co \u0142\u0105cznie daje kwot\u0119 prawie<\/p>\n","protected":false},"author":29,"featured_media":86582,"comment_status":"open","ping_status":"closed","sticky":false,"template":"","format":"standard","meta":{"_acf_changed":false,"footnotes":""},"categories":[6251,6250],"tags":[16623,17127,2923],"class_list":["post-193852","post","type-post","status-publish","format-standard","has-post-thumbnail","hentry","category-polityka-i-wydarzenia","category-tematyka","tag-16623","tag-powiat-bochenski","tag-zaklad-ubezpieczen-spolecznych","main_tag-powiat-bochenski"],"acf":[],"yoast_head":"<!-- This site is optimized with the Yoast SEO plugin v26.9 - https:\/\/yoast.com\/product\/yoast-seo-wordpress\/ -->\n<title>ZUS ju\u017c wyp\u0142aca \u015bwiadczenia 500 plus - mojabochnia.pl - portal informacyjny<\/title>\n<meta name=\"robots\" content=\"index, follow, max-snippet:-1, max-image-preview:large, max-video-preview:-1\" \/>\n<link rel=\"canonical\" href=\"https:\/\/www.mojabochnia.pl\/?p=193852\" \/>\n<meta property=\"og:locale\" content=\"pl_PL\" \/>\n<meta property=\"og:type\" content=\"article\" \/>\n<meta property=\"og:title\" content=\"ZUS ju\u017c wyp\u0142aca \u015bwiadczenia 500 plus - mojabochnia.pl - portal informacyjny\" \/>\n<meta property=\"og:description\" content=\"Zak\u0142adu Ubezpiecze\u0144 Spo\u0142ecznych rozpocz\u0105\u0142 wyp\u0142aty pieni\u0119dzy w ramach programu &#8222;Rodzina 500 plus&#8221; &#8211; informuje prof. Gertruda U\u015bci\u0144ska, prezes ZUS. \u00a0 Od 1 stycznia ZUS przyjmuje wnioski o \u015bwiadczenie 500 plus na nowo narodzone dzieci. Pierwsze pieni\u0105dze zosta\u0142y wyp\u0142acone w czwartek (27 stycznia). Dzie\u0144 p\u00f3\u017aniej (28 stycznia) ZUS przeleje kolejne \u015brodki, co \u0142\u0105cznie daje kwot\u0119 prawie\" \/>\n<meta property=\"og:url\" content=\"https:\/\/www.mojabochnia.pl\/?p=193852\" \/>\n<meta property=\"og:site_name\" content=\"mojabochnia.pl - portal informacyjny\" \/>\n<meta property=\"article:publisher\" content=\"https:\/\/www.facebook.com\/mojabochnia\" \/>\n<meta property=\"article:published_time\" content=\"2022-02-01T06:37:22+00:00\" \/>\n<meta property=\"og:image\" content=\"https:\/\/www.mojabochnia.pl\/wp-content\/uploads\/2013\/03\/1020_zus-6.jpg\" \/>\n\t<meta property=\"og:image:width\" content=\"800\" \/>\n\t<meta property=\"og:image:height\" content=\"450\" \/>\n\t<meta property=\"og:image:type\" content=\"image\/jpeg\" \/>\n<meta name=\"author\" content=\"Marcin Kalinowski\" \/>\n<meta name=\"twitter:card\" content=\"summary_large_image\" \/>\n<meta name=\"twitter:label1\" content=\"Written by\" \/>\n\t<meta name=\"twitter:data1\" content=\"Marcin Kalinowski\" \/>\n\t<meta name=\"twitter:label2\" content=\"Est. reading time\" \/>\n\t<meta name=\"twitter:data2\" content=\"3 minuty\" \/>\n<script type=\"application\/ld+json\" class=\"yoast-schema-graph\">{\"@context\":\"https:\/\/schema.org\",\"@graph\":[{\"@type\":\"Article\",\"@id\":\"https:\/\/www.mojabochnia.pl\/?p=193852#article\",\"isPartOf\":{\"@id\":\"https:\/\/www.mojabochnia.pl\/?p=193852\"},\"author\":{\"name\":\"Marcin Kalinowski\",\"@id\":\"https:\/\/www.mojabochnia.pl\/#\/schema\/person\/d4c758656c81ae00e6496831fe7b0792\"},\"headline\":\"ZUS ju\u017c wyp\u0142aca \u015bwiadczenia 500 plus\",\"datePublished\":\"2022-02-01T06:37:22+00:00\",\"mainEntityOfPage\":{\"@id\":\"https:\/\/www.mojabochnia.pl\/?p=193852\"},\"wordCount\":527,\"commentCount\":0,\"publisher\":{\"@id\":\"https:\/\/www.mojabochnia.pl\/#organization\"},\"image\":{\"@id\":\"https:\/\/www.mojabochnia.pl\/?p=193852#primaryimage\"},\"thumbnailUrl\":\"https:\/\/www.mojabochnia.pl\/wp-content\/uploads\/2013\/03\/1020_zus-6.jpg\",\"keywords\":[\"500+\",\"powiat boche\u0144ski\",\"zak\u0142ad ubezpiecze\u0144 spo\u0142ecznych\"],\"articleSection\":[\"polityka i wydarzenia\",\"tematyka\"],\"inLanguage\":\"pl-PL\",\"potentialAction\":[{\"@type\":\"CommentAction\",\"name\":\"Comment\",\"target\":[\"https:\/\/www.mojabochnia.pl\/?p=193852#respond\"]}]},{\"@type\":\"WebPage\",\"@id\":\"https:\/\/www.mojabochnia.pl\/?p=193852\",\"url\":\"https:\/\/www.mojabochnia.pl\/?p=193852\",\"name\":\"ZUS ju\u017c wyp\u0142aca \u015bwiadczenia 500 plus - mojabochnia.pl - portal informacyjny\",\"isPartOf\":{\"@id\":\"https:\/\/www.mojabochnia.pl\/#website\"},\"primaryImageOfPage\":{\"@id\":\"https:\/\/www.mojabochnia.pl\/?p=193852#primaryimage\"},\"image\":{\"@id\":\"https:\/\/www.mojabochnia.pl\/?p=193852#primaryimage\"},\"thumbnailUrl\":\"https:\/\/www.mojabochnia.pl\/wp-content\/uploads\/2013\/03\/1020_zus-6.jpg\",\"datePublished\":\"2022-02-01T06:37:22+00:00\",\"breadcrumb\":{\"@id\":\"https:\/\/www.mojabochnia.pl\/?p=193852#breadcrumb\"},\"inLanguage\":\"pl-PL\",\"potentialAction\":[{\"@type\":\"ReadAction\",\"target\":[\"https:\/\/www.mojabochnia.pl\/?p=193852\"]}]},{\"@type\":\"ImageObject\",\"inLanguage\":\"pl-PL\",\"@id\":\"https:\/\/www.mojabochnia.pl\/?p=193852#primaryimage\",\"url\":\"https:\/\/www.mojabochnia.pl\/wp-content\/uploads\/2013\/03\/1020_zus-6.jpg\",\"contentUrl\":\"https:\/\/www.mojabochnia.pl\/wp-content\/uploads\/2013\/03\/1020_zus-6.jpg\",\"width\":800,\"height\":450,\"caption\":\"P. Michalczyk\"},{\"@type\":\"BreadcrumbList\",\"@id\":\"https:\/\/www.mojabochnia.pl\/?p=193852#breadcrumb\",\"itemListElement\":[{\"@type\":\"ListItem\",\"position\":1,\"name\":\"Home\",\"item\":\"https:\/\/www.mojabochnia.pl\/\"},{\"@type\":\"ListItem\",\"position\":2,\"name\":\"ZUS ju\u017c wyp\u0142aca \u015bwiadczenia 500 plus\"}]},{\"@type\":\"WebSite\",\"@id\":\"https:\/\/www.mojabochnia.pl\/#website\",\"url\":\"https:\/\/www.mojabochnia.pl\/\",\"name\":\"mojabochnia.pl - portal informacyjny\",\"description\":\"mojaBochnia to portal informacyjny o Bochni. Codziennie o Bochni piszemy i pokazujemy najwa\u017cniejsze wydarzenia\",\"publisher\":{\"@id\":\"https:\/\/www.mojabochnia.pl\/#organization\"},\"potentialAction\":[{\"@type\":\"SearchAction\",\"target\":{\"@type\":\"EntryPoint\",\"urlTemplate\":\"https:\/\/www.mojabochnia.pl\/?s={search_term_string}\"},\"query-input\":{\"@type\":\"PropertyValueSpecification\",\"valueRequired\":true,\"valueName\":\"search_term_string\"}}],\"inLanguage\":\"pl-PL\"},{\"@type\":\"Organization\",\"@id\":\"https:\/\/www.mojabochnia.pl\/#organization\",\"name\":\"mojabochnia.pl - portal informacyjny\",\"url\":\"https:\/\/www.mojabochnia.pl\/\",\"logo\":{\"@type\":\"ImageObject\",\"inLanguage\":\"pl-PL\",\"@id\":\"https:\/\/www.mojabochnia.pl\/#\/schema\/logo\/image\/\",\"url\":\"https:\/\/www.mojabochnia.pl\/wp-content\/uploads\/2017\/08\/logo-mb-opt.png\",\"contentUrl\":\"https:\/\/www.mojabochnia.pl\/wp-content\/uploads\/2017\/08\/logo-mb-opt.png\",\"width\":250,\"height\":48,\"caption\":\"mojabochnia.pl - portal informacyjny\"},\"image\":{\"@id\":\"https:\/\/www.mojabochnia.pl\/#\/schema\/logo\/image\/\"},\"sameAs\":[\"https:\/\/www.facebook.com\/mojabochnia\"]},{\"@type\":\"Person\",\"@id\":\"https:\/\/www.mojabochnia.pl\/#\/schema\/person\/d4c758656c81ae00e6496831fe7b0792\",\"name\":\"Marcin Kalinowski\",\"url\":\"https:\/\/www.mojabochnia.pl\/?author=29\"}]}<\/script>\n<!-- \/ Yoast SEO plugin. -->","yoast_head_json":{"title":"ZUS ju\u017c wyp\u0142aca \u015bwiadczenia 500 plus - mojabochnia.pl - portal informacyjny","robots":{"index":"index","follow":"follow","max-snippet":"max-snippet:-1","max-image-preview":"max-image-preview:large","max-video-preview":"max-video-preview:-1"},"canonical":"https:\/\/www.mojabochnia.pl\/?p=193852","og_locale":"pl_PL","og_type":"article","og_title":"ZUS ju\u017c wyp\u0142aca \u015bwiadczenia 500 plus - mojabochnia.pl - portal informacyjny","og_description":"Zak\u0142adu Ubezpiecze\u0144 Spo\u0142ecznych rozpocz\u0105\u0142 wyp\u0142aty pieni\u0119dzy w ramach programu &#8222;Rodzina 500 plus&#8221; &#8211; informuje prof. Gertruda U\u015bci\u0144ska, prezes ZUS. \u00a0 Od 1 stycznia ZUS przyjmuje wnioski o \u015bwiadczenie 500 plus na nowo narodzone dzieci. Pierwsze pieni\u0105dze zosta\u0142y wyp\u0142acone w czwartek (27 stycznia). Dzie\u0144 p\u00f3\u017aniej (28 stycznia) ZUS przeleje kolejne \u015brodki, co \u0142\u0105cznie daje kwot\u0119 prawie","og_url":"https:\/\/www.mojabochnia.pl\/?p=193852","og_site_name":"mojabochnia.pl - portal informacyjny","article_publisher":"https:\/\/www.facebook.com\/mojabochnia","article_published_time":"2022-02-01T06:37:22+00:00","og_image":[{"width":800,"height":450,"url":"https:\/\/www.mojabochnia.pl\/wp-content\/uploads\/2013\/03\/1020_zus-6.jpg","type":"image\/jpeg"}],"author":"Marcin Kalinowski","twitter_card":"summary_large_image","twitter_misc":{"Written by":"Marcin Kalinowski","Est. reading time":"3 minuty"},"schema":{"@context":"https:\/\/schema.org","@graph":[{"@type":"Article","@id":"https:\/\/www.mojabochnia.pl\/?p=193852#article","isPartOf":{"@id":"https:\/\/www.mojabochnia.pl\/?p=193852"},"author":{"name":"Marcin Kalinowski","@id":"https:\/\/www.mojabochnia.pl\/#\/schema\/person\/d4c758656c81ae00e6496831fe7b0792"},"headline":"ZUS ju\u017c wyp\u0142aca \u015bwiadczenia 500 plus","datePublished":"2022-02-01T06:37:22+00:00","mainEntityOfPage":{"@id":"https:\/\/www.mojabochnia.pl\/?p=193852"},"wordCount":527,"commentCount":0,"publisher":{"@id":"https:\/\/www.mojabochnia.pl\/#organization"},"image":{"@id":"https:\/\/www.mojabochnia.pl\/?p=193852#primaryimage"},"thumbnailUrl":"https:\/\/www.mojabochnia.pl\/wp-content\/uploads\/2013\/03\/1020_zus-6.jpg","keywords":["500+","powiat boche\u0144ski","zak\u0142ad ubezpiecze\u0144 spo\u0142ecznych"],"articleSection":["polityka i wydarzenia","tematyka"],"inLanguage":"pl-PL","potentialAction":[{"@type":"CommentAction","name":"Comment","target":["https:\/\/www.mojabochnia.pl\/?p=193852#respond"]}]},{"@type":"WebPage","@id":"https:\/\/www.mojabochnia.pl\/?p=193852","url":"https:\/\/www.mojabochnia.pl\/?p=193852","name":"ZUS ju\u017c wyp\u0142aca \u015bwiadczenia 500 plus - mojabochnia.pl - portal informacyjny","isPartOf":{"@id":"https:\/\/www.mojabochnia.pl\/#website"},"primaryImageOfPage":{"@id":"https:\/\/www.mojabochnia.pl\/?p=193852#primaryimage"},"image":{"@id":"https:\/\/www.mojabochnia.pl\/?p=193852#primaryimage"},"thumbnailUrl":"https:\/\/www.mojabochnia.pl\/wp-content\/uploads\/2013\/03\/1020_zus-6.jpg","datePublished":"2022-02-01T06:37:22+00:00","breadcrumb":{"@id":"https:\/\/www.mojabochnia.pl\/?p=193852#breadcrumb"},"inLanguage":"pl-PL","potentialAction":[{"@type":"ReadAction","target":["https:\/\/www.mojabochnia.pl\/?p=193852"]}]},{"@type":"ImageObject","inLanguage":"pl-PL","@id":"https:\/\/www.mojabochnia.pl\/?p=193852#primaryimage","url":"https:\/\/www.mojabochnia.pl\/wp-content\/uploads\/2013\/03\/1020_zus-6.jpg","contentUrl":"https:\/\/www.mojabochnia.pl\/wp-content\/uploads\/2013\/03\/1020_zus-6.jpg","width":800,"height":450,"caption":"P. Michalczyk"},{"@type":"BreadcrumbList","@id":"https:\/\/www.mojabochnia.pl\/?p=193852#breadcrumb","itemListElement":[{"@type":"ListItem","position":1,"name":"Home","item":"https:\/\/www.mojabochnia.pl\/"},{"@type":"ListItem","position":2,"name":"ZUS ju\u017c wyp\u0142aca \u015bwiadczenia 500 plus"}]},{"@type":"WebSite","@id":"https:\/\/www.mojabochnia.pl\/#website","url":"https:\/\/www.mojabochnia.pl\/","name":"mojabochnia.pl - portal informacyjny","description":"mojaBochnia to portal informacyjny o Bochni. Codziennie o Bochni piszemy i pokazujemy najwa\u017cniejsze wydarzenia","publisher":{"@id":"https:\/\/www.mojabochnia.pl\/#organization"},"potentialAction":[{"@type":"SearchAction","target":{"@type":"EntryPoint","urlTemplate":"https:\/\/www.mojabochnia.pl\/?s={search_term_string}"},"query-input":{"@type":"PropertyValueSpecification","valueRequired":true,"valueName":"search_term_string"}}],"inLanguage":"pl-PL"},{"@type":"Organization","@id":"https:\/\/www.mojabochnia.pl\/#organization","name":"mojabochnia.pl - portal informacyjny","url":"https:\/\/www.mojabochnia.pl\/","logo":{"@type":"ImageObject","inLanguage":"pl-PL","@id":"https:\/\/www.mojabochnia.pl\/#\/schema\/logo\/image\/","url":"https:\/\/www.mojabochnia.pl\/wp-content\/uploads\/2017\/08\/logo-mb-opt.png","contentUrl":"https:\/\/www.mojabochnia.pl\/wp-content\/uploads\/2017\/08\/logo-mb-opt.png","width":250,"height":48,"caption":"mojabochnia.pl - portal informacyjny"},"image":{"@id":"https:\/\/www.mojabochnia.pl\/#\/schema\/logo\/image\/"},"sameAs":["https:\/\/www.facebook.com\/mojabochnia"]},{"@type":"Person","@id":"https:\/\/www.mojabochnia.pl\/#\/schema\/person\/d4c758656c81ae00e6496831fe7b0792","name":"Marcin Kalinowski","url":"https:\/\/www.mojabochnia.pl\/?author=29"}]}},"_links":{"self":[{"href":"https:\/\/www.mojabochnia.pl\/index.php?rest_route=\/wp\/v2\/posts\/193852","targetHints":{"allow":["GET"]}}],"collection":[{"href":"https:\/\/www.mojabochnia.pl\/index.php?rest_route=\/wp\/v2\/posts"}],"about":[{"href":"https:\/\/www.mojabochnia.pl\/index.php?rest_route=\/wp\/v2\/types\/post"}],"author":[{"embeddable":true,"href":"https:\/\/www.mojabochnia.pl\/index.php?rest_route=\/wp\/v2\/users\/29"}],"replies":[{"embeddable":true,"href":"https:\/\/www.mojabochnia.pl\/index.php?rest_route=%2Fwp%2Fv2%2Fcomments&post=193852"}],"version-history":[{"count":1,"href":"https:\/\/www.mojabochnia.pl\/index.php?rest_route=\/wp\/v2\/posts\/193852\/revisions"}],"predecessor-version":[{"id":193854,"href":"https:\/\/www.mojabochnia.pl\/index.php?rest_route=\/wp\/v2\/posts\/193852\/revisions\/193854"}],"wp:featuredmedia":[{"embeddable":true,"href":"https:\/\/www.mojabochnia.pl\/index.php?rest_route=\/wp\/v2\/media\/86582"}],"wp:attachment":[{"href":"https:\/\/www.mojabochnia.pl\/index.php?rest_route=%2Fwp%2Fv2%2Fmedia&parent=193852"}],"wp:term":[{"taxonomy":"category","embeddable":true,"href":"https:\/\/www.mojabochnia.pl\/index.php?rest_route=%2Fwp%2Fv2%2Fcategories&post=193852"},{"taxonomy":"post_tag","embeddable":true,"href":"https:\/\/www.mojabochnia.pl\/index.php?rest_route=%2Fwp%2Fv2%2Ftags&post=193852"}],"curies":[{"name":"wp","href":"https:\/\/api.w.org\/{rel}","templated":true}]}}