{"id":193842,"date":"2022-02-01T06:30:24","date_gmt":"2022-02-01T05:30:24","guid":{"rendered":"https:\/\/www.mojabochnia.pl\/?p=193842"},"modified":"2022-02-01T07:29:39","modified_gmt":"2022-02-01T06:29:39","slug":"jozefa-szczurek-zelasko-nowa-komenda-policji-w-brzesku-z-dotacja-40-milionow-zlotych","status":"publish","type":"post","link":"https:\/\/www.mojabochnia.pl\/?p=193842","title":{"rendered":"J\u00f3zefa Szczurek-\u017belasko: Nowa komenda Policji w Brzesku z dotacj\u0105 40 milion\u00f3w z\u0142otych"},"content":{"rendered":"<p><strong>Blisko 40 mln z\u0142 zosta\u0142o przeznaczone na budow\u0119 nowej komendy w Brzesku. O przyznaniu dotacji poinformowa\u0142a pose\u0142 J\u00f3zefa Szczurek-\u017belazko podczas wczorajszej konferencji prasowej.<\/strong><\/p>\n<p>&#8211; <em>Bardzo zale\u017ca\u0142o mi, aby te \u015brodki trafi\u0142y do Brzeska. St\u0105d moje dzia\u0142ania w tej sprawie. Obecny budynek policji nie spe\u0142nia standard\u00f3w. Nowa komenda\u00a0 powstanie w s\u0105siedztwie brzeskiego szpitala, w tym rejonie planowana jest tak\u017ce w przysz\u0142o\u015bci komenda stra\u017cy po\u017carnej<\/em> \u2013 m\u00f3wi J\u00f3zefa Szczurek-\u017belazko.<\/p>\n<p>\u015arodki na budow\u0119 komendy pochodz\u0105 z \u201eProgramu modernizacji Policji, Stra\u017cy Granicznej, Pa\u0144stwowej Stra\u017cy Po\u017carnej i S\u0142u\u017cby Ochrony Pa\u0144stwa w latach 2022-2025\u201d, , w kt\u00f3rym na modernizacj\u0119 s\u0142u\u017cb mundurowych przewidziano ponad 10 mld z\u0142otych. Dla policji zostanie przeznaczone 6, 4 mld z\u0142otych, a na same inwestycje budowlane\u00a0 w tym mi\u0119dzy innymi\u00a0 now\u0105 komend\u0119 w Brzesku\u00a0 &#8211; 1,6 mld.<\/p>\n<p>Inwestorem budowy komendy b\u0119dzie KW Policji w Krakowie.\u00a0 Niebawem zostanie og\u0142oszony przetarg na realizacj\u0119 zadania.\u00a0 Nowa siedziba brzeskiej policji\u00a0 powstanie na dzia\u0142ce nale\u017c\u0105cej do powiatu. Projekt na realizacje inwestycji jest ju\u017c gotowy, podobnie jak wszystkie konieczne zezwolenia.<\/p>\n<p>&#8211;<em> Ciesz\u0119 si\u0119, \u017ce inwestycja o kt\u00f3r\u0105 zabiegano od lat, b\u0119dzie realizowana, r\u00f3wnie\u017c dzi\u0119ki moim staraniom<\/em> &#8211; powiedzia\u0142a pos\u0142anka J\u00f3zefa Szczurek \u017belasko.<\/p>\n<p>&nbsp;<\/p>\n","protected":false},"excerpt":{"rendered":"<p>Blisko 40 mln z\u0142 zosta\u0142o przeznaczone na budow\u0119 nowej komendy w Brzesku. O przyznaniu dotacji poinformowa\u0142a pose\u0142 J\u00f3zefa Szczurek-\u017belazko podczas wczorajszej konferencji prasowej. &#8211; Bardzo zale\u017ca\u0142o mi, aby te \u015brodki trafi\u0142y do Brzeska. St\u0105d moje dzia\u0142ania w tej sprawie. Obecny budynek policji nie spe\u0142nia standard\u00f3w. Nowa komenda\u00a0 powstanie w s\u0105siedztwie brzeskiego szpitala, w tym rejonie<\/p>\n","protected":false},"author":29,"featured_media":169739,"comment_status":"open","ping_status":"closed","sticky":false,"template":"","format":"standard","meta":{"_acf_changed":false,"footnotes":""},"categories":[6251,6250],"tags":[120,16604,17155],"class_list":["post-193842","post","type-post","status-publish","format-standard","has-post-thumbnail","hentry","category-polityka-i-wydarzenia","category-tematyka","tag-brzesko","tag-jozefa-szczurek-zelazko","tag-policja","main_tag-brzesko-2"],"acf":[],"yoast_head":"<!-- This site is optimized with the Yoast SEO plugin v26.9 - https:\/\/yoast.com\/product\/yoast-seo-wordpress\/ -->\n<title>J\u00f3zefa Szczurek-\u017belasko: Nowa komenda Policji w Brzesku z dotacj\u0105 40 milion\u00f3w z\u0142otych - mojabochnia.pl - portal informacyjny<\/title>\n<meta name=\"robots\" content=\"index, follow, max-snippet:-1, max-image-preview:large, max-video-preview:-1\" \/>\n<link rel=\"canonical\" href=\"https:\/\/www.mojabochnia.pl\/?p=193842\" \/>\n<meta property=\"og:locale\" content=\"pl_PL\" \/>\n<meta property=\"og:type\" content=\"article\" \/>\n<meta property=\"og:title\" content=\"J\u00f3zefa Szczurek-\u017belasko: Nowa komenda Policji w Brzesku z dotacj\u0105 40 milion\u00f3w z\u0142otych - mojabochnia.pl - portal informacyjny\" \/>\n<meta property=\"og:description\" content=\"Blisko 40 mln z\u0142 zosta\u0142o przeznaczone na budow\u0119 nowej komendy w Brzesku. O przyznaniu dotacji poinformowa\u0142a pose\u0142 J\u00f3zefa Szczurek-\u017belazko podczas wczorajszej konferencji prasowej. &#8211; Bardzo zale\u017ca\u0142o mi, aby te \u015brodki trafi\u0142y do Brzeska. St\u0105d moje dzia\u0142ania w tej sprawie. Obecny budynek policji nie spe\u0142nia standard\u00f3w. Nowa komenda\u00a0 powstanie w s\u0105siedztwie brzeskiego szpitala, w tym rejonie\" \/>\n<meta property=\"og:url\" content=\"https:\/\/www.mojabochnia.pl\/?p=193842\" \/>\n<meta property=\"og:site_name\" content=\"mojabochnia.pl - portal informacyjny\" \/>\n<meta property=\"article:publisher\" content=\"https:\/\/www.facebook.com\/mojabochnia\" \/>\n<meta property=\"article:published_time\" content=\"2022-02-01T05:30:24+00:00\" \/>\n<meta property=\"article:modified_time\" content=\"2022-02-01T06:29:39+00:00\" \/>\n<meta property=\"og:image\" content=\"https:\/\/www.mojabochnia.pl\/wp-content\/uploads\/2017\/04\/IMG_2147.jpg\" \/>\n\t<meta property=\"og:image:width\" content=\"800\" \/>\n\t<meta property=\"og:image:height\" content=\"481\" \/>\n\t<meta property=\"og:image:type\" content=\"image\/jpeg\" \/>\n<meta name=\"author\" content=\"Marcin Kalinowski\" \/>\n<meta name=\"twitter:card\" content=\"summary_large_image\" \/>\n<meta name=\"twitter:label1\" content=\"Written by\" \/>\n\t<meta name=\"twitter:data1\" content=\"Marcin Kalinowski\" \/>\n\t<meta name=\"twitter:label2\" content=\"Est. reading time\" \/>\n\t<meta name=\"twitter:data2\" content=\"1 minuta\" \/>\n<script type=\"application\/ld+json\" class=\"yoast-schema-graph\">{\"@context\":\"https:\/\/schema.org\",\"@graph\":[{\"@type\":\"Article\",\"@id\":\"https:\/\/www.mojabochnia.pl\/?p=193842#article\",\"isPartOf\":{\"@id\":\"https:\/\/www.mojabochnia.pl\/?p=193842\"},\"author\":{\"name\":\"Marcin Kalinowski\",\"@id\":\"https:\/\/www.mojabochnia.pl\/#\/schema\/person\/d4c758656c81ae00e6496831fe7b0792\"},\"headline\":\"J\u00f3zefa Szczurek-\u017belasko: Nowa komenda Policji w Brzesku z dotacj\u0105 40 milion\u00f3w z\u0142otych\",\"datePublished\":\"2022-02-01T05:30:24+00:00\",\"dateModified\":\"2022-02-01T06:29:39+00:00\",\"mainEntityOfPage\":{\"@id\":\"https:\/\/www.mojabochnia.pl\/?p=193842\"},\"wordCount\":236,\"commentCount\":0,\"publisher\":{\"@id\":\"https:\/\/www.mojabochnia.pl\/#organization\"},\"image\":{\"@id\":\"https:\/\/www.mojabochnia.pl\/?p=193842#primaryimage\"},\"thumbnailUrl\":\"https:\/\/www.mojabochnia.pl\/wp-content\/uploads\/2017\/04\/IMG_2147.jpg\",\"keywords\":[\"brzesko\",\"j\u00f3zefa szczurek-\u017celazko\",\"policja\"],\"articleSection\":[\"polityka i wydarzenia\",\"tematyka\"],\"inLanguage\":\"pl-PL\",\"potentialAction\":[{\"@type\":\"CommentAction\",\"name\":\"Comment\",\"target\":[\"https:\/\/www.mojabochnia.pl\/?p=193842#respond\"]}]},{\"@type\":\"WebPage\",\"@id\":\"https:\/\/www.mojabochnia.pl\/?p=193842\",\"url\":\"https:\/\/www.mojabochnia.pl\/?p=193842\",\"name\":\"J\u00f3zefa Szczurek-\u017belasko: Nowa komenda Policji w Brzesku z dotacj\u0105 40 milion\u00f3w z\u0142otych - mojabochnia.pl - portal informacyjny\",\"isPartOf\":{\"@id\":\"https:\/\/www.mojabochnia.pl\/#website\"},\"primaryImageOfPage\":{\"@id\":\"https:\/\/www.mojabochnia.pl\/?p=193842#primaryimage\"},\"image\":{\"@id\":\"https:\/\/www.mojabochnia.pl\/?p=193842#primaryimage\"},\"thumbnailUrl\":\"https:\/\/www.mojabochnia.pl\/wp-content\/uploads\/2017\/04\/IMG_2147.jpg\",\"datePublished\":\"2022-02-01T05:30:24+00:00\",\"dateModified\":\"2022-02-01T06:29:39+00:00\",\"breadcrumb\":{\"@id\":\"https:\/\/www.mojabochnia.pl\/?p=193842#breadcrumb\"},\"inLanguage\":\"pl-PL\",\"potentialAction\":[{\"@type\":\"ReadAction\",\"target\":[\"https:\/\/www.mojabochnia.pl\/?p=193842\"]}]},{\"@type\":\"ImageObject\",\"inLanguage\":\"pl-PL\",\"@id\":\"https:\/\/www.mojabochnia.pl\/?p=193842#primaryimage\",\"url\":\"https:\/\/www.mojabochnia.pl\/wp-content\/uploads\/2017\/04\/IMG_2147.jpg\",\"contentUrl\":\"https:\/\/www.mojabochnia.pl\/wp-content\/uploads\/2017\/04\/IMG_2147.jpg\",\"width\":800,\"height\":481,\"caption\":\"Pawe\u0142 Michalczyk\"},{\"@type\":\"BreadcrumbList\",\"@id\":\"https:\/\/www.mojabochnia.pl\/?p=193842#breadcrumb\",\"itemListElement\":[{\"@type\":\"ListItem\",\"position\":1,\"name\":\"Home\",\"item\":\"https:\/\/www.mojabochnia.pl\/\"},{\"@type\":\"ListItem\",\"position\":2,\"name\":\"J\u00f3zefa Szczurek-\u017belasko: Nowa komenda Policji w Brzesku z dotacj\u0105 40 milion\u00f3w z\u0142otych\"}]},{\"@type\":\"WebSite\",\"@id\":\"https:\/\/www.mojabochnia.pl\/#website\",\"url\":\"https:\/\/www.mojabochnia.pl\/\",\"name\":\"mojabochnia.pl - portal informacyjny\",\"description\":\"mojaBochnia to portal informacyjny o Bochni. Codziennie o Bochni piszemy i pokazujemy najwa\u017cniejsze wydarzenia\",\"publisher\":{\"@id\":\"https:\/\/www.mojabochnia.pl\/#organization\"},\"potentialAction\":[{\"@type\":\"SearchAction\",\"target\":{\"@type\":\"EntryPoint\",\"urlTemplate\":\"https:\/\/www.mojabochnia.pl\/?s={search_term_string}\"},\"query-input\":{\"@type\":\"PropertyValueSpecification\",\"valueRequired\":true,\"valueName\":\"search_term_string\"}}],\"inLanguage\":\"pl-PL\"},{\"@type\":\"Organization\",\"@id\":\"https:\/\/www.mojabochnia.pl\/#organization\",\"name\":\"mojabochnia.pl - portal informacyjny\",\"url\":\"https:\/\/www.mojabochnia.pl\/\",\"logo\":{\"@type\":\"ImageObject\",\"inLanguage\":\"pl-PL\",\"@id\":\"https:\/\/www.mojabochnia.pl\/#\/schema\/logo\/image\/\",\"url\":\"https:\/\/www.mojabochnia.pl\/wp-content\/uploads\/2017\/08\/logo-mb-opt.png\",\"contentUrl\":\"https:\/\/www.mojabochnia.pl\/wp-content\/uploads\/2017\/08\/logo-mb-opt.png\",\"width\":250,\"height\":48,\"caption\":\"mojabochnia.pl - portal informacyjny\"},\"image\":{\"@id\":\"https:\/\/www.mojabochnia.pl\/#\/schema\/logo\/image\/\"},\"sameAs\":[\"https:\/\/www.facebook.com\/mojabochnia\"]},{\"@type\":\"Person\",\"@id\":\"https:\/\/www.mojabochnia.pl\/#\/schema\/person\/d4c758656c81ae00e6496831fe7b0792\",\"name\":\"Marcin Kalinowski\",\"url\":\"https:\/\/www.mojabochnia.pl\/?author=29\"}]}<\/script>\n<!-- \/ Yoast SEO plugin. -->","yoast_head_json":{"title":"J\u00f3zefa Szczurek-\u017belasko: Nowa komenda Policji w Brzesku z dotacj\u0105 40 milion\u00f3w z\u0142otych - mojabochnia.pl - portal informacyjny","robots":{"index":"index","follow":"follow","max-snippet":"max-snippet:-1","max-image-preview":"max-image-preview:large","max-video-preview":"max-video-preview:-1"},"canonical":"https:\/\/www.mojabochnia.pl\/?p=193842","og_locale":"pl_PL","og_type":"article","og_title":"J\u00f3zefa Szczurek-\u017belasko: Nowa komenda Policji w Brzesku z dotacj\u0105 40 milion\u00f3w z\u0142otych - mojabochnia.pl - portal informacyjny","og_description":"Blisko 40 mln z\u0142 zosta\u0142o przeznaczone na budow\u0119 nowej komendy w Brzesku. O przyznaniu dotacji poinformowa\u0142a pose\u0142 J\u00f3zefa Szczurek-\u017belazko podczas wczorajszej konferencji prasowej. &#8211; Bardzo zale\u017ca\u0142o mi, aby te \u015brodki trafi\u0142y do Brzeska. St\u0105d moje dzia\u0142ania w tej sprawie. Obecny budynek policji nie spe\u0142nia standard\u00f3w. Nowa komenda\u00a0 powstanie w s\u0105siedztwie brzeskiego szpitala, w tym rejonie","og_url":"https:\/\/www.mojabochnia.pl\/?p=193842","og_site_name":"mojabochnia.pl - portal informacyjny","article_publisher":"https:\/\/www.facebook.com\/mojabochnia","article_published_time":"2022-02-01T05:30:24+00:00","article_modified_time":"2022-02-01T06:29:39+00:00","og_image":[{"width":800,"height":481,"url":"https:\/\/www.mojabochnia.pl\/wp-content\/uploads\/2017\/04\/IMG_2147.jpg","type":"image\/jpeg"}],"author":"Marcin Kalinowski","twitter_card":"summary_large_image","twitter_misc":{"Written by":"Marcin Kalinowski","Est. reading time":"1 minuta"},"schema":{"@context":"https:\/\/schema.org","@graph":[{"@type":"Article","@id":"https:\/\/www.mojabochnia.pl\/?p=193842#article","isPartOf":{"@id":"https:\/\/www.mojabochnia.pl\/?p=193842"},"author":{"name":"Marcin Kalinowski","@id":"https:\/\/www.mojabochnia.pl\/#\/schema\/person\/d4c758656c81ae00e6496831fe7b0792"},"headline":"J\u00f3zefa Szczurek-\u017belasko: Nowa komenda Policji w Brzesku z dotacj\u0105 40 milion\u00f3w z\u0142otych","datePublished":"2022-02-01T05:30:24+00:00","dateModified":"2022-02-01T06:29:39+00:00","mainEntityOfPage":{"@id":"https:\/\/www.mojabochnia.pl\/?p=193842"},"wordCount":236,"commentCount":0,"publisher":{"@id":"https:\/\/www.mojabochnia.pl\/#organization"},"image":{"@id":"https:\/\/www.mojabochnia.pl\/?p=193842#primaryimage"},"thumbnailUrl":"https:\/\/www.mojabochnia.pl\/wp-content\/uploads\/2017\/04\/IMG_2147.jpg","keywords":["brzesko","j\u00f3zefa szczurek-\u017celazko","policja"],"articleSection":["polityka i wydarzenia","tematyka"],"inLanguage":"pl-PL","potentialAction":[{"@type":"CommentAction","name":"Comment","target":["https:\/\/www.mojabochnia.pl\/?p=193842#respond"]}]},{"@type":"WebPage","@id":"https:\/\/www.mojabochnia.pl\/?p=193842","url":"https:\/\/www.mojabochnia.pl\/?p=193842","name":"J\u00f3zefa Szczurek-\u017belasko: Nowa komenda Policji w Brzesku z dotacj\u0105 40 milion\u00f3w z\u0142otych - mojabochnia.pl - portal informacyjny","isPartOf":{"@id":"https:\/\/www.mojabochnia.pl\/#website"},"primaryImageOfPage":{"@id":"https:\/\/www.mojabochnia.pl\/?p=193842#primaryimage"},"image":{"@id":"https:\/\/www.mojabochnia.pl\/?p=193842#primaryimage"},"thumbnailUrl":"https:\/\/www.mojabochnia.pl\/wp-content\/uploads\/2017\/04\/IMG_2147.jpg","datePublished":"2022-02-01T05:30:24+00:00","dateModified":"2022-02-01T06:29:39+00:00","breadcrumb":{"@id":"https:\/\/www.mojabochnia.pl\/?p=193842#breadcrumb"},"inLanguage":"pl-PL","potentialAction":[{"@type":"ReadAction","target":["https:\/\/www.mojabochnia.pl\/?p=193842"]}]},{"@type":"ImageObject","inLanguage":"pl-PL","@id":"https:\/\/www.mojabochnia.pl\/?p=193842#primaryimage","url":"https:\/\/www.mojabochnia.pl\/wp-content\/uploads\/2017\/04\/IMG_2147.jpg","contentUrl":"https:\/\/www.mojabochnia.pl\/wp-content\/uploads\/2017\/04\/IMG_2147.jpg","width":800,"height":481,"caption":"Pawe\u0142 Michalczyk"},{"@type":"BreadcrumbList","@id":"https:\/\/www.mojabochnia.pl\/?p=193842#breadcrumb","itemListElement":[{"@type":"ListItem","position":1,"name":"Home","item":"https:\/\/www.mojabochnia.pl\/"},{"@type":"ListItem","position":2,"name":"J\u00f3zefa Szczurek-\u017belasko: Nowa komenda Policji w Brzesku z dotacj\u0105 40 milion\u00f3w z\u0142otych"}]},{"@type":"WebSite","@id":"https:\/\/www.mojabochnia.pl\/#website","url":"https:\/\/www.mojabochnia.pl\/","name":"mojabochnia.pl - portal informacyjny","description":"mojaBochnia to portal informacyjny o Bochni. Codziennie o Bochni piszemy i pokazujemy najwa\u017cniejsze wydarzenia","publisher":{"@id":"https:\/\/www.mojabochnia.pl\/#organization"},"potentialAction":[{"@type":"SearchAction","target":{"@type":"EntryPoint","urlTemplate":"https:\/\/www.mojabochnia.pl\/?s={search_term_string}"},"query-input":{"@type":"PropertyValueSpecification","valueRequired":true,"valueName":"search_term_string"}}],"inLanguage":"pl-PL"},{"@type":"Organization","@id":"https:\/\/www.mojabochnia.pl\/#organization","name":"mojabochnia.pl - portal informacyjny","url":"https:\/\/www.mojabochnia.pl\/","logo":{"@type":"ImageObject","inLanguage":"pl-PL","@id":"https:\/\/www.mojabochnia.pl\/#\/schema\/logo\/image\/","url":"https:\/\/www.mojabochnia.pl\/wp-content\/uploads\/2017\/08\/logo-mb-opt.png","contentUrl":"https:\/\/www.mojabochnia.pl\/wp-content\/uploads\/2017\/08\/logo-mb-opt.png","width":250,"height":48,"caption":"mojabochnia.pl - portal informacyjny"},"image":{"@id":"https:\/\/www.mojabochnia.pl\/#\/schema\/logo\/image\/"},"sameAs":["https:\/\/www.facebook.com\/mojabochnia"]},{"@type":"Person","@id":"https:\/\/www.mojabochnia.pl\/#\/schema\/person\/d4c758656c81ae00e6496831fe7b0792","name":"Marcin Kalinowski","url":"https:\/\/www.mojabochnia.pl\/?author=29"}]}},"_links":{"self":[{"href":"https:\/\/www.mojabochnia.pl\/index.php?rest_route=\/wp\/v2\/posts\/193842","targetHints":{"allow":["GET"]}}],"collection":[{"href":"https:\/\/www.mojabochnia.pl\/index.php?rest_route=\/wp\/v2\/posts"}],"about":[{"href":"https:\/\/www.mojabochnia.pl\/index.php?rest_route=\/wp\/v2\/types\/post"}],"author":[{"embeddable":true,"href":"https:\/\/www.mojabochnia.pl\/index.php?rest_route=\/wp\/v2\/users\/29"}],"replies":[{"embeddable":true,"href":"https:\/\/www.mojabochnia.pl\/index.php?rest_route=%2Fwp%2Fv2%2Fcomments&post=193842"}],"version-history":[{"count":3,"href":"https:\/\/www.mojabochnia.pl\/index.php?rest_route=\/wp\/v2\/posts\/193842\/revisions"}],"predecessor-version":[{"id":193851,"href":"https:\/\/www.mojabochnia.pl\/index.php?rest_route=\/wp\/v2\/posts\/193842\/revisions\/193851"}],"wp:featuredmedia":[{"embeddable":true,"href":"https:\/\/www.mojabochnia.pl\/index.php?rest_route=\/wp\/v2\/media\/169739"}],"wp:attachment":[{"href":"https:\/\/www.mojabochnia.pl\/index.php?rest_route=%2Fwp%2Fv2%2Fmedia&parent=193842"}],"wp:term":[{"taxonomy":"category","embeddable":true,"href":"https:\/\/www.mojabochnia.pl\/index.php?rest_route=%2Fwp%2Fv2%2Fcategories&post=193842"},{"taxonomy":"post_tag","embeddable":true,"href":"https:\/\/www.mojabochnia.pl\/index.php?rest_route=%2Fwp%2Fv2%2Ftags&post=193842"}],"curies":[{"name":"wp","href":"https:\/\/api.w.org\/{rel}","templated":true}]}}