{"id":193823,"date":"2022-01-26T11:25:03","date_gmt":"2022-01-26T10:25:03","guid":{"rendered":"https:\/\/www.mojabochnia.pl\/?p=193823"},"modified":"2022-01-26T11:28:30","modified_gmt":"2022-01-26T10:28:30","slug":"bochnia-urzad-miasta-z-zaostrzonym-rygorem-sanitarnym","status":"publish","type":"post","link":"https:\/\/www.mojabochnia.pl\/?p=193823","title":{"rendered":"Bochnia. Urz\u0105d Miasta z zaostrzonym rygorem sanitarnym"},"content":{"rendered":"<p><strong>W zwi\u0105zku z pi\u0105t\u0105 fal\u0105 koronawirusa Urz\u0105d Miasta Bochnia\u00a0 od 24 stycznia do odwo\u0142ania pracuje w systemie zamkni\u0119tym o zaostrzonym rygorze sanitarnym.<\/strong><\/p>\n<p>O zmianach w pracy Urz\u0119du informuje komunikat:<\/p>\n<blockquote>\n<p style=\"text-align: left;\"><strong>Komunikat Nr 1\/2022<\/strong><\/p>\n<p style=\"text-align: left;\"><strong>Urz\u0119du Miasta Bochnia ws. V fali pandemii<\/strong><\/p>\n<p style=\"text-align: left;\"><strong>\u00a0<\/strong><\/p>\n<p style=\"text-align: left;\"><strong><u>Zmiany w funkcjonowaniu Urz\u0119du Miasta<\/u><\/strong><\/p>\n<p style=\"text-align: left;\"><strong>Urz\u0105d Miasta Bochnia informuje Mieszka\u0144c\u00f3w, \u017ce od 24 stycznia 2022 roku \u2013 do odwo\u0142ania, praca<br \/>\nw Urz\u0119dzie wykonywana w systemie zamkni\u0119tym o zaostrzonym rygorze sanitarnym, ograniczaj\u0105c bezpo\u015bredni\u0105 obs\u0142ug\u0119 mieszka\u0144c\u00f3w. <\/strong><\/p>\n<p style=\"text-align: left;\">Pomimo ograniczonego dost\u0119pu, ka\u017cdy mieszkaniec b\u0119dzie mia\u0142 jednak mo\u017cliwo\u015b\u0107 kontaktu\u00a0z pracownikiem za\u0142atwiaj\u0105cym sprawy z zakresu:<\/p>\n<ul style=\"text-align: left;\">\n<li>rejestracji stanu cywilnego (sprawy zwi\u0105zane z urodzeniem dziecka, zg\u0142oszeniem noworodka mo\u017cna za\u0142atwi\u0107 dodatkowo drog\u0105 elektroniczn\u0105 poprzez stron\u0119 obywatel.gov.pl.)<\/li>\n<li>ewidencji ludno\u015bci i dowod\u00f3w osobistych;<\/li>\n<li>kasy Urz\u0119du Miasta czynne s\u0105 dla Klienta bez konieczno\u015bci wcze\u015bniejszego zg\u0142oszenia, w holu Urz\u0119du Miasta od godz. 7:30. do godz. 14:00.<\/li>\n<\/ul>\n<p style=\"text-align: left;\">Podstawow\u0105 form\u0105 realizacji spraw przez klient\u00f3w urz\u0119du i kontaktu, b\u0119d\u0105 us\u0142ugi \u015bwiadczone zdalnie. W pozosta\u0142ych kwestiach, kt\u00f3re s\u0105 niezw\u0142oczne i wymagaj\u0105 bezpo\u015bredniego kontaktu, jest to mo\u017cliwe, ale tylko po wcze\u015bniejszym telefonicznym uzgodnieniu z merytorycznym pracownikiem (centrala: 14 61 49 100).<\/p>\n<p style=\"text-align: left;\">ZDALNE ZA\u0141ATWIANIE SPRAW PRZEZ KLIENT\u00d3W URZ\u0118DU JEST MO\u017bLIWE POPRZEZ:<\/p>\n<ul style=\"text-align: left;\">\n<li>platform\u0119 elektroniczn\u0105 <a onclick=\"javascript:pageTracker._trackPageview('\/outgoing\/obywatel.gov.pl');\"  href=\"http:\/\/obywatel.gov.pl\"><strong>ePUAP<\/strong> <\/a>;<\/li>\n<li>telefonicznie (wykaz telefon\u00f3w dost\u0119pny <strong><a onclick=\"javascript:pageTracker._trackPageview('\/outgoing\/bochnia.eu\/miasto\/kontakt-7\/');\"  href=\"http:\/\/bochnia.eu\/miasto\/kontakt-7\/\">TUTAJ<\/a><\/strong>);<\/li>\n<li>poprzez wysy\u0142k\u0119 korespondencji poczt\u0105;<\/li>\n<li>poprzez umieszczenie korespondencji we wrzutni, kt\u00f3ra jest ustawiona wewn\u0105trz wej\u015bcia do Dziennika Podawczego Urz\u0119du Miasta od strony ulicy Kazimierza Wielkiego.<\/li>\n<\/ul>\n<p style=\"text-align: left;\">Wszelkie szczeg\u00f3\u0142owe informacje nt. Wydzia\u0142\u00f3w i Stanowisk oraz zakresu ich kompetencji, znajd\u0105 Pa\u0144stwo na stronie internetowej Miasta.<\/p>\n<p style=\"text-align: left;\">Op\u0142aty prosimy regulowa\u0107 r\u00f3wnie\u017c w Banku lub internetowo na konto Urz\u0119du Miasta:<\/p>\n<p style=\"text-align: left;\"><strong>Bank PEKAO S.A Konto Urz\u0119du Miasta:<\/strong><\/p>\n<p style=\"text-align: left;\">Nr 82 1240 1431 11110010 0293 1790<\/p>\n<p style=\"text-align: left;\"><strong>Odpady komunalne:<\/strong><\/p>\n<p style=\"text-align: left;\">Nr 76 1240 2294 1111 0010 9633 1975 (na to konto nale\u017cy uiszcza\u0107 op\u0142aty za gospodarowanie odpadami komunalnymi).<\/p>\n<p style=\"text-align: left;\">Za utrudnienia serdecznie przepraszamy, licz\u0105c na Pa\u0144stwa zrozumienie.<\/p>\n<\/blockquote>\n","protected":false},"excerpt":{"rendered":"<p>W zwi\u0105zku z pi\u0105t\u0105 fal\u0105 koronawirusa Urz\u0105d Miasta Bochnia\u00a0 od 24 stycznia do odwo\u0142ania pracuje w systemie zamkni\u0119tym o zaostrzonym rygorze sanitarnym. O zmianach w pracy Urz\u0119du informuje komunikat: Komunikat Nr 1\/2022 Urz\u0119du Miasta Bochnia ws. V fali pandemii \u00a0 Zmiany w funkcjonowaniu Urz\u0119du Miasta Urz\u0105d Miasta Bochnia informuje Mieszka\u0144c\u00f3w, \u017ce od 24 stycznia 2022<\/p>\n","protected":false},"author":29,"featured_media":97469,"comment_status":"open","ping_status":"closed","sticky":false,"template":"","format":"standard","meta":{"_acf_changed":false,"footnotes":""},"categories":[6251,6250],"tags":[17269,20950],"class_list":["post-193823","post","type-post","status-publish","format-standard","has-post-thumbnail","hentry","category-polityka-i-wydarzenia","category-tematyka","tag-bochnia","tag-pandemia","main_tag-bochnia"],"acf":[],"yoast_head":"<!-- This site is optimized with the Yoast SEO plugin v26.9 - https:\/\/yoast.com\/product\/yoast-seo-wordpress\/ -->\n<title>Bochnia. Urz\u0105d Miasta z zaostrzonym rygorem sanitarnym - mojabochnia.pl - portal informacyjny<\/title>\n<meta name=\"robots\" content=\"index, follow, max-snippet:-1, max-image-preview:large, max-video-preview:-1\" \/>\n<link rel=\"canonical\" href=\"https:\/\/www.mojabochnia.pl\/?p=193823\" \/>\n<meta property=\"og:locale\" content=\"pl_PL\" \/>\n<meta property=\"og:type\" content=\"article\" \/>\n<meta property=\"og:title\" content=\"Bochnia. Urz\u0105d Miasta z zaostrzonym rygorem sanitarnym - mojabochnia.pl - portal informacyjny\" \/>\n<meta property=\"og:description\" content=\"W zwi\u0105zku z pi\u0105t\u0105 fal\u0105 koronawirusa Urz\u0105d Miasta Bochnia\u00a0 od 24 stycznia do odwo\u0142ania pracuje w systemie zamkni\u0119tym o zaostrzonym rygorze sanitarnym. O zmianach w pracy Urz\u0119du informuje komunikat: Komunikat Nr 1\/2022 Urz\u0119du Miasta Bochnia ws. V fali pandemii \u00a0 Zmiany w funkcjonowaniu Urz\u0119du Miasta Urz\u0105d Miasta Bochnia informuje Mieszka\u0144c\u00f3w, \u017ce od 24 stycznia 2022\" \/>\n<meta property=\"og:url\" content=\"https:\/\/www.mojabochnia.pl\/?p=193823\" \/>\n<meta property=\"og:site_name\" content=\"mojabochnia.pl - portal informacyjny\" \/>\n<meta property=\"article:publisher\" content=\"https:\/\/www.facebook.com\/mojabochnia\" \/>\n<meta property=\"article:published_time\" content=\"2022-01-26T10:25:03+00:00\" \/>\n<meta property=\"article:modified_time\" content=\"2022-01-26T10:28:30+00:00\" \/>\n<meta property=\"og:image\" content=\"https:\/\/www.mojabochnia.pl\/wp-content\/uploads\/2013\/09\/IMG_8274.jpg\" \/>\n\t<meta property=\"og:image:width\" content=\"800\" \/>\n\t<meta property=\"og:image:height\" content=\"450\" \/>\n\t<meta property=\"og:image:type\" content=\"image\/jpeg\" \/>\n<meta name=\"author\" content=\"Marcin Kalinowski\" \/>\n<meta name=\"twitter:card\" content=\"summary_large_image\" \/>\n<meta name=\"twitter:label1\" content=\"Written by\" \/>\n\t<meta name=\"twitter:data1\" content=\"Marcin Kalinowski\" \/>\n\t<meta name=\"twitter:label2\" content=\"Est. reading time\" \/>\n\t<meta name=\"twitter:data2\" content=\"2 minuty\" \/>\n<script type=\"application\/ld+json\" class=\"yoast-schema-graph\">{\"@context\":\"https:\/\/schema.org\",\"@graph\":[{\"@type\":\"Article\",\"@id\":\"https:\/\/www.mojabochnia.pl\/?p=193823#article\",\"isPartOf\":{\"@id\":\"https:\/\/www.mojabochnia.pl\/?p=193823\"},\"author\":{\"name\":\"Marcin Kalinowski\",\"@id\":\"https:\/\/www.mojabochnia.pl\/#\/schema\/person\/d4c758656c81ae00e6496831fe7b0792\"},\"headline\":\"Bochnia. Urz\u0105d Miasta z zaostrzonym rygorem sanitarnym\",\"datePublished\":\"2022-01-26T10:25:03+00:00\",\"dateModified\":\"2022-01-26T10:28:30+00:00\",\"mainEntityOfPage\":{\"@id\":\"https:\/\/www.mojabochnia.pl\/?p=193823\"},\"wordCount\":339,\"commentCount\":0,\"publisher\":{\"@id\":\"https:\/\/www.mojabochnia.pl\/#organization\"},\"image\":{\"@id\":\"https:\/\/www.mojabochnia.pl\/?p=193823#primaryimage\"},\"thumbnailUrl\":\"https:\/\/www.mojabochnia.pl\/wp-content\/uploads\/2013\/09\/IMG_8274.jpg\",\"keywords\":[\"bochnia\",\"pandemia\"],\"articleSection\":[\"polityka i wydarzenia\",\"tematyka\"],\"inLanguage\":\"pl-PL\",\"potentialAction\":[{\"@type\":\"CommentAction\",\"name\":\"Comment\",\"target\":[\"https:\/\/www.mojabochnia.pl\/?p=193823#respond\"]}]},{\"@type\":\"WebPage\",\"@id\":\"https:\/\/www.mojabochnia.pl\/?p=193823\",\"url\":\"https:\/\/www.mojabochnia.pl\/?p=193823\",\"name\":\"Bochnia. Urz\u0105d Miasta z zaostrzonym rygorem sanitarnym - mojabochnia.pl - portal informacyjny\",\"isPartOf\":{\"@id\":\"https:\/\/www.mojabochnia.pl\/#website\"},\"primaryImageOfPage\":{\"@id\":\"https:\/\/www.mojabochnia.pl\/?p=193823#primaryimage\"},\"image\":{\"@id\":\"https:\/\/www.mojabochnia.pl\/?p=193823#primaryimage\"},\"thumbnailUrl\":\"https:\/\/www.mojabochnia.pl\/wp-content\/uploads\/2013\/09\/IMG_8274.jpg\",\"datePublished\":\"2022-01-26T10:25:03+00:00\",\"dateModified\":\"2022-01-26T10:28:30+00:00\",\"breadcrumb\":{\"@id\":\"https:\/\/www.mojabochnia.pl\/?p=193823#breadcrumb\"},\"inLanguage\":\"pl-PL\",\"potentialAction\":[{\"@type\":\"ReadAction\",\"target\":[\"https:\/\/www.mojabochnia.pl\/?p=193823\"]}]},{\"@type\":\"ImageObject\",\"inLanguage\":\"pl-PL\",\"@id\":\"https:\/\/www.mojabochnia.pl\/?p=193823#primaryimage\",\"url\":\"https:\/\/www.mojabochnia.pl\/wp-content\/uploads\/2013\/09\/IMG_8274.jpg\",\"contentUrl\":\"https:\/\/www.mojabochnia.pl\/wp-content\/uploads\/2013\/09\/IMG_8274.jpg\",\"width\":800,\"height\":450,\"caption\":\"P. Michalczyk\"},{\"@type\":\"BreadcrumbList\",\"@id\":\"https:\/\/www.mojabochnia.pl\/?p=193823#breadcrumb\",\"itemListElement\":[{\"@type\":\"ListItem\",\"position\":1,\"name\":\"Home\",\"item\":\"https:\/\/www.mojabochnia.pl\/\"},{\"@type\":\"ListItem\",\"position\":2,\"name\":\"Bochnia. Urz\u0105d Miasta z zaostrzonym rygorem sanitarnym\"}]},{\"@type\":\"WebSite\",\"@id\":\"https:\/\/www.mojabochnia.pl\/#website\",\"url\":\"https:\/\/www.mojabochnia.pl\/\",\"name\":\"mojabochnia.pl - portal informacyjny\",\"description\":\"mojaBochnia to portal informacyjny o Bochni. Codziennie o Bochni piszemy i pokazujemy najwa\u017cniejsze wydarzenia\",\"publisher\":{\"@id\":\"https:\/\/www.mojabochnia.pl\/#organization\"},\"potentialAction\":[{\"@type\":\"SearchAction\",\"target\":{\"@type\":\"EntryPoint\",\"urlTemplate\":\"https:\/\/www.mojabochnia.pl\/?s={search_term_string}\"},\"query-input\":{\"@type\":\"PropertyValueSpecification\",\"valueRequired\":true,\"valueName\":\"search_term_string\"}}],\"inLanguage\":\"pl-PL\"},{\"@type\":\"Organization\",\"@id\":\"https:\/\/www.mojabochnia.pl\/#organization\",\"name\":\"mojabochnia.pl - portal informacyjny\",\"url\":\"https:\/\/www.mojabochnia.pl\/\",\"logo\":{\"@type\":\"ImageObject\",\"inLanguage\":\"pl-PL\",\"@id\":\"https:\/\/www.mojabochnia.pl\/#\/schema\/logo\/image\/\",\"url\":\"https:\/\/www.mojabochnia.pl\/wp-content\/uploads\/2017\/08\/logo-mb-opt.png\",\"contentUrl\":\"https:\/\/www.mojabochnia.pl\/wp-content\/uploads\/2017\/08\/logo-mb-opt.png\",\"width\":250,\"height\":48,\"caption\":\"mojabochnia.pl - portal informacyjny\"},\"image\":{\"@id\":\"https:\/\/www.mojabochnia.pl\/#\/schema\/logo\/image\/\"},\"sameAs\":[\"https:\/\/www.facebook.com\/mojabochnia\"]},{\"@type\":\"Person\",\"@id\":\"https:\/\/www.mojabochnia.pl\/#\/schema\/person\/d4c758656c81ae00e6496831fe7b0792\",\"name\":\"Marcin Kalinowski\",\"url\":\"https:\/\/www.mojabochnia.pl\/?author=29\"}]}<\/script>\n<!-- \/ Yoast SEO plugin. -->","yoast_head_json":{"title":"Bochnia. Urz\u0105d Miasta z zaostrzonym rygorem sanitarnym - mojabochnia.pl - portal informacyjny","robots":{"index":"index","follow":"follow","max-snippet":"max-snippet:-1","max-image-preview":"max-image-preview:large","max-video-preview":"max-video-preview:-1"},"canonical":"https:\/\/www.mojabochnia.pl\/?p=193823","og_locale":"pl_PL","og_type":"article","og_title":"Bochnia. Urz\u0105d Miasta z zaostrzonym rygorem sanitarnym - mojabochnia.pl - portal informacyjny","og_description":"W zwi\u0105zku z pi\u0105t\u0105 fal\u0105 koronawirusa Urz\u0105d Miasta Bochnia\u00a0 od 24 stycznia do odwo\u0142ania pracuje w systemie zamkni\u0119tym o zaostrzonym rygorze sanitarnym. O zmianach w pracy Urz\u0119du informuje komunikat: Komunikat Nr 1\/2022 Urz\u0119du Miasta Bochnia ws. V fali pandemii \u00a0 Zmiany w funkcjonowaniu Urz\u0119du Miasta Urz\u0105d Miasta Bochnia informuje Mieszka\u0144c\u00f3w, \u017ce od 24 stycznia 2022","og_url":"https:\/\/www.mojabochnia.pl\/?p=193823","og_site_name":"mojabochnia.pl - portal informacyjny","article_publisher":"https:\/\/www.facebook.com\/mojabochnia","article_published_time":"2022-01-26T10:25:03+00:00","article_modified_time":"2022-01-26T10:28:30+00:00","og_image":[{"width":800,"height":450,"url":"https:\/\/www.mojabochnia.pl\/wp-content\/uploads\/2013\/09\/IMG_8274.jpg","type":"image\/jpeg"}],"author":"Marcin Kalinowski","twitter_card":"summary_large_image","twitter_misc":{"Written by":"Marcin Kalinowski","Est. reading time":"2 minuty"},"schema":{"@context":"https:\/\/schema.org","@graph":[{"@type":"Article","@id":"https:\/\/www.mojabochnia.pl\/?p=193823#article","isPartOf":{"@id":"https:\/\/www.mojabochnia.pl\/?p=193823"},"author":{"name":"Marcin Kalinowski","@id":"https:\/\/www.mojabochnia.pl\/#\/schema\/person\/d4c758656c81ae00e6496831fe7b0792"},"headline":"Bochnia. Urz\u0105d Miasta z zaostrzonym rygorem sanitarnym","datePublished":"2022-01-26T10:25:03+00:00","dateModified":"2022-01-26T10:28:30+00:00","mainEntityOfPage":{"@id":"https:\/\/www.mojabochnia.pl\/?p=193823"},"wordCount":339,"commentCount":0,"publisher":{"@id":"https:\/\/www.mojabochnia.pl\/#organization"},"image":{"@id":"https:\/\/www.mojabochnia.pl\/?p=193823#primaryimage"},"thumbnailUrl":"https:\/\/www.mojabochnia.pl\/wp-content\/uploads\/2013\/09\/IMG_8274.jpg","keywords":["bochnia","pandemia"],"articleSection":["polityka i wydarzenia","tematyka"],"inLanguage":"pl-PL","potentialAction":[{"@type":"CommentAction","name":"Comment","target":["https:\/\/www.mojabochnia.pl\/?p=193823#respond"]}]},{"@type":"WebPage","@id":"https:\/\/www.mojabochnia.pl\/?p=193823","url":"https:\/\/www.mojabochnia.pl\/?p=193823","name":"Bochnia. Urz\u0105d Miasta z zaostrzonym rygorem sanitarnym - mojabochnia.pl - portal informacyjny","isPartOf":{"@id":"https:\/\/www.mojabochnia.pl\/#website"},"primaryImageOfPage":{"@id":"https:\/\/www.mojabochnia.pl\/?p=193823#primaryimage"},"image":{"@id":"https:\/\/www.mojabochnia.pl\/?p=193823#primaryimage"},"thumbnailUrl":"https:\/\/www.mojabochnia.pl\/wp-content\/uploads\/2013\/09\/IMG_8274.jpg","datePublished":"2022-01-26T10:25:03+00:00","dateModified":"2022-01-26T10:28:30+00:00","breadcrumb":{"@id":"https:\/\/www.mojabochnia.pl\/?p=193823#breadcrumb"},"inLanguage":"pl-PL","potentialAction":[{"@type":"ReadAction","target":["https:\/\/www.mojabochnia.pl\/?p=193823"]}]},{"@type":"ImageObject","inLanguage":"pl-PL","@id":"https:\/\/www.mojabochnia.pl\/?p=193823#primaryimage","url":"https:\/\/www.mojabochnia.pl\/wp-content\/uploads\/2013\/09\/IMG_8274.jpg","contentUrl":"https:\/\/www.mojabochnia.pl\/wp-content\/uploads\/2013\/09\/IMG_8274.jpg","width":800,"height":450,"caption":"P. Michalczyk"},{"@type":"BreadcrumbList","@id":"https:\/\/www.mojabochnia.pl\/?p=193823#breadcrumb","itemListElement":[{"@type":"ListItem","position":1,"name":"Home","item":"https:\/\/www.mojabochnia.pl\/"},{"@type":"ListItem","position":2,"name":"Bochnia. Urz\u0105d Miasta z zaostrzonym rygorem sanitarnym"}]},{"@type":"WebSite","@id":"https:\/\/www.mojabochnia.pl\/#website","url":"https:\/\/www.mojabochnia.pl\/","name":"mojabochnia.pl - portal informacyjny","description":"mojaBochnia to portal informacyjny o Bochni. Codziennie o Bochni piszemy i pokazujemy najwa\u017cniejsze wydarzenia","publisher":{"@id":"https:\/\/www.mojabochnia.pl\/#organization"},"potentialAction":[{"@type":"SearchAction","target":{"@type":"EntryPoint","urlTemplate":"https:\/\/www.mojabochnia.pl\/?s={search_term_string}"},"query-input":{"@type":"PropertyValueSpecification","valueRequired":true,"valueName":"search_term_string"}}],"inLanguage":"pl-PL"},{"@type":"Organization","@id":"https:\/\/www.mojabochnia.pl\/#organization","name":"mojabochnia.pl - portal informacyjny","url":"https:\/\/www.mojabochnia.pl\/","logo":{"@type":"ImageObject","inLanguage":"pl-PL","@id":"https:\/\/www.mojabochnia.pl\/#\/schema\/logo\/image\/","url":"https:\/\/www.mojabochnia.pl\/wp-content\/uploads\/2017\/08\/logo-mb-opt.png","contentUrl":"https:\/\/www.mojabochnia.pl\/wp-content\/uploads\/2017\/08\/logo-mb-opt.png","width":250,"height":48,"caption":"mojabochnia.pl - portal informacyjny"},"image":{"@id":"https:\/\/www.mojabochnia.pl\/#\/schema\/logo\/image\/"},"sameAs":["https:\/\/www.facebook.com\/mojabochnia"]},{"@type":"Person","@id":"https:\/\/www.mojabochnia.pl\/#\/schema\/person\/d4c758656c81ae00e6496831fe7b0792","name":"Marcin Kalinowski","url":"https:\/\/www.mojabochnia.pl\/?author=29"}]}},"_links":{"self":[{"href":"https:\/\/www.mojabochnia.pl\/index.php?rest_route=\/wp\/v2\/posts\/193823","targetHints":{"allow":["GET"]}}],"collection":[{"href":"https:\/\/www.mojabochnia.pl\/index.php?rest_route=\/wp\/v2\/posts"}],"about":[{"href":"https:\/\/www.mojabochnia.pl\/index.php?rest_route=\/wp\/v2\/types\/post"}],"author":[{"embeddable":true,"href":"https:\/\/www.mojabochnia.pl\/index.php?rest_route=\/wp\/v2\/users\/29"}],"replies":[{"embeddable":true,"href":"https:\/\/www.mojabochnia.pl\/index.php?rest_route=%2Fwp%2Fv2%2Fcomments&post=193823"}],"version-history":[{"count":4,"href":"https:\/\/www.mojabochnia.pl\/index.php?rest_route=\/wp\/v2\/posts\/193823\/revisions"}],"predecessor-version":[{"id":193828,"href":"https:\/\/www.mojabochnia.pl\/index.php?rest_route=\/wp\/v2\/posts\/193823\/revisions\/193828"}],"wp:featuredmedia":[{"embeddable":true,"href":"https:\/\/www.mojabochnia.pl\/index.php?rest_route=\/wp\/v2\/media\/97469"}],"wp:attachment":[{"href":"https:\/\/www.mojabochnia.pl\/index.php?rest_route=%2Fwp%2Fv2%2Fmedia&parent=193823"}],"wp:term":[{"taxonomy":"category","embeddable":true,"href":"https:\/\/www.mojabochnia.pl\/index.php?rest_route=%2Fwp%2Fv2%2Fcategories&post=193823"},{"taxonomy":"post_tag","embeddable":true,"href":"https:\/\/www.mojabochnia.pl\/index.php?rest_route=%2Fwp%2Fv2%2Ftags&post=193823"}],"curies":[{"name":"wp","href":"https:\/\/api.w.org\/{rel}","templated":true}]}}