{"id":193813,"date":"2022-01-26T12:00:52","date_gmt":"2022-01-26T11:00:52","guid":{"rendered":"https:\/\/www.mojabochnia.pl\/?p=193813"},"modified":"2022-01-26T11:19:22","modified_gmt":"2022-01-26T10:19:22","slug":"gmina-bochnia-wojt-podpisal-umowe-o-dofinansowanie-termomodernizacji-budynkow-szkol","status":"publish","type":"post","link":"https:\/\/www.mojabochnia.pl\/?p=193813","title":{"rendered":"\u00a0Gmina Bochnia. W\u00f3jt podpisa\u0142 umow\u0119 o dofinansowanie termomodernizacji budynk\u00f3w szk\u00f3\u0142"},"content":{"rendered":"<p style=\"text-align: justify;\">Gmina Bochnia przyst\u0105pi\u0142a do realizacji projektu\u00a0&#8222;Termomodernizacja budynk\u00f3w szk\u00f3\u0142 w Gminie Bochnia&#8221;.\u00a0Realizacja tego du\u017cego projektu poch\u0142onie w sumie\u00a0<strong>17,6 mln z\u0142<\/strong>, z czego\u00a0<strong>11,6 mln z\u0142<\/strong>\u00a0stanowi\u0107 b\u0119dzie dotacja z funduszy norweskich.<\/p>\n<p style=\"text-align: justify;\">W imieniu Gminy Bochnia, w\u00f3jt podpisa\u0142 z Narodowym Funduszem Ochrony \u015arodowiska i Gospodarki Wodniej w Warszawie (operatorem funduszy norweskich) umow\u0119 o dofinansowanie ww. projektu.<\/p>\n<p style=\"text-align: justify;\">Podczas podpisania umowy obecny by\u0142 <strong>r\u00f3wnie\u017c\u00a0 Norbert Kaczmarczyk &#8211; Wiceminister Rolnictwa i Rozwoju Wsi<\/strong> oraz <strong>Piotr Sak\u00a0 &#8211; Pose\u0142 na Sejm RP<\/strong>.<\/p>\n<p style=\"text-align: justify;\">W ramach zawartej umowy o dofinansowanie w ka\u017cdym z budynk\u00f3w przewidziano wykonanie nast\u0119puj\u0105cych prac: docieplenie budynku, modernizacja kot\u0142owni, monta\u017c pompy ciep\u0142a, a tak\u017ce zastosowanie rozwi\u0105za\u0144 zmniejszaj\u0105cych zu\u017cycie energii elektrycznej w posta\u0107 monta\u017cu instalacji fotowoltaicznych.<\/p>\n<p style=\"text-align: justify;\">Inwestycje zostan\u0105 przeprowadzone\u00a0<strong>w 11 gminnych szko\u0142ach<\/strong>\u00a0:\u00a0<strong>Baczkowie, Bogucicach, Brze\u017anicy, Damienicach, D\u0105browicy, \u0141apczycy, Nieszkowicach Ma\u0142ych, Pogwizdowie, Prosz\u00f3wkach, Siedlcu i Stanis\u0142awicach<\/strong>.<\/p>\n<blockquote>\n<p style=\"text-align: justify;\"><em>G\u0142\u00f3wnym celem projektu\u00a0jest poprawa komfortu cieplnego budynk\u00f3w u\u017cyteczno\u015bci publicznej (szk\u00f3\u0142),\u00a0 przy jednoczesnej poprawie jako\u015bci powietrza na\u00a0skutek ograniczenia emisji zanieczyszcze\u0144 do atmosfery, zw\u0142aszcza poprzez redukcj\u0119 CO2, a\u00a0tak\u017ce wzrost produkcji energii ze \u017ar\u00f3de\u0142 odnawialnych.<br \/>\nRealizacja przedmiotowego projektu jest kontynuacj\u0105 naszych dzia\u0142a\u0144 zmierzaj\u0105cych do uporz\u0105dkowania gospodarki energetycznej w obiektach u\u017cyteczno\u015bci publicznej\u201d \u2013\u00a0<\/em>podkre\u015bla Marek Bzdek, W\u00f3jt Gminy Bochnia<\/p>\n<\/blockquote>\n<p style=\"text-align: justify;\"><strong>Celami szczeg\u00f3\u0142owymi projektu s\u0105:<\/strong><br \/>\n&#8211; tworzenie przyjaznej przestrzeni publicznej oraz\u00a0poprawa estetyki zabudowy na\u00a0terenie Gminy;<br \/>\n&#8211; zmniejszenie koszt\u00f3w zwi\u0105zanych z ogrzewaniem budynk\u00f3w u\u017cyteczno\u015bci publicznej, poprzez wykonanie odpowiedniej termoizolacji budynk\u00f3w, spe\u0142niaj\u0105cej wymagania izolacyjno\u015bci cieplnej okre\u015blonej w Rozporz\u0105dzeniu Ministra Infrastruktury w sprawie warunk\u00f3w technicznych, jakim powinny odpowiada\u0107 budynki i\u00a0ich usytuowanie oraz\u00a0zwi\u0119kszenie produkcji energii ze \u017ar\u00f3de\u0142 odnawialnych poprzez monta\u017c pomp ciep\u0142a;<br \/>\n&#8211; zapewnienie odpowiedniego komfortu cieplnego w ka\u017cdym budynku;<br \/>\n&#8211; ograniczenie negatywnego wp\u0142ywu na\u00a0\u015brodowisko naturalne, zmniejszenie emisji zanieczyszcze\u0144 do atmosfery poprzez\u00a0redukcj\u0119 zu\u017cycia energii na\u00a0skutek odpowiedniej termoizolacji budynk\u00f3w oraz\u00a0modernizacji systemu grzewczego w celu zwi\u0119kszenia jego sprawno\u015bci, zmniejszaj\u0105ce wydobywanie si\u0119 ciep\u0142a na\u00a0zewn\u0105trz oraz\u00a0zmniejszenie ilo\u015bci materia\u0142u opa\u0142owego przeznaczonego na\u00a0ogrzewanie obiekt\u00f3w;<br \/>\n&#8211; ograniczenie wydatkowania \u015brodk\u00f3w finansowych na\u00a0niwelowanie skutk\u00f3w z\u0142ej izolacji pomieszcze\u0144 poszczeg\u00f3lnych\u00a0budynk\u00f3w;<br \/>\n&#8211; podniesienie standard\u00f3w \u015bwiadczenia us\u0142ug publicznych na\u00a0terenie Gminy;<br \/>\n&#8211; promowanie w\u015br\u00f3d mieszka\u0144c\u00f3w Gminy prowadzenia dzia\u0142a\u0144 termomodernizacyjnych.<\/p>\n<p style=\"text-align: justify;\"><em>Informacja nades\u0142ana<\/em><\/p>\n<p>&nbsp;<\/p>\n\t  \r\n\t\r\n\t    <div class=\"mb-gallery\">\r\n\t    <a href=\"https:\/\/www.mojabochnia.pl\/?attachment_id=193815\" class=\"\"><img loading=\"lazy\" decoding=\"async\" width=\"100\" height=\"100\" src=\"https:\/\/www.mojabochnia.pl\/wp-content\/uploads\/2022\/01\/IMG_2433-100x100.jpg\" class=\"attachment-100x100 size-100x100\" alt=\"\" \/><\/a><a href=\"https:\/\/www.mojabochnia.pl\/?attachment_id=193816\" class=\"\"><img loading=\"lazy\" decoding=\"async\" width=\"100\" height=\"100\" src=\"https:\/\/www.mojabochnia.pl\/wp-content\/uploads\/2022\/01\/IMG_2428-100x100.jpg\" class=\"attachment-100x100 size-100x100\" alt=\"\" \/><\/a><a href=\"https:\/\/www.mojabochnia.pl\/?attachment_id=193817\" class=\"\"><img loading=\"lazy\" decoding=\"async\" width=\"100\" height=\"100\" src=\"https:\/\/www.mojabochnia.pl\/wp-content\/uploads\/2022\/01\/IMG_2425-100x100.jpg\" class=\"attachment-100x100 size-100x100\" alt=\"\" \/><\/a><a href=\"https:\/\/www.mojabochnia.pl\/?attachment_id=193818\" class=\"\"><img loading=\"lazy\" decoding=\"async\" width=\"100\" height=\"100\" src=\"https:\/\/www.mojabochnia.pl\/wp-content\/uploads\/2022\/01\/IMG_2404-100x100.jpg\" class=\"attachment-100x100 size-100x100\" alt=\"\" \/><\/a><a href=\"https:\/\/www.mojabochnia.pl\/?attachment_id=193819\" class=\"\"><img loading=\"lazy\" decoding=\"async\" width=\"100\" height=\"100\" src=\"https:\/\/www.mojabochnia.pl\/wp-content\/uploads\/2022\/01\/IMG_2385-100x100.jpg\" class=\"attachment-100x100 size-100x100\" alt=\"\" \/><\/a><a href=\"https:\/\/www.mojabochnia.pl\/?attachment_id=193820\" class=\"\"><img loading=\"lazy\" decoding=\"async\" width=\"100\" height=\"100\" src=\"https:\/\/www.mojabochnia.pl\/wp-content\/uploads\/2022\/01\/IMG_2459-100x100.jpg\" class=\"attachment-100x100 size-100x100\" alt=\"\" \/><\/a>\t    <\/div>\r\n\t    ","protected":false},"excerpt":{"rendered":"<p>Gmina Bochnia przyst\u0105pi\u0142a do realizacji projektu\u00a0&#8222;Termomodernizacja budynk\u00f3w szk\u00f3\u0142 w Gminie Bochnia&#8221;.\u00a0Realizacja tego du\u017cego projektu poch\u0142onie w sumie\u00a017,6 mln z\u0142, z czego\u00a011,6 mln z\u0142\u00a0stanowi\u0107 b\u0119dzie dotacja z funduszy norweskich. W imieniu Gminy Bochnia, w\u00f3jt podpisa\u0142 z Narodowym Funduszem Ochrony \u015arodowiska i Gospodarki Wodniej w Warszawie (operatorem funduszy norweskich) umow\u0119 o dofinansowanie ww. projektu. Podczas podpisania umowy<\/p>\n","protected":false},"author":29,"featured_media":193818,"comment_status":"open","ping_status":"closed","sticky":false,"template":"","format":"standard","meta":{"_acf_changed":false,"footnotes":""},"categories":[6251,6250],"tags":[17278,708,17246,602,17219,17225,17218,12034,756,21194,21020,521,17187,17117,949,19720],"class_list":["post-193813","post","type-post","status-publish","format-standard","has-post-thumbnail","hentry","category-polityka-i-wydarzenia","category-tematyka","tag-baczkow","tag-bogucice","tag-brzeznica","tag-dabrowica","tag-damienice","tag-gmina-bochnia","tag-lapczyca","tag-marek-bzdek","tag-nieszkowice-male","tag-norbert-kaczmarczyk","tag-piotr-sak","tag-pogwizdow","tag-proszowki","tag-siedlec","tag-stanislawice","tag-top-temat","main_tag-gmina-bochnia"],"acf":[],"yoast_head":"<!-- This site is optimized with the Yoast SEO plugin v26.9 - https:\/\/yoast.com\/product\/yoast-seo-wordpress\/ -->\n<title>\u00a0Gmina Bochnia. W\u00f3jt podpisa\u0142 umow\u0119 o dofinansowanie termomodernizacji budynk\u00f3w szk\u00f3\u0142 - mojabochnia.pl - portal informacyjny<\/title>\n<meta name=\"robots\" content=\"index, follow, max-snippet:-1, max-image-preview:large, max-video-preview:-1\" \/>\n<link rel=\"canonical\" href=\"https:\/\/www.mojabochnia.pl\/?p=193813\" \/>\n<meta property=\"og:locale\" content=\"pl_PL\" \/>\n<meta property=\"og:type\" content=\"article\" \/>\n<meta property=\"og:title\" content=\"\u00a0Gmina Bochnia. W\u00f3jt podpisa\u0142 umow\u0119 o dofinansowanie termomodernizacji budynk\u00f3w szk\u00f3\u0142 - mojabochnia.pl - portal informacyjny\" \/>\n<meta property=\"og:description\" content=\"Gmina Bochnia przyst\u0105pi\u0142a do realizacji projektu\u00a0&#8222;Termomodernizacja budynk\u00f3w szk\u00f3\u0142 w Gminie Bochnia&#8221;.\u00a0Realizacja tego du\u017cego projektu poch\u0142onie w sumie\u00a017,6 mln z\u0142, z czego\u00a011,6 mln z\u0142\u00a0stanowi\u0107 b\u0119dzie dotacja z funduszy norweskich. W imieniu Gminy Bochnia, w\u00f3jt podpisa\u0142 z Narodowym Funduszem Ochrony \u015arodowiska i Gospodarki Wodniej w Warszawie (operatorem funduszy norweskich) umow\u0119 o dofinansowanie ww. projektu. Podczas podpisania umowy\" \/>\n<meta property=\"og:url\" content=\"https:\/\/www.mojabochnia.pl\/?p=193813\" \/>\n<meta property=\"og:site_name\" content=\"mojabochnia.pl - portal informacyjny\" \/>\n<meta property=\"article:publisher\" content=\"https:\/\/www.facebook.com\/mojabochnia\" \/>\n<meta property=\"article:published_time\" content=\"2022-01-26T11:00:52+00:00\" \/>\n<meta property=\"og:image\" content=\"https:\/\/www.mojabochnia.pl\/wp-content\/uploads\/2022\/01\/IMG_2404.jpg\" \/>\n\t<meta property=\"og:image:width\" content=\"1500\" \/>\n\t<meta property=\"og:image:height\" content=\"1073\" \/>\n\t<meta property=\"og:image:type\" content=\"image\/jpeg\" \/>\n<meta name=\"author\" content=\"Marcin Kalinowski\" \/>\n<meta name=\"twitter:card\" content=\"summary_large_image\" \/>\n<meta name=\"twitter:label1\" content=\"Written by\" \/>\n\t<meta name=\"twitter:data1\" content=\"Marcin Kalinowski\" \/>\n\t<meta name=\"twitter:label2\" content=\"Est. reading time\" \/>\n\t<meta name=\"twitter:data2\" content=\"2 minuty\" \/>\n<script type=\"application\/ld+json\" class=\"yoast-schema-graph\">{\"@context\":\"https:\/\/schema.org\",\"@graph\":[{\"@type\":\"Article\",\"@id\":\"https:\/\/www.mojabochnia.pl\/?p=193813#article\",\"isPartOf\":{\"@id\":\"https:\/\/www.mojabochnia.pl\/?p=193813\"},\"author\":{\"name\":\"Marcin Kalinowski\",\"@id\":\"https:\/\/www.mojabochnia.pl\/#\/schema\/person\/d4c758656c81ae00e6496831fe7b0792\"},\"headline\":\"\u00a0Gmina Bochnia. W\u00f3jt podpisa\u0142 umow\u0119 o dofinansowanie termomodernizacji budynk\u00f3w szk\u00f3\u0142\",\"datePublished\":\"2022-01-26T11:00:52+00:00\",\"mainEntityOfPage\":{\"@id\":\"https:\/\/www.mojabochnia.pl\/?p=193813\"},\"wordCount\":428,\"commentCount\":0,\"publisher\":{\"@id\":\"https:\/\/www.mojabochnia.pl\/#organization\"},\"image\":{\"@id\":\"https:\/\/www.mojabochnia.pl\/?p=193813#primaryimage\"},\"thumbnailUrl\":\"https:\/\/www.mojabochnia.pl\/wp-content\/uploads\/2022\/01\/IMG_2404.jpg\",\"keywords\":[\"baczk\u00f3w\",\"bogucice\",\"brze\u017anica\",\"d\u0105browica\",\"damienice\",\"gmina bochnia\",\"\u0142apczyca\",\"marek bzdek\",\"nieszkowice ma\u0142e\",\"norbert kaczmarczyk\",\"Piotr Sak\",\"pogwizd\u00f3w\",\"prosz\u00f3wki\",\"siedlec\",\"stanis\u0142awice\",\"top temat\"],\"articleSection\":[\"polityka i wydarzenia\",\"tematyka\"],\"inLanguage\":\"pl-PL\",\"potentialAction\":[{\"@type\":\"CommentAction\",\"name\":\"Comment\",\"target\":[\"https:\/\/www.mojabochnia.pl\/?p=193813#respond\"]}]},{\"@type\":\"WebPage\",\"@id\":\"https:\/\/www.mojabochnia.pl\/?p=193813\",\"url\":\"https:\/\/www.mojabochnia.pl\/?p=193813\",\"name\":\"\u00a0Gmina Bochnia. W\u00f3jt podpisa\u0142 umow\u0119 o dofinansowanie termomodernizacji budynk\u00f3w szk\u00f3\u0142 - mojabochnia.pl - portal informacyjny\",\"isPartOf\":{\"@id\":\"https:\/\/www.mojabochnia.pl\/#website\"},\"primaryImageOfPage\":{\"@id\":\"https:\/\/www.mojabochnia.pl\/?p=193813#primaryimage\"},\"image\":{\"@id\":\"https:\/\/www.mojabochnia.pl\/?p=193813#primaryimage\"},\"thumbnailUrl\":\"https:\/\/www.mojabochnia.pl\/wp-content\/uploads\/2022\/01\/IMG_2404.jpg\",\"datePublished\":\"2022-01-26T11:00:52+00:00\",\"breadcrumb\":{\"@id\":\"https:\/\/www.mojabochnia.pl\/?p=193813#breadcrumb\"},\"inLanguage\":\"pl-PL\",\"potentialAction\":[{\"@type\":\"ReadAction\",\"target\":[\"https:\/\/www.mojabochnia.pl\/?p=193813\"]}]},{\"@type\":\"ImageObject\",\"inLanguage\":\"pl-PL\",\"@id\":\"https:\/\/www.mojabochnia.pl\/?p=193813#primaryimage\",\"url\":\"https:\/\/www.mojabochnia.pl\/wp-content\/uploads\/2022\/01\/IMG_2404.jpg\",\"contentUrl\":\"https:\/\/www.mojabochnia.pl\/wp-content\/uploads\/2022\/01\/IMG_2404.jpg\",\"width\":1500,\"height\":1073,\"caption\":\"nades\u0142ane\"},{\"@type\":\"BreadcrumbList\",\"@id\":\"https:\/\/www.mojabochnia.pl\/?p=193813#breadcrumb\",\"itemListElement\":[{\"@type\":\"ListItem\",\"position\":1,\"name\":\"Home\",\"item\":\"https:\/\/www.mojabochnia.pl\/\"},{\"@type\":\"ListItem\",\"position\":2,\"name\":\"\u00a0Gmina Bochnia. W\u00f3jt podpisa\u0142 umow\u0119 o dofinansowanie termomodernizacji budynk\u00f3w szk\u00f3\u0142\"}]},{\"@type\":\"WebSite\",\"@id\":\"https:\/\/www.mojabochnia.pl\/#website\",\"url\":\"https:\/\/www.mojabochnia.pl\/\",\"name\":\"mojabochnia.pl - portal informacyjny\",\"description\":\"mojaBochnia to portal informacyjny o Bochni. Codziennie o Bochni piszemy i pokazujemy najwa\u017cniejsze wydarzenia\",\"publisher\":{\"@id\":\"https:\/\/www.mojabochnia.pl\/#organization\"},\"potentialAction\":[{\"@type\":\"SearchAction\",\"target\":{\"@type\":\"EntryPoint\",\"urlTemplate\":\"https:\/\/www.mojabochnia.pl\/?s={search_term_string}\"},\"query-input\":{\"@type\":\"PropertyValueSpecification\",\"valueRequired\":true,\"valueName\":\"search_term_string\"}}],\"inLanguage\":\"pl-PL\"},{\"@type\":\"Organization\",\"@id\":\"https:\/\/www.mojabochnia.pl\/#organization\",\"name\":\"mojabochnia.pl - portal informacyjny\",\"url\":\"https:\/\/www.mojabochnia.pl\/\",\"logo\":{\"@type\":\"ImageObject\",\"inLanguage\":\"pl-PL\",\"@id\":\"https:\/\/www.mojabochnia.pl\/#\/schema\/logo\/image\/\",\"url\":\"https:\/\/www.mojabochnia.pl\/wp-content\/uploads\/2017\/08\/logo-mb-opt.png\",\"contentUrl\":\"https:\/\/www.mojabochnia.pl\/wp-content\/uploads\/2017\/08\/logo-mb-opt.png\",\"width\":250,\"height\":48,\"caption\":\"mojabochnia.pl - portal informacyjny\"},\"image\":{\"@id\":\"https:\/\/www.mojabochnia.pl\/#\/schema\/logo\/image\/\"},\"sameAs\":[\"https:\/\/www.facebook.com\/mojabochnia\"]},{\"@type\":\"Person\",\"@id\":\"https:\/\/www.mojabochnia.pl\/#\/schema\/person\/d4c758656c81ae00e6496831fe7b0792\",\"name\":\"Marcin Kalinowski\",\"url\":\"https:\/\/www.mojabochnia.pl\/?author=29\"}]}<\/script>\n<!-- \/ Yoast SEO plugin. -->","yoast_head_json":{"title":"\u00a0Gmina Bochnia. W\u00f3jt podpisa\u0142 umow\u0119 o dofinansowanie termomodernizacji budynk\u00f3w szk\u00f3\u0142 - mojabochnia.pl - portal informacyjny","robots":{"index":"index","follow":"follow","max-snippet":"max-snippet:-1","max-image-preview":"max-image-preview:large","max-video-preview":"max-video-preview:-1"},"canonical":"https:\/\/www.mojabochnia.pl\/?p=193813","og_locale":"pl_PL","og_type":"article","og_title":"\u00a0Gmina Bochnia. W\u00f3jt podpisa\u0142 umow\u0119 o dofinansowanie termomodernizacji budynk\u00f3w szk\u00f3\u0142 - mojabochnia.pl - portal informacyjny","og_description":"Gmina Bochnia przyst\u0105pi\u0142a do realizacji projektu\u00a0&#8222;Termomodernizacja budynk\u00f3w szk\u00f3\u0142 w Gminie Bochnia&#8221;.\u00a0Realizacja tego du\u017cego projektu poch\u0142onie w sumie\u00a017,6 mln z\u0142, z czego\u00a011,6 mln z\u0142\u00a0stanowi\u0107 b\u0119dzie dotacja z funduszy norweskich. W imieniu Gminy Bochnia, w\u00f3jt podpisa\u0142 z Narodowym Funduszem Ochrony \u015arodowiska i Gospodarki Wodniej w Warszawie (operatorem funduszy norweskich) umow\u0119 o dofinansowanie ww. projektu. Podczas podpisania umowy","og_url":"https:\/\/www.mojabochnia.pl\/?p=193813","og_site_name":"mojabochnia.pl - portal informacyjny","article_publisher":"https:\/\/www.facebook.com\/mojabochnia","article_published_time":"2022-01-26T11:00:52+00:00","og_image":[{"width":1500,"height":1073,"url":"https:\/\/www.mojabochnia.pl\/wp-content\/uploads\/2022\/01\/IMG_2404.jpg","type":"image\/jpeg"}],"author":"Marcin Kalinowski","twitter_card":"summary_large_image","twitter_misc":{"Written by":"Marcin Kalinowski","Est. reading time":"2 minuty"},"schema":{"@context":"https:\/\/schema.org","@graph":[{"@type":"Article","@id":"https:\/\/www.mojabochnia.pl\/?p=193813#article","isPartOf":{"@id":"https:\/\/www.mojabochnia.pl\/?p=193813"},"author":{"name":"Marcin Kalinowski","@id":"https:\/\/www.mojabochnia.pl\/#\/schema\/person\/d4c758656c81ae00e6496831fe7b0792"},"headline":"\u00a0Gmina Bochnia. W\u00f3jt podpisa\u0142 umow\u0119 o dofinansowanie termomodernizacji budynk\u00f3w szk\u00f3\u0142","datePublished":"2022-01-26T11:00:52+00:00","mainEntityOfPage":{"@id":"https:\/\/www.mojabochnia.pl\/?p=193813"},"wordCount":428,"commentCount":0,"publisher":{"@id":"https:\/\/www.mojabochnia.pl\/#organization"},"image":{"@id":"https:\/\/www.mojabochnia.pl\/?p=193813#primaryimage"},"thumbnailUrl":"https:\/\/www.mojabochnia.pl\/wp-content\/uploads\/2022\/01\/IMG_2404.jpg","keywords":["baczk\u00f3w","bogucice","brze\u017anica","d\u0105browica","damienice","gmina bochnia","\u0142apczyca","marek bzdek","nieszkowice ma\u0142e","norbert kaczmarczyk","Piotr Sak","pogwizd\u00f3w","prosz\u00f3wki","siedlec","stanis\u0142awice","top temat"],"articleSection":["polityka i wydarzenia","tematyka"],"inLanguage":"pl-PL","potentialAction":[{"@type":"CommentAction","name":"Comment","target":["https:\/\/www.mojabochnia.pl\/?p=193813#respond"]}]},{"@type":"WebPage","@id":"https:\/\/www.mojabochnia.pl\/?p=193813","url":"https:\/\/www.mojabochnia.pl\/?p=193813","name":"\u00a0Gmina Bochnia. W\u00f3jt podpisa\u0142 umow\u0119 o dofinansowanie termomodernizacji budynk\u00f3w szk\u00f3\u0142 - mojabochnia.pl - portal informacyjny","isPartOf":{"@id":"https:\/\/www.mojabochnia.pl\/#website"},"primaryImageOfPage":{"@id":"https:\/\/www.mojabochnia.pl\/?p=193813#primaryimage"},"image":{"@id":"https:\/\/www.mojabochnia.pl\/?p=193813#primaryimage"},"thumbnailUrl":"https:\/\/www.mojabochnia.pl\/wp-content\/uploads\/2022\/01\/IMG_2404.jpg","datePublished":"2022-01-26T11:00:52+00:00","breadcrumb":{"@id":"https:\/\/www.mojabochnia.pl\/?p=193813#breadcrumb"},"inLanguage":"pl-PL","potentialAction":[{"@type":"ReadAction","target":["https:\/\/www.mojabochnia.pl\/?p=193813"]}]},{"@type":"ImageObject","inLanguage":"pl-PL","@id":"https:\/\/www.mojabochnia.pl\/?p=193813#primaryimage","url":"https:\/\/www.mojabochnia.pl\/wp-content\/uploads\/2022\/01\/IMG_2404.jpg","contentUrl":"https:\/\/www.mojabochnia.pl\/wp-content\/uploads\/2022\/01\/IMG_2404.jpg","width":1500,"height":1073,"caption":"nades\u0142ane"},{"@type":"BreadcrumbList","@id":"https:\/\/www.mojabochnia.pl\/?p=193813#breadcrumb","itemListElement":[{"@type":"ListItem","position":1,"name":"Home","item":"https:\/\/www.mojabochnia.pl\/"},{"@type":"ListItem","position":2,"name":"\u00a0Gmina Bochnia. W\u00f3jt podpisa\u0142 umow\u0119 o dofinansowanie termomodernizacji budynk\u00f3w szk\u00f3\u0142"}]},{"@type":"WebSite","@id":"https:\/\/www.mojabochnia.pl\/#website","url":"https:\/\/www.mojabochnia.pl\/","name":"mojabochnia.pl - portal informacyjny","description":"mojaBochnia to portal informacyjny o Bochni. Codziennie o Bochni piszemy i pokazujemy najwa\u017cniejsze wydarzenia","publisher":{"@id":"https:\/\/www.mojabochnia.pl\/#organization"},"potentialAction":[{"@type":"SearchAction","target":{"@type":"EntryPoint","urlTemplate":"https:\/\/www.mojabochnia.pl\/?s={search_term_string}"},"query-input":{"@type":"PropertyValueSpecification","valueRequired":true,"valueName":"search_term_string"}}],"inLanguage":"pl-PL"},{"@type":"Organization","@id":"https:\/\/www.mojabochnia.pl\/#organization","name":"mojabochnia.pl - portal informacyjny","url":"https:\/\/www.mojabochnia.pl\/","logo":{"@type":"ImageObject","inLanguage":"pl-PL","@id":"https:\/\/www.mojabochnia.pl\/#\/schema\/logo\/image\/","url":"https:\/\/www.mojabochnia.pl\/wp-content\/uploads\/2017\/08\/logo-mb-opt.png","contentUrl":"https:\/\/www.mojabochnia.pl\/wp-content\/uploads\/2017\/08\/logo-mb-opt.png","width":250,"height":48,"caption":"mojabochnia.pl - portal informacyjny"},"image":{"@id":"https:\/\/www.mojabochnia.pl\/#\/schema\/logo\/image\/"},"sameAs":["https:\/\/www.facebook.com\/mojabochnia"]},{"@type":"Person","@id":"https:\/\/www.mojabochnia.pl\/#\/schema\/person\/d4c758656c81ae00e6496831fe7b0792","name":"Marcin Kalinowski","url":"https:\/\/www.mojabochnia.pl\/?author=29"}]}},"_links":{"self":[{"href":"https:\/\/www.mojabochnia.pl\/index.php?rest_route=\/wp\/v2\/posts\/193813","targetHints":{"allow":["GET"]}}],"collection":[{"href":"https:\/\/www.mojabochnia.pl\/index.php?rest_route=\/wp\/v2\/posts"}],"about":[{"href":"https:\/\/www.mojabochnia.pl\/index.php?rest_route=\/wp\/v2\/types\/post"}],"author":[{"embeddable":true,"href":"https:\/\/www.mojabochnia.pl\/index.php?rest_route=\/wp\/v2\/users\/29"}],"replies":[{"embeddable":true,"href":"https:\/\/www.mojabochnia.pl\/index.php?rest_route=%2Fwp%2Fv2%2Fcomments&post=193813"}],"version-history":[{"count":2,"href":"https:\/\/www.mojabochnia.pl\/index.php?rest_route=\/wp\/v2\/posts\/193813\/revisions"}],"predecessor-version":[{"id":193822,"href":"https:\/\/www.mojabochnia.pl\/index.php?rest_route=\/wp\/v2\/posts\/193813\/revisions\/193822"}],"wp:featuredmedia":[{"embeddable":true,"href":"https:\/\/www.mojabochnia.pl\/index.php?rest_route=\/wp\/v2\/media\/193818"}],"wp:attachment":[{"href":"https:\/\/www.mojabochnia.pl\/index.php?rest_route=%2Fwp%2Fv2%2Fmedia&parent=193813"}],"wp:term":[{"taxonomy":"category","embeddable":true,"href":"https:\/\/www.mojabochnia.pl\/index.php?rest_route=%2Fwp%2Fv2%2Fcategories&post=193813"},{"taxonomy":"post_tag","embeddable":true,"href":"https:\/\/www.mojabochnia.pl\/index.php?rest_route=%2Fwp%2Fv2%2Ftags&post=193813"}],"curies":[{"name":"wp","href":"https:\/\/api.w.org\/{rel}","templated":true}]}}